{"id":80261,"date":"2022-04-18T22:33:12","date_gmt":"2022-04-19T01:33:12","guid":{"rendered":"https:\/\/www.gaveanews.com\/?p=80261"},"modified":"2022-04-18T22:33:12","modified_gmt":"2022-04-19T01:33:12","slug":"stjd-agenda-julgamento-do-flamengo-para-esta-terca-feira","status":"publish","type":"post","link":"https:\/\/www.gaveanews.com\/index.php\/2022\/04\/18\/stjd-agenda-julgamento-do-flamengo-para-esta-terca-feira\/","title":{"rendered":"STJD agenda julgamento do Flamengo para esta ter\u00e7a-feira"},"content":{"rendered":"<p>O Superior Tribunal de Justi\u00e7a julga nesta ter\u00e7a-feira o caso entre o Banco Central e o Flamengo. Ser\u00e1 reiniciada a aprecia\u00e7\u00e3o da a\u00e7\u00e3o anulat\u00f3ria movida pelo clube para reduzir a d\u00edvida de R$ 127 milh\u00f5es para um valor entre R$ 10 milh\u00f5es e R$ 15 milh\u00f5es. No dia 15 de fevereiro, o primeiro voto foi dado a favor do Flamengo, mas a ministra Regina Helena Costa pediu vistas para analisar melhor o m\u00e9rito da quest\u00e3o. Faltam quatro votos para a conclus\u00e3o.<\/p>\n<p>H\u00e1 dentro do clube otimismo em rela\u00e7\u00e3o \u00e0 a\u00e7\u00e3o anulat\u00f3ria prosperar e o STJ confirmar a decis\u00e3o do Tribunal Regional Federal. No dia 8 de mar\u00e7o, o juiz da nona vara de execu\u00e7\u00e3o fiscal do Rio de Janeiro reconsiderou a decis\u00e3o que obrigava a penhora dos R$ 127 milh\u00f5es e a reduziu para R$ 10.608.331,22 referentes a receitas de 2019. Assim, o Flamengo ficou apto a receber as verbas que tem direito da CBF e das cotas de televis\u00e3o. A instabilidade gerada por esse processo atrasou a negocia\u00e7\u00e3o para contrata\u00e7\u00e3o de refor\u00e7os, que depois foram concretizadas, como Pablo, Santos e Ayrton Lucas. A negocia\u00e7\u00e3o para a compra de Andreas Pereira tamb\u00e9m teve impacto.<\/p>\n<p>Em caso de triunfo, o Flamengo n\u00e3o sofreria qualquer abalo, pois o dinheiro da penhora j\u00e1 est\u00e1 sendo arrecadado e caindo na conta judicial.<\/p>\n<p>A decis\u00e3o Tribunal Regional Federal indicou que o valor inicial da penhora era excessivo, inclusive levando em conta os impactos da pandemia na receita dos clubes de futebol. O despacho indicou execu\u00e7\u00e3o imediata do valor de R$ 10 milh\u00f5es da premia\u00e7\u00e3o em dinheiro pelas seguintes competi\u00e7\u00f5es: Brasileir\u00e3o, Libertadores e Mundial de Clubes de 2019.<\/p>\n<p>A briga jur\u00eddica entre clube e o Banco Central trata de irregularidades em negocia\u00e7\u00f5es feitas em moeda estrangeira entre 1993 e 1998. No dia 21 de janeiro foi determinada a penhora R$ 126.998.514,57 das receitas do clube. Desde ent\u00e3o, Rodrigo Dunshee entrou em a\u00e7\u00e3o com o departamento para reduzir o montante.<\/p>\n<h2>Venda de S\u00e1vio, em 1997, \u00e9 fato central do caso<\/h2>\n<p>A a\u00e7\u00e3o trata de negocia\u00e7\u00f5es de menor porte que envolvem nomes do ex-jogadores Palhinha, Rivera, Bebeto e at\u00e9 mesmo Zico. A mais impactante, por\u00e9m, foi negocia\u00e7\u00e3o de S\u00e1vio ao Real Madrid, finalizada pelo ent\u00e3o presidente Kl\u00e9ber Leite no fim de 1997. A venda foi fechada em quase 20 milh\u00f5es de d\u00f3lares (US$ 19.437.500 de acordo com a a\u00e7\u00e3o).<\/p>\n<p>Durante os mandatos de Kleber Leite, constitu\u00eddos de 1995 a 1998, s\u00e3o citadas as compras de Bebeto e Palhinha a La Coru\u00f1a-ESP e Cruzeiro respectivamente, al\u00e9m da venda de Mazinho ao Kashima Antlers e do empr\u00e9stimo do equatoriano Rivera ao Espoli, do Equador. O processo tamb\u00e9m menciona irregularidades durante excurs\u00f5es do Flamengo no exterior.<\/p>\n<p>O Banco Central aponta como irregularidade o fato de Z\u00e9 Roberto, ex-lateral-esquerdo e meia, ter sido inclu\u00eddo como parte da negocia\u00e7\u00e3o. A chegada de Z\u00e9 \u00e0 G\u00e1vea correspondia ao abatimento de US$ 8 milh\u00f5es dos US$ 19,4 milh\u00f5es declarados.<\/p>\n<p>O Flamengo entende que a inclus\u00e3o de um atleta em negocia\u00e7\u00e3o n\u00e3o configura qualquer tipo de irregularidade. Este \u00e9 um de seus argumentos mais relevantes na a\u00e7\u00e3o anulat\u00f3ria que move a fim de derrubar a penhora de R$ 127 milh\u00f5es.<\/p>\n<p>Outras negocia\u00e7\u00f5es tamb\u00e9m s\u00e3o citadas durante o longo processo, como as vendas de Carlos Garrit e R\u00e9gis ao Kashima Antlers, do Jap\u00e3o, em 1993, per\u00edodo em que Luiz Augusto Veloso presidia o clube.<\/p>\n<p>Retirado de: Globo Esporte<\/p>\n","protected":false},"excerpt":{"rendered":"<p>O Superior Tribunal de Justi\u00e7a julga nesta ter\u00e7a-feira o caso entre o Banco Central e o Flamengo. Ser\u00e1 reiniciada a aprecia\u00e7\u00e3o da a\u00e7\u00e3o anulat\u00f3ria movida pelo clube para reduzir a d\u00edvida de R$ 127 milh\u00f5es para um valor entre R$ 10 milh\u00f5es e R$ 15 milh\u00f5es. No dia 15 de fevereiro, o primeiro voto foi [&hellip;]<\/p>\n","protected":false},"author":1,"featured_media":68684,"comment_status":"open","ping_status":"closed","sticky":false,"template":"","format":"standard","meta":{"footnotes":""},"categories":[47],"tags":[],"class_list":["post-80261","post","type-post","status-publish","format-standard","has-post-thumbnail","hentry","category-destaques"],"yoast_head":"<!-- This site is optimized with the Yoast SEO Premium plugin v24.2 (Yoast SEO v26.9) - https:\/\/yoast.com\/product\/yoast-seo-premium-wordpress\/ -->\n<title>STJD agenda julgamento do Flamengo para esta ter\u00e7a-feira<\/title>\n<meta name=\"robots\" content=\"index, follow, max-snippet:-1, max-image-preview:large, max-video-preview:-1\" \/>\n<link rel=\"canonical\" href=\"https:\/\/www.gaveanews.com\/index.php\/2022\/04\/18\/stjd-agenda-julgamento-do-flamengo-para-esta-terca-feira\/\" \/>\n<meta property=\"og:locale\" content=\"pt_BR\" \/>\n<meta property=\"og:type\" content=\"article\" \/>\n<meta property=\"og:title\" content=\"STJD agenda julgamento do Flamengo para esta ter\u00e7a-feira\" \/>\n<meta property=\"og:description\" content=\"O Superior Tribunal de Justi\u00e7a julga nesta ter\u00e7a-feira o caso entre o Banco Central e o Flamengo. Ser\u00e1 reiniciada a aprecia\u00e7\u00e3o da a\u00e7\u00e3o anulat\u00f3ria movida pelo clube para reduzir a d\u00edvida de R$ 127 milh\u00f5es para um valor entre R$ 10 milh\u00f5es e R$ 15 milh\u00f5es. No dia 15 de fevereiro, o primeiro voto foi [&hellip;]\" \/>\n<meta property=\"og:url\" content=\"https:\/\/www.gaveanews.com\/index.php\/2022\/04\/18\/stjd-agenda-julgamento-do-flamengo-para-esta-terca-feira\/\" \/>\n<meta property=\"og:site_name\" content=\"G\u00e1vea News\" \/>\n<meta property=\"article:publisher\" content=\"https:\/\/facebook.com\/gaveaNews\/\" \/>\n<meta property=\"article:published_time\" content=\"2022-04-19T01:33:12+00:00\" \/>\n<meta property=\"og:image\" content=\"https:\/\/www.gaveanews.com\/wp-content\/uploads\/Tribunal-do-STJD.webp\" \/>\n\t<meta property=\"og:image:width\" content=\"974\" \/>\n\t<meta property=\"og:image:height\" content=\"546\" \/>\n\t<meta property=\"og:image:type\" content=\"image\/jpeg\" \/>\n<meta name=\"author\" content=\"Equipe G\u00e1vea News\" \/>\n<meta name=\"twitter:card\" content=\"summary_large_image\" \/>\n<meta name=\"twitter:label1\" content=\"Escrito por\" \/>\n\t<meta name=\"twitter:data1\" content=\"Equipe G\u00e1vea News\" \/>\n\t<meta name=\"twitter:label2\" content=\"Est. tempo de leitura\" \/>\n\t<meta name=\"twitter:data2\" content=\"4 minutos\" \/>\n<script type=\"application\/ld+json\" class=\"yoast-schema-graph\">{\"@context\":\"https:\/\/schema.org\",\"@graph\":[{\"@type\":\"NewsArticle\",\"@id\":\"https:\/\/www.gaveanews.com\/index.php\/2022\/04\/18\/stjd-agenda-julgamento-do-flamengo-para-esta-terca-feira\/#article\",\"isPartOf\":{\"@id\":\"https:\/\/www.gaveanews.com\/index.php\/2022\/04\/18\/stjd-agenda-julgamento-do-flamengo-para-esta-terca-feira\/\"},\"author\":{\"name\":\"Equipe G\u00e1vea News\",\"@id\":\"https:\/\/www.gaveanews.com\/#\/schema\/person\/2ec14f73fb96be2caf28f91afb14749d\"},\"headline\":\"STJD agenda julgamento do Flamengo para esta ter\u00e7a-feira\",\"datePublished\":\"2022-04-19T01:33:12+00:00\",\"mainEntityOfPage\":{\"@id\":\"https:\/\/www.gaveanews.com\/index.php\/2022\/04\/18\/stjd-agenda-julgamento-do-flamengo-para-esta-terca-feira\/\"},\"wordCount\":614,\"commentCount\":0,\"image\":{\"@id\":\"https:\/\/www.gaveanews.com\/index.php\/2022\/04\/18\/stjd-agenda-julgamento-do-flamengo-para-esta-terca-feira\/#primaryimage\"},\"thumbnailUrl\":\"https:\/\/www.gaveanews.com\/wp-content\/uploads\/Tribunal-do-STJD.webp\",\"articleSection\":[\"Destaques\"],\"inLanguage\":\"pt-BR\",\"potentialAction\":[{\"@type\":\"CommentAction\",\"name\":\"Comment\",\"target\":[\"https:\/\/www.gaveanews.com\/index.php\/2022\/04\/18\/stjd-agenda-julgamento-do-flamengo-para-esta-terca-feira\/#respond\"]}],\"copyrightYear\":\"2022\",\"copyrightHolder\":{\"@id\":\"https:\/\/www.gaveanews.com\/#organization\"}},{\"@type\":\"WebPage\",\"@id\":\"https:\/\/www.gaveanews.com\/index.php\/2022\/04\/18\/stjd-agenda-julgamento-do-flamengo-para-esta-terca-feira\/\",\"url\":\"https:\/\/www.gaveanews.com\/index.php\/2022\/04\/18\/stjd-agenda-julgamento-do-flamengo-para-esta-terca-feira\/\",\"name\":\"STJD agenda julgamento do Flamengo para esta ter\u00e7a-feira\",\"isPartOf\":{\"@id\":\"https:\/\/www.gaveanews.com\/#website\"},\"primaryImageOfPage\":{\"@id\":\"https:\/\/www.gaveanews.com\/index.php\/2022\/04\/18\/stjd-agenda-julgamento-do-flamengo-para-esta-terca-feira\/#primaryimage\"},\"image\":{\"@id\":\"https:\/\/www.gaveanews.com\/index.php\/2022\/04\/18\/stjd-agenda-julgamento-do-flamengo-para-esta-terca-feira\/#primaryimage\"},\"thumbnailUrl\":\"https:\/\/www.gaveanews.com\/wp-content\/uploads\/Tribunal-do-STJD.webp\",\"datePublished\":\"2022-04-19T01:33:12+00:00\",\"author\":{\"@id\":\"https:\/\/www.gaveanews.com\/#\/schema\/person\/2ec14f73fb96be2caf28f91afb14749d\"},\"breadcrumb\":{\"@id\":\"https:\/\/www.gaveanews.com\/index.php\/2022\/04\/18\/stjd-agenda-julgamento-do-flamengo-para-esta-terca-feira\/#breadcrumb\"},\"inLanguage\":\"pt-BR\",\"potentialAction\":[{\"@type\":\"ReadAction\",\"target\":[\"https:\/\/www.gaveanews.com\/index.php\/2022\/04\/18\/stjd-agenda-julgamento-do-flamengo-para-esta-terca-feira\/\"]}]},{\"@type\":\"ImageObject\",\"inLanguage\":\"pt-BR\",\"@id\":\"https:\/\/www.gaveanews.com\/index.php\/2022\/04\/18\/stjd-agenda-julgamento-do-flamengo-para-esta-terca-feira\/#primaryimage\",\"url\":\"https:\/\/www.gaveanews.com\/wp-content\/uploads\/Tribunal-do-STJD.webp\",\"contentUrl\":\"https:\/\/www.gaveanews.com\/wp-content\/uploads\/Tribunal-do-STJD.webp\",\"width\":974,\"height\":546,\"caption\":\"Tribunal do STJD (Foto: Divulga\u00e7\u00e3o\/STJD)\"},{\"@type\":\"BreadcrumbList\",\"@id\":\"https:\/\/www.gaveanews.com\/index.php\/2022\/04\/18\/stjd-agenda-julgamento-do-flamengo-para-esta-terca-feira\/#breadcrumb\",\"itemListElement\":[{\"@type\":\"ListItem\",\"position\":1,\"name\":\"Home\",\"item\":\"https:\/\/www.gaveanews.com\/\"},{\"@type\":\"ListItem\",\"position\":2,\"name\":\"STJD agenda julgamento do Flamengo para esta ter\u00e7a-feira\"}]},{\"@type\":\"WebSite\",\"@id\":\"https:\/\/www.gaveanews.com\/#website\",\"url\":\"https:\/\/www.gaveanews.com\/\",\"name\":\"G\u00e1vea News\",\"description\":\"Veja todas as not\u00edcias sobre o Flamengo: Contrata\u00e7\u00f5es, categorias de base, resultados das partidas, tabela de classifica\u00e7\u00e3o, pr\u00f3ximos jogos!\",\"potentialAction\":[{\"@type\":\"SearchAction\",\"target\":{\"@type\":\"EntryPoint\",\"urlTemplate\":\"https:\/\/www.gaveanews.com\/?s={search_term_string}\"},\"query-input\":{\"@type\":\"PropertyValueSpecification\",\"valueRequired\":true,\"valueName\":\"search_term_string\"}}],\"inLanguage\":\"pt-BR\"},{\"@type\":\"Person\",\"@id\":\"https:\/\/www.gaveanews.com\/#\/schema\/person\/2ec14f73fb96be2caf28f91afb14749d\",\"name\":\"Equipe G\u00e1vea News\",\"image\":{\"@type\":\"ImageObject\",\"inLanguage\":\"pt-BR\",\"@id\":\"https:\/\/www.gaveanews.com\/#\/schema\/person\/image\/\",\"url\":\"https:\/\/secure.gravatar.com\/avatar\/1e1956f1facbffd3f8fa53a326721950116b3b9dc9bd44939c01180fd4a745a9?s=96&d=mm&r=g\",\"contentUrl\":\"https:\/\/secure.gravatar.com\/avatar\/1e1956f1facbffd3f8fa53a326721950116b3b9dc9bd44939c01180fd4a745a9?s=96&d=mm&r=g\",\"caption\":\"Equipe G\u00e1vea News\"}}]}<\/script>\n<!-- \/ Yoast SEO Premium plugin. -->","yoast_head_json":{"title":"STJD agenda julgamento do Flamengo para esta ter\u00e7a-feira","robots":{"index":"index","follow":"follow","max-snippet":"max-snippet:-1","max-image-preview":"max-image-preview:large","max-video-preview":"max-video-preview:-1"},"canonical":"https:\/\/www.gaveanews.com\/index.php\/2022\/04\/18\/stjd-agenda-julgamento-do-flamengo-para-esta-terca-feira\/","og_locale":"pt_BR","og_type":"article","og_title":"STJD agenda julgamento do Flamengo para esta ter\u00e7a-feira","og_description":"O Superior Tribunal de Justi\u00e7a julga nesta ter\u00e7a-feira o caso entre o Banco Central e o Flamengo. Ser\u00e1 reiniciada a aprecia\u00e7\u00e3o da a\u00e7\u00e3o anulat\u00f3ria movida pelo clube para reduzir a d\u00edvida de R$ 127 milh\u00f5es para um valor entre R$ 10 milh\u00f5es e R$ 15 milh\u00f5es. No dia 15 de fevereiro, o primeiro voto foi [&hellip;]","og_url":"https:\/\/www.gaveanews.com\/index.php\/2022\/04\/18\/stjd-agenda-julgamento-do-flamengo-para-esta-terca-feira\/","og_site_name":"G\u00e1vea News","article_publisher":"https:\/\/facebook.com\/gaveaNews\/","article_published_time":"2022-04-19T01:33:12+00:00","og_image":[{"width":974,"height":546,"url":"https:\/\/www.gaveanews.com\/wp-content\/uploads\/Tribunal-do-STJD.webp","type":"image\/jpeg"}],"author":"Equipe G\u00e1vea News","twitter_card":"summary_large_image","twitter_misc":{"Escrito por":"Equipe G\u00e1vea News","Est. tempo de leitura":"4 minutos"},"schema":{"@context":"https:\/\/schema.org","@graph":[{"@type":"NewsArticle","@id":"https:\/\/www.gaveanews.com\/index.php\/2022\/04\/18\/stjd-agenda-julgamento-do-flamengo-para-esta-terca-feira\/#article","isPartOf":{"@id":"https:\/\/www.gaveanews.com\/index.php\/2022\/04\/18\/stjd-agenda-julgamento-do-flamengo-para-esta-terca-feira\/"},"author":{"name":"Equipe G\u00e1vea News","@id":"https:\/\/www.gaveanews.com\/#\/schema\/person\/2ec14f73fb96be2caf28f91afb14749d"},"headline":"STJD agenda julgamento do Flamengo para esta ter\u00e7a-feira","datePublished":"2022-04-19T01:33:12+00:00","mainEntityOfPage":{"@id":"https:\/\/www.gaveanews.com\/index.php\/2022\/04\/18\/stjd-agenda-julgamento-do-flamengo-para-esta-terca-feira\/"},"wordCount":614,"commentCount":0,"image":{"@id":"https:\/\/www.gaveanews.com\/index.php\/2022\/04\/18\/stjd-agenda-julgamento-do-flamengo-para-esta-terca-feira\/#primaryimage"},"thumbnailUrl":"https:\/\/www.gaveanews.com\/wp-content\/uploads\/Tribunal-do-STJD.webp","articleSection":["Destaques"],"inLanguage":"pt-BR","potentialAction":[{"@type":"CommentAction","name":"Comment","target":["https:\/\/www.gaveanews.com\/index.php\/2022\/04\/18\/stjd-agenda-julgamento-do-flamengo-para-esta-terca-feira\/#respond"]}],"copyrightYear":"2022","copyrightHolder":{"@id":"https:\/\/www.gaveanews.com\/#organization"}},{"@type":"WebPage","@id":"https:\/\/www.gaveanews.com\/index.php\/2022\/04\/18\/stjd-agenda-julgamento-do-flamengo-para-esta-terca-feira\/","url":"https:\/\/www.gaveanews.com\/index.php\/2022\/04\/18\/stjd-agenda-julgamento-do-flamengo-para-esta-terca-feira\/","name":"STJD agenda julgamento do Flamengo para esta ter\u00e7a-feira","isPartOf":{"@id":"https:\/\/www.gaveanews.com\/#website"},"primaryImageOfPage":{"@id":"https:\/\/www.gaveanews.com\/index.php\/2022\/04\/18\/stjd-agenda-julgamento-do-flamengo-para-esta-terca-feira\/#primaryimage"},"image":{"@id":"https:\/\/www.gaveanews.com\/index.php\/2022\/04\/18\/stjd-agenda-julgamento-do-flamengo-para-esta-terca-feira\/#primaryimage"},"thumbnailUrl":"https:\/\/www.gaveanews.com\/wp-content\/uploads\/Tribunal-do-STJD.webp","datePublished":"2022-04-19T01:33:12+00:00","author":{"@id":"https:\/\/www.gaveanews.com\/#\/schema\/person\/2ec14f73fb96be2caf28f91afb14749d"},"breadcrumb":{"@id":"https:\/\/www.gaveanews.com\/index.php\/2022\/04\/18\/stjd-agenda-julgamento-do-flamengo-para-esta-terca-feira\/#breadcrumb"},"inLanguage":"pt-BR","potentialAction":[{"@type":"ReadAction","target":["https:\/\/www.gaveanews.com\/index.php\/2022\/04\/18\/stjd-agenda-julgamento-do-flamengo-para-esta-terca-feira\/"]}]},{"@type":"ImageObject","inLanguage":"pt-BR","@id":"https:\/\/www.gaveanews.com\/index.php\/2022\/04\/18\/stjd-agenda-julgamento-do-flamengo-para-esta-terca-feira\/#primaryimage","url":"https:\/\/www.gaveanews.com\/wp-content\/uploads\/Tribunal-do-STJD.webp","contentUrl":"https:\/\/www.gaveanews.com\/wp-content\/uploads\/Tribunal-do-STJD.webp","width":974,"height":546,"caption":"Tribunal do STJD (Foto: Divulga\u00e7\u00e3o\/STJD)"},{"@type":"BreadcrumbList","@id":"https:\/\/www.gaveanews.com\/index.php\/2022\/04\/18\/stjd-agenda-julgamento-do-flamengo-para-esta-terca-feira\/#breadcrumb","itemListElement":[{"@type":"ListItem","position":1,"name":"Home","item":"https:\/\/www.gaveanews.com\/"},{"@type":"ListItem","position":2,"name":"STJD agenda julgamento do Flamengo para esta ter\u00e7a-feira"}]},{"@type":"WebSite","@id":"https:\/\/www.gaveanews.com\/#website","url":"https:\/\/www.gaveanews.com\/","name":"G\u00e1vea News","description":"Veja todas as not\u00edcias sobre o Flamengo: Contrata\u00e7\u00f5es, categorias de base, resultados das partidas, tabela de classifica\u00e7\u00e3o, pr\u00f3ximos jogos!","potentialAction":[{"@type":"SearchAction","target":{"@type":"EntryPoint","urlTemplate":"https:\/\/www.gaveanews.com\/?s={search_term_string}"},"query-input":{"@type":"PropertyValueSpecification","valueRequired":true,"valueName":"search_term_string"}}],"inLanguage":"pt-BR"},{"@type":"Person","@id":"https:\/\/www.gaveanews.com\/#\/schema\/person\/2ec14f73fb96be2caf28f91afb14749d","name":"Equipe G\u00e1vea News","image":{"@type":"ImageObject","inLanguage":"pt-BR","@id":"https:\/\/www.gaveanews.com\/#\/schema\/person\/image\/","url":"https:\/\/secure.gravatar.com\/avatar\/1e1956f1facbffd3f8fa53a326721950116b3b9dc9bd44939c01180fd4a745a9?s=96&d=mm&r=g","contentUrl":"https:\/\/secure.gravatar.com\/avatar\/1e1956f1facbffd3f8fa53a326721950116b3b9dc9bd44939c01180fd4a745a9?s=96&d=mm&r=g","caption":"Equipe G\u00e1vea News"}}]}},"_links":{"self":[{"href":"https:\/\/www.gaveanews.com\/index.php\/wp-json\/wp\/v2\/posts\/80261","targetHints":{"allow":["GET"]}}],"collection":[{"href":"https:\/\/www.gaveanews.com\/index.php\/wp-json\/wp\/v2\/posts"}],"about":[{"href":"https:\/\/www.gaveanews.com\/index.php\/wp-json\/wp\/v2\/types\/post"}],"author":[{"embeddable":true,"href":"https:\/\/www.gaveanews.com\/index.php\/wp-json\/wp\/v2\/users\/1"}],"replies":[{"embeddable":true,"href":"https:\/\/www.gaveanews.com\/index.php\/wp-json\/wp\/v2\/comments?post=80261"}],"version-history":[{"count":0,"href":"https:\/\/www.gaveanews.com\/index.php\/wp-json\/wp\/v2\/posts\/80261\/revisions"}],"wp:featuredmedia":[{"embeddable":true,"href":"https:\/\/www.gaveanews.com\/index.php\/wp-json\/wp\/v2\/media\/68684"}],"wp:attachment":[{"href":"https:\/\/www.gaveanews.com\/index.php\/wp-json\/wp\/v2\/media?parent=80261"}],"wp:term":[{"taxonomy":"category","embeddable":true,"href":"https:\/\/www.gaveanews.com\/index.php\/wp-json\/wp\/v2\/categories?post=80261"},{"taxonomy":"post_tag","embeddable":true,"href":"https:\/\/www.gaveanews.com\/index.php\/wp-json\/wp\/v2\/tags?post=80261"}],"curies":[{"name":"wp","href":"https:\/\/api.w.org\/{rel}","templated":true}]}}