{"id":80269,"date":"2022-04-19T00:15:23","date_gmt":"2022-04-19T03:15:23","guid":{"rendered":"https:\/\/www.gaveanews.com\/?p=80269"},"modified":"2024-04-07T08:20:31","modified_gmt":"2024-04-07T11:20:31","slug":"reporter-da-rede-globo-eric-faria-opina-sobre-joao-gomes-e-jogador-do-flamengo-responde","status":"publish","type":"post","link":"https:\/\/www.gaveanews.com\/index.php\/2022\/04\/19\/reporter-da-rede-globo-eric-faria-opina-sobre-joao-gomes-e-jogador-do-flamengo-responde\/","title":{"rendered":"Rep\u00f3rter da Rede Globo, Eric Faria opina sobre Jo\u00e3o Gomes e jogador do Flamengo responde"},"content":{"rendered":"<p>Um dos titulares escalado pelo treinador Paulo Sousa, o meio-campista Jo\u00e3o Gomes foi um dos destaques do Flamengo, na vit\u00f3ria por 3 a 1 contra o S\u00e3o Paulo, neste domingo (17), no est\u00e1dio Maracan\u00e3.<\/p>\n<p>O jogador foi bem avaliado pela plataforma de an\u00e1lise de desempenho Sofascore e recebeu nota 7. Jo\u00e3o Gomes ainda deu uma assist\u00eancia. A atua\u00e7\u00e3o foi reconhecida por Eric Faria, rep\u00f3rter da TV Globo.<\/p>\n<p>\u201cO que o menino Jo\u00e3o Gomes vem jogando \u00e9 um espet\u00e1culo\u201d, iniciou. \u201cPegada de volante e evoluindo muito na parte t\u00e9cnica\u201d, acrescentou.<\/p>\n<p>Eric Faria tamb\u00e9m citou alguns lances para sustentar a opini\u00e3o. \u201c\u00d3timos passes verticais como no lance que o Lazaro deu pro Arrascaeta e no gol do Isla. A cada dia, o camisa 35 cresce bastante\u201d, concluiu.<\/p>\n<p>O jogador do Flamengo gostou do tweet e interagiu com o rep\u00f3rter. \u201cMuito obrigado meu amig\u00e3o pela mensagem, fico muito feliz pelo seu carinho !! Voc\u00ea \u00e9 top\u201d, respondeu Jo\u00e3o Gomes.<\/p>\n<blockquote class=\"twitter-tweet\" data-width=\"550\" data-dnt=\"true\">\n<p lang=\"pt\" dir=\"ltr\">Muito obrigado meu amig\u00e3o pela mensagem, fico muito feliz pelo seu carinho !! Voc\u00ea \u00e9 topppp \u2764\ufe0f\u2764\ufe0f\u2764\ufe0f\u2764\ufe0f\u2764\ufe0f<\/p>\n<p>&mdash; Jo\u00e3o Gomes (@GomesOficial08) <a href=\"https:\/\/twitter.com\/GomesOficial08\/status\/1515887884255043587?ref_src=twsrc%5Etfw\">April 18, 2022<\/a><\/p><\/blockquote>\n<p><script async src=\"https:\/\/platform.twitter.com\/widgets.js\" charset=\"utf-8\"><\/script><\/p>\n<h2>Resumo do jogo<\/h2>\n<p>O Flamengo foi dominante do come\u00e7o ao fim. O time rubro-negro pressionou a sa\u00edda de bola s\u00e3o-paulina e conseguiu recuperar a posse v\u00e1rias vezes. Jandrei fez duas defesas dif\u00edceis logo nos primeiros minutos de jogo.<\/p>\n<p>Gabigol abriu o placar aos 25 minutos. O atacante recebeu passe de L\u00e1zaro e chutou rasteiro para balan\u00e7ar as redes.<\/p>\n<p>A \u00fanica chance mais perigosa do S\u00e3o Paulo foi convertida. Calleri aproveitou cruzamento de Rafinha e empatou aos 41.<\/p>\n<p>O Tricolor voltou para o segundo tempo com uma altera\u00e7\u00e3o. Gabriel Sara substituiu Pablo Maia. Com a mudan\u00e7a, Igor Gomes foi deslocado para o centro do meio-campo.<\/p>\n<p>A equipe paulista at\u00e9 esbo\u00e7ou virar o jogo, mas o Flamengo marcou duas vezes em dois minutos e decidiu a partida. Isla e Arrascaeta marcaram aos 26 e 27 minutos respectivamente.<\/p>\n<p>Retirado de: Torcedores<\/p>\n","protected":false},"excerpt":{"rendered":"<p>Um dos titulares escalado pelo treinador Paulo Sousa, o meio-campista Jo\u00e3o Gomes foi um dos destaques do Flamengo, na vit\u00f3ria por 3 a 1 contra o S\u00e3o Paulo, neste domingo (17), no est\u00e1dio Maracan\u00e3. O jogador foi bem avaliado pela plataforma de an\u00e1lise de desempenho Sofascore e recebeu nota 7. Jo\u00e3o Gomes ainda deu uma [&hellip;]<\/p>\n","protected":false},"author":1,"featured_media":80221,"comment_status":"open","ping_status":"closed","sticky":false,"template":"","format":"standard","meta":{"footnotes":""},"categories":[1],"tags":[177],"class_list":["post-80269","post","type-post","status-publish","format-standard","has-post-thumbnail","hentry","category-flamengo","tag-eric-soares-faria"],"yoast_head":"<!-- This site is optimized with the Yoast SEO Premium plugin v24.2 (Yoast SEO v26.9) - https:\/\/yoast.com\/product\/yoast-seo-premium-wordpress\/ -->\n<title>Rep\u00f3rter da Rede Globo, Eric Faria opina sobre Jo\u00e3o Gomes e jogador do Flamengo responde<\/title>\n<meta name=\"robots\" content=\"index, follow, max-snippet:-1, max-image-preview:large, max-video-preview:-1\" \/>\n<link rel=\"canonical\" href=\"https:\/\/www.gaveanews.com\/index.php\/2022\/04\/19\/reporter-da-rede-globo-eric-faria-opina-sobre-joao-gomes-e-jogador-do-flamengo-responde\/\" \/>\n<meta property=\"og:locale\" content=\"pt_BR\" \/>\n<meta property=\"og:type\" content=\"article\" \/>\n<meta property=\"og:title\" content=\"Rep\u00f3rter da Rede Globo, Eric Faria opina sobre Jo\u00e3o Gomes e jogador do Flamengo responde\" \/>\n<meta property=\"og:description\" content=\"Um dos titulares escalado pelo treinador Paulo Sousa, o meio-campista Jo\u00e3o Gomes foi um dos destaques do Flamengo, na vit\u00f3ria por 3 a 1 contra o S\u00e3o Paulo, neste domingo (17), no est\u00e1dio Maracan\u00e3. O jogador foi bem avaliado pela plataforma de an\u00e1lise de desempenho Sofascore e recebeu nota 7. Jo\u00e3o Gomes ainda deu uma [&hellip;]\" \/>\n<meta property=\"og:url\" content=\"https:\/\/www.gaveanews.com\/index.php\/2022\/04\/19\/reporter-da-rede-globo-eric-faria-opina-sobre-joao-gomes-e-jogador-do-flamengo-responde\/\" \/>\n<meta property=\"og:site_name\" content=\"G\u00e1vea News\" \/>\n<meta property=\"article:publisher\" content=\"https:\/\/facebook.com\/gaveaNews\/\" \/>\n<meta property=\"article:published_time\" content=\"2022-04-19T03:15:23+00:00\" \/>\n<meta property=\"article:modified_time\" content=\"2024-04-07T11:20:31+00:00\" \/>\n<meta property=\"og:image\" content=\"https:\/\/www.gaveanews.com\/wp-content\/uploads\/Joao-Gomes-em-jogo-do-Flamengo-contra-o-Sao-Paulo-pelo-Campeonato-Brasileiro.webp\" \/>\n\t<meta property=\"og:image:width\" content=\"799\" \/>\n\t<meta property=\"og:image:height\" content=\"532\" \/>\n\t<meta property=\"og:image:type\" content=\"image\/jpeg\" \/>\n<meta name=\"author\" content=\"Equipe G\u00e1vea News\" \/>\n<meta name=\"twitter:card\" content=\"summary_large_image\" \/>\n<meta name=\"twitter:label1\" content=\"Escrito por\" \/>\n\t<meta name=\"twitter:data1\" content=\"Equipe G\u00e1vea News\" \/>\n\t<meta name=\"twitter:label2\" content=\"Est. tempo de leitura\" \/>\n\t<meta name=\"twitter:data2\" content=\"2 minutos\" \/>\n<script type=\"application\/ld+json\" class=\"yoast-schema-graph\">{\"@context\":\"https:\/\/schema.org\",\"@graph\":[{\"@type\":\"NewsArticle\",\"@id\":\"https:\/\/www.gaveanews.com\/index.php\/2022\/04\/19\/reporter-da-rede-globo-eric-faria-opina-sobre-joao-gomes-e-jogador-do-flamengo-responde\/#article\",\"isPartOf\":{\"@id\":\"https:\/\/www.gaveanews.com\/index.php\/2022\/04\/19\/reporter-da-rede-globo-eric-faria-opina-sobre-joao-gomes-e-jogador-do-flamengo-responde\/\"},\"author\":{\"name\":\"Equipe G\u00e1vea News\",\"@id\":\"https:\/\/www.gaveanews.com\/#\/schema\/person\/2ec14f73fb96be2caf28f91afb14749d\"},\"headline\":\"Rep\u00f3rter da Rede Globo, Eric Faria opina sobre Jo\u00e3o Gomes e jogador do Flamengo responde\",\"datePublished\":\"2022-04-19T03:15:23+00:00\",\"dateModified\":\"2024-04-07T11:20:31+00:00\",\"mainEntityOfPage\":{\"@id\":\"https:\/\/www.gaveanews.com\/index.php\/2022\/04\/19\/reporter-da-rede-globo-eric-faria-opina-sobre-joao-gomes-e-jogador-do-flamengo-responde\/\"},\"wordCount\":357,\"commentCount\":0,\"image\":{\"@id\":\"https:\/\/www.gaveanews.com\/index.php\/2022\/04\/19\/reporter-da-rede-globo-eric-faria-opina-sobre-joao-gomes-e-jogador-do-flamengo-responde\/#primaryimage\"},\"thumbnailUrl\":\"https:\/\/www.gaveanews.com\/wp-content\/uploads\/Joao-Gomes-em-jogo-do-Flamengo-contra-o-Sao-Paulo-pelo-Campeonato-Brasileiro.webp\",\"keywords\":[\"Eric Soares Faria\"],\"articleSection\":[\"Flamengo\"],\"inLanguage\":\"pt-BR\",\"potentialAction\":[{\"@type\":\"CommentAction\",\"name\":\"Comment\",\"target\":[\"https:\/\/www.gaveanews.com\/index.php\/2022\/04\/19\/reporter-da-rede-globo-eric-faria-opina-sobre-joao-gomes-e-jogador-do-flamengo-responde\/#respond\"]}],\"copyrightYear\":\"2022\",\"copyrightHolder\":{\"@id\":\"https:\/\/www.gaveanews.com\/#organization\"}},{\"@type\":\"WebPage\",\"@id\":\"https:\/\/www.gaveanews.com\/index.php\/2022\/04\/19\/reporter-da-rede-globo-eric-faria-opina-sobre-joao-gomes-e-jogador-do-flamengo-responde\/\",\"url\":\"https:\/\/www.gaveanews.com\/index.php\/2022\/04\/19\/reporter-da-rede-globo-eric-faria-opina-sobre-joao-gomes-e-jogador-do-flamengo-responde\/\",\"name\":\"Rep\u00f3rter da Rede Globo, Eric Faria opina sobre Jo\u00e3o Gomes e jogador do Flamengo responde\",\"isPartOf\":{\"@id\":\"https:\/\/www.gaveanews.com\/#website\"},\"primaryImageOfPage\":{\"@id\":\"https:\/\/www.gaveanews.com\/index.php\/2022\/04\/19\/reporter-da-rede-globo-eric-faria-opina-sobre-joao-gomes-e-jogador-do-flamengo-responde\/#primaryimage\"},\"image\":{\"@id\":\"https:\/\/www.gaveanews.com\/index.php\/2022\/04\/19\/reporter-da-rede-globo-eric-faria-opina-sobre-joao-gomes-e-jogador-do-flamengo-responde\/#primaryimage\"},\"thumbnailUrl\":\"https:\/\/www.gaveanews.com\/wp-content\/uploads\/Joao-Gomes-em-jogo-do-Flamengo-contra-o-Sao-Paulo-pelo-Campeonato-Brasileiro.webp\",\"datePublished\":\"2022-04-19T03:15:23+00:00\",\"dateModified\":\"2024-04-07T11:20:31+00:00\",\"author\":{\"@id\":\"https:\/\/www.gaveanews.com\/#\/schema\/person\/2ec14f73fb96be2caf28f91afb14749d\"},\"breadcrumb\":{\"@id\":\"https:\/\/www.gaveanews.com\/index.php\/2022\/04\/19\/reporter-da-rede-globo-eric-faria-opina-sobre-joao-gomes-e-jogador-do-flamengo-responde\/#breadcrumb\"},\"inLanguage\":\"pt-BR\",\"potentialAction\":[{\"@type\":\"ReadAction\",\"target\":[\"https:\/\/www.gaveanews.com\/index.php\/2022\/04\/19\/reporter-da-rede-globo-eric-faria-opina-sobre-joao-gomes-e-jogador-do-flamengo-responde\/\"]}]},{\"@type\":\"ImageObject\",\"inLanguage\":\"pt-BR\",\"@id\":\"https:\/\/www.gaveanews.com\/index.php\/2022\/04\/19\/reporter-da-rede-globo-eric-faria-opina-sobre-joao-gomes-e-jogador-do-flamengo-responde\/#primaryimage\",\"url\":\"https:\/\/www.gaveanews.com\/wp-content\/uploads\/Joao-Gomes-em-jogo-do-Flamengo-contra-o-Sao-Paulo-pelo-Campeonato-Brasileiro.webp\",\"contentUrl\":\"https:\/\/www.gaveanews.com\/wp-content\/uploads\/Joao-Gomes-em-jogo-do-Flamengo-contra-o-Sao-Paulo-pelo-Campeonato-Brasileiro.webp\",\"width\":799,\"height\":532,\"caption\":\"Jo\u00e3o Gomes em jogo do Flamengo contra o S\u00e3o Paulo pelo Campeonato Brasileiro (Foto: Marcelo Cortes\/Flamengo)\"},{\"@type\":\"BreadcrumbList\",\"@id\":\"https:\/\/www.gaveanews.com\/index.php\/2022\/04\/19\/reporter-da-rede-globo-eric-faria-opina-sobre-joao-gomes-e-jogador-do-flamengo-responde\/#breadcrumb\",\"itemListElement\":[{\"@type\":\"ListItem\",\"position\":1,\"name\":\"Home\",\"item\":\"https:\/\/www.gaveanews.com\/\"},{\"@type\":\"ListItem\",\"position\":2,\"name\":\"Rep\u00f3rter da Rede Globo, Eric Faria opina sobre Jo\u00e3o Gomes e jogador do Flamengo responde\"}]},{\"@type\":\"WebSite\",\"@id\":\"https:\/\/www.gaveanews.com\/#website\",\"url\":\"https:\/\/www.gaveanews.com\/\",\"name\":\"G\u00e1vea News\",\"description\":\"Veja todas as not\u00edcias sobre o Flamengo: Contrata\u00e7\u00f5es, categorias de base, resultados das partidas, tabela de classifica\u00e7\u00e3o, pr\u00f3ximos jogos!\",\"potentialAction\":[{\"@type\":\"SearchAction\",\"target\":{\"@type\":\"EntryPoint\",\"urlTemplate\":\"https:\/\/www.gaveanews.com\/?s={search_term_string}\"},\"query-input\":{\"@type\":\"PropertyValueSpecification\",\"valueRequired\":true,\"valueName\":\"search_term_string\"}}],\"inLanguage\":\"pt-BR\"},{\"@type\":\"Person\",\"@id\":\"https:\/\/www.gaveanews.com\/#\/schema\/person\/2ec14f73fb96be2caf28f91afb14749d\",\"name\":\"Equipe G\u00e1vea News\",\"image\":{\"@type\":\"ImageObject\",\"inLanguage\":\"pt-BR\",\"@id\":\"https:\/\/www.gaveanews.com\/#\/schema\/person\/image\/\",\"url\":\"https:\/\/secure.gravatar.com\/avatar\/1e1956f1facbffd3f8fa53a326721950116b3b9dc9bd44939c01180fd4a745a9?s=96&d=mm&r=g\",\"contentUrl\":\"https:\/\/secure.gravatar.com\/avatar\/1e1956f1facbffd3f8fa53a326721950116b3b9dc9bd44939c01180fd4a745a9?s=96&d=mm&r=g\",\"caption\":\"Equipe G\u00e1vea News\"}}]}<\/script>\n<!-- \/ Yoast SEO Premium plugin. -->","yoast_head_json":{"title":"Rep\u00f3rter da Rede Globo, Eric Faria opina sobre Jo\u00e3o Gomes e jogador do Flamengo responde","robots":{"index":"index","follow":"follow","max-snippet":"max-snippet:-1","max-image-preview":"max-image-preview:large","max-video-preview":"max-video-preview:-1"},"canonical":"https:\/\/www.gaveanews.com\/index.php\/2022\/04\/19\/reporter-da-rede-globo-eric-faria-opina-sobre-joao-gomes-e-jogador-do-flamengo-responde\/","og_locale":"pt_BR","og_type":"article","og_title":"Rep\u00f3rter da Rede Globo, Eric Faria opina sobre Jo\u00e3o Gomes e jogador do Flamengo responde","og_description":"Um dos titulares escalado pelo treinador Paulo Sousa, o meio-campista Jo\u00e3o Gomes foi um dos destaques do Flamengo, na vit\u00f3ria por 3 a 1 contra o S\u00e3o Paulo, neste domingo (17), no est\u00e1dio Maracan\u00e3. O jogador foi bem avaliado pela plataforma de an\u00e1lise de desempenho Sofascore e recebeu nota 7. Jo\u00e3o Gomes ainda deu uma [&hellip;]","og_url":"https:\/\/www.gaveanews.com\/index.php\/2022\/04\/19\/reporter-da-rede-globo-eric-faria-opina-sobre-joao-gomes-e-jogador-do-flamengo-responde\/","og_site_name":"G\u00e1vea News","article_publisher":"https:\/\/facebook.com\/gaveaNews\/","article_published_time":"2022-04-19T03:15:23+00:00","article_modified_time":"2024-04-07T11:20:31+00:00","og_image":[{"width":799,"height":532,"url":"https:\/\/www.gaveanews.com\/wp-content\/uploads\/Joao-Gomes-em-jogo-do-Flamengo-contra-o-Sao-Paulo-pelo-Campeonato-Brasileiro.webp","type":"image\/jpeg"}],"author":"Equipe G\u00e1vea News","twitter_card":"summary_large_image","twitter_misc":{"Escrito por":"Equipe G\u00e1vea News","Est. tempo de leitura":"2 minutos"},"schema":{"@context":"https:\/\/schema.org","@graph":[{"@type":"NewsArticle","@id":"https:\/\/www.gaveanews.com\/index.php\/2022\/04\/19\/reporter-da-rede-globo-eric-faria-opina-sobre-joao-gomes-e-jogador-do-flamengo-responde\/#article","isPartOf":{"@id":"https:\/\/www.gaveanews.com\/index.php\/2022\/04\/19\/reporter-da-rede-globo-eric-faria-opina-sobre-joao-gomes-e-jogador-do-flamengo-responde\/"},"author":{"name":"Equipe G\u00e1vea News","@id":"https:\/\/www.gaveanews.com\/#\/schema\/person\/2ec14f73fb96be2caf28f91afb14749d"},"headline":"Rep\u00f3rter da Rede Globo, Eric Faria opina sobre Jo\u00e3o Gomes e jogador do Flamengo responde","datePublished":"2022-04-19T03:15:23+00:00","dateModified":"2024-04-07T11:20:31+00:00","mainEntityOfPage":{"@id":"https:\/\/www.gaveanews.com\/index.php\/2022\/04\/19\/reporter-da-rede-globo-eric-faria-opina-sobre-joao-gomes-e-jogador-do-flamengo-responde\/"},"wordCount":357,"commentCount":0,"image":{"@id":"https:\/\/www.gaveanews.com\/index.php\/2022\/04\/19\/reporter-da-rede-globo-eric-faria-opina-sobre-joao-gomes-e-jogador-do-flamengo-responde\/#primaryimage"},"thumbnailUrl":"https:\/\/www.gaveanews.com\/wp-content\/uploads\/Joao-Gomes-em-jogo-do-Flamengo-contra-o-Sao-Paulo-pelo-Campeonato-Brasileiro.webp","keywords":["Eric Soares Faria"],"articleSection":["Flamengo"],"inLanguage":"pt-BR","potentialAction":[{"@type":"CommentAction","name":"Comment","target":["https:\/\/www.gaveanews.com\/index.php\/2022\/04\/19\/reporter-da-rede-globo-eric-faria-opina-sobre-joao-gomes-e-jogador-do-flamengo-responde\/#respond"]}],"copyrightYear":"2022","copyrightHolder":{"@id":"https:\/\/www.gaveanews.com\/#organization"}},{"@type":"WebPage","@id":"https:\/\/www.gaveanews.com\/index.php\/2022\/04\/19\/reporter-da-rede-globo-eric-faria-opina-sobre-joao-gomes-e-jogador-do-flamengo-responde\/","url":"https:\/\/www.gaveanews.com\/index.php\/2022\/04\/19\/reporter-da-rede-globo-eric-faria-opina-sobre-joao-gomes-e-jogador-do-flamengo-responde\/","name":"Rep\u00f3rter da Rede Globo, Eric Faria opina sobre Jo\u00e3o Gomes e jogador do Flamengo responde","isPartOf":{"@id":"https:\/\/www.gaveanews.com\/#website"},"primaryImageOfPage":{"@id":"https:\/\/www.gaveanews.com\/index.php\/2022\/04\/19\/reporter-da-rede-globo-eric-faria-opina-sobre-joao-gomes-e-jogador-do-flamengo-responde\/#primaryimage"},"image":{"@id":"https:\/\/www.gaveanews.com\/index.php\/2022\/04\/19\/reporter-da-rede-globo-eric-faria-opina-sobre-joao-gomes-e-jogador-do-flamengo-responde\/#primaryimage"},"thumbnailUrl":"https:\/\/www.gaveanews.com\/wp-content\/uploads\/Joao-Gomes-em-jogo-do-Flamengo-contra-o-Sao-Paulo-pelo-Campeonato-Brasileiro.webp","datePublished":"2022-04-19T03:15:23+00:00","dateModified":"2024-04-07T11:20:31+00:00","author":{"@id":"https:\/\/www.gaveanews.com\/#\/schema\/person\/2ec14f73fb96be2caf28f91afb14749d"},"breadcrumb":{"@id":"https:\/\/www.gaveanews.com\/index.php\/2022\/04\/19\/reporter-da-rede-globo-eric-faria-opina-sobre-joao-gomes-e-jogador-do-flamengo-responde\/#breadcrumb"},"inLanguage":"pt-BR","potentialAction":[{"@type":"ReadAction","target":["https:\/\/www.gaveanews.com\/index.php\/2022\/04\/19\/reporter-da-rede-globo-eric-faria-opina-sobre-joao-gomes-e-jogador-do-flamengo-responde\/"]}]},{"@type":"ImageObject","inLanguage":"pt-BR","@id":"https:\/\/www.gaveanews.com\/index.php\/2022\/04\/19\/reporter-da-rede-globo-eric-faria-opina-sobre-joao-gomes-e-jogador-do-flamengo-responde\/#primaryimage","url":"https:\/\/www.gaveanews.com\/wp-content\/uploads\/Joao-Gomes-em-jogo-do-Flamengo-contra-o-Sao-Paulo-pelo-Campeonato-Brasileiro.webp","contentUrl":"https:\/\/www.gaveanews.com\/wp-content\/uploads\/Joao-Gomes-em-jogo-do-Flamengo-contra-o-Sao-Paulo-pelo-Campeonato-Brasileiro.webp","width":799,"height":532,"caption":"Jo\u00e3o Gomes em jogo do Flamengo contra o S\u00e3o Paulo pelo Campeonato Brasileiro (Foto: Marcelo Cortes\/Flamengo)"},{"@type":"BreadcrumbList","@id":"https:\/\/www.gaveanews.com\/index.php\/2022\/04\/19\/reporter-da-rede-globo-eric-faria-opina-sobre-joao-gomes-e-jogador-do-flamengo-responde\/#breadcrumb","itemListElement":[{"@type":"ListItem","position":1,"name":"Home","item":"https:\/\/www.gaveanews.com\/"},{"@type":"ListItem","position":2,"name":"Rep\u00f3rter da Rede Globo, Eric Faria opina sobre Jo\u00e3o Gomes e jogador do Flamengo responde"}]},{"@type":"WebSite","@id":"https:\/\/www.gaveanews.com\/#website","url":"https:\/\/www.gaveanews.com\/","name":"G\u00e1vea News","description":"Veja todas as not\u00edcias sobre o Flamengo: Contrata\u00e7\u00f5es, categorias de base, resultados das partidas, tabela de classifica\u00e7\u00e3o, pr\u00f3ximos jogos!","potentialAction":[{"@type":"SearchAction","target":{"@type":"EntryPoint","urlTemplate":"https:\/\/www.gaveanews.com\/?s={search_term_string}"},"query-input":{"@type":"PropertyValueSpecification","valueRequired":true,"valueName":"search_term_string"}}],"inLanguage":"pt-BR"},{"@type":"Person","@id":"https:\/\/www.gaveanews.com\/#\/schema\/person\/2ec14f73fb96be2caf28f91afb14749d","name":"Equipe G\u00e1vea News","image":{"@type":"ImageObject","inLanguage":"pt-BR","@id":"https:\/\/www.gaveanews.com\/#\/schema\/person\/image\/","url":"https:\/\/secure.gravatar.com\/avatar\/1e1956f1facbffd3f8fa53a326721950116b3b9dc9bd44939c01180fd4a745a9?s=96&d=mm&r=g","contentUrl":"https:\/\/secure.gravatar.com\/avatar\/1e1956f1facbffd3f8fa53a326721950116b3b9dc9bd44939c01180fd4a745a9?s=96&d=mm&r=g","caption":"Equipe G\u00e1vea News"}}]}},"_links":{"self":[{"href":"https:\/\/www.gaveanews.com\/index.php\/wp-json\/wp\/v2\/posts\/80269","targetHints":{"allow":["GET"]}}],"collection":[{"href":"https:\/\/www.gaveanews.com\/index.php\/wp-json\/wp\/v2\/posts"}],"about":[{"href":"https:\/\/www.gaveanews.com\/index.php\/wp-json\/wp\/v2\/types\/post"}],"author":[{"embeddable":true,"href":"https:\/\/www.gaveanews.com\/index.php\/wp-json\/wp\/v2\/users\/1"}],"replies":[{"embeddable":true,"href":"https:\/\/www.gaveanews.com\/index.php\/wp-json\/wp\/v2\/comments?post=80269"}],"version-history":[{"count":1,"href":"https:\/\/www.gaveanews.com\/index.php\/wp-json\/wp\/v2\/posts\/80269\/revisions"}],"predecessor-version":[{"id":135793,"href":"https:\/\/www.gaveanews.com\/index.php\/wp-json\/wp\/v2\/posts\/80269\/revisions\/135793"}],"wp:featuredmedia":[{"embeddable":true,"href":"https:\/\/www.gaveanews.com\/index.php\/wp-json\/wp\/v2\/media\/80221"}],"wp:attachment":[{"href":"https:\/\/www.gaveanews.com\/index.php\/wp-json\/wp\/v2\/media?parent=80269"}],"wp:term":[{"taxonomy":"category","embeddable":true,"href":"https:\/\/www.gaveanews.com\/index.php\/wp-json\/wp\/v2\/categories?post=80269"},{"taxonomy":"post_tag","embeddable":true,"href":"https:\/\/www.gaveanews.com\/index.php\/wp-json\/wp\/v2\/tags?post=80269"}],"curies":[{"name":"wp","href":"https:\/\/api.w.org\/{rel}","templated":true}]}}