{"id":80277,"date":"2022-04-19T07:32:46","date_gmt":"2022-04-19T10:32:46","guid":{"rendered":"https:\/\/www.gaveanews.com\/?p=80277"},"modified":"2022-04-19T07:32:46","modified_gmt":"2022-04-19T10:32:46","slug":"gabi-pode-alcancar-mais-uma-marca-na-carreira-vestindo-o-manto-sagrado","status":"publish","type":"post","link":"https:\/\/www.gaveanews.com\/index.php\/2022\/04\/19\/gabi-pode-alcancar-mais-uma-marca-na-carreira-vestindo-o-manto-sagrado\/","title":{"rendered":"Gabi pode alcan\u00e7ar mais uma marca na carreira vestindo o Manto Sagrado"},"content":{"rendered":"<p>No \u00faltimo domingo, o Flamengo venceu o S\u00e3o Paulo por 3 a 1, no Maracan\u00e3, em partida v\u00e1lida pela 2\u00aa rodada do Campeonato Brasileiro. Marcando o primeiro gol, Gabi abriu os caminhos para o triunfo rubro-negro sobre o tricolor paulista.<\/p>\n<p>Com o gol marcado, Gabi est\u00e1 perto de alcan\u00e7ar mais uma marca na sua carreira vestindo o Manto Sagrado. Isso porque faltam apenas seis gols para que o camisa 9 da G\u00e1vea alcance a marca de 100 gols pelo Campeonato Brasileiro.<\/p>\n<p>Mas uma particularidade deixa a marca ainda mais expressiva para o atacante, al\u00e9m de alcan\u00e7ar o grupo seleto de apenas 16 jogadores que ultrapassaram a marca de 100 gols na competi\u00e7\u00e3o, Gabi pode se tornar o jogador mais jovem a conseguir essa marca.<\/p>\n<p>O jogador mais jovem a conseguir marcar 100 gols pelo Brasileir\u00e3o foi Roberto Dinamite, que alcan\u00e7ou a marca com 26 anos e 24 dias. Gabi tem 25 anos, 7 meses e 19 dias. Para bater a marca de Dinamite, o pr\u00edncipe da G\u00e1vea que completa 26 anos, no dia 30 de agosto, teria que marcar esses seis gols no m\u00e1ximo at\u00e9 o dia 22 de setembro, que \u00e9 quando completa 26 anos e 23 dias.<\/p>\n<p>Gabi vem tendo um in\u00edcio de temporada com n\u00fameros muito bons, at\u00e9 o momento em 17 jogos foram 12 gols, 1 assist\u00eancia e 1.473 minutos na temporada. Em ano de Copa do Mundo, o atacante almeja uma vaga na lista final de Tite, por isso o torcedor pode esperar um grande ano do camisa 9.<\/p>\n<p>retirado de diario do fla<\/p>\n","protected":false},"excerpt":{"rendered":"<p>No \u00faltimo domingo, o Flamengo venceu o S\u00e3o Paulo por 3 a 1, no Maracan\u00e3, em partida v\u00e1lida pela 2\u00aa rodada do Campeonato Brasileiro. Marcando o primeiro gol, Gabi abriu os caminhos para o triunfo rubro-negro sobre o tricolor paulista. Com o gol marcado, Gabi est\u00e1 perto de alcan\u00e7ar mais uma marca na sua carreira [&hellip;]<\/p>\n","protected":false},"author":1,"featured_media":78502,"comment_status":"open","ping_status":"closed","sticky":false,"template":"","format":"standard","meta":{"footnotes":""},"categories":[1],"tags":[],"class_list":["post-80277","post","type-post","status-publish","format-standard","has-post-thumbnail","hentry","category-flamengo"],"yoast_head":"<!-- This site is optimized with the Yoast SEO Premium plugin v24.2 (Yoast SEO v26.9) - https:\/\/yoast.com\/product\/yoast-seo-premium-wordpress\/ -->\n<title>Gabi pode alcan\u00e7ar mais uma marca na carreira vestindo o Manto Sagrado<\/title>\n<meta name=\"robots\" content=\"index, follow, max-snippet:-1, max-image-preview:large, max-video-preview:-1\" \/>\n<link rel=\"canonical\" href=\"https:\/\/www.gaveanews.com\/index.php\/2022\/04\/19\/gabi-pode-alcancar-mais-uma-marca-na-carreira-vestindo-o-manto-sagrado\/\" \/>\n<meta property=\"og:locale\" content=\"pt_BR\" \/>\n<meta property=\"og:type\" content=\"article\" \/>\n<meta property=\"og:title\" content=\"Gabi pode alcan\u00e7ar mais uma marca na carreira vestindo o Manto Sagrado\" \/>\n<meta property=\"og:description\" content=\"No \u00faltimo domingo, o Flamengo venceu o S\u00e3o Paulo por 3 a 1, no Maracan\u00e3, em partida v\u00e1lida pela 2\u00aa rodada do Campeonato Brasileiro. Marcando o primeiro gol, Gabi abriu os caminhos para o triunfo rubro-negro sobre o tricolor paulista. Com o gol marcado, Gabi est\u00e1 perto de alcan\u00e7ar mais uma marca na sua carreira [&hellip;]\" \/>\n<meta property=\"og:url\" content=\"https:\/\/www.gaveanews.com\/index.php\/2022\/04\/19\/gabi-pode-alcancar-mais-uma-marca-na-carreira-vestindo-o-manto-sagrado\/\" \/>\n<meta property=\"og:site_name\" content=\"G\u00e1vea News\" \/>\n<meta property=\"article:publisher\" content=\"https:\/\/facebook.com\/gaveaNews\/\" \/>\n<meta property=\"article:published_time\" content=\"2022-04-19T10:32:46+00:00\" \/>\n<meta property=\"og:image\" content=\"https:\/\/www.gaveanews.com\/wp-content\/uploads\/Gabigol-comemora-gol-marcado-contra-o-Vasco-nas-semifinais-do-Carioca.webp\" \/>\n\t<meta property=\"og:image:width\" content=\"800\" \/>\n\t<meta property=\"og:image:height\" content=\"533\" \/>\n\t<meta property=\"og:image:type\" content=\"image\/jpeg\" \/>\n<meta name=\"author\" content=\"Equipe G\u00e1vea News\" \/>\n<meta name=\"twitter:card\" content=\"summary_large_image\" \/>\n<meta name=\"twitter:label1\" content=\"Escrito por\" \/>\n\t<meta name=\"twitter:data1\" content=\"Equipe G\u00e1vea News\" \/>\n\t<meta name=\"twitter:label2\" content=\"Est. tempo de leitura\" \/>\n\t<meta name=\"twitter:data2\" content=\"2 minutos\" \/>\n<script type=\"application\/ld+json\" class=\"yoast-schema-graph\">{\"@context\":\"https:\/\/schema.org\",\"@graph\":[{\"@type\":\"NewsArticle\",\"@id\":\"https:\/\/www.gaveanews.com\/index.php\/2022\/04\/19\/gabi-pode-alcancar-mais-uma-marca-na-carreira-vestindo-o-manto-sagrado\/#article\",\"isPartOf\":{\"@id\":\"https:\/\/www.gaveanews.com\/index.php\/2022\/04\/19\/gabi-pode-alcancar-mais-uma-marca-na-carreira-vestindo-o-manto-sagrado\/\"},\"author\":{\"name\":\"Equipe G\u00e1vea News\",\"@id\":\"https:\/\/www.gaveanews.com\/#\/schema\/person\/2ec14f73fb96be2caf28f91afb14749d\"},\"headline\":\"Gabi pode alcan\u00e7ar mais uma marca na carreira vestindo o Manto Sagrado\",\"datePublished\":\"2022-04-19T10:32:46+00:00\",\"mainEntityOfPage\":{\"@id\":\"https:\/\/www.gaveanews.com\/index.php\/2022\/04\/19\/gabi-pode-alcancar-mais-uma-marca-na-carreira-vestindo-o-manto-sagrado\/\"},\"wordCount\":263,\"commentCount\":0,\"image\":{\"@id\":\"https:\/\/www.gaveanews.com\/index.php\/2022\/04\/19\/gabi-pode-alcancar-mais-uma-marca-na-carreira-vestindo-o-manto-sagrado\/#primaryimage\"},\"thumbnailUrl\":\"https:\/\/www.gaveanews.com\/wp-content\/uploads\/Gabigol-comemora-gol-marcado-contra-o-Vasco-nas-semifinais-do-Carioca.webp\",\"articleSection\":[\"Flamengo\"],\"inLanguage\":\"pt-BR\",\"potentialAction\":[{\"@type\":\"CommentAction\",\"name\":\"Comment\",\"target\":[\"https:\/\/www.gaveanews.com\/index.php\/2022\/04\/19\/gabi-pode-alcancar-mais-uma-marca-na-carreira-vestindo-o-manto-sagrado\/#respond\"]}],\"copyrightYear\":\"2022\",\"copyrightHolder\":{\"@id\":\"https:\/\/www.gaveanews.com\/#organization\"}},{\"@type\":\"WebPage\",\"@id\":\"https:\/\/www.gaveanews.com\/index.php\/2022\/04\/19\/gabi-pode-alcancar-mais-uma-marca-na-carreira-vestindo-o-manto-sagrado\/\",\"url\":\"https:\/\/www.gaveanews.com\/index.php\/2022\/04\/19\/gabi-pode-alcancar-mais-uma-marca-na-carreira-vestindo-o-manto-sagrado\/\",\"name\":\"Gabi pode alcan\u00e7ar mais uma marca na carreira vestindo o Manto Sagrado\",\"isPartOf\":{\"@id\":\"https:\/\/www.gaveanews.com\/#website\"},\"primaryImageOfPage\":{\"@id\":\"https:\/\/www.gaveanews.com\/index.php\/2022\/04\/19\/gabi-pode-alcancar-mais-uma-marca-na-carreira-vestindo-o-manto-sagrado\/#primaryimage\"},\"image\":{\"@id\":\"https:\/\/www.gaveanews.com\/index.php\/2022\/04\/19\/gabi-pode-alcancar-mais-uma-marca-na-carreira-vestindo-o-manto-sagrado\/#primaryimage\"},\"thumbnailUrl\":\"https:\/\/www.gaveanews.com\/wp-content\/uploads\/Gabigol-comemora-gol-marcado-contra-o-Vasco-nas-semifinais-do-Carioca.webp\",\"datePublished\":\"2022-04-19T10:32:46+00:00\",\"author\":{\"@id\":\"https:\/\/www.gaveanews.com\/#\/schema\/person\/2ec14f73fb96be2caf28f91afb14749d\"},\"breadcrumb\":{\"@id\":\"https:\/\/www.gaveanews.com\/index.php\/2022\/04\/19\/gabi-pode-alcancar-mais-uma-marca-na-carreira-vestindo-o-manto-sagrado\/#breadcrumb\"},\"inLanguage\":\"pt-BR\",\"potentialAction\":[{\"@type\":\"ReadAction\",\"target\":[\"https:\/\/www.gaveanews.com\/index.php\/2022\/04\/19\/gabi-pode-alcancar-mais-uma-marca-na-carreira-vestindo-o-manto-sagrado\/\"]}]},{\"@type\":\"ImageObject\",\"inLanguage\":\"pt-BR\",\"@id\":\"https:\/\/www.gaveanews.com\/index.php\/2022\/04\/19\/gabi-pode-alcancar-mais-uma-marca-na-carreira-vestindo-o-manto-sagrado\/#primaryimage\",\"url\":\"https:\/\/www.gaveanews.com\/wp-content\/uploads\/Gabigol-comemora-gol-marcado-contra-o-Vasco-nas-semifinais-do-Carioca.webp\",\"contentUrl\":\"https:\/\/www.gaveanews.com\/wp-content\/uploads\/Gabigol-comemora-gol-marcado-contra-o-Vasco-nas-semifinais-do-Carioca.webp\",\"width\":800,\"height\":533,\"caption\":\"Gabigol comemora gol marcado contra o Vasco nas semifinais do Carioca (Foto: Marcelo Cortes\/Flamengo)\"},{\"@type\":\"BreadcrumbList\",\"@id\":\"https:\/\/www.gaveanews.com\/index.php\/2022\/04\/19\/gabi-pode-alcancar-mais-uma-marca-na-carreira-vestindo-o-manto-sagrado\/#breadcrumb\",\"itemListElement\":[{\"@type\":\"ListItem\",\"position\":1,\"name\":\"Home\",\"item\":\"https:\/\/www.gaveanews.com\/\"},{\"@type\":\"ListItem\",\"position\":2,\"name\":\"Gabi pode alcan\u00e7ar mais uma marca na carreira vestindo o Manto Sagrado\"}]},{\"@type\":\"WebSite\",\"@id\":\"https:\/\/www.gaveanews.com\/#website\",\"url\":\"https:\/\/www.gaveanews.com\/\",\"name\":\"G\u00e1vea News\",\"description\":\"Veja todas as not\u00edcias sobre o Flamengo: Contrata\u00e7\u00f5es, categorias de base, resultados das partidas, tabela de classifica\u00e7\u00e3o, pr\u00f3ximos jogos!\",\"potentialAction\":[{\"@type\":\"SearchAction\",\"target\":{\"@type\":\"EntryPoint\",\"urlTemplate\":\"https:\/\/www.gaveanews.com\/?s={search_term_string}\"},\"query-input\":{\"@type\":\"PropertyValueSpecification\",\"valueRequired\":true,\"valueName\":\"search_term_string\"}}],\"inLanguage\":\"pt-BR\"},{\"@type\":\"Person\",\"@id\":\"https:\/\/www.gaveanews.com\/#\/schema\/person\/2ec14f73fb96be2caf28f91afb14749d\",\"name\":\"Equipe G\u00e1vea News\",\"image\":{\"@type\":\"ImageObject\",\"inLanguage\":\"pt-BR\",\"@id\":\"https:\/\/www.gaveanews.com\/#\/schema\/person\/image\/\",\"url\":\"https:\/\/secure.gravatar.com\/avatar\/1e1956f1facbffd3f8fa53a326721950116b3b9dc9bd44939c01180fd4a745a9?s=96&d=mm&r=g\",\"contentUrl\":\"https:\/\/secure.gravatar.com\/avatar\/1e1956f1facbffd3f8fa53a326721950116b3b9dc9bd44939c01180fd4a745a9?s=96&d=mm&r=g\",\"caption\":\"Equipe G\u00e1vea News\"}}]}<\/script>\n<!-- \/ Yoast SEO Premium plugin. -->","yoast_head_json":{"title":"Gabi pode alcan\u00e7ar mais uma marca na carreira vestindo o Manto Sagrado","robots":{"index":"index","follow":"follow","max-snippet":"max-snippet:-1","max-image-preview":"max-image-preview:large","max-video-preview":"max-video-preview:-1"},"canonical":"https:\/\/www.gaveanews.com\/index.php\/2022\/04\/19\/gabi-pode-alcancar-mais-uma-marca-na-carreira-vestindo-o-manto-sagrado\/","og_locale":"pt_BR","og_type":"article","og_title":"Gabi pode alcan\u00e7ar mais uma marca na carreira vestindo o Manto Sagrado","og_description":"No \u00faltimo domingo, o Flamengo venceu o S\u00e3o Paulo por 3 a 1, no Maracan\u00e3, em partida v\u00e1lida pela 2\u00aa rodada do Campeonato Brasileiro. Marcando o primeiro gol, Gabi abriu os caminhos para o triunfo rubro-negro sobre o tricolor paulista. Com o gol marcado, Gabi est\u00e1 perto de alcan\u00e7ar mais uma marca na sua carreira [&hellip;]","og_url":"https:\/\/www.gaveanews.com\/index.php\/2022\/04\/19\/gabi-pode-alcancar-mais-uma-marca-na-carreira-vestindo-o-manto-sagrado\/","og_site_name":"G\u00e1vea News","article_publisher":"https:\/\/facebook.com\/gaveaNews\/","article_published_time":"2022-04-19T10:32:46+00:00","og_image":[{"width":800,"height":533,"url":"https:\/\/www.gaveanews.com\/wp-content\/uploads\/Gabigol-comemora-gol-marcado-contra-o-Vasco-nas-semifinais-do-Carioca.webp","type":"image\/jpeg"}],"author":"Equipe G\u00e1vea News","twitter_card":"summary_large_image","twitter_misc":{"Escrito por":"Equipe G\u00e1vea News","Est. tempo de leitura":"2 minutos"},"schema":{"@context":"https:\/\/schema.org","@graph":[{"@type":"NewsArticle","@id":"https:\/\/www.gaveanews.com\/index.php\/2022\/04\/19\/gabi-pode-alcancar-mais-uma-marca-na-carreira-vestindo-o-manto-sagrado\/#article","isPartOf":{"@id":"https:\/\/www.gaveanews.com\/index.php\/2022\/04\/19\/gabi-pode-alcancar-mais-uma-marca-na-carreira-vestindo-o-manto-sagrado\/"},"author":{"name":"Equipe G\u00e1vea News","@id":"https:\/\/www.gaveanews.com\/#\/schema\/person\/2ec14f73fb96be2caf28f91afb14749d"},"headline":"Gabi pode alcan\u00e7ar mais uma marca na carreira vestindo o Manto Sagrado","datePublished":"2022-04-19T10:32:46+00:00","mainEntityOfPage":{"@id":"https:\/\/www.gaveanews.com\/index.php\/2022\/04\/19\/gabi-pode-alcancar-mais-uma-marca-na-carreira-vestindo-o-manto-sagrado\/"},"wordCount":263,"commentCount":0,"image":{"@id":"https:\/\/www.gaveanews.com\/index.php\/2022\/04\/19\/gabi-pode-alcancar-mais-uma-marca-na-carreira-vestindo-o-manto-sagrado\/#primaryimage"},"thumbnailUrl":"https:\/\/www.gaveanews.com\/wp-content\/uploads\/Gabigol-comemora-gol-marcado-contra-o-Vasco-nas-semifinais-do-Carioca.webp","articleSection":["Flamengo"],"inLanguage":"pt-BR","potentialAction":[{"@type":"CommentAction","name":"Comment","target":["https:\/\/www.gaveanews.com\/index.php\/2022\/04\/19\/gabi-pode-alcancar-mais-uma-marca-na-carreira-vestindo-o-manto-sagrado\/#respond"]}],"copyrightYear":"2022","copyrightHolder":{"@id":"https:\/\/www.gaveanews.com\/#organization"}},{"@type":"WebPage","@id":"https:\/\/www.gaveanews.com\/index.php\/2022\/04\/19\/gabi-pode-alcancar-mais-uma-marca-na-carreira-vestindo-o-manto-sagrado\/","url":"https:\/\/www.gaveanews.com\/index.php\/2022\/04\/19\/gabi-pode-alcancar-mais-uma-marca-na-carreira-vestindo-o-manto-sagrado\/","name":"Gabi pode alcan\u00e7ar mais uma marca na carreira vestindo o Manto Sagrado","isPartOf":{"@id":"https:\/\/www.gaveanews.com\/#website"},"primaryImageOfPage":{"@id":"https:\/\/www.gaveanews.com\/index.php\/2022\/04\/19\/gabi-pode-alcancar-mais-uma-marca-na-carreira-vestindo-o-manto-sagrado\/#primaryimage"},"image":{"@id":"https:\/\/www.gaveanews.com\/index.php\/2022\/04\/19\/gabi-pode-alcancar-mais-uma-marca-na-carreira-vestindo-o-manto-sagrado\/#primaryimage"},"thumbnailUrl":"https:\/\/www.gaveanews.com\/wp-content\/uploads\/Gabigol-comemora-gol-marcado-contra-o-Vasco-nas-semifinais-do-Carioca.webp","datePublished":"2022-04-19T10:32:46+00:00","author":{"@id":"https:\/\/www.gaveanews.com\/#\/schema\/person\/2ec14f73fb96be2caf28f91afb14749d"},"breadcrumb":{"@id":"https:\/\/www.gaveanews.com\/index.php\/2022\/04\/19\/gabi-pode-alcancar-mais-uma-marca-na-carreira-vestindo-o-manto-sagrado\/#breadcrumb"},"inLanguage":"pt-BR","potentialAction":[{"@type":"ReadAction","target":["https:\/\/www.gaveanews.com\/index.php\/2022\/04\/19\/gabi-pode-alcancar-mais-uma-marca-na-carreira-vestindo-o-manto-sagrado\/"]}]},{"@type":"ImageObject","inLanguage":"pt-BR","@id":"https:\/\/www.gaveanews.com\/index.php\/2022\/04\/19\/gabi-pode-alcancar-mais-uma-marca-na-carreira-vestindo-o-manto-sagrado\/#primaryimage","url":"https:\/\/www.gaveanews.com\/wp-content\/uploads\/Gabigol-comemora-gol-marcado-contra-o-Vasco-nas-semifinais-do-Carioca.webp","contentUrl":"https:\/\/www.gaveanews.com\/wp-content\/uploads\/Gabigol-comemora-gol-marcado-contra-o-Vasco-nas-semifinais-do-Carioca.webp","width":800,"height":533,"caption":"Gabigol comemora gol marcado contra o Vasco nas semifinais do Carioca (Foto: Marcelo Cortes\/Flamengo)"},{"@type":"BreadcrumbList","@id":"https:\/\/www.gaveanews.com\/index.php\/2022\/04\/19\/gabi-pode-alcancar-mais-uma-marca-na-carreira-vestindo-o-manto-sagrado\/#breadcrumb","itemListElement":[{"@type":"ListItem","position":1,"name":"Home","item":"https:\/\/www.gaveanews.com\/"},{"@type":"ListItem","position":2,"name":"Gabi pode alcan\u00e7ar mais uma marca na carreira vestindo o Manto Sagrado"}]},{"@type":"WebSite","@id":"https:\/\/www.gaveanews.com\/#website","url":"https:\/\/www.gaveanews.com\/","name":"G\u00e1vea News","description":"Veja todas as not\u00edcias sobre o Flamengo: Contrata\u00e7\u00f5es, categorias de base, resultados das partidas, tabela de classifica\u00e7\u00e3o, pr\u00f3ximos jogos!","potentialAction":[{"@type":"SearchAction","target":{"@type":"EntryPoint","urlTemplate":"https:\/\/www.gaveanews.com\/?s={search_term_string}"},"query-input":{"@type":"PropertyValueSpecification","valueRequired":true,"valueName":"search_term_string"}}],"inLanguage":"pt-BR"},{"@type":"Person","@id":"https:\/\/www.gaveanews.com\/#\/schema\/person\/2ec14f73fb96be2caf28f91afb14749d","name":"Equipe G\u00e1vea News","image":{"@type":"ImageObject","inLanguage":"pt-BR","@id":"https:\/\/www.gaveanews.com\/#\/schema\/person\/image\/","url":"https:\/\/secure.gravatar.com\/avatar\/1e1956f1facbffd3f8fa53a326721950116b3b9dc9bd44939c01180fd4a745a9?s=96&d=mm&r=g","contentUrl":"https:\/\/secure.gravatar.com\/avatar\/1e1956f1facbffd3f8fa53a326721950116b3b9dc9bd44939c01180fd4a745a9?s=96&d=mm&r=g","caption":"Equipe G\u00e1vea News"}}]}},"_links":{"self":[{"href":"https:\/\/www.gaveanews.com\/index.php\/wp-json\/wp\/v2\/posts\/80277","targetHints":{"allow":["GET"]}}],"collection":[{"href":"https:\/\/www.gaveanews.com\/index.php\/wp-json\/wp\/v2\/posts"}],"about":[{"href":"https:\/\/www.gaveanews.com\/index.php\/wp-json\/wp\/v2\/types\/post"}],"author":[{"embeddable":true,"href":"https:\/\/www.gaveanews.com\/index.php\/wp-json\/wp\/v2\/users\/1"}],"replies":[{"embeddable":true,"href":"https:\/\/www.gaveanews.com\/index.php\/wp-json\/wp\/v2\/comments?post=80277"}],"version-history":[{"count":0,"href":"https:\/\/www.gaveanews.com\/index.php\/wp-json\/wp\/v2\/posts\/80277\/revisions"}],"wp:featuredmedia":[{"embeddable":true,"href":"https:\/\/www.gaveanews.com\/index.php\/wp-json\/wp\/v2\/media\/78502"}],"wp:attachment":[{"href":"https:\/\/www.gaveanews.com\/index.php\/wp-json\/wp\/v2\/media?parent=80277"}],"wp:term":[{"taxonomy":"category","embeddable":true,"href":"https:\/\/www.gaveanews.com\/index.php\/wp-json\/wp\/v2\/categories?post=80277"},{"taxonomy":"post_tag","embeddable":true,"href":"https:\/\/www.gaveanews.com\/index.php\/wp-json\/wp\/v2\/tags?post=80277"}],"curies":[{"name":"wp","href":"https:\/\/api.w.org\/{rel}","templated":true}]}}