{"id":80284,"date":"2022-04-19T09:27:51","date_gmt":"2022-04-19T12:27:51","guid":{"rendered":"https:\/\/www.gaveanews.com\/?p=80284"},"modified":"2022-04-19T09:27:51","modified_gmt":"2022-04-19T12:27:51","slug":"rodrigo-caio-sofre-com-perda-de-peso-no-flamengo-e-tem-dificuldade-para-voltar-a-jogar","status":"publish","type":"post","link":"https:\/\/www.gaveanews.com\/index.php\/2022\/04\/19\/rodrigo-caio-sofre-com-perda-de-peso-no-flamengo-e-tem-dificuldade-para-voltar-a-jogar\/","title":{"rendered":"Rodrigo Caio sofre com perda de peso no Flamengo e tem dificuldade para voltar a jogar"},"content":{"rendered":"<p>Uma cirurgia no joelho que desencadeou problema na recupera\u00e7\u00e3o por conta de uma infla\u00e7\u00e3o. Com isso, nenhum jogo pelo Flamengo em 2022. Essa \u00e9 a temporada de Rodrigo Caio at\u00e9 o momento.<\/p>\n<p>O zagueiro n\u00e3o conseguiu se recuperar de um problema que chegou a lev\u00e1-lo ao hospital para uma interna\u00e7\u00e3o no come\u00e7o do ano. Ele passou por uma cirurgia poucos dias ap\u00f3s a final da Libertadores contra o Palmeiras, em que o tempo de recupera\u00e7\u00e3o seria de pouco mais de um m\u00eas. Por\u00e9m, um problema mais grave o tirou de combate e se tornou uma \u2018bola de neve\u2019.<\/p>\n<p>Segundo a jornalista Raisa Simplicio, setorista do Flamengo, atualmente a recupera\u00e7\u00e3o de Rodrigo Caio vai al\u00e9m da cirurgia no joelho. Ele teria ficado \u20188 kg abaixo do considerado normal\u2019, o que o impede de voltar ao time.<\/p>\n<p>O Flamengo mant\u00e9m todos os cuidados poss\u00edveis para que o atleta n\u00e3o sofra com novas les\u00f5es.<\/p>\n<p><em><strong>\u2014 O processo de recupera\u00e7\u00e3o de Rodrigo Caio vai muito al\u00e9m de uma simples les\u00e3o no joelho. O zagueiro, por exemplo, chegou a ficar 8 kg abaixo do considerado normal (em rela\u00e7\u00e3o a massa muscular e etc). Por isso \u00e9 um retorno tratado com todo cuidado poss\u00edvel.<\/strong><\/em><\/p>\n<h2>Rodrigo Caio no Flamengo<\/h2>\n<p>O zagueiro chegou ao Flamengo em 2019 ap\u00f3s ter sa\u00eddo contestado no S\u00e3o Paulo. Ele logo ganhou a posi\u00e7\u00e3o de titular e se tornou incontest\u00e1vel, ainda mais ao lado do companheiro Pablo Mar\u00ed, espanhol at\u00e9 ent\u00e3o desconhecido que chegou para compor a dupla de zaga.<\/p>\n<p>Em seu primeiro ano no Flamengo, foram 60 jogos, com cinco gols marcados e diversas convoca\u00e7\u00f5es para a sele\u00e7\u00e3o brasileira. Ele se consolidou na equipe, mas a partir de 2020 viu as les\u00f5es atrapalharem sua sequ\u00eancia e seu n\u00famero de jogos despencar. Em seu segundo ano, foram somente 32 partidas, sem gols anotados. Em 2021, quando tudo parecia melhorar, mais les\u00f5es chegaram e ele voltou a jogar pouco. Foram 33 partidas com um gol marcado pelo Flamengo. Ele ainda n\u00e3o jogou em 2022.<\/p>\n<p>Retirado de: Torcedores<\/p>\n","protected":false},"excerpt":{"rendered":"<p>Uma cirurgia no joelho que desencadeou problema na recupera\u00e7\u00e3o por conta de uma infla\u00e7\u00e3o. Com isso, nenhum jogo pelo Flamengo em 2022. Essa \u00e9 a temporada de Rodrigo Caio at\u00e9 o momento. O zagueiro n\u00e3o conseguiu se recuperar de um problema que chegou a lev\u00e1-lo ao hospital para uma interna\u00e7\u00e3o no come\u00e7o do ano. Ele [&hellip;]<\/p>\n","protected":false},"author":1,"featured_media":69039,"comment_status":"open","ping_status":"closed","sticky":false,"template":"","format":"standard","meta":{"footnotes":""},"categories":[1],"tags":[],"class_list":["post-80284","post","type-post","status-publish","format-standard","has-post-thumbnail","hentry","category-flamengo"],"yoast_head":"<!-- This site is optimized with the Yoast SEO Premium plugin v24.2 (Yoast SEO v26.9) - https:\/\/yoast.com\/product\/yoast-seo-premium-wordpress\/ -->\n<title>Rodrigo Caio sofre com perda de peso no Flamengo e tem dificuldade para voltar a jogar<\/title>\n<meta name=\"robots\" content=\"index, follow, max-snippet:-1, max-image-preview:large, max-video-preview:-1\" \/>\n<link rel=\"canonical\" href=\"https:\/\/www.gaveanews.com\/index.php\/2022\/04\/19\/rodrigo-caio-sofre-com-perda-de-peso-no-flamengo-e-tem-dificuldade-para-voltar-a-jogar\/\" \/>\n<meta property=\"og:locale\" content=\"pt_BR\" \/>\n<meta property=\"og:type\" content=\"article\" \/>\n<meta property=\"og:title\" content=\"Rodrigo Caio sofre com perda de peso no Flamengo e tem dificuldade para voltar a jogar\" \/>\n<meta property=\"og:description\" content=\"Uma cirurgia no joelho que desencadeou problema na recupera\u00e7\u00e3o por conta de uma infla\u00e7\u00e3o. Com isso, nenhum jogo pelo Flamengo em 2022. Essa \u00e9 a temporada de Rodrigo Caio at\u00e9 o momento. O zagueiro n\u00e3o conseguiu se recuperar de um problema que chegou a lev\u00e1-lo ao hospital para uma interna\u00e7\u00e3o no come\u00e7o do ano. Ele [&hellip;]\" \/>\n<meta property=\"og:url\" content=\"https:\/\/www.gaveanews.com\/index.php\/2022\/04\/19\/rodrigo-caio-sofre-com-perda-de-peso-no-flamengo-e-tem-dificuldade-para-voltar-a-jogar\/\" \/>\n<meta property=\"og:site_name\" content=\"G\u00e1vea News\" \/>\n<meta property=\"article:publisher\" content=\"https:\/\/facebook.com\/gaveaNews\/\" \/>\n<meta property=\"article:published_time\" content=\"2022-04-19T12:27:51+00:00\" \/>\n<meta property=\"og:image\" content=\"https:\/\/www.gaveanews.com\/wp-content\/uploads\/Rodrigo-Caio-em-acao-pelo-Flamengo-na-Libertadores-2021.webp\" \/>\n\t<meta property=\"og:image:width\" content=\"799\" \/>\n\t<meta property=\"og:image:height\" content=\"533\" \/>\n\t<meta property=\"og:image:type\" content=\"image\/jpeg\" \/>\n<meta name=\"author\" content=\"Equipe G\u00e1vea News\" \/>\n<meta name=\"twitter:card\" content=\"summary_large_image\" \/>\n<meta name=\"twitter:label1\" content=\"Escrito por\" \/>\n\t<meta name=\"twitter:data1\" content=\"Equipe G\u00e1vea News\" \/>\n\t<meta name=\"twitter:label2\" content=\"Est. tempo de leitura\" \/>\n\t<meta name=\"twitter:data2\" content=\"2 minutos\" \/>\n<script type=\"application\/ld+json\" class=\"yoast-schema-graph\">{\"@context\":\"https:\/\/schema.org\",\"@graph\":[{\"@type\":\"NewsArticle\",\"@id\":\"https:\/\/www.gaveanews.com\/index.php\/2022\/04\/19\/rodrigo-caio-sofre-com-perda-de-peso-no-flamengo-e-tem-dificuldade-para-voltar-a-jogar\/#article\",\"isPartOf\":{\"@id\":\"https:\/\/www.gaveanews.com\/index.php\/2022\/04\/19\/rodrigo-caio-sofre-com-perda-de-peso-no-flamengo-e-tem-dificuldade-para-voltar-a-jogar\/\"},\"author\":{\"name\":\"Equipe G\u00e1vea News\",\"@id\":\"https:\/\/www.gaveanews.com\/#\/schema\/person\/2ec14f73fb96be2caf28f91afb14749d\"},\"headline\":\"Rodrigo Caio sofre com perda de peso no Flamengo e tem dificuldade para voltar a jogar\",\"datePublished\":\"2022-04-19T12:27:51+00:00\",\"mainEntityOfPage\":{\"@id\":\"https:\/\/www.gaveanews.com\/index.php\/2022\/04\/19\/rodrigo-caio-sofre-com-perda-de-peso-no-flamengo-e-tem-dificuldade-para-voltar-a-jogar\/\"},\"wordCount\":370,\"commentCount\":0,\"image\":{\"@id\":\"https:\/\/www.gaveanews.com\/index.php\/2022\/04\/19\/rodrigo-caio-sofre-com-perda-de-peso-no-flamengo-e-tem-dificuldade-para-voltar-a-jogar\/#primaryimage\"},\"thumbnailUrl\":\"https:\/\/www.gaveanews.com\/wp-content\/uploads\/Rodrigo-Caio-em-acao-pelo-Flamengo-na-Libertadores-2021.webp\",\"articleSection\":[\"Flamengo\"],\"inLanguage\":\"pt-BR\",\"potentialAction\":[{\"@type\":\"CommentAction\",\"name\":\"Comment\",\"target\":[\"https:\/\/www.gaveanews.com\/index.php\/2022\/04\/19\/rodrigo-caio-sofre-com-perda-de-peso-no-flamengo-e-tem-dificuldade-para-voltar-a-jogar\/#respond\"]}],\"copyrightYear\":\"2022\",\"copyrightHolder\":{\"@id\":\"https:\/\/www.gaveanews.com\/#organization\"}},{\"@type\":\"WebPage\",\"@id\":\"https:\/\/www.gaveanews.com\/index.php\/2022\/04\/19\/rodrigo-caio-sofre-com-perda-de-peso-no-flamengo-e-tem-dificuldade-para-voltar-a-jogar\/\",\"url\":\"https:\/\/www.gaveanews.com\/index.php\/2022\/04\/19\/rodrigo-caio-sofre-com-perda-de-peso-no-flamengo-e-tem-dificuldade-para-voltar-a-jogar\/\",\"name\":\"Rodrigo Caio sofre com perda de peso no Flamengo e tem dificuldade para voltar a jogar\",\"isPartOf\":{\"@id\":\"https:\/\/www.gaveanews.com\/#website\"},\"primaryImageOfPage\":{\"@id\":\"https:\/\/www.gaveanews.com\/index.php\/2022\/04\/19\/rodrigo-caio-sofre-com-perda-de-peso-no-flamengo-e-tem-dificuldade-para-voltar-a-jogar\/#primaryimage\"},\"image\":{\"@id\":\"https:\/\/www.gaveanews.com\/index.php\/2022\/04\/19\/rodrigo-caio-sofre-com-perda-de-peso-no-flamengo-e-tem-dificuldade-para-voltar-a-jogar\/#primaryimage\"},\"thumbnailUrl\":\"https:\/\/www.gaveanews.com\/wp-content\/uploads\/Rodrigo-Caio-em-acao-pelo-Flamengo-na-Libertadores-2021.webp\",\"datePublished\":\"2022-04-19T12:27:51+00:00\",\"author\":{\"@id\":\"https:\/\/www.gaveanews.com\/#\/schema\/person\/2ec14f73fb96be2caf28f91afb14749d\"},\"breadcrumb\":{\"@id\":\"https:\/\/www.gaveanews.com\/index.php\/2022\/04\/19\/rodrigo-caio-sofre-com-perda-de-peso-no-flamengo-e-tem-dificuldade-para-voltar-a-jogar\/#breadcrumb\"},\"inLanguage\":\"pt-BR\",\"potentialAction\":[{\"@type\":\"ReadAction\",\"target\":[\"https:\/\/www.gaveanews.com\/index.php\/2022\/04\/19\/rodrigo-caio-sofre-com-perda-de-peso-no-flamengo-e-tem-dificuldade-para-voltar-a-jogar\/\"]}]},{\"@type\":\"ImageObject\",\"inLanguage\":\"pt-BR\",\"@id\":\"https:\/\/www.gaveanews.com\/index.php\/2022\/04\/19\/rodrigo-caio-sofre-com-perda-de-peso-no-flamengo-e-tem-dificuldade-para-voltar-a-jogar\/#primaryimage\",\"url\":\"https:\/\/www.gaveanews.com\/wp-content\/uploads\/Rodrigo-Caio-em-acao-pelo-Flamengo-na-Libertadores-2021.webp\",\"contentUrl\":\"https:\/\/www.gaveanews.com\/wp-content\/uploads\/Rodrigo-Caio-em-acao-pelo-Flamengo-na-Libertadores-2021.webp\",\"width\":799,\"height\":533,\"caption\":\"Rodrigo Caio em a\u00e7\u00e3o pelo Flamengo na Libertadores 2021 (Foto: Gilvan de Souza\/Flamengo)\"},{\"@type\":\"BreadcrumbList\",\"@id\":\"https:\/\/www.gaveanews.com\/index.php\/2022\/04\/19\/rodrigo-caio-sofre-com-perda-de-peso-no-flamengo-e-tem-dificuldade-para-voltar-a-jogar\/#breadcrumb\",\"itemListElement\":[{\"@type\":\"ListItem\",\"position\":1,\"name\":\"Home\",\"item\":\"https:\/\/www.gaveanews.com\/\"},{\"@type\":\"ListItem\",\"position\":2,\"name\":\"Rodrigo Caio sofre com perda de peso no Flamengo e tem dificuldade para voltar a jogar\"}]},{\"@type\":\"WebSite\",\"@id\":\"https:\/\/www.gaveanews.com\/#website\",\"url\":\"https:\/\/www.gaveanews.com\/\",\"name\":\"G\u00e1vea News\",\"description\":\"Veja todas as not\u00edcias sobre o Flamengo: Contrata\u00e7\u00f5es, categorias de base, resultados das partidas, tabela de classifica\u00e7\u00e3o, pr\u00f3ximos jogos!\",\"potentialAction\":[{\"@type\":\"SearchAction\",\"target\":{\"@type\":\"EntryPoint\",\"urlTemplate\":\"https:\/\/www.gaveanews.com\/?s={search_term_string}\"},\"query-input\":{\"@type\":\"PropertyValueSpecification\",\"valueRequired\":true,\"valueName\":\"search_term_string\"}}],\"inLanguage\":\"pt-BR\"},{\"@type\":\"Person\",\"@id\":\"https:\/\/www.gaveanews.com\/#\/schema\/person\/2ec14f73fb96be2caf28f91afb14749d\",\"name\":\"Equipe G\u00e1vea News\",\"image\":{\"@type\":\"ImageObject\",\"inLanguage\":\"pt-BR\",\"@id\":\"https:\/\/www.gaveanews.com\/#\/schema\/person\/image\/\",\"url\":\"https:\/\/secure.gravatar.com\/avatar\/1e1956f1facbffd3f8fa53a326721950116b3b9dc9bd44939c01180fd4a745a9?s=96&d=mm&r=g\",\"contentUrl\":\"https:\/\/secure.gravatar.com\/avatar\/1e1956f1facbffd3f8fa53a326721950116b3b9dc9bd44939c01180fd4a745a9?s=96&d=mm&r=g\",\"caption\":\"Equipe G\u00e1vea News\"}}]}<\/script>\n<!-- \/ Yoast SEO Premium plugin. -->","yoast_head_json":{"title":"Rodrigo Caio sofre com perda de peso no Flamengo e tem dificuldade para voltar a jogar","robots":{"index":"index","follow":"follow","max-snippet":"max-snippet:-1","max-image-preview":"max-image-preview:large","max-video-preview":"max-video-preview:-1"},"canonical":"https:\/\/www.gaveanews.com\/index.php\/2022\/04\/19\/rodrigo-caio-sofre-com-perda-de-peso-no-flamengo-e-tem-dificuldade-para-voltar-a-jogar\/","og_locale":"pt_BR","og_type":"article","og_title":"Rodrigo Caio sofre com perda de peso no Flamengo e tem dificuldade para voltar a jogar","og_description":"Uma cirurgia no joelho que desencadeou problema na recupera\u00e7\u00e3o por conta de uma infla\u00e7\u00e3o. Com isso, nenhum jogo pelo Flamengo em 2022. Essa \u00e9 a temporada de Rodrigo Caio at\u00e9 o momento. O zagueiro n\u00e3o conseguiu se recuperar de um problema que chegou a lev\u00e1-lo ao hospital para uma interna\u00e7\u00e3o no come\u00e7o do ano. Ele [&hellip;]","og_url":"https:\/\/www.gaveanews.com\/index.php\/2022\/04\/19\/rodrigo-caio-sofre-com-perda-de-peso-no-flamengo-e-tem-dificuldade-para-voltar-a-jogar\/","og_site_name":"G\u00e1vea News","article_publisher":"https:\/\/facebook.com\/gaveaNews\/","article_published_time":"2022-04-19T12:27:51+00:00","og_image":[{"width":799,"height":533,"url":"https:\/\/www.gaveanews.com\/wp-content\/uploads\/Rodrigo-Caio-em-acao-pelo-Flamengo-na-Libertadores-2021.webp","type":"image\/jpeg"}],"author":"Equipe G\u00e1vea News","twitter_card":"summary_large_image","twitter_misc":{"Escrito por":"Equipe G\u00e1vea News","Est. tempo de leitura":"2 minutos"},"schema":{"@context":"https:\/\/schema.org","@graph":[{"@type":"NewsArticle","@id":"https:\/\/www.gaveanews.com\/index.php\/2022\/04\/19\/rodrigo-caio-sofre-com-perda-de-peso-no-flamengo-e-tem-dificuldade-para-voltar-a-jogar\/#article","isPartOf":{"@id":"https:\/\/www.gaveanews.com\/index.php\/2022\/04\/19\/rodrigo-caio-sofre-com-perda-de-peso-no-flamengo-e-tem-dificuldade-para-voltar-a-jogar\/"},"author":{"name":"Equipe G\u00e1vea News","@id":"https:\/\/www.gaveanews.com\/#\/schema\/person\/2ec14f73fb96be2caf28f91afb14749d"},"headline":"Rodrigo Caio sofre com perda de peso no Flamengo e tem dificuldade para voltar a jogar","datePublished":"2022-04-19T12:27:51+00:00","mainEntityOfPage":{"@id":"https:\/\/www.gaveanews.com\/index.php\/2022\/04\/19\/rodrigo-caio-sofre-com-perda-de-peso-no-flamengo-e-tem-dificuldade-para-voltar-a-jogar\/"},"wordCount":370,"commentCount":0,"image":{"@id":"https:\/\/www.gaveanews.com\/index.php\/2022\/04\/19\/rodrigo-caio-sofre-com-perda-de-peso-no-flamengo-e-tem-dificuldade-para-voltar-a-jogar\/#primaryimage"},"thumbnailUrl":"https:\/\/www.gaveanews.com\/wp-content\/uploads\/Rodrigo-Caio-em-acao-pelo-Flamengo-na-Libertadores-2021.webp","articleSection":["Flamengo"],"inLanguage":"pt-BR","potentialAction":[{"@type":"CommentAction","name":"Comment","target":["https:\/\/www.gaveanews.com\/index.php\/2022\/04\/19\/rodrigo-caio-sofre-com-perda-de-peso-no-flamengo-e-tem-dificuldade-para-voltar-a-jogar\/#respond"]}],"copyrightYear":"2022","copyrightHolder":{"@id":"https:\/\/www.gaveanews.com\/#organization"}},{"@type":"WebPage","@id":"https:\/\/www.gaveanews.com\/index.php\/2022\/04\/19\/rodrigo-caio-sofre-com-perda-de-peso-no-flamengo-e-tem-dificuldade-para-voltar-a-jogar\/","url":"https:\/\/www.gaveanews.com\/index.php\/2022\/04\/19\/rodrigo-caio-sofre-com-perda-de-peso-no-flamengo-e-tem-dificuldade-para-voltar-a-jogar\/","name":"Rodrigo Caio sofre com perda de peso no Flamengo e tem dificuldade para voltar a jogar","isPartOf":{"@id":"https:\/\/www.gaveanews.com\/#website"},"primaryImageOfPage":{"@id":"https:\/\/www.gaveanews.com\/index.php\/2022\/04\/19\/rodrigo-caio-sofre-com-perda-de-peso-no-flamengo-e-tem-dificuldade-para-voltar-a-jogar\/#primaryimage"},"image":{"@id":"https:\/\/www.gaveanews.com\/index.php\/2022\/04\/19\/rodrigo-caio-sofre-com-perda-de-peso-no-flamengo-e-tem-dificuldade-para-voltar-a-jogar\/#primaryimage"},"thumbnailUrl":"https:\/\/www.gaveanews.com\/wp-content\/uploads\/Rodrigo-Caio-em-acao-pelo-Flamengo-na-Libertadores-2021.webp","datePublished":"2022-04-19T12:27:51+00:00","author":{"@id":"https:\/\/www.gaveanews.com\/#\/schema\/person\/2ec14f73fb96be2caf28f91afb14749d"},"breadcrumb":{"@id":"https:\/\/www.gaveanews.com\/index.php\/2022\/04\/19\/rodrigo-caio-sofre-com-perda-de-peso-no-flamengo-e-tem-dificuldade-para-voltar-a-jogar\/#breadcrumb"},"inLanguage":"pt-BR","potentialAction":[{"@type":"ReadAction","target":["https:\/\/www.gaveanews.com\/index.php\/2022\/04\/19\/rodrigo-caio-sofre-com-perda-de-peso-no-flamengo-e-tem-dificuldade-para-voltar-a-jogar\/"]}]},{"@type":"ImageObject","inLanguage":"pt-BR","@id":"https:\/\/www.gaveanews.com\/index.php\/2022\/04\/19\/rodrigo-caio-sofre-com-perda-de-peso-no-flamengo-e-tem-dificuldade-para-voltar-a-jogar\/#primaryimage","url":"https:\/\/www.gaveanews.com\/wp-content\/uploads\/Rodrigo-Caio-em-acao-pelo-Flamengo-na-Libertadores-2021.webp","contentUrl":"https:\/\/www.gaveanews.com\/wp-content\/uploads\/Rodrigo-Caio-em-acao-pelo-Flamengo-na-Libertadores-2021.webp","width":799,"height":533,"caption":"Rodrigo Caio em a\u00e7\u00e3o pelo Flamengo na Libertadores 2021 (Foto: Gilvan de Souza\/Flamengo)"},{"@type":"BreadcrumbList","@id":"https:\/\/www.gaveanews.com\/index.php\/2022\/04\/19\/rodrigo-caio-sofre-com-perda-de-peso-no-flamengo-e-tem-dificuldade-para-voltar-a-jogar\/#breadcrumb","itemListElement":[{"@type":"ListItem","position":1,"name":"Home","item":"https:\/\/www.gaveanews.com\/"},{"@type":"ListItem","position":2,"name":"Rodrigo Caio sofre com perda de peso no Flamengo e tem dificuldade para voltar a jogar"}]},{"@type":"WebSite","@id":"https:\/\/www.gaveanews.com\/#website","url":"https:\/\/www.gaveanews.com\/","name":"G\u00e1vea News","description":"Veja todas as not\u00edcias sobre o Flamengo: Contrata\u00e7\u00f5es, categorias de base, resultados das partidas, tabela de classifica\u00e7\u00e3o, pr\u00f3ximos jogos!","potentialAction":[{"@type":"SearchAction","target":{"@type":"EntryPoint","urlTemplate":"https:\/\/www.gaveanews.com\/?s={search_term_string}"},"query-input":{"@type":"PropertyValueSpecification","valueRequired":true,"valueName":"search_term_string"}}],"inLanguage":"pt-BR"},{"@type":"Person","@id":"https:\/\/www.gaveanews.com\/#\/schema\/person\/2ec14f73fb96be2caf28f91afb14749d","name":"Equipe G\u00e1vea News","image":{"@type":"ImageObject","inLanguage":"pt-BR","@id":"https:\/\/www.gaveanews.com\/#\/schema\/person\/image\/","url":"https:\/\/secure.gravatar.com\/avatar\/1e1956f1facbffd3f8fa53a326721950116b3b9dc9bd44939c01180fd4a745a9?s=96&d=mm&r=g","contentUrl":"https:\/\/secure.gravatar.com\/avatar\/1e1956f1facbffd3f8fa53a326721950116b3b9dc9bd44939c01180fd4a745a9?s=96&d=mm&r=g","caption":"Equipe G\u00e1vea News"}}]}},"_links":{"self":[{"href":"https:\/\/www.gaveanews.com\/index.php\/wp-json\/wp\/v2\/posts\/80284","targetHints":{"allow":["GET"]}}],"collection":[{"href":"https:\/\/www.gaveanews.com\/index.php\/wp-json\/wp\/v2\/posts"}],"about":[{"href":"https:\/\/www.gaveanews.com\/index.php\/wp-json\/wp\/v2\/types\/post"}],"author":[{"embeddable":true,"href":"https:\/\/www.gaveanews.com\/index.php\/wp-json\/wp\/v2\/users\/1"}],"replies":[{"embeddable":true,"href":"https:\/\/www.gaveanews.com\/index.php\/wp-json\/wp\/v2\/comments?post=80284"}],"version-history":[{"count":0,"href":"https:\/\/www.gaveanews.com\/index.php\/wp-json\/wp\/v2\/posts\/80284\/revisions"}],"wp:featuredmedia":[{"embeddable":true,"href":"https:\/\/www.gaveanews.com\/index.php\/wp-json\/wp\/v2\/media\/69039"}],"wp:attachment":[{"href":"https:\/\/www.gaveanews.com\/index.php\/wp-json\/wp\/v2\/media?parent=80284"}],"wp:term":[{"taxonomy":"category","embeddable":true,"href":"https:\/\/www.gaveanews.com\/index.php\/wp-json\/wp\/v2\/categories?post=80284"},{"taxonomy":"post_tag","embeddable":true,"href":"https:\/\/www.gaveanews.com\/index.php\/wp-json\/wp\/v2\/tags?post=80284"}],"curies":[{"name":"wp","href":"https:\/\/api.w.org\/{rel}","templated":true}]}}