{"id":80311,"date":"2022-04-19T17:26:57","date_gmt":"2022-04-19T20:26:57","guid":{"rendered":"https:\/\/www.gaveanews.com\/?p=80311"},"modified":"2022-04-19T17:26:57","modified_gmt":"2022-04-19T20:26:57","slug":"foto-do-treino-do-flamengo-vira-meme-e-viraliza-nas-redes-sociais","status":"publish","type":"post","link":"https:\/\/www.gaveanews.com\/index.php\/2022\/04\/19\/foto-do-treino-do-flamengo-vira-meme-e-viraliza-nas-redes-sociais\/","title":{"rendered":"Foto do treino do Flamengo vira meme e viraliza nas redes sociais"},"content":{"rendered":"<p>O desempenho do Flamengo em seus \u00faltimos compromissos fez com que o dia a dia no Ninho do Urubu se tornasse mais leve. Ap\u00f3s vencer o S\u00e3o Paulo praticamente sem ser amea\u00e7ado, o elenco se prepara para enfrentar o Palmeiras pelo Brasileir\u00e3o.<\/p>\n<p>O \u00faltimo treino para o confronto aconteceu na manh\u00e3 desta ter\u00e7a-feira (19), quando a equipe tamb\u00e9m celebrou uma data comemorativa. No anivers\u00e1rio de Coismo Cappagli, analista da comiss\u00e3o t\u00e9cnica de Paulo Sousa, o elenco fez o tradicional &#8220;corredor polon\u00eas&#8221; antes do treino.<\/p>\n<p>O profissional foi preparado e colocou um capacete para proteger a cabe\u00e7a dos tapas que levou. Uma das fotos publicadas pelo clube mostrou o momento em que a equipe esperava a passagem de Coismo. A imagem virou meme e viralizou nas redes sociais.<\/p>\n<h2>Confira as rea\u00e7\u00f5es:<\/h2>\n<blockquote class=\"twitter-tweet\" data-width=\"550\" data-dnt=\"true\">\n<p lang=\"zxx\" dir=\"ltr\"><a href=\"https:\/\/t.co\/f7PLcYtEFw\">pic.twitter.com\/f7PLcYtEFw<\/a><\/p>\n<p>&mdash; out of context Flamengo (@outofcontextCRF) <a href=\"https:\/\/twitter.com\/outofcontextCRF\/status\/1516465863586721795?ref_src=twsrc%5Etfw\">April 19, 2022<\/a><\/p><\/blockquote>\n<p><script async src=\"https:\/\/platform.twitter.com\/widgets.js\" charset=\"utf-8\"><\/script><\/p>\n<blockquote class=\"twitter-tweet\" data-conversation=\"none\">\n<p dir=\"ltr\" lang=\"pt\">Camisa do Flamengo e capacete, o cr meteu o look carioca preferido dos PM KAKAKSKDKDKKKKK<\/p>\n<p>\u2014 Fuleco M1LGR4U de (\ud83c\udfe0) (@Fulecodecepado) <a href=\"https:\/\/twitter.com\/Fulecodecepado\/status\/1516474445124276230?ref_src=twsrc%5Etfw\">April 19, 2022<\/a><\/p><\/blockquote>\n<blockquote class=\"twitter-tweet\" data-conversation=\"none\">\n<p dir=\"ltr\" lang=\"pt\">Gabigol bateu no mascote, n\u00e3o vai bater nesse astronauta KKKKKKKKKKKKKKKKKKKKKKKKK<\/p>\n<p>\u2014 \ud835\udd3e\ud835\udd38\ud835\udd39\ud835\udd40\u1d9c\u0332\u0305\u02b3\u0332\u0305\u1da0\u0332\u0305 (@1985gbr_crf) <a href=\"https:\/\/twitter.com\/1985gbr_crf\/status\/1516466245410906133?ref_src=twsrc%5Etfw\">April 19, 2022<\/a><\/p><\/blockquote>\n<blockquote class=\"twitter-tweet\" data-conversation=\"none\">\n<p dir=\"ltr\" lang=\"pt\">&#8220;se tu n\u00e3o tirar o capacete, vou catucar teus olhos seu safado&#8221; <a href=\"https:\/\/t.co\/txFXgd7fBq\">pic.twitter.com\/txFXgd7fBq<\/a><\/p>\n<p>\u2014 Fabiano_Braga\u00b9\u2079\u2078\u00b9 (@FabianoBraga81) <a href=\"https:\/\/twitter.com\/FabianoBraga81\/status\/1516479923866808323?ref_src=twsrc%5Etfw\">April 19, 2022<\/a><\/p><\/blockquote>\n<blockquote class=\"twitter-tweet\" data-conversation=\"none\">\n<p dir=\"ltr\" lang=\"pt\">Gabigol: irm\u00e3o, com o capacete tem q passar 5x.<br \/>\nQual vai ser?\ud83e\udd28<\/p>\n<p>\u2014 Alfredo Jr. (@jralfredo72) <a href=\"https:\/\/twitter.com\/jralfredo72\/status\/1516483619170177025?ref_src=twsrc%5Etfw\">April 19, 2022<\/a><\/p><\/blockquote>\n<blockquote class=\"twitter-tweet\" data-conversation=\"none\">\n<p dir=\"ltr\" lang=\"pt\">A cara do <a href=\"https:\/\/twitter.com\/gabigol?ref_src=twsrc%5Etfw\">@gabigol<\/a> de: \u201cMeteu essa?\u201d \ud83e\udd23\ud83e\udd23\ud83e\udd23<\/p>\n<p>\u2014 Vinicius \u1d9c\u02b3\u1da0 (@vinnylopes01) <a href=\"https:\/\/twitter.com\/vinnylopes01\/status\/1516471849450094596?ref_src=twsrc%5Etfw\">April 19, 2022<\/a><\/p><\/blockquote>\n<blockquote class=\"twitter-tweet\" data-conversation=\"none\">\n<p dir=\"ltr\" lang=\"pt\">esquentando a m\u00e3ozinha pra desce-lhe o tapa <a href=\"https:\/\/t.co\/gVJO2AfraC\">pic.twitter.com\/gVJO2AfraC<\/a><\/p>\n<p>\u2014 Jhuly | \ud83c\udfae: AC: Valhalla (@skywalkerlxs) <a href=\"https:\/\/twitter.com\/skywalkerlxs\/status\/1516475075167412224?ref_src=twsrc%5Etfw\">April 19, 2022<\/a><\/p><\/blockquote>\n<blockquote class=\"twitter-tweet\" data-conversation=\"none\">\n<p dir=\"ltr\" lang=\"pt\">esse time inteiro t\u00e1 ficando maluco das ideias<\/p>\n<p>\u2014 Dinho, o comentarista (@coeDinho_) <a href=\"https:\/\/twitter.com\/coeDinho_\/status\/1516467405769539584?ref_src=twsrc%5Etfw\">April 19, 2022<\/a><\/p><\/blockquote>\n<blockquote class=\"twitter-tweet\" data-conversation=\"none\">\n<p dir=\"ltr\" lang=\"pt\">Gabigol esperando o momento certo pra descer o tapa nesse capacete<\/p>\n<p>\u2014 NASCIMENTO (@pdrnasc) <a href=\"https:\/\/twitter.com\/pdrnasc\/status\/1516466113785303042?ref_src=twsrc%5Etfw\">April 19, 2022<\/a><\/p><\/blockquote>\n<p>Ap\u00f3s finalizar as prepara\u00e7\u00f5es, o elenco da G\u00e1vea se encontra novamente amanh\u00e3 (20), quando receber\u00e1 o Palmeiras em duelo adiantado pela 4\u00aa rodada do Campeonato Brasileiro. A partida ocorrer\u00e1 \u00e0s 19h30 (hor\u00e1rio de Bras\u00edlia), no Maracan\u00e3.<\/p>\n","protected":false},"excerpt":{"rendered":"<p>O desempenho do Flamengo em seus \u00faltimos compromissos fez com que o dia a dia no Ninho do Urubu se tornasse mais leve. Ap\u00f3s vencer o S\u00e3o Paulo praticamente sem ser amea\u00e7ado, o elenco se prepara para enfrentar o Palmeiras pelo Brasileir\u00e3o. O \u00faltimo treino para o confronto aconteceu na manh\u00e3 desta ter\u00e7a-feira (19), quando [&hellip;]<\/p>\n","protected":false},"author":4,"featured_media":80312,"comment_status":"open","ping_status":"closed","sticky":false,"template":"","format":"standard","meta":{"footnotes":""},"categories":[1],"tags":[],"class_list":["post-80311","post","type-post","status-publish","format-standard","has-post-thumbnail","hentry","category-flamengo"],"yoast_head":"<!-- This site is optimized with the Yoast SEO Premium plugin v24.2 (Yoast SEO v26.9) - https:\/\/yoast.com\/product\/yoast-seo-premium-wordpress\/ -->\n<title>Foto do treino do Flamengo vira meme e viraliza nas redes sociais<\/title>\n<meta name=\"robots\" content=\"index, follow, max-snippet:-1, max-image-preview:large, max-video-preview:-1\" \/>\n<link rel=\"canonical\" href=\"https:\/\/www.gaveanews.com\/index.php\/2022\/04\/19\/foto-do-treino-do-flamengo-vira-meme-e-viraliza-nas-redes-sociais\/\" \/>\n<meta property=\"og:locale\" content=\"pt_BR\" \/>\n<meta property=\"og:type\" content=\"article\" \/>\n<meta property=\"og:title\" content=\"Foto do treino do Flamengo vira meme e viraliza nas redes sociais\" \/>\n<meta property=\"og:description\" content=\"O desempenho do Flamengo em seus \u00faltimos compromissos fez com que o dia a dia no Ninho do Urubu se tornasse mais leve. Ap\u00f3s vencer o S\u00e3o Paulo praticamente sem ser amea\u00e7ado, o elenco se prepara para enfrentar o Palmeiras pelo Brasileir\u00e3o. O \u00faltimo treino para o confronto aconteceu na manh\u00e3 desta ter\u00e7a-feira (19), quando [&hellip;]\" \/>\n<meta property=\"og:url\" content=\"https:\/\/www.gaveanews.com\/index.php\/2022\/04\/19\/foto-do-treino-do-flamengo-vira-meme-e-viraliza-nas-redes-sociais\/\" \/>\n<meta property=\"og:site_name\" content=\"G\u00e1vea News\" \/>\n<meta property=\"article:publisher\" content=\"https:\/\/facebook.com\/gaveaNews\/\" \/>\n<meta property=\"article:published_time\" content=\"2022-04-19T20:26:57+00:00\" \/>\n<meta property=\"og:image\" content=\"https:\/\/www.gaveanews.com\/wp-content\/uploads\/Equipe-do-Flamengo-comemora-aniverario-de-membro-da-comissao-tecnica-de-Paulo-Sousa.webp\" \/>\n\t<meta property=\"og:image:width\" content=\"799\" \/>\n\t<meta property=\"og:image:height\" content=\"533\" \/>\n\t<meta property=\"og:image:type\" content=\"image\/jpeg\" \/>\n<meta name=\"author\" content=\"Let\u00edcia Gerheim\" \/>\n<meta name=\"twitter:card\" content=\"summary_large_image\" \/>\n<meta name=\"twitter:label1\" content=\"Escrito por\" \/>\n\t<meta name=\"twitter:data1\" content=\"Let\u00edcia Gerheim\" \/>\n\t<meta name=\"twitter:label2\" content=\"Est. tempo de leitura\" \/>\n\t<meta name=\"twitter:data2\" content=\"2 minutos\" \/>\n<script type=\"application\/ld+json\" class=\"yoast-schema-graph\">{\"@context\":\"https:\/\/schema.org\",\"@graph\":[{\"@type\":\"NewsArticle\",\"@id\":\"https:\/\/www.gaveanews.com\/index.php\/2022\/04\/19\/foto-do-treino-do-flamengo-vira-meme-e-viraliza-nas-redes-sociais\/#article\",\"isPartOf\":{\"@id\":\"https:\/\/www.gaveanews.com\/index.php\/2022\/04\/19\/foto-do-treino-do-flamengo-vira-meme-e-viraliza-nas-redes-sociais\/\"},\"author\":{\"name\":\"Let\u00edcia Gerheim\",\"@id\":\"https:\/\/www.gaveanews.com\/#\/schema\/person\/714c67050b836198af2450ba1c142a67\"},\"headline\":\"Foto do treino do Flamengo vira meme e viraliza nas redes sociais\",\"datePublished\":\"2022-04-19T20:26:57+00:00\",\"mainEntityOfPage\":{\"@id\":\"https:\/\/www.gaveanews.com\/index.php\/2022\/04\/19\/foto-do-treino-do-flamengo-vira-meme-e-viraliza-nas-redes-sociais\/\"},\"wordCount\":332,\"commentCount\":0,\"image\":{\"@id\":\"https:\/\/www.gaveanews.com\/index.php\/2022\/04\/19\/foto-do-treino-do-flamengo-vira-meme-e-viraliza-nas-redes-sociais\/#primaryimage\"},\"thumbnailUrl\":\"https:\/\/www.gaveanews.com\/wp-content\/uploads\/Equipe-do-Flamengo-comemora-aniverario-de-membro-da-comissao-tecnica-de-Paulo-Sousa.webp\",\"articleSection\":[\"Flamengo\"],\"inLanguage\":\"pt-BR\",\"potentialAction\":[{\"@type\":\"CommentAction\",\"name\":\"Comment\",\"target\":[\"https:\/\/www.gaveanews.com\/index.php\/2022\/04\/19\/foto-do-treino-do-flamengo-vira-meme-e-viraliza-nas-redes-sociais\/#respond\"]}],\"copyrightYear\":\"2022\",\"copyrightHolder\":{\"@id\":\"https:\/\/www.gaveanews.com\/#organization\"}},{\"@type\":\"WebPage\",\"@id\":\"https:\/\/www.gaveanews.com\/index.php\/2022\/04\/19\/foto-do-treino-do-flamengo-vira-meme-e-viraliza-nas-redes-sociais\/\",\"url\":\"https:\/\/www.gaveanews.com\/index.php\/2022\/04\/19\/foto-do-treino-do-flamengo-vira-meme-e-viraliza-nas-redes-sociais\/\",\"name\":\"Foto do treino do Flamengo vira meme e viraliza nas redes sociais\",\"isPartOf\":{\"@id\":\"https:\/\/www.gaveanews.com\/#website\"},\"primaryImageOfPage\":{\"@id\":\"https:\/\/www.gaveanews.com\/index.php\/2022\/04\/19\/foto-do-treino-do-flamengo-vira-meme-e-viraliza-nas-redes-sociais\/#primaryimage\"},\"image\":{\"@id\":\"https:\/\/www.gaveanews.com\/index.php\/2022\/04\/19\/foto-do-treino-do-flamengo-vira-meme-e-viraliza-nas-redes-sociais\/#primaryimage\"},\"thumbnailUrl\":\"https:\/\/www.gaveanews.com\/wp-content\/uploads\/Equipe-do-Flamengo-comemora-aniverario-de-membro-da-comissao-tecnica-de-Paulo-Sousa.webp\",\"datePublished\":\"2022-04-19T20:26:57+00:00\",\"author\":{\"@id\":\"https:\/\/www.gaveanews.com\/#\/schema\/person\/714c67050b836198af2450ba1c142a67\"},\"breadcrumb\":{\"@id\":\"https:\/\/www.gaveanews.com\/index.php\/2022\/04\/19\/foto-do-treino-do-flamengo-vira-meme-e-viraliza-nas-redes-sociais\/#breadcrumb\"},\"inLanguage\":\"pt-BR\",\"potentialAction\":[{\"@type\":\"ReadAction\",\"target\":[\"https:\/\/www.gaveanews.com\/index.php\/2022\/04\/19\/foto-do-treino-do-flamengo-vira-meme-e-viraliza-nas-redes-sociais\/\"]}]},{\"@type\":\"ImageObject\",\"inLanguage\":\"pt-BR\",\"@id\":\"https:\/\/www.gaveanews.com\/index.php\/2022\/04\/19\/foto-do-treino-do-flamengo-vira-meme-e-viraliza-nas-redes-sociais\/#primaryimage\",\"url\":\"https:\/\/www.gaveanews.com\/wp-content\/uploads\/Equipe-do-Flamengo-comemora-aniverario-de-membro-da-comissao-tecnica-de-Paulo-Sousa.webp\",\"contentUrl\":\"https:\/\/www.gaveanews.com\/wp-content\/uploads\/Equipe-do-Flamengo-comemora-aniverario-de-membro-da-comissao-tecnica-de-Paulo-Sousa.webp\",\"width\":799,\"height\":533,\"caption\":\"Equipe do Flamengo comemora anivers\u00e1rio de membro da comiss\u00e3o t\u00e9cnica de Paulo Sousa (Foto: Gilvan de Souza\/Flamengo)\"},{\"@type\":\"BreadcrumbList\",\"@id\":\"https:\/\/www.gaveanews.com\/index.php\/2022\/04\/19\/foto-do-treino-do-flamengo-vira-meme-e-viraliza-nas-redes-sociais\/#breadcrumb\",\"itemListElement\":[{\"@type\":\"ListItem\",\"position\":1,\"name\":\"Home\",\"item\":\"https:\/\/www.gaveanews.com\/\"},{\"@type\":\"ListItem\",\"position\":2,\"name\":\"Foto do treino do Flamengo vira meme e viraliza nas redes sociais\"}]},{\"@type\":\"WebSite\",\"@id\":\"https:\/\/www.gaveanews.com\/#website\",\"url\":\"https:\/\/www.gaveanews.com\/\",\"name\":\"G\u00e1vea News\",\"description\":\"Veja todas as not\u00edcias sobre o Flamengo: Contrata\u00e7\u00f5es, categorias de base, resultados das partidas, tabela de classifica\u00e7\u00e3o, pr\u00f3ximos jogos!\",\"potentialAction\":[{\"@type\":\"SearchAction\",\"target\":{\"@type\":\"EntryPoint\",\"urlTemplate\":\"https:\/\/www.gaveanews.com\/?s={search_term_string}\"},\"query-input\":{\"@type\":\"PropertyValueSpecification\",\"valueRequired\":true,\"valueName\":\"search_term_string\"}}],\"inLanguage\":\"pt-BR\"},{\"@type\":\"Person\",\"@id\":\"https:\/\/www.gaveanews.com\/#\/schema\/person\/714c67050b836198af2450ba1c142a67\",\"name\":\"Let\u00edcia Gerheim\",\"image\":{\"@type\":\"ImageObject\",\"inLanguage\":\"pt-BR\",\"@id\":\"https:\/\/www.gaveanews.com\/#\/schema\/person\/image\/\",\"url\":\"https:\/\/secure.gravatar.com\/avatar\/60734739c50fcebfbac509e2a826ccd0ff405c019bc73aab9354f19ecad1dcb4?s=96&d=mm&r=g\",\"contentUrl\":\"https:\/\/secure.gravatar.com\/avatar\/60734739c50fcebfbac509e2a826ccd0ff405c019bc73aab9354f19ecad1dcb4?s=96&d=mm&r=g\",\"caption\":\"Let\u00edcia Gerheim\"}}]}<\/script>\n<!-- \/ Yoast SEO Premium plugin. -->","yoast_head_json":{"title":"Foto do treino do Flamengo vira meme e viraliza nas redes sociais","robots":{"index":"index","follow":"follow","max-snippet":"max-snippet:-1","max-image-preview":"max-image-preview:large","max-video-preview":"max-video-preview:-1"},"canonical":"https:\/\/www.gaveanews.com\/index.php\/2022\/04\/19\/foto-do-treino-do-flamengo-vira-meme-e-viraliza-nas-redes-sociais\/","og_locale":"pt_BR","og_type":"article","og_title":"Foto do treino do Flamengo vira meme e viraliza nas redes sociais","og_description":"O desempenho do Flamengo em seus \u00faltimos compromissos fez com que o dia a dia no Ninho do Urubu se tornasse mais leve. Ap\u00f3s vencer o S\u00e3o Paulo praticamente sem ser amea\u00e7ado, o elenco se prepara para enfrentar o Palmeiras pelo Brasileir\u00e3o. O \u00faltimo treino para o confronto aconteceu na manh\u00e3 desta ter\u00e7a-feira (19), quando [&hellip;]","og_url":"https:\/\/www.gaveanews.com\/index.php\/2022\/04\/19\/foto-do-treino-do-flamengo-vira-meme-e-viraliza-nas-redes-sociais\/","og_site_name":"G\u00e1vea News","article_publisher":"https:\/\/facebook.com\/gaveaNews\/","article_published_time":"2022-04-19T20:26:57+00:00","og_image":[{"width":799,"height":533,"url":"https:\/\/www.gaveanews.com\/wp-content\/uploads\/Equipe-do-Flamengo-comemora-aniverario-de-membro-da-comissao-tecnica-de-Paulo-Sousa.webp","type":"image\/jpeg"}],"author":"Let\u00edcia Gerheim","twitter_card":"summary_large_image","twitter_misc":{"Escrito por":"Let\u00edcia Gerheim","Est. tempo de leitura":"2 minutos"},"schema":{"@context":"https:\/\/schema.org","@graph":[{"@type":"NewsArticle","@id":"https:\/\/www.gaveanews.com\/index.php\/2022\/04\/19\/foto-do-treino-do-flamengo-vira-meme-e-viraliza-nas-redes-sociais\/#article","isPartOf":{"@id":"https:\/\/www.gaveanews.com\/index.php\/2022\/04\/19\/foto-do-treino-do-flamengo-vira-meme-e-viraliza-nas-redes-sociais\/"},"author":{"name":"Let\u00edcia Gerheim","@id":"https:\/\/www.gaveanews.com\/#\/schema\/person\/714c67050b836198af2450ba1c142a67"},"headline":"Foto do treino do Flamengo vira meme e viraliza nas redes sociais","datePublished":"2022-04-19T20:26:57+00:00","mainEntityOfPage":{"@id":"https:\/\/www.gaveanews.com\/index.php\/2022\/04\/19\/foto-do-treino-do-flamengo-vira-meme-e-viraliza-nas-redes-sociais\/"},"wordCount":332,"commentCount":0,"image":{"@id":"https:\/\/www.gaveanews.com\/index.php\/2022\/04\/19\/foto-do-treino-do-flamengo-vira-meme-e-viraliza-nas-redes-sociais\/#primaryimage"},"thumbnailUrl":"https:\/\/www.gaveanews.com\/wp-content\/uploads\/Equipe-do-Flamengo-comemora-aniverario-de-membro-da-comissao-tecnica-de-Paulo-Sousa.webp","articleSection":["Flamengo"],"inLanguage":"pt-BR","potentialAction":[{"@type":"CommentAction","name":"Comment","target":["https:\/\/www.gaveanews.com\/index.php\/2022\/04\/19\/foto-do-treino-do-flamengo-vira-meme-e-viraliza-nas-redes-sociais\/#respond"]}],"copyrightYear":"2022","copyrightHolder":{"@id":"https:\/\/www.gaveanews.com\/#organization"}},{"@type":"WebPage","@id":"https:\/\/www.gaveanews.com\/index.php\/2022\/04\/19\/foto-do-treino-do-flamengo-vira-meme-e-viraliza-nas-redes-sociais\/","url":"https:\/\/www.gaveanews.com\/index.php\/2022\/04\/19\/foto-do-treino-do-flamengo-vira-meme-e-viraliza-nas-redes-sociais\/","name":"Foto do treino do Flamengo vira meme e viraliza nas redes sociais","isPartOf":{"@id":"https:\/\/www.gaveanews.com\/#website"},"primaryImageOfPage":{"@id":"https:\/\/www.gaveanews.com\/index.php\/2022\/04\/19\/foto-do-treino-do-flamengo-vira-meme-e-viraliza-nas-redes-sociais\/#primaryimage"},"image":{"@id":"https:\/\/www.gaveanews.com\/index.php\/2022\/04\/19\/foto-do-treino-do-flamengo-vira-meme-e-viraliza-nas-redes-sociais\/#primaryimage"},"thumbnailUrl":"https:\/\/www.gaveanews.com\/wp-content\/uploads\/Equipe-do-Flamengo-comemora-aniverario-de-membro-da-comissao-tecnica-de-Paulo-Sousa.webp","datePublished":"2022-04-19T20:26:57+00:00","author":{"@id":"https:\/\/www.gaveanews.com\/#\/schema\/person\/714c67050b836198af2450ba1c142a67"},"breadcrumb":{"@id":"https:\/\/www.gaveanews.com\/index.php\/2022\/04\/19\/foto-do-treino-do-flamengo-vira-meme-e-viraliza-nas-redes-sociais\/#breadcrumb"},"inLanguage":"pt-BR","potentialAction":[{"@type":"ReadAction","target":["https:\/\/www.gaveanews.com\/index.php\/2022\/04\/19\/foto-do-treino-do-flamengo-vira-meme-e-viraliza-nas-redes-sociais\/"]}]},{"@type":"ImageObject","inLanguage":"pt-BR","@id":"https:\/\/www.gaveanews.com\/index.php\/2022\/04\/19\/foto-do-treino-do-flamengo-vira-meme-e-viraliza-nas-redes-sociais\/#primaryimage","url":"https:\/\/www.gaveanews.com\/wp-content\/uploads\/Equipe-do-Flamengo-comemora-aniverario-de-membro-da-comissao-tecnica-de-Paulo-Sousa.webp","contentUrl":"https:\/\/www.gaveanews.com\/wp-content\/uploads\/Equipe-do-Flamengo-comemora-aniverario-de-membro-da-comissao-tecnica-de-Paulo-Sousa.webp","width":799,"height":533,"caption":"Equipe do Flamengo comemora anivers\u00e1rio de membro da comiss\u00e3o t\u00e9cnica de Paulo Sousa (Foto: Gilvan de Souza\/Flamengo)"},{"@type":"BreadcrumbList","@id":"https:\/\/www.gaveanews.com\/index.php\/2022\/04\/19\/foto-do-treino-do-flamengo-vira-meme-e-viraliza-nas-redes-sociais\/#breadcrumb","itemListElement":[{"@type":"ListItem","position":1,"name":"Home","item":"https:\/\/www.gaveanews.com\/"},{"@type":"ListItem","position":2,"name":"Foto do treino do Flamengo vira meme e viraliza nas redes sociais"}]},{"@type":"WebSite","@id":"https:\/\/www.gaveanews.com\/#website","url":"https:\/\/www.gaveanews.com\/","name":"G\u00e1vea News","description":"Veja todas as not\u00edcias sobre o Flamengo: Contrata\u00e7\u00f5es, categorias de base, resultados das partidas, tabela de classifica\u00e7\u00e3o, pr\u00f3ximos jogos!","potentialAction":[{"@type":"SearchAction","target":{"@type":"EntryPoint","urlTemplate":"https:\/\/www.gaveanews.com\/?s={search_term_string}"},"query-input":{"@type":"PropertyValueSpecification","valueRequired":true,"valueName":"search_term_string"}}],"inLanguage":"pt-BR"},{"@type":"Person","@id":"https:\/\/www.gaveanews.com\/#\/schema\/person\/714c67050b836198af2450ba1c142a67","name":"Let\u00edcia Gerheim","image":{"@type":"ImageObject","inLanguage":"pt-BR","@id":"https:\/\/www.gaveanews.com\/#\/schema\/person\/image\/","url":"https:\/\/secure.gravatar.com\/avatar\/60734739c50fcebfbac509e2a826ccd0ff405c019bc73aab9354f19ecad1dcb4?s=96&d=mm&r=g","contentUrl":"https:\/\/secure.gravatar.com\/avatar\/60734739c50fcebfbac509e2a826ccd0ff405c019bc73aab9354f19ecad1dcb4?s=96&d=mm&r=g","caption":"Let\u00edcia Gerheim"}}]}},"_links":{"self":[{"href":"https:\/\/www.gaveanews.com\/index.php\/wp-json\/wp\/v2\/posts\/80311","targetHints":{"allow":["GET"]}}],"collection":[{"href":"https:\/\/www.gaveanews.com\/index.php\/wp-json\/wp\/v2\/posts"}],"about":[{"href":"https:\/\/www.gaveanews.com\/index.php\/wp-json\/wp\/v2\/types\/post"}],"author":[{"embeddable":true,"href":"https:\/\/www.gaveanews.com\/index.php\/wp-json\/wp\/v2\/users\/4"}],"replies":[{"embeddable":true,"href":"https:\/\/www.gaveanews.com\/index.php\/wp-json\/wp\/v2\/comments?post=80311"}],"version-history":[{"count":0,"href":"https:\/\/www.gaveanews.com\/index.php\/wp-json\/wp\/v2\/posts\/80311\/revisions"}],"wp:featuredmedia":[{"embeddable":true,"href":"https:\/\/www.gaveanews.com\/index.php\/wp-json\/wp\/v2\/media\/80312"}],"wp:attachment":[{"href":"https:\/\/www.gaveanews.com\/index.php\/wp-json\/wp\/v2\/media?parent=80311"}],"wp:term":[{"taxonomy":"category","embeddable":true,"href":"https:\/\/www.gaveanews.com\/index.php\/wp-json\/wp\/v2\/categories?post=80311"},{"taxonomy":"post_tag","embeddable":true,"href":"https:\/\/www.gaveanews.com\/index.php\/wp-json\/wp\/v2\/tags?post=80311"}],"curies":[{"name":"wp","href":"https:\/\/api.w.org\/{rel}","templated":true}]}}