{"id":80322,"date":"2022-04-19T21:32:34","date_gmt":"2022-04-20T00:32:34","guid":{"rendered":"https:\/\/www.gaveanews.com\/?p=80322"},"modified":"2022-04-19T21:32:34","modified_gmt":"2022-04-20T00:32:34","slug":"video-emissora-e-jornalista-sao-condenados-a-pagar-indenizacao-ao-flamengo","status":"publish","type":"post","link":"https:\/\/www.gaveanews.com\/index.php\/2022\/04\/19\/video-emissora-e-jornalista-sao-condenados-a-pagar-indenizacao-ao-flamengo\/","title":{"rendered":"V\u00eddeo: Emissora e jornalista s\u00e3o condenados a pagar indeniza\u00e7\u00e3o ao Flamengo"},"content":{"rendered":"<p>Nesta ter\u00e7a-feira, em decis\u00e3o da ju\u00edza Fl\u00e1via Gon\u00e7alves Moraes Bruno, da 14\u00aa Vara C\u00edvel do Rio de Janeiro do Tribunal de Justi\u00e7a do Estado do Rio de Janeiro (TJRJ), o jornalista Gian Oddi e a ESPN, emissora do Grupo Disney, foram condenados em processo promovido pelo Flamengo desde 2020, e ter\u00e3o que transmitir um direito de resposta e pagar indeniza\u00e7\u00e3o ao clube e dirigentes. O Esporte News Mundo teve acesso a detalhes do caso, que cabe recurso.<\/p>\n<p>Al\u00e9m do Flamengo, o presidente Rodolfo Landim e o vice-presidente Rodrigo Dunshee tamb\u00e9m figuraram como autores da a\u00e7\u00e3o, ganhando direito \u00e0 indeniza\u00e7\u00e3o. A a\u00e7\u00e3o judicial do Rubro-Negro aconteceu devido a declara\u00e7\u00e3o vinculada no programa Linha de Passe, do canal do Brasil, do dia 16 de mar\u00e7o de 2020 sobre a vota\u00e7\u00e3o para a paralisa\u00e7\u00e3o do Campeonato Carioca daquele ano devido \u00e0 pandemia da Covid-19, mais conhecida como coronav\u00edrus.<\/p>\n<p>Na edi\u00e7\u00e3o do programa \u2018Linha de Passe\u2019 (v\u00eddeo abaixo), o jornalista Gian Oddi comentou sobre o poss\u00edvel interesse da diretoria do Flamengo em dar prosseguimento ao Campeonato Estadual em meio \u00e0 crise do Coronav\u00edrus, e classificou a atitude como \u2018desumana\u2019.<\/p>\n<div style=\"width: 640px;\" class=\"wp-video\"><video class=\"wp-video-shortcode\" id=\"video-80322-1\" width=\"640\" height=\"360\" preload=\"metadata\" controls=\"controls\"><source type=\"video\/mp4\" src=\"https:\/\/www.flaresenha.com\/wp-content\/uploads\/videos\/329d2560b09892ae.mp4?_=1\" \/><a href=\"https:\/\/www.flaresenha.com\/wp-content\/uploads\/videos\/329d2560b09892ae.mp4\">https:\/\/www.flaresenha.com\/wp-content\/uploads\/videos\/329d2560b09892ae.mp4<\/a><\/video><\/div>\n<p>\u201cPara mim, o mais estarrecedor de tudo \u00e9 a postura do Flamengo na reuni\u00e3o, tentar continuar o campeonato. E eu acho inacredit\u00e1vel por como s\u00e3o os dirigentes do Flamengo. Porque, ao contr\u00e1rio do presidente da Rep\u00fablica, que \u00e9 um irrespons\u00e1vel, mas \u00e9 um irrespons\u00e1vel ignorante, quase uma lim\u00edtrofe, os dirigentes do Flamengo t\u00eam conhecimento, cultura e intelig\u00eancia, ent\u00e3o nada justifica a postura desses dirigentes de tentarem manter o campeonato porque eles sabem muito bem quais s\u00e3o as poss\u00edveis consequ\u00eancias. \u00c9 uma diretoria desumana\u201d, disparou.<\/p>\n<p>Na sequ\u00eancia, Oddi lembrou do imbr\u00f3glio envolvendo os garotos mortos no inc\u00eandio do Ninho do Urubu e classificou a situa\u00e7\u00e3o como \u201cmau-caratismo\u201d.<\/p>\n<p>\u201cJ\u00e1 se mostrou e tem se mostrado uma diretoria desumana no caso dos Garotos do Ninho e volta a se mostrar uma diretoria desumana e que pensa em dinheiro e planilha do Excel. Pensam em t\u00edtulos e s\u00e3o competentes nisso, s\u00e3o competentes em ganhar dinheiro, mas na hora que voc\u00ea t\u00e1 falando de gente, os caras s\u00e3o terr\u00edveis. Para mim, beira o mau-caratismo isso, n\u00e3o \u00e9 poss\u00edvel\u201d, desabafou o jornalista.<\/p>\n<p>Com isto, o jornalista ter\u00e1 que ler o direito de resposta (leia na imagem a seguir a \u00edntegra) na emissora em at\u00e9 cinco dias, sob pena de multa di\u00e1ria de R$ 100, com limite de R$ 50 mil. J\u00e1 a ESPN ter\u00e1 que pagar a indeniza\u00e7\u00e3o de R$ 45 mil, sendo R$ 15 mil para o clube e R$ 15 mil para cada dirigente que tamb\u00e9m foi autor da a\u00e7\u00e3o.<\/p>\n<p><img decoding=\"async\" src=\"https:\/\/www.flaresenha.com\/wp-content\/uploads\/2022\/04\/20220419133136-cats.webp\" \/><\/p>\n<p>Na decis\u00e3o, a magistrada chegou \u00e0 conclus\u00e3o que Oddi, \u201cao noticiar uma informa\u00e7\u00e3o amplamente veiculada, \u00e0 \u00e9poca, em diversos meios de comunica\u00e7\u00e3o (qual seja, a alegada retomada das atividades pela parte autora e o voto contr\u00e1rio \u00e0 suspens\u00e3o do Campeonato Carioca\/2020), emitiu um ju\u00edzo de valor, dando opini\u00e3o pessoal acerca da situa\u00e7\u00e3o em tela\u201d.<\/p>\n<p>\u201cNote-se: n\u00e3o se est\u00e1, aqui, discutindo a veracidade ou n\u00e3o da informa\u00e7\u00e3o acima destacada. Apenas o que se observou foi que o primeiro r\u00e9u, ao relat\u00e1-la em um programa televisivo de grande audi\u00eancia, n\u00e3o se limitou ao seu direito de informar, eis que, repita-se, valeu-se de um ju\u00edzo de valor atingindo n\u00e3o apenas o primeiro autor, mas tamb\u00e9m a sua diretoria (que, na ocasi\u00e3o, era composta pelos segundo e terceiro autores)\u201d, seguiu a ju\u00edza em sua senten\u00e7a.<\/p>\n<p>Concluiu a magistrada na argumenta\u00e7\u00e3o: \u201cNo caso em quest\u00e3o, veicular, em programa de grande audi\u00eancia, express\u00f5es t\u00e3o baixas e pejorativas envolvendo a parte autora causa, sem sombra de d\u00favida, ofensa \u00e0 sua honra e ao bom nome que aquela goza perante a sociedade. Frise-se que, diante dos fatos narrados e cabalmente comprovados, presume-se a negativa repercuss\u00e3o que tais declara\u00e7\u00f5es tiveram na sociedade. Assim, n\u00e3o h\u00e1 como deixar de reconhecer o abalo de ordem moral experimentado pela parte autora\u201d.<\/p>\n<p>Retirado de: UOL<\/p>\n","protected":false},"excerpt":{"rendered":"<p>Nesta ter\u00e7a-feira, em decis\u00e3o da ju\u00edza Fl\u00e1via Gon\u00e7alves Moraes Bruno, da 14\u00aa Vara C\u00edvel do Rio de Janeiro do Tribunal de Justi\u00e7a do Estado do Rio de Janeiro (TJRJ), o jornalista Gian Oddi e a ESPN, emissora do Grupo Disney, foram condenados em processo promovido pelo Flamengo desde 2020, e ter\u00e3o que transmitir um direito [&hellip;]<\/p>\n","protected":false},"author":1,"featured_media":28017,"comment_status":"open","ping_status":"closed","sticky":false,"template":"","format":"standard","meta":{"footnotes":""},"categories":[40],"tags":[],"class_list":["post-80322","post","type-post","status-publish","format-standard","has-post-thumbnail","hentry","category-video"],"yoast_head":"<!-- This site is optimized with the Yoast SEO Premium plugin v24.2 (Yoast SEO v26.9) - https:\/\/yoast.com\/product\/yoast-seo-premium-wordpress\/ -->\n<title>V\u00eddeo: Emissora e jornalista s\u00e3o condenados a pagar indeniza\u00e7\u00e3o ao Flamengo<\/title>\n<meta name=\"robots\" content=\"index, follow, max-snippet:-1, max-image-preview:large, max-video-preview:-1\" \/>\n<link rel=\"canonical\" href=\"https:\/\/www.gaveanews.com\/index.php\/2022\/04\/19\/video-emissora-e-jornalista-sao-condenados-a-pagar-indenizacao-ao-flamengo\/\" \/>\n<meta property=\"og:locale\" content=\"pt_BR\" \/>\n<meta property=\"og:type\" content=\"article\" \/>\n<meta property=\"og:title\" content=\"V\u00eddeo: Emissora e jornalista s\u00e3o condenados a pagar indeniza\u00e7\u00e3o ao Flamengo\" \/>\n<meta property=\"og:description\" content=\"Nesta ter\u00e7a-feira, em decis\u00e3o da ju\u00edza Fl\u00e1via Gon\u00e7alves Moraes Bruno, da 14\u00aa Vara C\u00edvel do Rio de Janeiro do Tribunal de Justi\u00e7a do Estado do Rio de Janeiro (TJRJ), o jornalista Gian Oddi e a ESPN, emissora do Grupo Disney, foram condenados em processo promovido pelo Flamengo desde 2020, e ter\u00e3o que transmitir um direito [&hellip;]\" \/>\n<meta property=\"og:url\" content=\"https:\/\/www.gaveanews.com\/index.php\/2022\/04\/19\/video-emissora-e-jornalista-sao-condenados-a-pagar-indenizacao-ao-flamengo\/\" \/>\n<meta property=\"og:site_name\" content=\"G\u00e1vea News\" \/>\n<meta property=\"article:publisher\" content=\"https:\/\/facebook.com\/gaveaNews\/\" \/>\n<meta property=\"article:published_time\" content=\"2022-04-20T00:32:34+00:00\" \/>\n<meta property=\"og:image\" content=\"https:\/\/www.gaveanews.com\/wp-content\/uploads\/Logomarca-da-emissora-ESPN.webp\" \/>\n\t<meta property=\"og:image:width\" content=\"1296\" \/>\n\t<meta property=\"og:image:height\" content=\"729\" \/>\n\t<meta property=\"og:image:type\" content=\"image\/png\" \/>\n<meta name=\"author\" content=\"Equipe G\u00e1vea News\" \/>\n<meta name=\"twitter:card\" content=\"summary_large_image\" \/>\n<meta name=\"twitter:label1\" content=\"Escrito por\" \/>\n\t<meta name=\"twitter:data1\" content=\"Equipe G\u00e1vea News\" \/>\n\t<meta name=\"twitter:label2\" content=\"Est. tempo de leitura\" \/>\n\t<meta name=\"twitter:data2\" content=\"4 minutos\" \/>\n<script type=\"application\/ld+json\" class=\"yoast-schema-graph\">{\"@context\":\"https:\/\/schema.org\",\"@graph\":[{\"@type\":\"NewsArticle\",\"@id\":\"https:\/\/www.gaveanews.com\/index.php\/2022\/04\/19\/video-emissora-e-jornalista-sao-condenados-a-pagar-indenizacao-ao-flamengo\/#article\",\"isPartOf\":{\"@id\":\"https:\/\/www.gaveanews.com\/index.php\/2022\/04\/19\/video-emissora-e-jornalista-sao-condenados-a-pagar-indenizacao-ao-flamengo\/\"},\"author\":{\"name\":\"Equipe G\u00e1vea News\",\"@id\":\"https:\/\/www.gaveanews.com\/#\/schema\/person\/2ec14f73fb96be2caf28f91afb14749d\"},\"headline\":\"V\u00eddeo: Emissora e jornalista s\u00e3o condenados a pagar indeniza\u00e7\u00e3o ao Flamengo\",\"datePublished\":\"2022-04-20T00:32:34+00:00\",\"mainEntityOfPage\":{\"@id\":\"https:\/\/www.gaveanews.com\/index.php\/2022\/04\/19\/video-emissora-e-jornalista-sao-condenados-a-pagar-indenizacao-ao-flamengo\/\"},\"wordCount\":732,\"commentCount\":0,\"image\":{\"@id\":\"https:\/\/www.gaveanews.com\/index.php\/2022\/04\/19\/video-emissora-e-jornalista-sao-condenados-a-pagar-indenizacao-ao-flamengo\/#primaryimage\"},\"thumbnailUrl\":\"https:\/\/www.gaveanews.com\/wp-content\/uploads\/Logomarca-da-emissora-ESPN.webp\",\"articleSection\":[\"V\u00eddeos\"],\"inLanguage\":\"pt-BR\",\"potentialAction\":[{\"@type\":\"CommentAction\",\"name\":\"Comment\",\"target\":[\"https:\/\/www.gaveanews.com\/index.php\/2022\/04\/19\/video-emissora-e-jornalista-sao-condenados-a-pagar-indenizacao-ao-flamengo\/#respond\"]}],\"copyrightYear\":\"2022\",\"copyrightHolder\":{\"@id\":\"https:\/\/www.gaveanews.com\/#organization\"}},{\"@type\":\"WebPage\",\"@id\":\"https:\/\/www.gaveanews.com\/index.php\/2022\/04\/19\/video-emissora-e-jornalista-sao-condenados-a-pagar-indenizacao-ao-flamengo\/\",\"url\":\"https:\/\/www.gaveanews.com\/index.php\/2022\/04\/19\/video-emissora-e-jornalista-sao-condenados-a-pagar-indenizacao-ao-flamengo\/\",\"name\":\"V\u00eddeo: Emissora e jornalista s\u00e3o condenados a pagar indeniza\u00e7\u00e3o ao Flamengo\",\"isPartOf\":{\"@id\":\"https:\/\/www.gaveanews.com\/#website\"},\"primaryImageOfPage\":{\"@id\":\"https:\/\/www.gaveanews.com\/index.php\/2022\/04\/19\/video-emissora-e-jornalista-sao-condenados-a-pagar-indenizacao-ao-flamengo\/#primaryimage\"},\"image\":{\"@id\":\"https:\/\/www.gaveanews.com\/index.php\/2022\/04\/19\/video-emissora-e-jornalista-sao-condenados-a-pagar-indenizacao-ao-flamengo\/#primaryimage\"},\"thumbnailUrl\":\"https:\/\/www.gaveanews.com\/wp-content\/uploads\/Logomarca-da-emissora-ESPN.webp\",\"datePublished\":\"2022-04-20T00:32:34+00:00\",\"author\":{\"@id\":\"https:\/\/www.gaveanews.com\/#\/schema\/person\/2ec14f73fb96be2caf28f91afb14749d\"},\"breadcrumb\":{\"@id\":\"https:\/\/www.gaveanews.com\/index.php\/2022\/04\/19\/video-emissora-e-jornalista-sao-condenados-a-pagar-indenizacao-ao-flamengo\/#breadcrumb\"},\"inLanguage\":\"pt-BR\",\"potentialAction\":[{\"@type\":\"ReadAction\",\"target\":[\"https:\/\/www.gaveanews.com\/index.php\/2022\/04\/19\/video-emissora-e-jornalista-sao-condenados-a-pagar-indenizacao-ao-flamengo\/\"]}]},{\"@type\":\"ImageObject\",\"inLanguage\":\"pt-BR\",\"@id\":\"https:\/\/www.gaveanews.com\/index.php\/2022\/04\/19\/video-emissora-e-jornalista-sao-condenados-a-pagar-indenizacao-ao-flamengo\/#primaryimage\",\"url\":\"https:\/\/www.gaveanews.com\/wp-content\/uploads\/Logomarca-da-emissora-ESPN.webp\",\"contentUrl\":\"https:\/\/www.gaveanews.com\/wp-content\/uploads\/Logomarca-da-emissora-ESPN.webp\",\"width\":1296,\"height\":729,\"caption\":\"Logomarca da emissora ESPN (Foto: Reprodu\u00e7\u00e3o)\"},{\"@type\":\"BreadcrumbList\",\"@id\":\"https:\/\/www.gaveanews.com\/index.php\/2022\/04\/19\/video-emissora-e-jornalista-sao-condenados-a-pagar-indenizacao-ao-flamengo\/#breadcrumb\",\"itemListElement\":[{\"@type\":\"ListItem\",\"position\":1,\"name\":\"Home\",\"item\":\"https:\/\/www.gaveanews.com\/\"},{\"@type\":\"ListItem\",\"position\":2,\"name\":\"V\u00eddeo: Emissora e jornalista s\u00e3o condenados a pagar indeniza\u00e7\u00e3o ao Flamengo\"}]},{\"@type\":\"WebSite\",\"@id\":\"https:\/\/www.gaveanews.com\/#website\",\"url\":\"https:\/\/www.gaveanews.com\/\",\"name\":\"G\u00e1vea News\",\"description\":\"Veja todas as not\u00edcias sobre o Flamengo: Contrata\u00e7\u00f5es, categorias de base, resultados das partidas, tabela de classifica\u00e7\u00e3o, pr\u00f3ximos jogos!\",\"potentialAction\":[{\"@type\":\"SearchAction\",\"target\":{\"@type\":\"EntryPoint\",\"urlTemplate\":\"https:\/\/www.gaveanews.com\/?s={search_term_string}\"},\"query-input\":{\"@type\":\"PropertyValueSpecification\",\"valueRequired\":true,\"valueName\":\"search_term_string\"}}],\"inLanguage\":\"pt-BR\"},{\"@type\":\"Person\",\"@id\":\"https:\/\/www.gaveanews.com\/#\/schema\/person\/2ec14f73fb96be2caf28f91afb14749d\",\"name\":\"Equipe G\u00e1vea News\",\"image\":{\"@type\":\"ImageObject\",\"inLanguage\":\"pt-BR\",\"@id\":\"https:\/\/www.gaveanews.com\/#\/schema\/person\/image\/\",\"url\":\"https:\/\/secure.gravatar.com\/avatar\/1e1956f1facbffd3f8fa53a326721950116b3b9dc9bd44939c01180fd4a745a9?s=96&d=mm&r=g\",\"contentUrl\":\"https:\/\/secure.gravatar.com\/avatar\/1e1956f1facbffd3f8fa53a326721950116b3b9dc9bd44939c01180fd4a745a9?s=96&d=mm&r=g\",\"caption\":\"Equipe G\u00e1vea News\"}}]}<\/script>\n<!-- \/ Yoast SEO Premium plugin. -->","yoast_head_json":{"title":"V\u00eddeo: Emissora e jornalista s\u00e3o condenados a pagar indeniza\u00e7\u00e3o ao Flamengo","robots":{"index":"index","follow":"follow","max-snippet":"max-snippet:-1","max-image-preview":"max-image-preview:large","max-video-preview":"max-video-preview:-1"},"canonical":"https:\/\/www.gaveanews.com\/index.php\/2022\/04\/19\/video-emissora-e-jornalista-sao-condenados-a-pagar-indenizacao-ao-flamengo\/","og_locale":"pt_BR","og_type":"article","og_title":"V\u00eddeo: Emissora e jornalista s\u00e3o condenados a pagar indeniza\u00e7\u00e3o ao Flamengo","og_description":"Nesta ter\u00e7a-feira, em decis\u00e3o da ju\u00edza Fl\u00e1via Gon\u00e7alves Moraes Bruno, da 14\u00aa Vara C\u00edvel do Rio de Janeiro do Tribunal de Justi\u00e7a do Estado do Rio de Janeiro (TJRJ), o jornalista Gian Oddi e a ESPN, emissora do Grupo Disney, foram condenados em processo promovido pelo Flamengo desde 2020, e ter\u00e3o que transmitir um direito [&hellip;]","og_url":"https:\/\/www.gaveanews.com\/index.php\/2022\/04\/19\/video-emissora-e-jornalista-sao-condenados-a-pagar-indenizacao-ao-flamengo\/","og_site_name":"G\u00e1vea News","article_publisher":"https:\/\/facebook.com\/gaveaNews\/","article_published_time":"2022-04-20T00:32:34+00:00","og_image":[{"width":1296,"height":729,"url":"https:\/\/www.gaveanews.com\/wp-content\/uploads\/Logomarca-da-emissora-ESPN.webp","type":"image\/png"}],"author":"Equipe G\u00e1vea News","twitter_card":"summary_large_image","twitter_misc":{"Escrito por":"Equipe G\u00e1vea News","Est. tempo de leitura":"4 minutos"},"schema":{"@context":"https:\/\/schema.org","@graph":[{"@type":"NewsArticle","@id":"https:\/\/www.gaveanews.com\/index.php\/2022\/04\/19\/video-emissora-e-jornalista-sao-condenados-a-pagar-indenizacao-ao-flamengo\/#article","isPartOf":{"@id":"https:\/\/www.gaveanews.com\/index.php\/2022\/04\/19\/video-emissora-e-jornalista-sao-condenados-a-pagar-indenizacao-ao-flamengo\/"},"author":{"name":"Equipe G\u00e1vea News","@id":"https:\/\/www.gaveanews.com\/#\/schema\/person\/2ec14f73fb96be2caf28f91afb14749d"},"headline":"V\u00eddeo: Emissora e jornalista s\u00e3o condenados a pagar indeniza\u00e7\u00e3o ao Flamengo","datePublished":"2022-04-20T00:32:34+00:00","mainEntityOfPage":{"@id":"https:\/\/www.gaveanews.com\/index.php\/2022\/04\/19\/video-emissora-e-jornalista-sao-condenados-a-pagar-indenizacao-ao-flamengo\/"},"wordCount":732,"commentCount":0,"image":{"@id":"https:\/\/www.gaveanews.com\/index.php\/2022\/04\/19\/video-emissora-e-jornalista-sao-condenados-a-pagar-indenizacao-ao-flamengo\/#primaryimage"},"thumbnailUrl":"https:\/\/www.gaveanews.com\/wp-content\/uploads\/Logomarca-da-emissora-ESPN.webp","articleSection":["V\u00eddeos"],"inLanguage":"pt-BR","potentialAction":[{"@type":"CommentAction","name":"Comment","target":["https:\/\/www.gaveanews.com\/index.php\/2022\/04\/19\/video-emissora-e-jornalista-sao-condenados-a-pagar-indenizacao-ao-flamengo\/#respond"]}],"copyrightYear":"2022","copyrightHolder":{"@id":"https:\/\/www.gaveanews.com\/#organization"}},{"@type":"WebPage","@id":"https:\/\/www.gaveanews.com\/index.php\/2022\/04\/19\/video-emissora-e-jornalista-sao-condenados-a-pagar-indenizacao-ao-flamengo\/","url":"https:\/\/www.gaveanews.com\/index.php\/2022\/04\/19\/video-emissora-e-jornalista-sao-condenados-a-pagar-indenizacao-ao-flamengo\/","name":"V\u00eddeo: Emissora e jornalista s\u00e3o condenados a pagar indeniza\u00e7\u00e3o ao Flamengo","isPartOf":{"@id":"https:\/\/www.gaveanews.com\/#website"},"primaryImageOfPage":{"@id":"https:\/\/www.gaveanews.com\/index.php\/2022\/04\/19\/video-emissora-e-jornalista-sao-condenados-a-pagar-indenizacao-ao-flamengo\/#primaryimage"},"image":{"@id":"https:\/\/www.gaveanews.com\/index.php\/2022\/04\/19\/video-emissora-e-jornalista-sao-condenados-a-pagar-indenizacao-ao-flamengo\/#primaryimage"},"thumbnailUrl":"https:\/\/www.gaveanews.com\/wp-content\/uploads\/Logomarca-da-emissora-ESPN.webp","datePublished":"2022-04-20T00:32:34+00:00","author":{"@id":"https:\/\/www.gaveanews.com\/#\/schema\/person\/2ec14f73fb96be2caf28f91afb14749d"},"breadcrumb":{"@id":"https:\/\/www.gaveanews.com\/index.php\/2022\/04\/19\/video-emissora-e-jornalista-sao-condenados-a-pagar-indenizacao-ao-flamengo\/#breadcrumb"},"inLanguage":"pt-BR","potentialAction":[{"@type":"ReadAction","target":["https:\/\/www.gaveanews.com\/index.php\/2022\/04\/19\/video-emissora-e-jornalista-sao-condenados-a-pagar-indenizacao-ao-flamengo\/"]}]},{"@type":"ImageObject","inLanguage":"pt-BR","@id":"https:\/\/www.gaveanews.com\/index.php\/2022\/04\/19\/video-emissora-e-jornalista-sao-condenados-a-pagar-indenizacao-ao-flamengo\/#primaryimage","url":"https:\/\/www.gaveanews.com\/wp-content\/uploads\/Logomarca-da-emissora-ESPN.webp","contentUrl":"https:\/\/www.gaveanews.com\/wp-content\/uploads\/Logomarca-da-emissora-ESPN.webp","width":1296,"height":729,"caption":"Logomarca da emissora ESPN (Foto: Reprodu\u00e7\u00e3o)"},{"@type":"BreadcrumbList","@id":"https:\/\/www.gaveanews.com\/index.php\/2022\/04\/19\/video-emissora-e-jornalista-sao-condenados-a-pagar-indenizacao-ao-flamengo\/#breadcrumb","itemListElement":[{"@type":"ListItem","position":1,"name":"Home","item":"https:\/\/www.gaveanews.com\/"},{"@type":"ListItem","position":2,"name":"V\u00eddeo: Emissora e jornalista s\u00e3o condenados a pagar indeniza\u00e7\u00e3o ao Flamengo"}]},{"@type":"WebSite","@id":"https:\/\/www.gaveanews.com\/#website","url":"https:\/\/www.gaveanews.com\/","name":"G\u00e1vea News","description":"Veja todas as not\u00edcias sobre o Flamengo: Contrata\u00e7\u00f5es, categorias de base, resultados das partidas, tabela de classifica\u00e7\u00e3o, pr\u00f3ximos jogos!","potentialAction":[{"@type":"SearchAction","target":{"@type":"EntryPoint","urlTemplate":"https:\/\/www.gaveanews.com\/?s={search_term_string}"},"query-input":{"@type":"PropertyValueSpecification","valueRequired":true,"valueName":"search_term_string"}}],"inLanguage":"pt-BR"},{"@type":"Person","@id":"https:\/\/www.gaveanews.com\/#\/schema\/person\/2ec14f73fb96be2caf28f91afb14749d","name":"Equipe G\u00e1vea News","image":{"@type":"ImageObject","inLanguage":"pt-BR","@id":"https:\/\/www.gaveanews.com\/#\/schema\/person\/image\/","url":"https:\/\/secure.gravatar.com\/avatar\/1e1956f1facbffd3f8fa53a326721950116b3b9dc9bd44939c01180fd4a745a9?s=96&d=mm&r=g","contentUrl":"https:\/\/secure.gravatar.com\/avatar\/1e1956f1facbffd3f8fa53a326721950116b3b9dc9bd44939c01180fd4a745a9?s=96&d=mm&r=g","caption":"Equipe G\u00e1vea News"}}]}},"_links":{"self":[{"href":"https:\/\/www.gaveanews.com\/index.php\/wp-json\/wp\/v2\/posts\/80322","targetHints":{"allow":["GET"]}}],"collection":[{"href":"https:\/\/www.gaveanews.com\/index.php\/wp-json\/wp\/v2\/posts"}],"about":[{"href":"https:\/\/www.gaveanews.com\/index.php\/wp-json\/wp\/v2\/types\/post"}],"author":[{"embeddable":true,"href":"https:\/\/www.gaveanews.com\/index.php\/wp-json\/wp\/v2\/users\/1"}],"replies":[{"embeddable":true,"href":"https:\/\/www.gaveanews.com\/index.php\/wp-json\/wp\/v2\/comments?post=80322"}],"version-history":[{"count":0,"href":"https:\/\/www.gaveanews.com\/index.php\/wp-json\/wp\/v2\/posts\/80322\/revisions"}],"wp:featuredmedia":[{"embeddable":true,"href":"https:\/\/www.gaveanews.com\/index.php\/wp-json\/wp\/v2\/media\/28017"}],"wp:attachment":[{"href":"https:\/\/www.gaveanews.com\/index.php\/wp-json\/wp\/v2\/media?parent=80322"}],"wp:term":[{"taxonomy":"category","embeddable":true,"href":"https:\/\/www.gaveanews.com\/index.php\/wp-json\/wp\/v2\/categories?post=80322"},{"taxonomy":"post_tag","embeddable":true,"href":"https:\/\/www.gaveanews.com\/index.php\/wp-json\/wp\/v2\/tags?post=80322"}],"curies":[{"name":"wp","href":"https:\/\/api.w.org\/{rel}","templated":true}]}}