{"id":80333,"date":"2022-04-20T00:33:00","date_gmt":"2022-04-20T03:33:00","guid":{"rendered":"https:\/\/www.gaveanews.com\/?p=80333"},"modified":"2022-04-20T00:33:00","modified_gmt":"2022-04-20T03:33:00","slug":"apos-especulacoes-com-o-flamengo-empresario-de-claudinho-abre-o-jogo","status":"publish","type":"post","link":"https:\/\/www.gaveanews.com\/index.php\/2022\/04\/20\/apos-especulacoes-com-o-flamengo-empresario-de-claudinho-abre-o-jogo\/","title":{"rendered":"Ap\u00f3s especula\u00e7\u00f5es com o Flamengo, empres\u00e1rio de Claudinho abre o jogo"},"content":{"rendered":"<p>O nome de Claudinho voltou a ser especulado no Brasil. Isso porque o meia-atacante do Zenit estaria preocupado com a situa\u00e7\u00e3o da sua fam\u00edlia e por isso avaliaria um retorno ao futebol brasileiro.<\/p>\n<p>Com isso, seu nome acabou sendo especulado em Flamengo e Palmeiras. De acordo com Jorge Nicola, em contato com Fernando Garc\u00eda, empres\u00e1rio de Claudinho, o agente disse que n\u00e3o existe essa negocia\u00e7\u00e3o, que o jogador e sua fam\u00edlia est\u00e3o adaptados \u00e0 R\u00fassia.<\/p>\n<p>Al\u00e9m disso, assegurou que o Zenit s\u00f3 toparia liber\u00e1-lo por um valor muito maior ao pago por ele em agosto do ano passado, que foi 15 milh\u00f5es de euros.<\/p>\n<p>Sendo assim, s\u00e3o valores completamente fora da realidade brasileira. Assim, seu futuro n\u00e3o dever\u00e1 ser por Flamengo ou Palmeiras. Claudinho \u00e9 titular absoluto do Zenit. Na atual temporada, soma 27 jogos, 10 gols e duas assist\u00eancias.<\/p>\n<p>Retirado de: Mercado do Futebol<\/p>\n","protected":false},"excerpt":{"rendered":"<p>O nome de Claudinho voltou a ser especulado no Brasil. Isso porque o meia-atacante do Zenit estaria preocupado com a situa\u00e7\u00e3o da sua fam\u00edlia e por isso avaliaria um retorno ao futebol brasileiro. Com isso, seu nome acabou sendo especulado em Flamengo e Palmeiras. De acordo com Jorge Nicola, em contato com Fernando Garc\u00eda, empres\u00e1rio [&hellip;]<\/p>\n","protected":false},"author":1,"featured_media":55673,"comment_status":"open","ping_status":"closed","sticky":false,"template":"","format":"standard","meta":{"footnotes":""},"categories":[48],"tags":[],"class_list":["post-80333","post","type-post","status-publish","format-standard","has-post-thumbnail","hentry","category-negociacoes"],"yoast_head":"<!-- This site is optimized with the Yoast SEO Premium plugin v24.2 (Yoast SEO v26.9) - https:\/\/yoast.com\/product\/yoast-seo-premium-wordpress\/ -->\n<title>Ap\u00f3s especula\u00e7\u00f5es com o Flamengo, empres\u00e1rio de Claudinho abre o jogo<\/title>\n<meta name=\"robots\" content=\"index, follow, max-snippet:-1, max-image-preview:large, max-video-preview:-1\" \/>\n<link rel=\"canonical\" href=\"https:\/\/www.gaveanews.com\/index.php\/2022\/04\/20\/apos-especulacoes-com-o-flamengo-empresario-de-claudinho-abre-o-jogo\/\" \/>\n<meta property=\"og:locale\" content=\"pt_BR\" \/>\n<meta property=\"og:type\" content=\"article\" \/>\n<meta property=\"og:title\" content=\"Ap\u00f3s especula\u00e7\u00f5es com o Flamengo, empres\u00e1rio de Claudinho abre o jogo\" \/>\n<meta property=\"og:description\" content=\"O nome de Claudinho voltou a ser especulado no Brasil. Isso porque o meia-atacante do Zenit estaria preocupado com a situa\u00e7\u00e3o da sua fam\u00edlia e por isso avaliaria um retorno ao futebol brasileiro. Com isso, seu nome acabou sendo especulado em Flamengo e Palmeiras. De acordo com Jorge Nicola, em contato com Fernando Garc\u00eda, empres\u00e1rio [&hellip;]\" \/>\n<meta property=\"og:url\" content=\"https:\/\/www.gaveanews.com\/index.php\/2022\/04\/20\/apos-especulacoes-com-o-flamengo-empresario-de-claudinho-abre-o-jogo\/\" \/>\n<meta property=\"og:site_name\" content=\"G\u00e1vea News\" \/>\n<meta property=\"article:publisher\" content=\"https:\/\/facebook.com\/gaveaNews\/\" \/>\n<meta property=\"article:published_time\" content=\"2022-04-20T03:33:00+00:00\" \/>\n<meta property=\"og:image\" content=\"https:\/\/www.gaveanews.com\/wp-content\/uploads\/Claudinho-comemora-apos-marcar-pelo-Bragantino.webp\" \/>\n\t<meta property=\"og:image:width\" content=\"910\" \/>\n\t<meta property=\"og:image:height\" content=\"609\" \/>\n\t<meta property=\"og:image:type\" content=\"image\/jpeg\" \/>\n<meta name=\"author\" content=\"Equipe G\u00e1vea News\" \/>\n<meta name=\"twitter:card\" content=\"summary_large_image\" \/>\n<meta name=\"twitter:label1\" content=\"Escrito por\" \/>\n\t<meta name=\"twitter:data1\" content=\"Equipe G\u00e1vea News\" \/>\n\t<meta name=\"twitter:label2\" content=\"Est. tempo de leitura\" \/>\n\t<meta name=\"twitter:data2\" content=\"1 minuto\" \/>\n<script type=\"application\/ld+json\" class=\"yoast-schema-graph\">{\"@context\":\"https:\/\/schema.org\",\"@graph\":[{\"@type\":\"NewsArticle\",\"@id\":\"https:\/\/www.gaveanews.com\/index.php\/2022\/04\/20\/apos-especulacoes-com-o-flamengo-empresario-de-claudinho-abre-o-jogo\/#article\",\"isPartOf\":{\"@id\":\"https:\/\/www.gaveanews.com\/index.php\/2022\/04\/20\/apos-especulacoes-com-o-flamengo-empresario-de-claudinho-abre-o-jogo\/\"},\"author\":{\"name\":\"Equipe G\u00e1vea News\",\"@id\":\"https:\/\/www.gaveanews.com\/#\/schema\/person\/2ec14f73fb96be2caf28f91afb14749d\"},\"headline\":\"Ap\u00f3s especula\u00e7\u00f5es com o Flamengo, empres\u00e1rio de Claudinho abre o jogo\",\"datePublished\":\"2022-04-20T03:33:00+00:00\",\"mainEntityOfPage\":{\"@id\":\"https:\/\/www.gaveanews.com\/index.php\/2022\/04\/20\/apos-especulacoes-com-o-flamengo-empresario-de-claudinho-abre-o-jogo\/\"},\"wordCount\":169,\"commentCount\":0,\"image\":{\"@id\":\"https:\/\/www.gaveanews.com\/index.php\/2022\/04\/20\/apos-especulacoes-com-o-flamengo-empresario-de-claudinho-abre-o-jogo\/#primaryimage\"},\"thumbnailUrl\":\"https:\/\/www.gaveanews.com\/wp-content\/uploads\/Claudinho-comemora-apos-marcar-pelo-Bragantino.webp\",\"articleSection\":[\"Negocia\u00e7\u00f5es\"],\"inLanguage\":\"pt-BR\",\"potentialAction\":[{\"@type\":\"CommentAction\",\"name\":\"Comment\",\"target\":[\"https:\/\/www.gaveanews.com\/index.php\/2022\/04\/20\/apos-especulacoes-com-o-flamengo-empresario-de-claudinho-abre-o-jogo\/#respond\"]}],\"copyrightYear\":\"2022\",\"copyrightHolder\":{\"@id\":\"https:\/\/www.gaveanews.com\/#organization\"}},{\"@type\":\"WebPage\",\"@id\":\"https:\/\/www.gaveanews.com\/index.php\/2022\/04\/20\/apos-especulacoes-com-o-flamengo-empresario-de-claudinho-abre-o-jogo\/\",\"url\":\"https:\/\/www.gaveanews.com\/index.php\/2022\/04\/20\/apos-especulacoes-com-o-flamengo-empresario-de-claudinho-abre-o-jogo\/\",\"name\":\"Ap\u00f3s especula\u00e7\u00f5es com o Flamengo, empres\u00e1rio de Claudinho abre o jogo\",\"isPartOf\":{\"@id\":\"https:\/\/www.gaveanews.com\/#website\"},\"primaryImageOfPage\":{\"@id\":\"https:\/\/www.gaveanews.com\/index.php\/2022\/04\/20\/apos-especulacoes-com-o-flamengo-empresario-de-claudinho-abre-o-jogo\/#primaryimage\"},\"image\":{\"@id\":\"https:\/\/www.gaveanews.com\/index.php\/2022\/04\/20\/apos-especulacoes-com-o-flamengo-empresario-de-claudinho-abre-o-jogo\/#primaryimage\"},\"thumbnailUrl\":\"https:\/\/www.gaveanews.com\/wp-content\/uploads\/Claudinho-comemora-apos-marcar-pelo-Bragantino.webp\",\"datePublished\":\"2022-04-20T03:33:00+00:00\",\"author\":{\"@id\":\"https:\/\/www.gaveanews.com\/#\/schema\/person\/2ec14f73fb96be2caf28f91afb14749d\"},\"breadcrumb\":{\"@id\":\"https:\/\/www.gaveanews.com\/index.php\/2022\/04\/20\/apos-especulacoes-com-o-flamengo-empresario-de-claudinho-abre-o-jogo\/#breadcrumb\"},\"inLanguage\":\"pt-BR\",\"potentialAction\":[{\"@type\":\"ReadAction\",\"target\":[\"https:\/\/www.gaveanews.com\/index.php\/2022\/04\/20\/apos-especulacoes-com-o-flamengo-empresario-de-claudinho-abre-o-jogo\/\"]}]},{\"@type\":\"ImageObject\",\"inLanguage\":\"pt-BR\",\"@id\":\"https:\/\/www.gaveanews.com\/index.php\/2022\/04\/20\/apos-especulacoes-com-o-flamengo-empresario-de-claudinho-abre-o-jogo\/#primaryimage\",\"url\":\"https:\/\/www.gaveanews.com\/wp-content\/uploads\/Claudinho-comemora-apos-marcar-pelo-Bragantino.webp\",\"contentUrl\":\"https:\/\/www.gaveanews.com\/wp-content\/uploads\/Claudinho-comemora-apos-marcar-pelo-Bragantino.webp\",\"width\":910,\"height\":609,\"caption\":\"Claudinho comemora ap\u00f3s marcar pelo Bragantino (Foto: Ari Ferreira\/Red Bull Bragantino)\"},{\"@type\":\"BreadcrumbList\",\"@id\":\"https:\/\/www.gaveanews.com\/index.php\/2022\/04\/20\/apos-especulacoes-com-o-flamengo-empresario-de-claudinho-abre-o-jogo\/#breadcrumb\",\"itemListElement\":[{\"@type\":\"ListItem\",\"position\":1,\"name\":\"Home\",\"item\":\"https:\/\/www.gaveanews.com\/\"},{\"@type\":\"ListItem\",\"position\":2,\"name\":\"Ap\u00f3s especula\u00e7\u00f5es com o Flamengo, empres\u00e1rio de Claudinho abre o jogo\"}]},{\"@type\":\"WebSite\",\"@id\":\"https:\/\/www.gaveanews.com\/#website\",\"url\":\"https:\/\/www.gaveanews.com\/\",\"name\":\"G\u00e1vea News\",\"description\":\"Veja todas as not\u00edcias sobre o Flamengo: Contrata\u00e7\u00f5es, categorias de base, resultados das partidas, tabela de classifica\u00e7\u00e3o, pr\u00f3ximos jogos!\",\"potentialAction\":[{\"@type\":\"SearchAction\",\"target\":{\"@type\":\"EntryPoint\",\"urlTemplate\":\"https:\/\/www.gaveanews.com\/?s={search_term_string}\"},\"query-input\":{\"@type\":\"PropertyValueSpecification\",\"valueRequired\":true,\"valueName\":\"search_term_string\"}}],\"inLanguage\":\"pt-BR\"},{\"@type\":\"Person\",\"@id\":\"https:\/\/www.gaveanews.com\/#\/schema\/person\/2ec14f73fb96be2caf28f91afb14749d\",\"name\":\"Equipe G\u00e1vea News\",\"image\":{\"@type\":\"ImageObject\",\"inLanguage\":\"pt-BR\",\"@id\":\"https:\/\/www.gaveanews.com\/#\/schema\/person\/image\/\",\"url\":\"https:\/\/secure.gravatar.com\/avatar\/1e1956f1facbffd3f8fa53a326721950116b3b9dc9bd44939c01180fd4a745a9?s=96&d=mm&r=g\",\"contentUrl\":\"https:\/\/secure.gravatar.com\/avatar\/1e1956f1facbffd3f8fa53a326721950116b3b9dc9bd44939c01180fd4a745a9?s=96&d=mm&r=g\",\"caption\":\"Equipe G\u00e1vea News\"}}]}<\/script>\n<!-- \/ Yoast SEO Premium plugin. -->","yoast_head_json":{"title":"Ap\u00f3s especula\u00e7\u00f5es com o Flamengo, empres\u00e1rio de Claudinho abre o jogo","robots":{"index":"index","follow":"follow","max-snippet":"max-snippet:-1","max-image-preview":"max-image-preview:large","max-video-preview":"max-video-preview:-1"},"canonical":"https:\/\/www.gaveanews.com\/index.php\/2022\/04\/20\/apos-especulacoes-com-o-flamengo-empresario-de-claudinho-abre-o-jogo\/","og_locale":"pt_BR","og_type":"article","og_title":"Ap\u00f3s especula\u00e7\u00f5es com o Flamengo, empres\u00e1rio de Claudinho abre o jogo","og_description":"O nome de Claudinho voltou a ser especulado no Brasil. Isso porque o meia-atacante do Zenit estaria preocupado com a situa\u00e7\u00e3o da sua fam\u00edlia e por isso avaliaria um retorno ao futebol brasileiro. Com isso, seu nome acabou sendo especulado em Flamengo e Palmeiras. De acordo com Jorge Nicola, em contato com Fernando Garc\u00eda, empres\u00e1rio [&hellip;]","og_url":"https:\/\/www.gaveanews.com\/index.php\/2022\/04\/20\/apos-especulacoes-com-o-flamengo-empresario-de-claudinho-abre-o-jogo\/","og_site_name":"G\u00e1vea News","article_publisher":"https:\/\/facebook.com\/gaveaNews\/","article_published_time":"2022-04-20T03:33:00+00:00","og_image":[{"width":910,"height":609,"url":"https:\/\/www.gaveanews.com\/wp-content\/uploads\/Claudinho-comemora-apos-marcar-pelo-Bragantino.webp","type":"image\/jpeg"}],"author":"Equipe G\u00e1vea News","twitter_card":"summary_large_image","twitter_misc":{"Escrito por":"Equipe G\u00e1vea News","Est. tempo de leitura":"1 minuto"},"schema":{"@context":"https:\/\/schema.org","@graph":[{"@type":"NewsArticle","@id":"https:\/\/www.gaveanews.com\/index.php\/2022\/04\/20\/apos-especulacoes-com-o-flamengo-empresario-de-claudinho-abre-o-jogo\/#article","isPartOf":{"@id":"https:\/\/www.gaveanews.com\/index.php\/2022\/04\/20\/apos-especulacoes-com-o-flamengo-empresario-de-claudinho-abre-o-jogo\/"},"author":{"name":"Equipe G\u00e1vea News","@id":"https:\/\/www.gaveanews.com\/#\/schema\/person\/2ec14f73fb96be2caf28f91afb14749d"},"headline":"Ap\u00f3s especula\u00e7\u00f5es com o Flamengo, empres\u00e1rio de Claudinho abre o jogo","datePublished":"2022-04-20T03:33:00+00:00","mainEntityOfPage":{"@id":"https:\/\/www.gaveanews.com\/index.php\/2022\/04\/20\/apos-especulacoes-com-o-flamengo-empresario-de-claudinho-abre-o-jogo\/"},"wordCount":169,"commentCount":0,"image":{"@id":"https:\/\/www.gaveanews.com\/index.php\/2022\/04\/20\/apos-especulacoes-com-o-flamengo-empresario-de-claudinho-abre-o-jogo\/#primaryimage"},"thumbnailUrl":"https:\/\/www.gaveanews.com\/wp-content\/uploads\/Claudinho-comemora-apos-marcar-pelo-Bragantino.webp","articleSection":["Negocia\u00e7\u00f5es"],"inLanguage":"pt-BR","potentialAction":[{"@type":"CommentAction","name":"Comment","target":["https:\/\/www.gaveanews.com\/index.php\/2022\/04\/20\/apos-especulacoes-com-o-flamengo-empresario-de-claudinho-abre-o-jogo\/#respond"]}],"copyrightYear":"2022","copyrightHolder":{"@id":"https:\/\/www.gaveanews.com\/#organization"}},{"@type":"WebPage","@id":"https:\/\/www.gaveanews.com\/index.php\/2022\/04\/20\/apos-especulacoes-com-o-flamengo-empresario-de-claudinho-abre-o-jogo\/","url":"https:\/\/www.gaveanews.com\/index.php\/2022\/04\/20\/apos-especulacoes-com-o-flamengo-empresario-de-claudinho-abre-o-jogo\/","name":"Ap\u00f3s especula\u00e7\u00f5es com o Flamengo, empres\u00e1rio de Claudinho abre o jogo","isPartOf":{"@id":"https:\/\/www.gaveanews.com\/#website"},"primaryImageOfPage":{"@id":"https:\/\/www.gaveanews.com\/index.php\/2022\/04\/20\/apos-especulacoes-com-o-flamengo-empresario-de-claudinho-abre-o-jogo\/#primaryimage"},"image":{"@id":"https:\/\/www.gaveanews.com\/index.php\/2022\/04\/20\/apos-especulacoes-com-o-flamengo-empresario-de-claudinho-abre-o-jogo\/#primaryimage"},"thumbnailUrl":"https:\/\/www.gaveanews.com\/wp-content\/uploads\/Claudinho-comemora-apos-marcar-pelo-Bragantino.webp","datePublished":"2022-04-20T03:33:00+00:00","author":{"@id":"https:\/\/www.gaveanews.com\/#\/schema\/person\/2ec14f73fb96be2caf28f91afb14749d"},"breadcrumb":{"@id":"https:\/\/www.gaveanews.com\/index.php\/2022\/04\/20\/apos-especulacoes-com-o-flamengo-empresario-de-claudinho-abre-o-jogo\/#breadcrumb"},"inLanguage":"pt-BR","potentialAction":[{"@type":"ReadAction","target":["https:\/\/www.gaveanews.com\/index.php\/2022\/04\/20\/apos-especulacoes-com-o-flamengo-empresario-de-claudinho-abre-o-jogo\/"]}]},{"@type":"ImageObject","inLanguage":"pt-BR","@id":"https:\/\/www.gaveanews.com\/index.php\/2022\/04\/20\/apos-especulacoes-com-o-flamengo-empresario-de-claudinho-abre-o-jogo\/#primaryimage","url":"https:\/\/www.gaveanews.com\/wp-content\/uploads\/Claudinho-comemora-apos-marcar-pelo-Bragantino.webp","contentUrl":"https:\/\/www.gaveanews.com\/wp-content\/uploads\/Claudinho-comemora-apos-marcar-pelo-Bragantino.webp","width":910,"height":609,"caption":"Claudinho comemora ap\u00f3s marcar pelo Bragantino (Foto: Ari Ferreira\/Red Bull Bragantino)"},{"@type":"BreadcrumbList","@id":"https:\/\/www.gaveanews.com\/index.php\/2022\/04\/20\/apos-especulacoes-com-o-flamengo-empresario-de-claudinho-abre-o-jogo\/#breadcrumb","itemListElement":[{"@type":"ListItem","position":1,"name":"Home","item":"https:\/\/www.gaveanews.com\/"},{"@type":"ListItem","position":2,"name":"Ap\u00f3s especula\u00e7\u00f5es com o Flamengo, empres\u00e1rio de Claudinho abre o jogo"}]},{"@type":"WebSite","@id":"https:\/\/www.gaveanews.com\/#website","url":"https:\/\/www.gaveanews.com\/","name":"G\u00e1vea News","description":"Veja todas as not\u00edcias sobre o Flamengo: Contrata\u00e7\u00f5es, categorias de base, resultados das partidas, tabela de classifica\u00e7\u00e3o, pr\u00f3ximos jogos!","potentialAction":[{"@type":"SearchAction","target":{"@type":"EntryPoint","urlTemplate":"https:\/\/www.gaveanews.com\/?s={search_term_string}"},"query-input":{"@type":"PropertyValueSpecification","valueRequired":true,"valueName":"search_term_string"}}],"inLanguage":"pt-BR"},{"@type":"Person","@id":"https:\/\/www.gaveanews.com\/#\/schema\/person\/2ec14f73fb96be2caf28f91afb14749d","name":"Equipe G\u00e1vea News","image":{"@type":"ImageObject","inLanguage":"pt-BR","@id":"https:\/\/www.gaveanews.com\/#\/schema\/person\/image\/","url":"https:\/\/secure.gravatar.com\/avatar\/1e1956f1facbffd3f8fa53a326721950116b3b9dc9bd44939c01180fd4a745a9?s=96&d=mm&r=g","contentUrl":"https:\/\/secure.gravatar.com\/avatar\/1e1956f1facbffd3f8fa53a326721950116b3b9dc9bd44939c01180fd4a745a9?s=96&d=mm&r=g","caption":"Equipe G\u00e1vea News"}}]}},"_links":{"self":[{"href":"https:\/\/www.gaveanews.com\/index.php\/wp-json\/wp\/v2\/posts\/80333","targetHints":{"allow":["GET"]}}],"collection":[{"href":"https:\/\/www.gaveanews.com\/index.php\/wp-json\/wp\/v2\/posts"}],"about":[{"href":"https:\/\/www.gaveanews.com\/index.php\/wp-json\/wp\/v2\/types\/post"}],"author":[{"embeddable":true,"href":"https:\/\/www.gaveanews.com\/index.php\/wp-json\/wp\/v2\/users\/1"}],"replies":[{"embeddable":true,"href":"https:\/\/www.gaveanews.com\/index.php\/wp-json\/wp\/v2\/comments?post=80333"}],"version-history":[{"count":0,"href":"https:\/\/www.gaveanews.com\/index.php\/wp-json\/wp\/v2\/posts\/80333\/revisions"}],"wp:featuredmedia":[{"embeddable":true,"href":"https:\/\/www.gaveanews.com\/index.php\/wp-json\/wp\/v2\/media\/55673"}],"wp:attachment":[{"href":"https:\/\/www.gaveanews.com\/index.php\/wp-json\/wp\/v2\/media?parent=80333"}],"wp:term":[{"taxonomy":"category","embeddable":true,"href":"https:\/\/www.gaveanews.com\/index.php\/wp-json\/wp\/v2\/categories?post=80333"},{"taxonomy":"post_tag","embeddable":true,"href":"https:\/\/www.gaveanews.com\/index.php\/wp-json\/wp\/v2\/tags?post=80333"}],"curies":[{"name":"wp","href":"https:\/\/api.w.org\/{rel}","templated":true}]}}