{"id":80365,"date":"2022-04-20T18:15:34","date_gmt":"2022-04-20T21:15:34","guid":{"rendered":"https:\/\/www.gaveanews.com\/?p=80365"},"modified":"2022-04-20T18:15:34","modified_gmt":"2022-04-20T21:15:34","slug":"flamengo-vai-oferecer-salario-astronomico-para-vidal","status":"publish","type":"post","link":"https:\/\/www.gaveanews.com\/index.php\/2022\/04\/20\/flamengo-vai-oferecer-salario-astronomico-para-vidal\/","title":{"rendered":"Flamengo vai oferecer sal\u00e1rio astron\u00f4mico para Vidal"},"content":{"rendered":"<p>Embora o Flamengo tenha cessado suas movimenta\u00e7\u00f5es nesta janela de transfer\u00eancias, o clube se mant\u00e9m ativo no mercado e j\u00e1 encaminha contrata\u00e7\u00f5es para o meio do ano. Um dos nomes especulados no time que mais tem ganhado for\u00e7a na m\u00eddia ultimamente \u00e9 Arturo Vidal, pr\u00f3ximo ao fim de seu v\u00ednculo com a Inter de Mil\u00e3o.<\/p>\n<p>Na It\u00e1lia, o jogador recebe cerca de \u20ac 500 mil por m\u00eas (R$ 2,5 milh\u00f5es na cota\u00e7\u00e3o atual). Contudo, o chileno precisaria aceitar um sal\u00e1rio mais baixo para jogar pelo Flamengo. Segundo o jornalista Jorge Nicola, o valor oferecido pelo Mais Querido \u00e9 de R$ 1 milh\u00e3o.<\/p>\n<p>Cabe destacar que o desejo do jogador de defender o Manto Sagrado ser\u00e1 um dos principais fatores para ele aceitar a proposta do Fla, uma vez que seu sal\u00e1rio abaixaria substancialmente em sua vinda ao Brasil. Mas tudo indica que dinheiro n\u00e3o ser\u00e1 problema, j\u00e1 que ele demonstra sua vontade de atuar pelo Flamengo com frequ\u00eancia.<\/p>\n<p>Colega se sele\u00e7\u00e3o de Isla, Vidal se manifestou em rela\u00e7\u00e3o ao clube recentemente para parabenizar o compatriota pelo gola\u00e7o marcado na partida contra o S\u00e3o Paulo.<\/p>\n<ul>\n<li><a href=\"https:\/\/www.gaveanews.com\/index.php\/2022\/04\/18\/especulado-no-flamengo-vidal-comemora-gol-marcado-por-isla\/\"><strong>Vidal comemora gol marcado por Isla no Flamengo nas redes sociais.<\/strong><\/a><\/li>\n<li><a href=\"https:\/\/www.gaveanews.com\/index.php\/2022\/04\/19\/flamengo-esta-muito-proximo-de-acertar-com-arturo-vidal\/\"><strong>Vidal est\u00e1 pr\u00f3ximo de acertar com o Flamengo.<\/strong><\/a><\/li>\n<\/ul>\n","protected":false},"excerpt":{"rendered":"<p>Embora o Flamengo tenha cessado suas movimenta\u00e7\u00f5es nesta janela de transfer\u00eancias, o clube se mant\u00e9m ativo no mercado e j\u00e1 encaminha contrata\u00e7\u00f5es para o meio do ano. Um dos nomes especulados no time que mais tem ganhado for\u00e7a na m\u00eddia ultimamente \u00e9 Arturo Vidal, pr\u00f3ximo ao fim de seu v\u00ednculo com a Inter de Mil\u00e3o. [&hellip;]<\/p>\n","protected":false},"author":4,"featured_media":64680,"comment_status":"open","ping_status":"closed","sticky":false,"template":"","format":"standard","meta":{"footnotes":""},"categories":[48],"tags":[],"class_list":["post-80365","post","type-post","status-publish","format-standard","has-post-thumbnail","hentry","category-negociacoes"],"yoast_head":"<!-- This site is optimized with the Yoast SEO Premium plugin v24.2 (Yoast SEO v26.9) - https:\/\/yoast.com\/product\/yoast-seo-premium-wordpress\/ -->\n<title>Flamengo vai oferecer sal\u00e1rio astron\u00f4mico para Vidal<\/title>\n<meta name=\"robots\" content=\"index, follow, max-snippet:-1, max-image-preview:large, max-video-preview:-1\" \/>\n<link rel=\"canonical\" href=\"https:\/\/www.gaveanews.com\/index.php\/2022\/04\/20\/flamengo-vai-oferecer-salario-astronomico-para-vidal\/\" \/>\n<meta property=\"og:locale\" content=\"pt_BR\" \/>\n<meta property=\"og:type\" content=\"article\" \/>\n<meta property=\"og:title\" content=\"Flamengo vai oferecer sal\u00e1rio astron\u00f4mico para Vidal\" \/>\n<meta property=\"og:description\" content=\"Embora o Flamengo tenha cessado suas movimenta\u00e7\u00f5es nesta janela de transfer\u00eancias, o clube se mant\u00e9m ativo no mercado e j\u00e1 encaminha contrata\u00e7\u00f5es para o meio do ano. Um dos nomes especulados no time que mais tem ganhado for\u00e7a na m\u00eddia ultimamente \u00e9 Arturo Vidal, pr\u00f3ximo ao fim de seu v\u00ednculo com a Inter de Mil\u00e3o. [&hellip;]\" \/>\n<meta property=\"og:url\" content=\"https:\/\/www.gaveanews.com\/index.php\/2022\/04\/20\/flamengo-vai-oferecer-salario-astronomico-para-vidal\/\" \/>\n<meta property=\"og:site_name\" content=\"G\u00e1vea News\" \/>\n<meta property=\"article:publisher\" content=\"https:\/\/facebook.com\/gaveaNews\/\" \/>\n<meta property=\"article:published_time\" content=\"2022-04-20T21:15:34+00:00\" \/>\n<meta property=\"og:image\" content=\"https:\/\/www.gaveanews.com\/wp-content\/uploads\/Arturo-Vidal-com-uniforme-da-Inter-de-Milao.webp\" \/>\n\t<meta property=\"og:image:width\" content=\"640\" \/>\n\t<meta property=\"og:image:height\" content=\"400\" \/>\n\t<meta property=\"og:image:type\" content=\"image\/jpeg\" \/>\n<meta name=\"author\" content=\"Let\u00edcia Gerheim\" \/>\n<meta name=\"twitter:card\" content=\"summary_large_image\" \/>\n<meta name=\"twitter:label1\" content=\"Escrito por\" \/>\n\t<meta name=\"twitter:data1\" content=\"Let\u00edcia Gerheim\" \/>\n\t<meta name=\"twitter:label2\" content=\"Est. tempo de leitura\" \/>\n\t<meta name=\"twitter:data2\" content=\"2 minutos\" \/>\n<script type=\"application\/ld+json\" class=\"yoast-schema-graph\">{\"@context\":\"https:\/\/schema.org\",\"@graph\":[{\"@type\":\"NewsArticle\",\"@id\":\"https:\/\/www.gaveanews.com\/index.php\/2022\/04\/20\/flamengo-vai-oferecer-salario-astronomico-para-vidal\/#article\",\"isPartOf\":{\"@id\":\"https:\/\/www.gaveanews.com\/index.php\/2022\/04\/20\/flamengo-vai-oferecer-salario-astronomico-para-vidal\/\"},\"author\":{\"name\":\"Let\u00edcia Gerheim\",\"@id\":\"https:\/\/www.gaveanews.com\/#\/schema\/person\/714c67050b836198af2450ba1c142a67\"},\"headline\":\"Flamengo vai oferecer sal\u00e1rio astron\u00f4mico para Vidal\",\"datePublished\":\"2022-04-20T21:15:34+00:00\",\"mainEntityOfPage\":{\"@id\":\"https:\/\/www.gaveanews.com\/index.php\/2022\/04\/20\/flamengo-vai-oferecer-salario-astronomico-para-vidal\/\"},\"wordCount\":229,\"commentCount\":0,\"image\":{\"@id\":\"https:\/\/www.gaveanews.com\/index.php\/2022\/04\/20\/flamengo-vai-oferecer-salario-astronomico-para-vidal\/#primaryimage\"},\"thumbnailUrl\":\"https:\/\/www.gaveanews.com\/wp-content\/uploads\/Arturo-Vidal-com-uniforme-da-Inter-de-Milao.webp\",\"articleSection\":[\"Negocia\u00e7\u00f5es\"],\"inLanguage\":\"pt-BR\",\"potentialAction\":[{\"@type\":\"CommentAction\",\"name\":\"Comment\",\"target\":[\"https:\/\/www.gaveanews.com\/index.php\/2022\/04\/20\/flamengo-vai-oferecer-salario-astronomico-para-vidal\/#respond\"]}],\"copyrightYear\":\"2022\",\"copyrightHolder\":{\"@id\":\"https:\/\/www.gaveanews.com\/#organization\"}},{\"@type\":\"WebPage\",\"@id\":\"https:\/\/www.gaveanews.com\/index.php\/2022\/04\/20\/flamengo-vai-oferecer-salario-astronomico-para-vidal\/\",\"url\":\"https:\/\/www.gaveanews.com\/index.php\/2022\/04\/20\/flamengo-vai-oferecer-salario-astronomico-para-vidal\/\",\"name\":\"Flamengo vai oferecer sal\u00e1rio astron\u00f4mico para Vidal\",\"isPartOf\":{\"@id\":\"https:\/\/www.gaveanews.com\/#website\"},\"primaryImageOfPage\":{\"@id\":\"https:\/\/www.gaveanews.com\/index.php\/2022\/04\/20\/flamengo-vai-oferecer-salario-astronomico-para-vidal\/#primaryimage\"},\"image\":{\"@id\":\"https:\/\/www.gaveanews.com\/index.php\/2022\/04\/20\/flamengo-vai-oferecer-salario-astronomico-para-vidal\/#primaryimage\"},\"thumbnailUrl\":\"https:\/\/www.gaveanews.com\/wp-content\/uploads\/Arturo-Vidal-com-uniforme-da-Inter-de-Milao.webp\",\"datePublished\":\"2022-04-20T21:15:34+00:00\",\"author\":{\"@id\":\"https:\/\/www.gaveanews.com\/#\/schema\/person\/714c67050b836198af2450ba1c142a67\"},\"breadcrumb\":{\"@id\":\"https:\/\/www.gaveanews.com\/index.php\/2022\/04\/20\/flamengo-vai-oferecer-salario-astronomico-para-vidal\/#breadcrumb\"},\"inLanguage\":\"pt-BR\",\"potentialAction\":[{\"@type\":\"ReadAction\",\"target\":[\"https:\/\/www.gaveanews.com\/index.php\/2022\/04\/20\/flamengo-vai-oferecer-salario-astronomico-para-vidal\/\"]}]},{\"@type\":\"ImageObject\",\"inLanguage\":\"pt-BR\",\"@id\":\"https:\/\/www.gaveanews.com\/index.php\/2022\/04\/20\/flamengo-vai-oferecer-salario-astronomico-para-vidal\/#primaryimage\",\"url\":\"https:\/\/www.gaveanews.com\/wp-content\/uploads\/Arturo-Vidal-com-uniforme-da-Inter-de-Milao.webp\",\"contentUrl\":\"https:\/\/www.gaveanews.com\/wp-content\/uploads\/Arturo-Vidal-com-uniforme-da-Inter-de-Milao.webp\",\"width\":640,\"height\":400,\"caption\":\"Arturo Vidal com uniforme da Inter de Mil\u00e3o (Foto: Divulga\u00e7\u00e3o\/Inter de Mil\u00e3o)\"},{\"@type\":\"BreadcrumbList\",\"@id\":\"https:\/\/www.gaveanews.com\/index.php\/2022\/04\/20\/flamengo-vai-oferecer-salario-astronomico-para-vidal\/#breadcrumb\",\"itemListElement\":[{\"@type\":\"ListItem\",\"position\":1,\"name\":\"Home\",\"item\":\"https:\/\/www.gaveanews.com\/\"},{\"@type\":\"ListItem\",\"position\":2,\"name\":\"Flamengo vai oferecer sal\u00e1rio astron\u00f4mico para Vidal\"}]},{\"@type\":\"WebSite\",\"@id\":\"https:\/\/www.gaveanews.com\/#website\",\"url\":\"https:\/\/www.gaveanews.com\/\",\"name\":\"G\u00e1vea News\",\"description\":\"Veja todas as not\u00edcias sobre o Flamengo: Contrata\u00e7\u00f5es, categorias de base, resultados das partidas, tabela de classifica\u00e7\u00e3o, pr\u00f3ximos jogos!\",\"potentialAction\":[{\"@type\":\"SearchAction\",\"target\":{\"@type\":\"EntryPoint\",\"urlTemplate\":\"https:\/\/www.gaveanews.com\/?s={search_term_string}\"},\"query-input\":{\"@type\":\"PropertyValueSpecification\",\"valueRequired\":true,\"valueName\":\"search_term_string\"}}],\"inLanguage\":\"pt-BR\"},{\"@type\":\"Person\",\"@id\":\"https:\/\/www.gaveanews.com\/#\/schema\/person\/714c67050b836198af2450ba1c142a67\",\"name\":\"Let\u00edcia Gerheim\",\"image\":{\"@type\":\"ImageObject\",\"inLanguage\":\"pt-BR\",\"@id\":\"https:\/\/www.gaveanews.com\/#\/schema\/person\/image\/\",\"url\":\"https:\/\/secure.gravatar.com\/avatar\/60734739c50fcebfbac509e2a826ccd0ff405c019bc73aab9354f19ecad1dcb4?s=96&d=mm&r=g\",\"contentUrl\":\"https:\/\/secure.gravatar.com\/avatar\/60734739c50fcebfbac509e2a826ccd0ff405c019bc73aab9354f19ecad1dcb4?s=96&d=mm&r=g\",\"caption\":\"Let\u00edcia Gerheim\"}}]}<\/script>\n<!-- \/ Yoast SEO Premium plugin. -->","yoast_head_json":{"title":"Flamengo vai oferecer sal\u00e1rio astron\u00f4mico para Vidal","robots":{"index":"index","follow":"follow","max-snippet":"max-snippet:-1","max-image-preview":"max-image-preview:large","max-video-preview":"max-video-preview:-1"},"canonical":"https:\/\/www.gaveanews.com\/index.php\/2022\/04\/20\/flamengo-vai-oferecer-salario-astronomico-para-vidal\/","og_locale":"pt_BR","og_type":"article","og_title":"Flamengo vai oferecer sal\u00e1rio astron\u00f4mico para Vidal","og_description":"Embora o Flamengo tenha cessado suas movimenta\u00e7\u00f5es nesta janela de transfer\u00eancias, o clube se mant\u00e9m ativo no mercado e j\u00e1 encaminha contrata\u00e7\u00f5es para o meio do ano. Um dos nomes especulados no time que mais tem ganhado for\u00e7a na m\u00eddia ultimamente \u00e9 Arturo Vidal, pr\u00f3ximo ao fim de seu v\u00ednculo com a Inter de Mil\u00e3o. [&hellip;]","og_url":"https:\/\/www.gaveanews.com\/index.php\/2022\/04\/20\/flamengo-vai-oferecer-salario-astronomico-para-vidal\/","og_site_name":"G\u00e1vea News","article_publisher":"https:\/\/facebook.com\/gaveaNews\/","article_published_time":"2022-04-20T21:15:34+00:00","og_image":[{"width":640,"height":400,"url":"https:\/\/www.gaveanews.com\/wp-content\/uploads\/Arturo-Vidal-com-uniforme-da-Inter-de-Milao.webp","type":"image\/jpeg"}],"author":"Let\u00edcia Gerheim","twitter_card":"summary_large_image","twitter_misc":{"Escrito por":"Let\u00edcia Gerheim","Est. tempo de leitura":"2 minutos"},"schema":{"@context":"https:\/\/schema.org","@graph":[{"@type":"NewsArticle","@id":"https:\/\/www.gaveanews.com\/index.php\/2022\/04\/20\/flamengo-vai-oferecer-salario-astronomico-para-vidal\/#article","isPartOf":{"@id":"https:\/\/www.gaveanews.com\/index.php\/2022\/04\/20\/flamengo-vai-oferecer-salario-astronomico-para-vidal\/"},"author":{"name":"Let\u00edcia Gerheim","@id":"https:\/\/www.gaveanews.com\/#\/schema\/person\/714c67050b836198af2450ba1c142a67"},"headline":"Flamengo vai oferecer sal\u00e1rio astron\u00f4mico para Vidal","datePublished":"2022-04-20T21:15:34+00:00","mainEntityOfPage":{"@id":"https:\/\/www.gaveanews.com\/index.php\/2022\/04\/20\/flamengo-vai-oferecer-salario-astronomico-para-vidal\/"},"wordCount":229,"commentCount":0,"image":{"@id":"https:\/\/www.gaveanews.com\/index.php\/2022\/04\/20\/flamengo-vai-oferecer-salario-astronomico-para-vidal\/#primaryimage"},"thumbnailUrl":"https:\/\/www.gaveanews.com\/wp-content\/uploads\/Arturo-Vidal-com-uniforme-da-Inter-de-Milao.webp","articleSection":["Negocia\u00e7\u00f5es"],"inLanguage":"pt-BR","potentialAction":[{"@type":"CommentAction","name":"Comment","target":["https:\/\/www.gaveanews.com\/index.php\/2022\/04\/20\/flamengo-vai-oferecer-salario-astronomico-para-vidal\/#respond"]}],"copyrightYear":"2022","copyrightHolder":{"@id":"https:\/\/www.gaveanews.com\/#organization"}},{"@type":"WebPage","@id":"https:\/\/www.gaveanews.com\/index.php\/2022\/04\/20\/flamengo-vai-oferecer-salario-astronomico-para-vidal\/","url":"https:\/\/www.gaveanews.com\/index.php\/2022\/04\/20\/flamengo-vai-oferecer-salario-astronomico-para-vidal\/","name":"Flamengo vai oferecer sal\u00e1rio astron\u00f4mico para Vidal","isPartOf":{"@id":"https:\/\/www.gaveanews.com\/#website"},"primaryImageOfPage":{"@id":"https:\/\/www.gaveanews.com\/index.php\/2022\/04\/20\/flamengo-vai-oferecer-salario-astronomico-para-vidal\/#primaryimage"},"image":{"@id":"https:\/\/www.gaveanews.com\/index.php\/2022\/04\/20\/flamengo-vai-oferecer-salario-astronomico-para-vidal\/#primaryimage"},"thumbnailUrl":"https:\/\/www.gaveanews.com\/wp-content\/uploads\/Arturo-Vidal-com-uniforme-da-Inter-de-Milao.webp","datePublished":"2022-04-20T21:15:34+00:00","author":{"@id":"https:\/\/www.gaveanews.com\/#\/schema\/person\/714c67050b836198af2450ba1c142a67"},"breadcrumb":{"@id":"https:\/\/www.gaveanews.com\/index.php\/2022\/04\/20\/flamengo-vai-oferecer-salario-astronomico-para-vidal\/#breadcrumb"},"inLanguage":"pt-BR","potentialAction":[{"@type":"ReadAction","target":["https:\/\/www.gaveanews.com\/index.php\/2022\/04\/20\/flamengo-vai-oferecer-salario-astronomico-para-vidal\/"]}]},{"@type":"ImageObject","inLanguage":"pt-BR","@id":"https:\/\/www.gaveanews.com\/index.php\/2022\/04\/20\/flamengo-vai-oferecer-salario-astronomico-para-vidal\/#primaryimage","url":"https:\/\/www.gaveanews.com\/wp-content\/uploads\/Arturo-Vidal-com-uniforme-da-Inter-de-Milao.webp","contentUrl":"https:\/\/www.gaveanews.com\/wp-content\/uploads\/Arturo-Vidal-com-uniforme-da-Inter-de-Milao.webp","width":640,"height":400,"caption":"Arturo Vidal com uniforme da Inter de Mil\u00e3o (Foto: Divulga\u00e7\u00e3o\/Inter de Mil\u00e3o)"},{"@type":"BreadcrumbList","@id":"https:\/\/www.gaveanews.com\/index.php\/2022\/04\/20\/flamengo-vai-oferecer-salario-astronomico-para-vidal\/#breadcrumb","itemListElement":[{"@type":"ListItem","position":1,"name":"Home","item":"https:\/\/www.gaveanews.com\/"},{"@type":"ListItem","position":2,"name":"Flamengo vai oferecer sal\u00e1rio astron\u00f4mico para Vidal"}]},{"@type":"WebSite","@id":"https:\/\/www.gaveanews.com\/#website","url":"https:\/\/www.gaveanews.com\/","name":"G\u00e1vea News","description":"Veja todas as not\u00edcias sobre o Flamengo: Contrata\u00e7\u00f5es, categorias de base, resultados das partidas, tabela de classifica\u00e7\u00e3o, pr\u00f3ximos jogos!","potentialAction":[{"@type":"SearchAction","target":{"@type":"EntryPoint","urlTemplate":"https:\/\/www.gaveanews.com\/?s={search_term_string}"},"query-input":{"@type":"PropertyValueSpecification","valueRequired":true,"valueName":"search_term_string"}}],"inLanguage":"pt-BR"},{"@type":"Person","@id":"https:\/\/www.gaveanews.com\/#\/schema\/person\/714c67050b836198af2450ba1c142a67","name":"Let\u00edcia Gerheim","image":{"@type":"ImageObject","inLanguage":"pt-BR","@id":"https:\/\/www.gaveanews.com\/#\/schema\/person\/image\/","url":"https:\/\/secure.gravatar.com\/avatar\/60734739c50fcebfbac509e2a826ccd0ff405c019bc73aab9354f19ecad1dcb4?s=96&d=mm&r=g","contentUrl":"https:\/\/secure.gravatar.com\/avatar\/60734739c50fcebfbac509e2a826ccd0ff405c019bc73aab9354f19ecad1dcb4?s=96&d=mm&r=g","caption":"Let\u00edcia Gerheim"}}]}},"_links":{"self":[{"href":"https:\/\/www.gaveanews.com\/index.php\/wp-json\/wp\/v2\/posts\/80365","targetHints":{"allow":["GET"]}}],"collection":[{"href":"https:\/\/www.gaveanews.com\/index.php\/wp-json\/wp\/v2\/posts"}],"about":[{"href":"https:\/\/www.gaveanews.com\/index.php\/wp-json\/wp\/v2\/types\/post"}],"author":[{"embeddable":true,"href":"https:\/\/www.gaveanews.com\/index.php\/wp-json\/wp\/v2\/users\/4"}],"replies":[{"embeddable":true,"href":"https:\/\/www.gaveanews.com\/index.php\/wp-json\/wp\/v2\/comments?post=80365"}],"version-history":[{"count":0,"href":"https:\/\/www.gaveanews.com\/index.php\/wp-json\/wp\/v2\/posts\/80365\/revisions"}],"wp:featuredmedia":[{"embeddable":true,"href":"https:\/\/www.gaveanews.com\/index.php\/wp-json\/wp\/v2\/media\/64680"}],"wp:attachment":[{"href":"https:\/\/www.gaveanews.com\/index.php\/wp-json\/wp\/v2\/media?parent=80365"}],"wp:term":[{"taxonomy":"category","embeddable":true,"href":"https:\/\/www.gaveanews.com\/index.php\/wp-json\/wp\/v2\/categories?post=80365"},{"taxonomy":"post_tag","embeddable":true,"href":"https:\/\/www.gaveanews.com\/index.php\/wp-json\/wp\/v2\/tags?post=80365"}],"curies":[{"name":"wp","href":"https:\/\/api.w.org\/{rel}","templated":true}]}}