{"id":80380,"date":"2022-04-20T23:02:14","date_gmt":"2022-04-21T02:02:14","guid":{"rendered":"https:\/\/www.gaveanews.com\/?p=80380"},"modified":"2022-04-20T23:02:14","modified_gmt":"2022-04-21T02:02:14","slug":"gabigol-do-flamengo-critica-arbitragem","status":"publish","type":"post","link":"https:\/\/www.gaveanews.com\/index.php\/2022\/04\/20\/gabigol-do-flamengo-critica-arbitragem\/","title":{"rendered":"Gabigol do Flamengo critica arbitragem"},"content":{"rendered":"<p>A arbitragem foi alvo de Gabigol ap\u00f3s o empate sem gols entre Flamengo e Palmeiras, no Maracan\u00e3. O atacante do Rubro-Negro cobrou a atua\u00e7\u00e3o de Wilton Pereira Sampaio na partida da 4\u00aa rodada do Brasileir\u00e3o.<\/p>\n<p><em><strong>\u2014 O juiz atrapalhou muito o jogo. Ele deu falta que n\u00e3o era, coisas que n\u00e3o eram ele n\u00e3o dava. A gente quer n\u00edvel europeu no futebol, mas tem que colocar tamb\u00e9m um juiz do n\u00edvel europeu. No maior jogo do Brasil, talvez, colocaram um juiz que n\u00e3o deixava a bola rolar.<\/strong><\/em><\/p>\n<p>Ao final da primeira etapa, Gabigol reclamou de uma falta n\u00e3o marcada pr\u00f3xima a \u00e1rea, e Wilton Pereira Sampaio respondeu com o cart\u00e3o amarelo.<\/p>\n<p>Gabigol elogiou a atua\u00e7\u00e3o do Flamengo, que gerou lances de perigo contra o Palmeiras, mas parou no goleiro Weverton. Foram dezessete finaliza\u00e7\u00f5es para o clube carioca, cinco delas do camisa 9.<\/p>\n<p><em><strong>\u2014 A gente fez um bom jogo, fomos melhores que eles em todos os momentos. Eles n\u00e3o assustaram a gente em nenhum lance. A gente teve o meu gol impedido, teve alguns lances que poder\u00edamos ter feito o gol, eles tamb\u00e9m tem a qualidade deles, ent\u00e3o \u00e9 natural que eles colocassem o estilo deles no jogo. Mas n\u00f3s fizemos um bom jogo.<\/strong><\/em><\/p>\n<p>Paulo Sousa tamb\u00e9m foi assunto de Gabigol ap\u00f3s o fim do jogo. O jogador elogiou o desenvolvimento da equipe ap\u00f3s o vice-campeonato no Carioca e as &#8216;ideias diferentes&#8217; do treinador portugu\u00eas do Flamengo.<\/p>\n<p><em><strong>\u2014 Tem um planejamento que a gente est\u00e1 seguindo. O Mister chegou com as suas ideias, ideias diferentes, ideias que, talvez, no Brasil n\u00e3o sejam muito comuns. \u00c9 normal algumas pessoas estranharem. Ele usou o Carioca como experimento, ent\u00e3o ele p\u00f4de rodar o time, colocar posi\u00e7\u00f5es diferentes, e agora a gente v\u00eam crescendo no Brasileiro, na Libertadores temos seis pontos. Agora \u00e9 continuar nessa pegada, trabalhando para a gente conseguir melhorar.<\/strong><\/em><\/p>\n<p>O Flamengo entra em campo novamente neste s\u00e1bado, \u00e0s 16h30, contra o Athletico Paranaense, na Arena da Baixada, pela 3\u00aa rodada do Brasileir\u00e3o.<\/p>\n<p>Retirado de: Globo Esporte<\/p>\n","protected":false},"excerpt":{"rendered":"<p>A arbitragem foi alvo de Gabigol ap\u00f3s o empate sem gols entre Flamengo e Palmeiras, no Maracan\u00e3. O atacante do Rubro-Negro cobrou a atua\u00e7\u00e3o de Wilton Pereira Sampaio na partida da 4\u00aa rodada do Brasileir\u00e3o. \u2014 O juiz atrapalhou muito o jogo. Ele deu falta que n\u00e3o era, coisas que n\u00e3o eram ele n\u00e3o dava. [&hellip;]<\/p>\n","protected":false},"author":1,"featured_media":79190,"comment_status":"open","ping_status":"closed","sticky":false,"template":"","format":"standard","meta":{"footnotes":""},"categories":[1],"tags":[],"class_list":["post-80380","post","type-post","status-publish","format-standard","has-post-thumbnail","hentry","category-flamengo"],"yoast_head":"<!-- This site is optimized with the Yoast SEO Premium plugin v24.2 (Yoast SEO v26.9) - https:\/\/yoast.com\/product\/yoast-seo-premium-wordpress\/ -->\n<title>Gabigol do Flamengo critica arbitragem<\/title>\n<meta name=\"robots\" content=\"index, follow, max-snippet:-1, max-image-preview:large, max-video-preview:-1\" \/>\n<link rel=\"canonical\" href=\"https:\/\/www.gaveanews.com\/index.php\/2022\/04\/20\/gabigol-do-flamengo-critica-arbitragem\/\" \/>\n<meta property=\"og:locale\" content=\"pt_BR\" \/>\n<meta property=\"og:type\" content=\"article\" \/>\n<meta property=\"og:title\" content=\"Gabigol do Flamengo critica arbitragem\" \/>\n<meta property=\"og:description\" content=\"A arbitragem foi alvo de Gabigol ap\u00f3s o empate sem gols entre Flamengo e Palmeiras, no Maracan\u00e3. O atacante do Rubro-Negro cobrou a atua\u00e7\u00e3o de Wilton Pereira Sampaio na partida da 4\u00aa rodada do Brasileir\u00e3o. \u2014 O juiz atrapalhou muito o jogo. Ele deu falta que n\u00e3o era, coisas que n\u00e3o eram ele n\u00e3o dava. [&hellip;]\" \/>\n<meta property=\"og:url\" content=\"https:\/\/www.gaveanews.com\/index.php\/2022\/04\/20\/gabigol-do-flamengo-critica-arbitragem\/\" \/>\n<meta property=\"og:site_name\" content=\"G\u00e1vea News\" \/>\n<meta property=\"article:publisher\" content=\"https:\/\/facebook.com\/gaveaNews\/\" \/>\n<meta property=\"article:published_time\" content=\"2022-04-21T02:02:14+00:00\" \/>\n<meta property=\"og:image\" content=\"https:\/\/www.gaveanews.com\/wp-content\/uploads\/Gabigol-em-acao-pelo-Flamengo-no-Maracana.webp\" \/>\n\t<meta property=\"og:image:width\" content=\"799\" \/>\n\t<meta property=\"og:image:height\" content=\"597\" \/>\n\t<meta property=\"og:image:type\" content=\"image\/jpeg\" \/>\n<meta name=\"author\" content=\"Equipe G\u00e1vea News\" \/>\n<meta name=\"twitter:card\" content=\"summary_large_image\" \/>\n<meta name=\"twitter:label1\" content=\"Escrito por\" \/>\n\t<meta name=\"twitter:data1\" content=\"Equipe G\u00e1vea News\" \/>\n\t<meta name=\"twitter:label2\" content=\"Est. tempo de leitura\" \/>\n\t<meta name=\"twitter:data2\" content=\"2 minutos\" \/>\n<script type=\"application\/ld+json\" class=\"yoast-schema-graph\">{\"@context\":\"https:\/\/schema.org\",\"@graph\":[{\"@type\":\"NewsArticle\",\"@id\":\"https:\/\/www.gaveanews.com\/index.php\/2022\/04\/20\/gabigol-do-flamengo-critica-arbitragem\/#article\",\"isPartOf\":{\"@id\":\"https:\/\/www.gaveanews.com\/index.php\/2022\/04\/20\/gabigol-do-flamengo-critica-arbitragem\/\"},\"author\":{\"name\":\"Equipe G\u00e1vea News\",\"@id\":\"https:\/\/www.gaveanews.com\/#\/schema\/person\/2ec14f73fb96be2caf28f91afb14749d\"},\"headline\":\"Gabigol do Flamengo critica arbitragem\",\"datePublished\":\"2022-04-21T02:02:14+00:00\",\"mainEntityOfPage\":{\"@id\":\"https:\/\/www.gaveanews.com\/index.php\/2022\/04\/20\/gabigol-do-flamengo-critica-arbitragem\/\"},\"wordCount\":362,\"commentCount\":0,\"image\":{\"@id\":\"https:\/\/www.gaveanews.com\/index.php\/2022\/04\/20\/gabigol-do-flamengo-critica-arbitragem\/#primaryimage\"},\"thumbnailUrl\":\"https:\/\/www.gaveanews.com\/wp-content\/uploads\/Gabigol-em-acao-pelo-Flamengo-no-Maracana.webp\",\"articleSection\":[\"Flamengo\"],\"inLanguage\":\"pt-BR\",\"potentialAction\":[{\"@type\":\"CommentAction\",\"name\":\"Comment\",\"target\":[\"https:\/\/www.gaveanews.com\/index.php\/2022\/04\/20\/gabigol-do-flamengo-critica-arbitragem\/#respond\"]}],\"copyrightYear\":\"2022\",\"copyrightHolder\":{\"@id\":\"https:\/\/www.gaveanews.com\/#organization\"}},{\"@type\":\"WebPage\",\"@id\":\"https:\/\/www.gaveanews.com\/index.php\/2022\/04\/20\/gabigol-do-flamengo-critica-arbitragem\/\",\"url\":\"https:\/\/www.gaveanews.com\/index.php\/2022\/04\/20\/gabigol-do-flamengo-critica-arbitragem\/\",\"name\":\"Gabigol do Flamengo critica arbitragem\",\"isPartOf\":{\"@id\":\"https:\/\/www.gaveanews.com\/#website\"},\"primaryImageOfPage\":{\"@id\":\"https:\/\/www.gaveanews.com\/index.php\/2022\/04\/20\/gabigol-do-flamengo-critica-arbitragem\/#primaryimage\"},\"image\":{\"@id\":\"https:\/\/www.gaveanews.com\/index.php\/2022\/04\/20\/gabigol-do-flamengo-critica-arbitragem\/#primaryimage\"},\"thumbnailUrl\":\"https:\/\/www.gaveanews.com\/wp-content\/uploads\/Gabigol-em-acao-pelo-Flamengo-no-Maracana.webp\",\"datePublished\":\"2022-04-21T02:02:14+00:00\",\"author\":{\"@id\":\"https:\/\/www.gaveanews.com\/#\/schema\/person\/2ec14f73fb96be2caf28f91afb14749d\"},\"breadcrumb\":{\"@id\":\"https:\/\/www.gaveanews.com\/index.php\/2022\/04\/20\/gabigol-do-flamengo-critica-arbitragem\/#breadcrumb\"},\"inLanguage\":\"pt-BR\",\"potentialAction\":[{\"@type\":\"ReadAction\",\"target\":[\"https:\/\/www.gaveanews.com\/index.php\/2022\/04\/20\/gabigol-do-flamengo-critica-arbitragem\/\"]}]},{\"@type\":\"ImageObject\",\"inLanguage\":\"pt-BR\",\"@id\":\"https:\/\/www.gaveanews.com\/index.php\/2022\/04\/20\/gabigol-do-flamengo-critica-arbitragem\/#primaryimage\",\"url\":\"https:\/\/www.gaveanews.com\/wp-content\/uploads\/Gabigol-em-acao-pelo-Flamengo-no-Maracana.webp\",\"contentUrl\":\"https:\/\/www.gaveanews.com\/wp-content\/uploads\/Gabigol-em-acao-pelo-Flamengo-no-Maracana.webp\",\"width\":799,\"height\":597,\"caption\":\"Gabigol em a\u00e7\u00e3o pelo Flamengo no Maracan\u00e3 (Foto: Gilvan de Souza\/Flamengo)\"},{\"@type\":\"BreadcrumbList\",\"@id\":\"https:\/\/www.gaveanews.com\/index.php\/2022\/04\/20\/gabigol-do-flamengo-critica-arbitragem\/#breadcrumb\",\"itemListElement\":[{\"@type\":\"ListItem\",\"position\":1,\"name\":\"Home\",\"item\":\"https:\/\/www.gaveanews.com\/\"},{\"@type\":\"ListItem\",\"position\":2,\"name\":\"Gabigol do Flamengo critica arbitragem\"}]},{\"@type\":\"WebSite\",\"@id\":\"https:\/\/www.gaveanews.com\/#website\",\"url\":\"https:\/\/www.gaveanews.com\/\",\"name\":\"G\u00e1vea News\",\"description\":\"Veja todas as not\u00edcias sobre o Flamengo: Contrata\u00e7\u00f5es, categorias de base, resultados das partidas, tabela de classifica\u00e7\u00e3o, pr\u00f3ximos jogos!\",\"potentialAction\":[{\"@type\":\"SearchAction\",\"target\":{\"@type\":\"EntryPoint\",\"urlTemplate\":\"https:\/\/www.gaveanews.com\/?s={search_term_string}\"},\"query-input\":{\"@type\":\"PropertyValueSpecification\",\"valueRequired\":true,\"valueName\":\"search_term_string\"}}],\"inLanguage\":\"pt-BR\"},{\"@type\":\"Person\",\"@id\":\"https:\/\/www.gaveanews.com\/#\/schema\/person\/2ec14f73fb96be2caf28f91afb14749d\",\"name\":\"Equipe G\u00e1vea News\",\"image\":{\"@type\":\"ImageObject\",\"inLanguage\":\"pt-BR\",\"@id\":\"https:\/\/www.gaveanews.com\/#\/schema\/person\/image\/\",\"url\":\"https:\/\/secure.gravatar.com\/avatar\/1e1956f1facbffd3f8fa53a326721950116b3b9dc9bd44939c01180fd4a745a9?s=96&d=mm&r=g\",\"contentUrl\":\"https:\/\/secure.gravatar.com\/avatar\/1e1956f1facbffd3f8fa53a326721950116b3b9dc9bd44939c01180fd4a745a9?s=96&d=mm&r=g\",\"caption\":\"Equipe G\u00e1vea News\"}}]}<\/script>\n<!-- \/ Yoast SEO Premium plugin. -->","yoast_head_json":{"title":"Gabigol do Flamengo critica arbitragem","robots":{"index":"index","follow":"follow","max-snippet":"max-snippet:-1","max-image-preview":"max-image-preview:large","max-video-preview":"max-video-preview:-1"},"canonical":"https:\/\/www.gaveanews.com\/index.php\/2022\/04\/20\/gabigol-do-flamengo-critica-arbitragem\/","og_locale":"pt_BR","og_type":"article","og_title":"Gabigol do Flamengo critica arbitragem","og_description":"A arbitragem foi alvo de Gabigol ap\u00f3s o empate sem gols entre Flamengo e Palmeiras, no Maracan\u00e3. O atacante do Rubro-Negro cobrou a atua\u00e7\u00e3o de Wilton Pereira Sampaio na partida da 4\u00aa rodada do Brasileir\u00e3o. \u2014 O juiz atrapalhou muito o jogo. Ele deu falta que n\u00e3o era, coisas que n\u00e3o eram ele n\u00e3o dava. [&hellip;]","og_url":"https:\/\/www.gaveanews.com\/index.php\/2022\/04\/20\/gabigol-do-flamengo-critica-arbitragem\/","og_site_name":"G\u00e1vea News","article_publisher":"https:\/\/facebook.com\/gaveaNews\/","article_published_time":"2022-04-21T02:02:14+00:00","og_image":[{"width":799,"height":597,"url":"https:\/\/www.gaveanews.com\/wp-content\/uploads\/Gabigol-em-acao-pelo-Flamengo-no-Maracana.webp","type":"image\/jpeg"}],"author":"Equipe G\u00e1vea News","twitter_card":"summary_large_image","twitter_misc":{"Escrito por":"Equipe G\u00e1vea News","Est. tempo de leitura":"2 minutos"},"schema":{"@context":"https:\/\/schema.org","@graph":[{"@type":"NewsArticle","@id":"https:\/\/www.gaveanews.com\/index.php\/2022\/04\/20\/gabigol-do-flamengo-critica-arbitragem\/#article","isPartOf":{"@id":"https:\/\/www.gaveanews.com\/index.php\/2022\/04\/20\/gabigol-do-flamengo-critica-arbitragem\/"},"author":{"name":"Equipe G\u00e1vea News","@id":"https:\/\/www.gaveanews.com\/#\/schema\/person\/2ec14f73fb96be2caf28f91afb14749d"},"headline":"Gabigol do Flamengo critica arbitragem","datePublished":"2022-04-21T02:02:14+00:00","mainEntityOfPage":{"@id":"https:\/\/www.gaveanews.com\/index.php\/2022\/04\/20\/gabigol-do-flamengo-critica-arbitragem\/"},"wordCount":362,"commentCount":0,"image":{"@id":"https:\/\/www.gaveanews.com\/index.php\/2022\/04\/20\/gabigol-do-flamengo-critica-arbitragem\/#primaryimage"},"thumbnailUrl":"https:\/\/www.gaveanews.com\/wp-content\/uploads\/Gabigol-em-acao-pelo-Flamengo-no-Maracana.webp","articleSection":["Flamengo"],"inLanguage":"pt-BR","potentialAction":[{"@type":"CommentAction","name":"Comment","target":["https:\/\/www.gaveanews.com\/index.php\/2022\/04\/20\/gabigol-do-flamengo-critica-arbitragem\/#respond"]}],"copyrightYear":"2022","copyrightHolder":{"@id":"https:\/\/www.gaveanews.com\/#organization"}},{"@type":"WebPage","@id":"https:\/\/www.gaveanews.com\/index.php\/2022\/04\/20\/gabigol-do-flamengo-critica-arbitragem\/","url":"https:\/\/www.gaveanews.com\/index.php\/2022\/04\/20\/gabigol-do-flamengo-critica-arbitragem\/","name":"Gabigol do Flamengo critica arbitragem","isPartOf":{"@id":"https:\/\/www.gaveanews.com\/#website"},"primaryImageOfPage":{"@id":"https:\/\/www.gaveanews.com\/index.php\/2022\/04\/20\/gabigol-do-flamengo-critica-arbitragem\/#primaryimage"},"image":{"@id":"https:\/\/www.gaveanews.com\/index.php\/2022\/04\/20\/gabigol-do-flamengo-critica-arbitragem\/#primaryimage"},"thumbnailUrl":"https:\/\/www.gaveanews.com\/wp-content\/uploads\/Gabigol-em-acao-pelo-Flamengo-no-Maracana.webp","datePublished":"2022-04-21T02:02:14+00:00","author":{"@id":"https:\/\/www.gaveanews.com\/#\/schema\/person\/2ec14f73fb96be2caf28f91afb14749d"},"breadcrumb":{"@id":"https:\/\/www.gaveanews.com\/index.php\/2022\/04\/20\/gabigol-do-flamengo-critica-arbitragem\/#breadcrumb"},"inLanguage":"pt-BR","potentialAction":[{"@type":"ReadAction","target":["https:\/\/www.gaveanews.com\/index.php\/2022\/04\/20\/gabigol-do-flamengo-critica-arbitragem\/"]}]},{"@type":"ImageObject","inLanguage":"pt-BR","@id":"https:\/\/www.gaveanews.com\/index.php\/2022\/04\/20\/gabigol-do-flamengo-critica-arbitragem\/#primaryimage","url":"https:\/\/www.gaveanews.com\/wp-content\/uploads\/Gabigol-em-acao-pelo-Flamengo-no-Maracana.webp","contentUrl":"https:\/\/www.gaveanews.com\/wp-content\/uploads\/Gabigol-em-acao-pelo-Flamengo-no-Maracana.webp","width":799,"height":597,"caption":"Gabigol em a\u00e7\u00e3o pelo Flamengo no Maracan\u00e3 (Foto: Gilvan de Souza\/Flamengo)"},{"@type":"BreadcrumbList","@id":"https:\/\/www.gaveanews.com\/index.php\/2022\/04\/20\/gabigol-do-flamengo-critica-arbitragem\/#breadcrumb","itemListElement":[{"@type":"ListItem","position":1,"name":"Home","item":"https:\/\/www.gaveanews.com\/"},{"@type":"ListItem","position":2,"name":"Gabigol do Flamengo critica arbitragem"}]},{"@type":"WebSite","@id":"https:\/\/www.gaveanews.com\/#website","url":"https:\/\/www.gaveanews.com\/","name":"G\u00e1vea News","description":"Veja todas as not\u00edcias sobre o Flamengo: Contrata\u00e7\u00f5es, categorias de base, resultados das partidas, tabela de classifica\u00e7\u00e3o, pr\u00f3ximos jogos!","potentialAction":[{"@type":"SearchAction","target":{"@type":"EntryPoint","urlTemplate":"https:\/\/www.gaveanews.com\/?s={search_term_string}"},"query-input":{"@type":"PropertyValueSpecification","valueRequired":true,"valueName":"search_term_string"}}],"inLanguage":"pt-BR"},{"@type":"Person","@id":"https:\/\/www.gaveanews.com\/#\/schema\/person\/2ec14f73fb96be2caf28f91afb14749d","name":"Equipe G\u00e1vea News","image":{"@type":"ImageObject","inLanguage":"pt-BR","@id":"https:\/\/www.gaveanews.com\/#\/schema\/person\/image\/","url":"https:\/\/secure.gravatar.com\/avatar\/1e1956f1facbffd3f8fa53a326721950116b3b9dc9bd44939c01180fd4a745a9?s=96&d=mm&r=g","contentUrl":"https:\/\/secure.gravatar.com\/avatar\/1e1956f1facbffd3f8fa53a326721950116b3b9dc9bd44939c01180fd4a745a9?s=96&d=mm&r=g","caption":"Equipe G\u00e1vea News"}}]}},"_links":{"self":[{"href":"https:\/\/www.gaveanews.com\/index.php\/wp-json\/wp\/v2\/posts\/80380","targetHints":{"allow":["GET"]}}],"collection":[{"href":"https:\/\/www.gaveanews.com\/index.php\/wp-json\/wp\/v2\/posts"}],"about":[{"href":"https:\/\/www.gaveanews.com\/index.php\/wp-json\/wp\/v2\/types\/post"}],"author":[{"embeddable":true,"href":"https:\/\/www.gaveanews.com\/index.php\/wp-json\/wp\/v2\/users\/1"}],"replies":[{"embeddable":true,"href":"https:\/\/www.gaveanews.com\/index.php\/wp-json\/wp\/v2\/comments?post=80380"}],"version-history":[{"count":0,"href":"https:\/\/www.gaveanews.com\/index.php\/wp-json\/wp\/v2\/posts\/80380\/revisions"}],"wp:featuredmedia":[{"embeddable":true,"href":"https:\/\/www.gaveanews.com\/index.php\/wp-json\/wp\/v2\/media\/79190"}],"wp:attachment":[{"href":"https:\/\/www.gaveanews.com\/index.php\/wp-json\/wp\/v2\/media?parent=80380"}],"wp:term":[{"taxonomy":"category","embeddable":true,"href":"https:\/\/www.gaveanews.com\/index.php\/wp-json\/wp\/v2\/categories?post=80380"},{"taxonomy":"post_tag","embeddable":true,"href":"https:\/\/www.gaveanews.com\/index.php\/wp-json\/wp\/v2\/tags?post=80380"}],"curies":[{"name":"wp","href":"https:\/\/api.w.org\/{rel}","templated":true}]}}