{"id":80390,"date":"2022-04-21T01:14:59","date_gmt":"2022-04-21T04:14:59","guid":{"rendered":"https:\/\/www.gaveanews.com\/?p=80390"},"modified":"2022-04-21T01:14:59","modified_gmt":"2022-04-21T04:14:59","slug":"nivel-das-atuacoes-individuais-do-flamengo-chamou-muita-atencao","status":"publish","type":"post","link":"https:\/\/www.gaveanews.com\/index.php\/2022\/04\/21\/nivel-das-atuacoes-individuais-do-flamengo-chamou-muita-atencao\/","title":{"rendered":"&#8220;N\u00edvel das atua\u00e7\u00f5es individuais do Flamengo chamou muita aten\u00e7\u00e3o&#8221;"},"content":{"rendered":"<p>Cinco meses ap\u00f3s a final da Libertadores, Flamengo e Palmeiras se reencontraram e empataram por 0 a 0 na noite desta quarta-feira (20), diante de 70 mil torcedores no Maracan\u00e3, em jogo adiantado da 4\u00aa rodada do Brasileir\u00e3o. As duas equipes jogaram com muita intensidade e concentra\u00e7\u00e3o, errando pouco e negando espa\u00e7os ao advers\u00e1rio. O Verd\u00e3o come\u00e7ou melhor, mas o Rubro-Negro botou a bola no ch\u00e3o e foi superior na maior parte do jogo. Ainda assim, nada de gols.<\/p>\n<p>Na Live do Flamengo, transmitida pelo UOL Esporte ap\u00f3s os jogos do Meng\u00e3o, os jornalistas Renato Maur\u00edcio Prado e Andr\u00e9 Rocha destacaram o desempenho individual e coletivo da equipe contra o Palmeiras de Abel Ferreira. Na opini\u00e3o de RMP, o empate foi justo, mas o Rubro-Negro esteve mais perto da vit\u00f3ria porque teve jogadores mais inspirados.<\/p>\n<p>&#8220;Foi um jog\u00e3o, apesar do 0 a 0, bel\u00edssimo jogo de futebol no Maracan\u00e3, Palmeiras e Flamengo criaram boas chances, o placar mais justo era um 2 a 2, mas tivesse um vencedor seria o Flamengo, principalmente pelo final do primeiro tempo e in\u00edcio do segundo. Teve bola na trave do Arrascaeta, bola do Ar\u00e3o que Weverton fez uma defesa grandiosa, mas o Palmeiras tamb\u00e9m teve suas chances, o Hugo fez uma bela defesa em chute do Danilo, foi um belo jogo.&#8221;<\/p>\n<p>&#8220;Se algu\u00e9m perdesse a\u00ed ficaria ruim, o Palmeiras porque ficaria com apenas um ponto, e o Flamengo se perdesse e jogasse mal, voltaria aquela press\u00e3o em cima do Paulo Sousa, mas nenhum dos dois t\u00e9cnicos saem pressionados porque as duas equipes jogaram bem. Se o Flamengo tivesse um pouco mais de sorte teria vencido, mas o 0 a 0 n\u00e3o \u00e9 um desastre, longe disso. A torcida sai com um gostinho amargo, mas vai dormir satisfeita porque viu uma bela partida&#8221;, continuou RMP.<\/p>\n<p>&#8220;Me chamou muita aten\u00e7\u00e3o o fato de o Flamengo ter tido excelentes atua\u00e7\u00f5es individuais. Ar\u00e3o fez um partida\u00e7o, o Filipe Lu\u00eds botou o Dudu no bolso, Jo\u00e3o Gomes fez um partida\u00e7o, Gabigol jogou bem, curiosamente o cara que esteve mais sumido foi o Arrascaeta. Talvez tenha sido o que faltou para ganhar o jogo, mas fiquei muito impressionado com atua\u00e7\u00f5es individuais, h\u00e1 muito tempo n\u00e3o via atua\u00e7\u00e3o individuais t\u00e3o boas&#8221;, completou o colunista do UOL.<\/p>\n<p>Rocha afirmou que o Flamengo jogou bem e criou chances para fazer pelo menos um gol, mas continua pecando na hora de finalizar. Falta mais precis\u00e3o.<\/p>\n<p>&#8220;Para o Flamengo vencer esse time do Palmeiras precisava ser mais preciso nos momentos decisivos, em alguns momentos quando a bola chegava com liberdade, esse time precisa de muitas chances para fazer os gols, quando fica um jogo mais parelho e dif\u00edcil, tem dificuldade.&#8221;<\/p>\n<p>Retirado de: UOL<\/p>\n","protected":false},"excerpt":{"rendered":"<p>Cinco meses ap\u00f3s a final da Libertadores, Flamengo e Palmeiras se reencontraram e empataram por 0 a 0 na noite desta quarta-feira (20), diante de 70 mil torcedores no Maracan\u00e3, em jogo adiantado da 4\u00aa rodada do Brasileir\u00e3o. As duas equipes jogaram com muita intensidade e concentra\u00e7\u00e3o, errando pouco e negando espa\u00e7os ao advers\u00e1rio. O [&hellip;]<\/p>\n","protected":false},"author":1,"featured_media":79198,"comment_status":"open","ping_status":"closed","sticky":false,"template":"","format":"standard","meta":{"footnotes":""},"categories":[1],"tags":[],"class_list":["post-80390","post","type-post","status-publish","format-standard","has-post-thumbnail","hentry","category-flamengo"],"yoast_head":"<!-- This site is optimized with the Yoast SEO Premium plugin v24.2 (Yoast SEO v26.9) - https:\/\/yoast.com\/product\/yoast-seo-premium-wordpress\/ -->\n<title>&quot;N\u00edvel das atua\u00e7\u00f5es individuais do Flamengo chamou muita aten\u00e7\u00e3o&quot;<\/title>\n<meta name=\"robots\" content=\"index, follow, max-snippet:-1, max-image-preview:large, max-video-preview:-1\" \/>\n<link rel=\"canonical\" href=\"https:\/\/www.gaveanews.com\/index.php\/2022\/04\/21\/nivel-das-atuacoes-individuais-do-flamengo-chamou-muita-atencao\/\" \/>\n<meta property=\"og:locale\" content=\"pt_BR\" \/>\n<meta property=\"og:type\" content=\"article\" \/>\n<meta property=\"og:title\" content=\"&quot;N\u00edvel das atua\u00e7\u00f5es individuais do Flamengo chamou muita aten\u00e7\u00e3o&quot;\" \/>\n<meta property=\"og:description\" content=\"Cinco meses ap\u00f3s a final da Libertadores, Flamengo e Palmeiras se reencontraram e empataram por 0 a 0 na noite desta quarta-feira (20), diante de 70 mil torcedores no Maracan\u00e3, em jogo adiantado da 4\u00aa rodada do Brasileir\u00e3o. As duas equipes jogaram com muita intensidade e concentra\u00e7\u00e3o, errando pouco e negando espa\u00e7os ao advers\u00e1rio. O [&hellip;]\" \/>\n<meta property=\"og:url\" content=\"https:\/\/www.gaveanews.com\/index.php\/2022\/04\/21\/nivel-das-atuacoes-individuais-do-flamengo-chamou-muita-atencao\/\" \/>\n<meta property=\"og:site_name\" content=\"G\u00e1vea News\" \/>\n<meta property=\"article:publisher\" content=\"https:\/\/facebook.com\/gaveaNews\/\" \/>\n<meta property=\"article:published_time\" content=\"2022-04-21T04:14:59+00:00\" \/>\n<meta property=\"og:image\" content=\"https:\/\/www.gaveanews.com\/wp-content\/uploads\/Jogadores-do-Flamengo-se-reunem-antes-de-classico-contra-o-Fluminense.webp\" \/>\n\t<meta property=\"og:image:width\" content=\"799\" \/>\n\t<meta property=\"og:image:height\" content=\"533\" \/>\n\t<meta property=\"og:image:type\" content=\"image\/jpeg\" \/>\n<meta name=\"author\" content=\"Equipe G\u00e1vea News\" \/>\n<meta name=\"twitter:card\" content=\"summary_large_image\" \/>\n<meta name=\"twitter:label1\" content=\"Escrito por\" \/>\n\t<meta name=\"twitter:data1\" content=\"Equipe G\u00e1vea News\" \/>\n\t<meta name=\"twitter:label2\" content=\"Est. tempo de leitura\" \/>\n\t<meta name=\"twitter:data2\" content=\"3 minutos\" \/>\n<script type=\"application\/ld+json\" class=\"yoast-schema-graph\">{\"@context\":\"https:\/\/schema.org\",\"@graph\":[{\"@type\":\"NewsArticle\",\"@id\":\"https:\/\/www.gaveanews.com\/index.php\/2022\/04\/21\/nivel-das-atuacoes-individuais-do-flamengo-chamou-muita-atencao\/#article\",\"isPartOf\":{\"@id\":\"https:\/\/www.gaveanews.com\/index.php\/2022\/04\/21\/nivel-das-atuacoes-individuais-do-flamengo-chamou-muita-atencao\/\"},\"author\":{\"name\":\"Equipe G\u00e1vea News\",\"@id\":\"https:\/\/www.gaveanews.com\/#\/schema\/person\/2ec14f73fb96be2caf28f91afb14749d\"},\"headline\":\"&#8220;N\u00edvel das atua\u00e7\u00f5es individuais do Flamengo chamou muita aten\u00e7\u00e3o&#8221;\",\"datePublished\":\"2022-04-21T04:14:59+00:00\",\"mainEntityOfPage\":{\"@id\":\"https:\/\/www.gaveanews.com\/index.php\/2022\/04\/21\/nivel-das-atuacoes-individuais-do-flamengo-chamou-muita-atencao\/\"},\"wordCount\":483,\"commentCount\":0,\"image\":{\"@id\":\"https:\/\/www.gaveanews.com\/index.php\/2022\/04\/21\/nivel-das-atuacoes-individuais-do-flamengo-chamou-muita-atencao\/#primaryimage\"},\"thumbnailUrl\":\"https:\/\/www.gaveanews.com\/wp-content\/uploads\/Jogadores-do-Flamengo-se-reunem-antes-de-classico-contra-o-Fluminense.webp\",\"articleSection\":[\"Flamengo\"],\"inLanguage\":\"pt-BR\",\"potentialAction\":[{\"@type\":\"CommentAction\",\"name\":\"Comment\",\"target\":[\"https:\/\/www.gaveanews.com\/index.php\/2022\/04\/21\/nivel-das-atuacoes-individuais-do-flamengo-chamou-muita-atencao\/#respond\"]}],\"copyrightYear\":\"2022\",\"copyrightHolder\":{\"@id\":\"https:\/\/www.gaveanews.com\/#organization\"}},{\"@type\":\"WebPage\",\"@id\":\"https:\/\/www.gaveanews.com\/index.php\/2022\/04\/21\/nivel-das-atuacoes-individuais-do-flamengo-chamou-muita-atencao\/\",\"url\":\"https:\/\/www.gaveanews.com\/index.php\/2022\/04\/21\/nivel-das-atuacoes-individuais-do-flamengo-chamou-muita-atencao\/\",\"name\":\"\\\"N\u00edvel das atua\u00e7\u00f5es individuais do Flamengo chamou muita aten\u00e7\u00e3o\\\"\",\"isPartOf\":{\"@id\":\"https:\/\/www.gaveanews.com\/#website\"},\"primaryImageOfPage\":{\"@id\":\"https:\/\/www.gaveanews.com\/index.php\/2022\/04\/21\/nivel-das-atuacoes-individuais-do-flamengo-chamou-muita-atencao\/#primaryimage\"},\"image\":{\"@id\":\"https:\/\/www.gaveanews.com\/index.php\/2022\/04\/21\/nivel-das-atuacoes-individuais-do-flamengo-chamou-muita-atencao\/#primaryimage\"},\"thumbnailUrl\":\"https:\/\/www.gaveanews.com\/wp-content\/uploads\/Jogadores-do-Flamengo-se-reunem-antes-de-classico-contra-o-Fluminense.webp\",\"datePublished\":\"2022-04-21T04:14:59+00:00\",\"author\":{\"@id\":\"https:\/\/www.gaveanews.com\/#\/schema\/person\/2ec14f73fb96be2caf28f91afb14749d\"},\"breadcrumb\":{\"@id\":\"https:\/\/www.gaveanews.com\/index.php\/2022\/04\/21\/nivel-das-atuacoes-individuais-do-flamengo-chamou-muita-atencao\/#breadcrumb\"},\"inLanguage\":\"pt-BR\",\"potentialAction\":[{\"@type\":\"ReadAction\",\"target\":[\"https:\/\/www.gaveanews.com\/index.php\/2022\/04\/21\/nivel-das-atuacoes-individuais-do-flamengo-chamou-muita-atencao\/\"]}]},{\"@type\":\"ImageObject\",\"inLanguage\":\"pt-BR\",\"@id\":\"https:\/\/www.gaveanews.com\/index.php\/2022\/04\/21\/nivel-das-atuacoes-individuais-do-flamengo-chamou-muita-atencao\/#primaryimage\",\"url\":\"https:\/\/www.gaveanews.com\/wp-content\/uploads\/Jogadores-do-Flamengo-se-reunem-antes-de-classico-contra-o-Fluminense.webp\",\"contentUrl\":\"https:\/\/www.gaveanews.com\/wp-content\/uploads\/Jogadores-do-Flamengo-se-reunem-antes-de-classico-contra-o-Fluminense.webp\",\"width\":799,\"height\":533},{\"@type\":\"BreadcrumbList\",\"@id\":\"https:\/\/www.gaveanews.com\/index.php\/2022\/04\/21\/nivel-das-atuacoes-individuais-do-flamengo-chamou-muita-atencao\/#breadcrumb\",\"itemListElement\":[{\"@type\":\"ListItem\",\"position\":1,\"name\":\"Home\",\"item\":\"https:\/\/www.gaveanews.com\/\"},{\"@type\":\"ListItem\",\"position\":2,\"name\":\"&#8220;N\u00edvel das atua\u00e7\u00f5es individuais do Flamengo chamou muita aten\u00e7\u00e3o&#8221;\"}]},{\"@type\":\"WebSite\",\"@id\":\"https:\/\/www.gaveanews.com\/#website\",\"url\":\"https:\/\/www.gaveanews.com\/\",\"name\":\"G\u00e1vea News\",\"description\":\"Veja todas as not\u00edcias sobre o Flamengo: Contrata\u00e7\u00f5es, categorias de base, resultados das partidas, tabela de classifica\u00e7\u00e3o, pr\u00f3ximos jogos!\",\"potentialAction\":[{\"@type\":\"SearchAction\",\"target\":{\"@type\":\"EntryPoint\",\"urlTemplate\":\"https:\/\/www.gaveanews.com\/?s={search_term_string}\"},\"query-input\":{\"@type\":\"PropertyValueSpecification\",\"valueRequired\":true,\"valueName\":\"search_term_string\"}}],\"inLanguage\":\"pt-BR\"},{\"@type\":\"Person\",\"@id\":\"https:\/\/www.gaveanews.com\/#\/schema\/person\/2ec14f73fb96be2caf28f91afb14749d\",\"name\":\"Equipe G\u00e1vea News\",\"image\":{\"@type\":\"ImageObject\",\"inLanguage\":\"pt-BR\",\"@id\":\"https:\/\/www.gaveanews.com\/#\/schema\/person\/image\/\",\"url\":\"https:\/\/secure.gravatar.com\/avatar\/1e1956f1facbffd3f8fa53a326721950116b3b9dc9bd44939c01180fd4a745a9?s=96&d=mm&r=g\",\"contentUrl\":\"https:\/\/secure.gravatar.com\/avatar\/1e1956f1facbffd3f8fa53a326721950116b3b9dc9bd44939c01180fd4a745a9?s=96&d=mm&r=g\",\"caption\":\"Equipe G\u00e1vea News\"}}]}<\/script>\n<!-- \/ Yoast SEO Premium plugin. -->","yoast_head_json":{"title":"\"N\u00edvel das atua\u00e7\u00f5es individuais do Flamengo chamou muita aten\u00e7\u00e3o\"","robots":{"index":"index","follow":"follow","max-snippet":"max-snippet:-1","max-image-preview":"max-image-preview:large","max-video-preview":"max-video-preview:-1"},"canonical":"https:\/\/www.gaveanews.com\/index.php\/2022\/04\/21\/nivel-das-atuacoes-individuais-do-flamengo-chamou-muita-atencao\/","og_locale":"pt_BR","og_type":"article","og_title":"\"N\u00edvel das atua\u00e7\u00f5es individuais do Flamengo chamou muita aten\u00e7\u00e3o\"","og_description":"Cinco meses ap\u00f3s a final da Libertadores, Flamengo e Palmeiras se reencontraram e empataram por 0 a 0 na noite desta quarta-feira (20), diante de 70 mil torcedores no Maracan\u00e3, em jogo adiantado da 4\u00aa rodada do Brasileir\u00e3o. As duas equipes jogaram com muita intensidade e concentra\u00e7\u00e3o, errando pouco e negando espa\u00e7os ao advers\u00e1rio. O [&hellip;]","og_url":"https:\/\/www.gaveanews.com\/index.php\/2022\/04\/21\/nivel-das-atuacoes-individuais-do-flamengo-chamou-muita-atencao\/","og_site_name":"G\u00e1vea News","article_publisher":"https:\/\/facebook.com\/gaveaNews\/","article_published_time":"2022-04-21T04:14:59+00:00","og_image":[{"width":799,"height":533,"url":"https:\/\/www.gaveanews.com\/wp-content\/uploads\/Jogadores-do-Flamengo-se-reunem-antes-de-classico-contra-o-Fluminense.webp","type":"image\/jpeg"}],"author":"Equipe G\u00e1vea News","twitter_card":"summary_large_image","twitter_misc":{"Escrito por":"Equipe G\u00e1vea News","Est. tempo de leitura":"3 minutos"},"schema":{"@context":"https:\/\/schema.org","@graph":[{"@type":"NewsArticle","@id":"https:\/\/www.gaveanews.com\/index.php\/2022\/04\/21\/nivel-das-atuacoes-individuais-do-flamengo-chamou-muita-atencao\/#article","isPartOf":{"@id":"https:\/\/www.gaveanews.com\/index.php\/2022\/04\/21\/nivel-das-atuacoes-individuais-do-flamengo-chamou-muita-atencao\/"},"author":{"name":"Equipe G\u00e1vea News","@id":"https:\/\/www.gaveanews.com\/#\/schema\/person\/2ec14f73fb96be2caf28f91afb14749d"},"headline":"&#8220;N\u00edvel das atua\u00e7\u00f5es individuais do Flamengo chamou muita aten\u00e7\u00e3o&#8221;","datePublished":"2022-04-21T04:14:59+00:00","mainEntityOfPage":{"@id":"https:\/\/www.gaveanews.com\/index.php\/2022\/04\/21\/nivel-das-atuacoes-individuais-do-flamengo-chamou-muita-atencao\/"},"wordCount":483,"commentCount":0,"image":{"@id":"https:\/\/www.gaveanews.com\/index.php\/2022\/04\/21\/nivel-das-atuacoes-individuais-do-flamengo-chamou-muita-atencao\/#primaryimage"},"thumbnailUrl":"https:\/\/www.gaveanews.com\/wp-content\/uploads\/Jogadores-do-Flamengo-se-reunem-antes-de-classico-contra-o-Fluminense.webp","articleSection":["Flamengo"],"inLanguage":"pt-BR","potentialAction":[{"@type":"CommentAction","name":"Comment","target":["https:\/\/www.gaveanews.com\/index.php\/2022\/04\/21\/nivel-das-atuacoes-individuais-do-flamengo-chamou-muita-atencao\/#respond"]}],"copyrightYear":"2022","copyrightHolder":{"@id":"https:\/\/www.gaveanews.com\/#organization"}},{"@type":"WebPage","@id":"https:\/\/www.gaveanews.com\/index.php\/2022\/04\/21\/nivel-das-atuacoes-individuais-do-flamengo-chamou-muita-atencao\/","url":"https:\/\/www.gaveanews.com\/index.php\/2022\/04\/21\/nivel-das-atuacoes-individuais-do-flamengo-chamou-muita-atencao\/","name":"\"N\u00edvel das atua\u00e7\u00f5es individuais do Flamengo chamou muita aten\u00e7\u00e3o\"","isPartOf":{"@id":"https:\/\/www.gaveanews.com\/#website"},"primaryImageOfPage":{"@id":"https:\/\/www.gaveanews.com\/index.php\/2022\/04\/21\/nivel-das-atuacoes-individuais-do-flamengo-chamou-muita-atencao\/#primaryimage"},"image":{"@id":"https:\/\/www.gaveanews.com\/index.php\/2022\/04\/21\/nivel-das-atuacoes-individuais-do-flamengo-chamou-muita-atencao\/#primaryimage"},"thumbnailUrl":"https:\/\/www.gaveanews.com\/wp-content\/uploads\/Jogadores-do-Flamengo-se-reunem-antes-de-classico-contra-o-Fluminense.webp","datePublished":"2022-04-21T04:14:59+00:00","author":{"@id":"https:\/\/www.gaveanews.com\/#\/schema\/person\/2ec14f73fb96be2caf28f91afb14749d"},"breadcrumb":{"@id":"https:\/\/www.gaveanews.com\/index.php\/2022\/04\/21\/nivel-das-atuacoes-individuais-do-flamengo-chamou-muita-atencao\/#breadcrumb"},"inLanguage":"pt-BR","potentialAction":[{"@type":"ReadAction","target":["https:\/\/www.gaveanews.com\/index.php\/2022\/04\/21\/nivel-das-atuacoes-individuais-do-flamengo-chamou-muita-atencao\/"]}]},{"@type":"ImageObject","inLanguage":"pt-BR","@id":"https:\/\/www.gaveanews.com\/index.php\/2022\/04\/21\/nivel-das-atuacoes-individuais-do-flamengo-chamou-muita-atencao\/#primaryimage","url":"https:\/\/www.gaveanews.com\/wp-content\/uploads\/Jogadores-do-Flamengo-se-reunem-antes-de-classico-contra-o-Fluminense.webp","contentUrl":"https:\/\/www.gaveanews.com\/wp-content\/uploads\/Jogadores-do-Flamengo-se-reunem-antes-de-classico-contra-o-Fluminense.webp","width":799,"height":533},{"@type":"BreadcrumbList","@id":"https:\/\/www.gaveanews.com\/index.php\/2022\/04\/21\/nivel-das-atuacoes-individuais-do-flamengo-chamou-muita-atencao\/#breadcrumb","itemListElement":[{"@type":"ListItem","position":1,"name":"Home","item":"https:\/\/www.gaveanews.com\/"},{"@type":"ListItem","position":2,"name":"&#8220;N\u00edvel das atua\u00e7\u00f5es individuais do Flamengo chamou muita aten\u00e7\u00e3o&#8221;"}]},{"@type":"WebSite","@id":"https:\/\/www.gaveanews.com\/#website","url":"https:\/\/www.gaveanews.com\/","name":"G\u00e1vea News","description":"Veja todas as not\u00edcias sobre o Flamengo: Contrata\u00e7\u00f5es, categorias de base, resultados das partidas, tabela de classifica\u00e7\u00e3o, pr\u00f3ximos jogos!","potentialAction":[{"@type":"SearchAction","target":{"@type":"EntryPoint","urlTemplate":"https:\/\/www.gaveanews.com\/?s={search_term_string}"},"query-input":{"@type":"PropertyValueSpecification","valueRequired":true,"valueName":"search_term_string"}}],"inLanguage":"pt-BR"},{"@type":"Person","@id":"https:\/\/www.gaveanews.com\/#\/schema\/person\/2ec14f73fb96be2caf28f91afb14749d","name":"Equipe G\u00e1vea News","image":{"@type":"ImageObject","inLanguage":"pt-BR","@id":"https:\/\/www.gaveanews.com\/#\/schema\/person\/image\/","url":"https:\/\/secure.gravatar.com\/avatar\/1e1956f1facbffd3f8fa53a326721950116b3b9dc9bd44939c01180fd4a745a9?s=96&d=mm&r=g","contentUrl":"https:\/\/secure.gravatar.com\/avatar\/1e1956f1facbffd3f8fa53a326721950116b3b9dc9bd44939c01180fd4a745a9?s=96&d=mm&r=g","caption":"Equipe G\u00e1vea News"}}]}},"_links":{"self":[{"href":"https:\/\/www.gaveanews.com\/index.php\/wp-json\/wp\/v2\/posts\/80390","targetHints":{"allow":["GET"]}}],"collection":[{"href":"https:\/\/www.gaveanews.com\/index.php\/wp-json\/wp\/v2\/posts"}],"about":[{"href":"https:\/\/www.gaveanews.com\/index.php\/wp-json\/wp\/v2\/types\/post"}],"author":[{"embeddable":true,"href":"https:\/\/www.gaveanews.com\/index.php\/wp-json\/wp\/v2\/users\/1"}],"replies":[{"embeddable":true,"href":"https:\/\/www.gaveanews.com\/index.php\/wp-json\/wp\/v2\/comments?post=80390"}],"version-history":[{"count":0,"href":"https:\/\/www.gaveanews.com\/index.php\/wp-json\/wp\/v2\/posts\/80390\/revisions"}],"wp:featuredmedia":[{"embeddable":true,"href":"https:\/\/www.gaveanews.com\/index.php\/wp-json\/wp\/v2\/media\/79198"}],"wp:attachment":[{"href":"https:\/\/www.gaveanews.com\/index.php\/wp-json\/wp\/v2\/media?parent=80390"}],"wp:term":[{"taxonomy":"category","embeddable":true,"href":"https:\/\/www.gaveanews.com\/index.php\/wp-json\/wp\/v2\/categories?post=80390"},{"taxonomy":"post_tag","embeddable":true,"href":"https:\/\/www.gaveanews.com\/index.php\/wp-json\/wp\/v2\/tags?post=80390"}],"curies":[{"name":"wp","href":"https:\/\/api.w.org\/{rel}","templated":true}]}}