{"id":80403,"date":"2022-04-21T14:48:29","date_gmt":"2022-04-21T17:48:29","guid":{"rendered":"https:\/\/www.gaveanews.com\/?p=80403"},"modified":"2022-04-21T14:48:29","modified_gmt":"2022-04-21T17:48:29","slug":"flamengo-quebra-recorde-de-publico-rubro-negro-tera-sequencia-fora-de-casa","status":"publish","type":"post","link":"https:\/\/www.gaveanews.com\/index.php\/2022\/04\/21\/flamengo-quebra-recorde-de-publico-rubro-negro-tera-sequencia-fora-de-casa\/","title":{"rendered":"Flamengo quebra recorde de p\u00fablico; rubro-negro ter\u00e1 sequencia fora de casa"},"content":{"rendered":"<p>O Flamengo presenciou um feito hist\u00f3rico na noite da \u00faltima quarta-feira, quando, no empate com o Palmeiras sem gols, recebeu 69.997 torcedores presentes (64.816 pagantes) no Maracan\u00e3, o que configurou um novo recorde de p\u00fablico no est\u00e1dio &#8211; em partidas de clubes &#8211; ap\u00f3s a reforma para a Copa do Mundo de 2014. E o Rubro-Negro, agora, ficar\u00e1 sem atuar por l\u00e1 por 17 dias.<\/p>\n<p>Ser\u00e3o quatro jogos consecutivos atuando fora de casa, sendo um pelo Brasileiro, o pr\u00f3ximo, dois pela fase de grupos da Libertadores e um pela Copa do Brasil, pela ida da terceira fase.<\/p>\n<p>O intervalo incomum ocorre j\u00e1 que o jogo contra o Palmeiras no Rio foi antecipado a fim de preservar o descanso dos atletas das duas equipes em fun\u00e7\u00e3o dos seus respectivos compromissos na Libertadores. Assim, o Fla entrar\u00e1 em campo pela Copa do Brasil em dois fins de semana, o que tamb\u00e9m \u00e9 raro.<\/p>\n<p>E o reencontro do Flamengo com a sua torcida ocorrer\u00e1 logo em um cl\u00e1ssico. No dia 8 de maio (domingo), o time de Paulo Sousa enfrentar\u00e1 o Botafogo, pela quinta rodada do Brasileir\u00e3o, novamente no Maracan\u00e3 &#8211; como mandante.<\/p>\n<p>Neste momento, o Flamengo soma cinco pontos em tr\u00eas jogos no Brasileiro, cujo pr\u00f3ximo rival ser\u00e1 o Athletico-PR. Na Libertadores, est\u00e1 com 100% de aproveitamento depois de realizar dois jogos, liderando o Grupo H. J\u00e1 na Copa do Brasil, a enfrentar o Altos-PI, estrear\u00e1 nesta edi\u00e7\u00e3o no dia 1\u00ba de maio.<\/p>\n<p><strong>Confira o calend\u00e1rio at\u00e9 o reencontro com a torcida no Maracan\u00e3:<\/strong><\/p>\n<ul>\n<li>23\/04 &#8211; Athletico x Flamengo &#8211; Arena da Baixada, 16h30 \/ Brasileir\u00e3o<\/li>\n<li>28\/04 &#8211; Universidad Cat\u00f3lica-CHI x Flamengo &#8211; Est\u00e1dio San Carlos de Apoquindo, 19h \/ Libertadores<\/li>\n<li>01\/05 &#8211; Altos-PI x Flamengo &#8211; Est\u00e1dio Albert\u00e3o, 18h \/ Copa do Brasil<\/li>\n<li>04\/05 &#8211; Talleres-ARG x Flamengo &#8211; Est\u00e1dio Mario Alberto Kempes, 19h \/ Libertadores<\/li>\n<li>08\/05 &#8211; Flamengo x Botafogo &#8211; Maracan\u00e3, 11h \/ Brasileiro<\/li>\n<\/ul>\n<p>Retirado de: Lance<\/p>\n","protected":false},"excerpt":{"rendered":"<p>O Flamengo presenciou um feito hist\u00f3rico na noite da \u00faltima quarta-feira, quando, no empate com o Palmeiras sem gols, recebeu 69.997 torcedores presentes (64.816 pagantes) no Maracan\u00e3, o que configurou um novo recorde de p\u00fablico no est\u00e1dio &#8211; em partidas de clubes &#8211; ap\u00f3s a reforma para a Copa do Mundo de 2014. E o [&hellip;]<\/p>\n","protected":false},"author":1,"featured_media":78297,"comment_status":"open","ping_status":"closed","sticky":false,"template":"","format":"standard","meta":{"footnotes":""},"categories":[47],"tags":[],"class_list":["post-80403","post","type-post","status-publish","format-standard","has-post-thumbnail","hentry","category-destaques"],"yoast_head":"<!-- This site is optimized with the Yoast SEO Premium plugin v24.2 (Yoast SEO v26.9) - https:\/\/yoast.com\/product\/yoast-seo-premium-wordpress\/ -->\n<title>Flamengo quebra recorde de p\u00fablico; rubro-negro ter\u00e1 sequencia fora de casa<\/title>\n<meta name=\"robots\" content=\"index, follow, max-snippet:-1, max-image-preview:large, max-video-preview:-1\" \/>\n<link rel=\"canonical\" href=\"https:\/\/www.gaveanews.com\/index.php\/2022\/04\/21\/flamengo-quebra-recorde-de-publico-rubro-negro-tera-sequencia-fora-de-casa\/\" \/>\n<meta property=\"og:locale\" content=\"pt_BR\" \/>\n<meta property=\"og:type\" content=\"article\" \/>\n<meta property=\"og:title\" content=\"Flamengo quebra recorde de p\u00fablico; rubro-negro ter\u00e1 sequencia fora de casa\" \/>\n<meta property=\"og:description\" content=\"O Flamengo presenciou um feito hist\u00f3rico na noite da \u00faltima quarta-feira, quando, no empate com o Palmeiras sem gols, recebeu 69.997 torcedores presentes (64.816 pagantes) no Maracan\u00e3, o que configurou um novo recorde de p\u00fablico no est\u00e1dio &#8211; em partidas de clubes &#8211; ap\u00f3s a reforma para a Copa do Mundo de 2014. E o [&hellip;]\" \/>\n<meta property=\"og:url\" content=\"https:\/\/www.gaveanews.com\/index.php\/2022\/04\/21\/flamengo-quebra-recorde-de-publico-rubro-negro-tera-sequencia-fora-de-casa\/\" \/>\n<meta property=\"og:site_name\" content=\"G\u00e1vea News\" \/>\n<meta property=\"article:publisher\" content=\"https:\/\/facebook.com\/gaveaNews\/\" \/>\n<meta property=\"article:published_time\" content=\"2022-04-21T17:48:29+00:00\" \/>\n<meta property=\"og:image\" content=\"https:\/\/www.gaveanews.com\/wp-content\/uploads\/Torcida-do-Flamengo-enche-o-Maracana-na-ultima-rodada-da-Taca-Guanabara-2022.webp\" \/>\n\t<meta property=\"og:image:width\" content=\"799\" \/>\n\t<meta property=\"og:image:height\" content=\"532\" \/>\n\t<meta property=\"og:image:type\" content=\"image\/jpeg\" \/>\n<meta name=\"author\" content=\"Equipe G\u00e1vea News\" \/>\n<meta name=\"twitter:card\" content=\"summary_large_image\" \/>\n<meta name=\"twitter:label1\" content=\"Escrito por\" \/>\n\t<meta name=\"twitter:data1\" content=\"Equipe G\u00e1vea News\" \/>\n\t<meta name=\"twitter:label2\" content=\"Est. tempo de leitura\" \/>\n\t<meta name=\"twitter:data2\" content=\"2 minutos\" \/>\n<script type=\"application\/ld+json\" class=\"yoast-schema-graph\">{\"@context\":\"https:\/\/schema.org\",\"@graph\":[{\"@type\":\"NewsArticle\",\"@id\":\"https:\/\/www.gaveanews.com\/index.php\/2022\/04\/21\/flamengo-quebra-recorde-de-publico-rubro-negro-tera-sequencia-fora-de-casa\/#article\",\"isPartOf\":{\"@id\":\"https:\/\/www.gaveanews.com\/index.php\/2022\/04\/21\/flamengo-quebra-recorde-de-publico-rubro-negro-tera-sequencia-fora-de-casa\/\"},\"author\":{\"name\":\"Equipe G\u00e1vea News\",\"@id\":\"https:\/\/www.gaveanews.com\/#\/schema\/person\/2ec14f73fb96be2caf28f91afb14749d\"},\"headline\":\"Flamengo quebra recorde de p\u00fablico; rubro-negro ter\u00e1 sequencia fora de casa\",\"datePublished\":\"2022-04-21T17:48:29+00:00\",\"mainEntityOfPage\":{\"@id\":\"https:\/\/www.gaveanews.com\/index.php\/2022\/04\/21\/flamengo-quebra-recorde-de-publico-rubro-negro-tera-sequencia-fora-de-casa\/\"},\"wordCount\":332,\"commentCount\":0,\"image\":{\"@id\":\"https:\/\/www.gaveanews.com\/index.php\/2022\/04\/21\/flamengo-quebra-recorde-de-publico-rubro-negro-tera-sequencia-fora-de-casa\/#primaryimage\"},\"thumbnailUrl\":\"https:\/\/www.gaveanews.com\/wp-content\/uploads\/Torcida-do-Flamengo-enche-o-Maracana-na-ultima-rodada-da-Taca-Guanabara-2022.webp\",\"articleSection\":[\"Destaques\"],\"inLanguage\":\"pt-BR\",\"potentialAction\":[{\"@type\":\"CommentAction\",\"name\":\"Comment\",\"target\":[\"https:\/\/www.gaveanews.com\/index.php\/2022\/04\/21\/flamengo-quebra-recorde-de-publico-rubro-negro-tera-sequencia-fora-de-casa\/#respond\"]}],\"copyrightYear\":\"2022\",\"copyrightHolder\":{\"@id\":\"https:\/\/www.gaveanews.com\/#organization\"}},{\"@type\":\"WebPage\",\"@id\":\"https:\/\/www.gaveanews.com\/index.php\/2022\/04\/21\/flamengo-quebra-recorde-de-publico-rubro-negro-tera-sequencia-fora-de-casa\/\",\"url\":\"https:\/\/www.gaveanews.com\/index.php\/2022\/04\/21\/flamengo-quebra-recorde-de-publico-rubro-negro-tera-sequencia-fora-de-casa\/\",\"name\":\"Flamengo quebra recorde de p\u00fablico; rubro-negro ter\u00e1 sequencia fora de casa\",\"isPartOf\":{\"@id\":\"https:\/\/www.gaveanews.com\/#website\"},\"primaryImageOfPage\":{\"@id\":\"https:\/\/www.gaveanews.com\/index.php\/2022\/04\/21\/flamengo-quebra-recorde-de-publico-rubro-negro-tera-sequencia-fora-de-casa\/#primaryimage\"},\"image\":{\"@id\":\"https:\/\/www.gaveanews.com\/index.php\/2022\/04\/21\/flamengo-quebra-recorde-de-publico-rubro-negro-tera-sequencia-fora-de-casa\/#primaryimage\"},\"thumbnailUrl\":\"https:\/\/www.gaveanews.com\/wp-content\/uploads\/Torcida-do-Flamengo-enche-o-Maracana-na-ultima-rodada-da-Taca-Guanabara-2022.webp\",\"datePublished\":\"2022-04-21T17:48:29+00:00\",\"author\":{\"@id\":\"https:\/\/www.gaveanews.com\/#\/schema\/person\/2ec14f73fb96be2caf28f91afb14749d\"},\"breadcrumb\":{\"@id\":\"https:\/\/www.gaveanews.com\/index.php\/2022\/04\/21\/flamengo-quebra-recorde-de-publico-rubro-negro-tera-sequencia-fora-de-casa\/#breadcrumb\"},\"inLanguage\":\"pt-BR\",\"potentialAction\":[{\"@type\":\"ReadAction\",\"target\":[\"https:\/\/www.gaveanews.com\/index.php\/2022\/04\/21\/flamengo-quebra-recorde-de-publico-rubro-negro-tera-sequencia-fora-de-casa\/\"]}]},{\"@type\":\"ImageObject\",\"inLanguage\":\"pt-BR\",\"@id\":\"https:\/\/www.gaveanews.com\/index.php\/2022\/04\/21\/flamengo-quebra-recorde-de-publico-rubro-negro-tera-sequencia-fora-de-casa\/#primaryimage\",\"url\":\"https:\/\/www.gaveanews.com\/wp-content\/uploads\/Torcida-do-Flamengo-enche-o-Maracana-na-ultima-rodada-da-Taca-Guanabara-2022.webp\",\"contentUrl\":\"https:\/\/www.gaveanews.com\/wp-content\/uploads\/Torcida-do-Flamengo-enche-o-Maracana-na-ultima-rodada-da-Taca-Guanabara-2022.webp\",\"width\":799,\"height\":532,\"caption\":\"Torcida do Flamengo enche o Maracan\u00e3 na \u00faltima rodada da Ta\u00e7a Guanabara 2022 (Foto: Paula Reis\/Flamengo)\"},{\"@type\":\"BreadcrumbList\",\"@id\":\"https:\/\/www.gaveanews.com\/index.php\/2022\/04\/21\/flamengo-quebra-recorde-de-publico-rubro-negro-tera-sequencia-fora-de-casa\/#breadcrumb\",\"itemListElement\":[{\"@type\":\"ListItem\",\"position\":1,\"name\":\"Home\",\"item\":\"https:\/\/www.gaveanews.com\/\"},{\"@type\":\"ListItem\",\"position\":2,\"name\":\"Flamengo quebra recorde de p\u00fablico; rubro-negro ter\u00e1 sequencia fora de casa\"}]},{\"@type\":\"WebSite\",\"@id\":\"https:\/\/www.gaveanews.com\/#website\",\"url\":\"https:\/\/www.gaveanews.com\/\",\"name\":\"G\u00e1vea News\",\"description\":\"Veja todas as not\u00edcias sobre o Flamengo: Contrata\u00e7\u00f5es, categorias de base, resultados das partidas, tabela de classifica\u00e7\u00e3o, pr\u00f3ximos jogos!\",\"potentialAction\":[{\"@type\":\"SearchAction\",\"target\":{\"@type\":\"EntryPoint\",\"urlTemplate\":\"https:\/\/www.gaveanews.com\/?s={search_term_string}\"},\"query-input\":{\"@type\":\"PropertyValueSpecification\",\"valueRequired\":true,\"valueName\":\"search_term_string\"}}],\"inLanguage\":\"pt-BR\"},{\"@type\":\"Person\",\"@id\":\"https:\/\/www.gaveanews.com\/#\/schema\/person\/2ec14f73fb96be2caf28f91afb14749d\",\"name\":\"Equipe G\u00e1vea News\",\"image\":{\"@type\":\"ImageObject\",\"inLanguage\":\"pt-BR\",\"@id\":\"https:\/\/www.gaveanews.com\/#\/schema\/person\/image\/\",\"url\":\"https:\/\/secure.gravatar.com\/avatar\/1e1956f1facbffd3f8fa53a326721950116b3b9dc9bd44939c01180fd4a745a9?s=96&d=mm&r=g\",\"contentUrl\":\"https:\/\/secure.gravatar.com\/avatar\/1e1956f1facbffd3f8fa53a326721950116b3b9dc9bd44939c01180fd4a745a9?s=96&d=mm&r=g\",\"caption\":\"Equipe G\u00e1vea News\"}}]}<\/script>\n<!-- \/ Yoast SEO Premium plugin. -->","yoast_head_json":{"title":"Flamengo quebra recorde de p\u00fablico; rubro-negro ter\u00e1 sequencia fora de casa","robots":{"index":"index","follow":"follow","max-snippet":"max-snippet:-1","max-image-preview":"max-image-preview:large","max-video-preview":"max-video-preview:-1"},"canonical":"https:\/\/www.gaveanews.com\/index.php\/2022\/04\/21\/flamengo-quebra-recorde-de-publico-rubro-negro-tera-sequencia-fora-de-casa\/","og_locale":"pt_BR","og_type":"article","og_title":"Flamengo quebra recorde de p\u00fablico; rubro-negro ter\u00e1 sequencia fora de casa","og_description":"O Flamengo presenciou um feito hist\u00f3rico na noite da \u00faltima quarta-feira, quando, no empate com o Palmeiras sem gols, recebeu 69.997 torcedores presentes (64.816 pagantes) no Maracan\u00e3, o que configurou um novo recorde de p\u00fablico no est\u00e1dio &#8211; em partidas de clubes &#8211; ap\u00f3s a reforma para a Copa do Mundo de 2014. E o [&hellip;]","og_url":"https:\/\/www.gaveanews.com\/index.php\/2022\/04\/21\/flamengo-quebra-recorde-de-publico-rubro-negro-tera-sequencia-fora-de-casa\/","og_site_name":"G\u00e1vea News","article_publisher":"https:\/\/facebook.com\/gaveaNews\/","article_published_time":"2022-04-21T17:48:29+00:00","og_image":[{"width":799,"height":532,"url":"https:\/\/www.gaveanews.com\/wp-content\/uploads\/Torcida-do-Flamengo-enche-o-Maracana-na-ultima-rodada-da-Taca-Guanabara-2022.webp","type":"image\/jpeg"}],"author":"Equipe G\u00e1vea News","twitter_card":"summary_large_image","twitter_misc":{"Escrito por":"Equipe G\u00e1vea News","Est. tempo de leitura":"2 minutos"},"schema":{"@context":"https:\/\/schema.org","@graph":[{"@type":"NewsArticle","@id":"https:\/\/www.gaveanews.com\/index.php\/2022\/04\/21\/flamengo-quebra-recorde-de-publico-rubro-negro-tera-sequencia-fora-de-casa\/#article","isPartOf":{"@id":"https:\/\/www.gaveanews.com\/index.php\/2022\/04\/21\/flamengo-quebra-recorde-de-publico-rubro-negro-tera-sequencia-fora-de-casa\/"},"author":{"name":"Equipe G\u00e1vea News","@id":"https:\/\/www.gaveanews.com\/#\/schema\/person\/2ec14f73fb96be2caf28f91afb14749d"},"headline":"Flamengo quebra recorde de p\u00fablico; rubro-negro ter\u00e1 sequencia fora de casa","datePublished":"2022-04-21T17:48:29+00:00","mainEntityOfPage":{"@id":"https:\/\/www.gaveanews.com\/index.php\/2022\/04\/21\/flamengo-quebra-recorde-de-publico-rubro-negro-tera-sequencia-fora-de-casa\/"},"wordCount":332,"commentCount":0,"image":{"@id":"https:\/\/www.gaveanews.com\/index.php\/2022\/04\/21\/flamengo-quebra-recorde-de-publico-rubro-negro-tera-sequencia-fora-de-casa\/#primaryimage"},"thumbnailUrl":"https:\/\/www.gaveanews.com\/wp-content\/uploads\/Torcida-do-Flamengo-enche-o-Maracana-na-ultima-rodada-da-Taca-Guanabara-2022.webp","articleSection":["Destaques"],"inLanguage":"pt-BR","potentialAction":[{"@type":"CommentAction","name":"Comment","target":["https:\/\/www.gaveanews.com\/index.php\/2022\/04\/21\/flamengo-quebra-recorde-de-publico-rubro-negro-tera-sequencia-fora-de-casa\/#respond"]}],"copyrightYear":"2022","copyrightHolder":{"@id":"https:\/\/www.gaveanews.com\/#organization"}},{"@type":"WebPage","@id":"https:\/\/www.gaveanews.com\/index.php\/2022\/04\/21\/flamengo-quebra-recorde-de-publico-rubro-negro-tera-sequencia-fora-de-casa\/","url":"https:\/\/www.gaveanews.com\/index.php\/2022\/04\/21\/flamengo-quebra-recorde-de-publico-rubro-negro-tera-sequencia-fora-de-casa\/","name":"Flamengo quebra recorde de p\u00fablico; rubro-negro ter\u00e1 sequencia fora de casa","isPartOf":{"@id":"https:\/\/www.gaveanews.com\/#website"},"primaryImageOfPage":{"@id":"https:\/\/www.gaveanews.com\/index.php\/2022\/04\/21\/flamengo-quebra-recorde-de-publico-rubro-negro-tera-sequencia-fora-de-casa\/#primaryimage"},"image":{"@id":"https:\/\/www.gaveanews.com\/index.php\/2022\/04\/21\/flamengo-quebra-recorde-de-publico-rubro-negro-tera-sequencia-fora-de-casa\/#primaryimage"},"thumbnailUrl":"https:\/\/www.gaveanews.com\/wp-content\/uploads\/Torcida-do-Flamengo-enche-o-Maracana-na-ultima-rodada-da-Taca-Guanabara-2022.webp","datePublished":"2022-04-21T17:48:29+00:00","author":{"@id":"https:\/\/www.gaveanews.com\/#\/schema\/person\/2ec14f73fb96be2caf28f91afb14749d"},"breadcrumb":{"@id":"https:\/\/www.gaveanews.com\/index.php\/2022\/04\/21\/flamengo-quebra-recorde-de-publico-rubro-negro-tera-sequencia-fora-de-casa\/#breadcrumb"},"inLanguage":"pt-BR","potentialAction":[{"@type":"ReadAction","target":["https:\/\/www.gaveanews.com\/index.php\/2022\/04\/21\/flamengo-quebra-recorde-de-publico-rubro-negro-tera-sequencia-fora-de-casa\/"]}]},{"@type":"ImageObject","inLanguage":"pt-BR","@id":"https:\/\/www.gaveanews.com\/index.php\/2022\/04\/21\/flamengo-quebra-recorde-de-publico-rubro-negro-tera-sequencia-fora-de-casa\/#primaryimage","url":"https:\/\/www.gaveanews.com\/wp-content\/uploads\/Torcida-do-Flamengo-enche-o-Maracana-na-ultima-rodada-da-Taca-Guanabara-2022.webp","contentUrl":"https:\/\/www.gaveanews.com\/wp-content\/uploads\/Torcida-do-Flamengo-enche-o-Maracana-na-ultima-rodada-da-Taca-Guanabara-2022.webp","width":799,"height":532,"caption":"Torcida do Flamengo enche o Maracan\u00e3 na \u00faltima rodada da Ta\u00e7a Guanabara 2022 (Foto: Paula Reis\/Flamengo)"},{"@type":"BreadcrumbList","@id":"https:\/\/www.gaveanews.com\/index.php\/2022\/04\/21\/flamengo-quebra-recorde-de-publico-rubro-negro-tera-sequencia-fora-de-casa\/#breadcrumb","itemListElement":[{"@type":"ListItem","position":1,"name":"Home","item":"https:\/\/www.gaveanews.com\/"},{"@type":"ListItem","position":2,"name":"Flamengo quebra recorde de p\u00fablico; rubro-negro ter\u00e1 sequencia fora de casa"}]},{"@type":"WebSite","@id":"https:\/\/www.gaveanews.com\/#website","url":"https:\/\/www.gaveanews.com\/","name":"G\u00e1vea News","description":"Veja todas as not\u00edcias sobre o Flamengo: Contrata\u00e7\u00f5es, categorias de base, resultados das partidas, tabela de classifica\u00e7\u00e3o, pr\u00f3ximos jogos!","potentialAction":[{"@type":"SearchAction","target":{"@type":"EntryPoint","urlTemplate":"https:\/\/www.gaveanews.com\/?s={search_term_string}"},"query-input":{"@type":"PropertyValueSpecification","valueRequired":true,"valueName":"search_term_string"}}],"inLanguage":"pt-BR"},{"@type":"Person","@id":"https:\/\/www.gaveanews.com\/#\/schema\/person\/2ec14f73fb96be2caf28f91afb14749d","name":"Equipe G\u00e1vea News","image":{"@type":"ImageObject","inLanguage":"pt-BR","@id":"https:\/\/www.gaveanews.com\/#\/schema\/person\/image\/","url":"https:\/\/secure.gravatar.com\/avatar\/1e1956f1facbffd3f8fa53a326721950116b3b9dc9bd44939c01180fd4a745a9?s=96&d=mm&r=g","contentUrl":"https:\/\/secure.gravatar.com\/avatar\/1e1956f1facbffd3f8fa53a326721950116b3b9dc9bd44939c01180fd4a745a9?s=96&d=mm&r=g","caption":"Equipe G\u00e1vea News"}}]}},"_links":{"self":[{"href":"https:\/\/www.gaveanews.com\/index.php\/wp-json\/wp\/v2\/posts\/80403","targetHints":{"allow":["GET"]}}],"collection":[{"href":"https:\/\/www.gaveanews.com\/index.php\/wp-json\/wp\/v2\/posts"}],"about":[{"href":"https:\/\/www.gaveanews.com\/index.php\/wp-json\/wp\/v2\/types\/post"}],"author":[{"embeddable":true,"href":"https:\/\/www.gaveanews.com\/index.php\/wp-json\/wp\/v2\/users\/1"}],"replies":[{"embeddable":true,"href":"https:\/\/www.gaveanews.com\/index.php\/wp-json\/wp\/v2\/comments?post=80403"}],"version-history":[{"count":0,"href":"https:\/\/www.gaveanews.com\/index.php\/wp-json\/wp\/v2\/posts\/80403\/revisions"}],"wp:featuredmedia":[{"embeddable":true,"href":"https:\/\/www.gaveanews.com\/index.php\/wp-json\/wp\/v2\/media\/78297"}],"wp:attachment":[{"href":"https:\/\/www.gaveanews.com\/index.php\/wp-json\/wp\/v2\/media?parent=80403"}],"wp:term":[{"taxonomy":"category","embeddable":true,"href":"https:\/\/www.gaveanews.com\/index.php\/wp-json\/wp\/v2\/categories?post=80403"},{"taxonomy":"post_tag","embeddable":true,"href":"https:\/\/www.gaveanews.com\/index.php\/wp-json\/wp\/v2\/tags?post=80403"}],"curies":[{"name":"wp","href":"https:\/\/api.w.org\/{rel}","templated":true}]}}