{"id":80418,"date":"2022-04-21T18:06:27","date_gmt":"2022-04-21T21:06:27","guid":{"rendered":"https:\/\/www.gaveanews.com\/?p=80418"},"modified":"2022-04-21T18:06:27","modified_gmt":"2022-04-21T21:06:27","slug":"paulo-sousa-do-flamengo-fala-sobre-pedro-e-critica-imprensa","status":"publish","type":"post","link":"https:\/\/www.gaveanews.com\/index.php\/2022\/04\/21\/paulo-sousa-do-flamengo-fala-sobre-pedro-e-critica-imprensa\/","title":{"rendered":"Paulo Sousa, do Flamengo, fala sobre Pedro e critica imprensa"},"content":{"rendered":"<p>Flamengo e Palmeiras empataram por 0 a 0 no Maracan\u00e3 nesta quarta-feira (20) em \u00f3tima partida adiantada da 4\u00aa rodada do Campeonato Brasileiro. Do banco, Pedro, centroavante do Rubro-Negro, viu o placar n\u00e3o ser aberto.<\/p>\n<p>Em entrevista coletiva ap\u00f3s o confronto, Paulo Sousa foi questionado sobre a op\u00e7\u00e3o de ter deixado o atacante na reserva durante os 90 minutos e revelou que teve conversas com o jogador, mas nenhuma em rela\u00e7\u00e3o \u00e0 minutagem.<\/p>\n<p><em><strong>\u2014 Tivemos v\u00e1rias conversas, mas n\u00e3o tivemos nada sobre minutagem. Jogos s\u00e3o diferentes. Disponibilidade do Pedro e de todos tem que ser m\u00e1xima, porque qualquer momento a equipe precisa deles, e eles t\u00eam que estar prontos para poderem performar da melhor forma<\/strong><\/em>, come\u00e7ou por afirmar, antes de abordar o tema da sinergia com o torcedor, chegando a criticar como a imprensa mexe com o clima do dia a dia.<\/p>\n<p><em><strong>\u2014 Em rela\u00e7\u00e3o \u00e0 sinergia, como disse na coletiva anterior, tem que ser constante. No Flamengo, quando ganha estamos no c\u00e9u, quando perdemos, estamos no inferno. H\u00e1 muita volatilidade, muito originado por voc\u00eas. Acho que os torcedores t\u00eam que ser representados no campo pelos jogadores. Eles t\u00eam que sentir que demos tudo. Podemos ter uma menor performance \u00e0 n\u00edvel t\u00e9cnico, mas \u00e0 n\u00edvel de dar tudo, eles t\u00eam que nos reconhecer. Isso que pretendemos. Essa sinergia de dar tudo para ganharmos, hoje merecemos ganhar<\/strong><\/em>, finalizou.<\/p>\n<p>Com o resultado, o Flamengo vai a 5 pontos e dorme na 3\u00aa coloca\u00e7\u00e3o do Campeonato Brasileiro. J\u00e1 o Palmeiras, que segue sem vencer, chega a 2 pontos e est\u00e1 em 15\u00ba lugar no momento.<\/p>\n<p>Os dois times voltam a campo neste s\u00e1bado (23), em partidas pela 3\u00aa rodada do Campeonato Brasileiro. \u00c0s 16h30 (de Bras\u00edlia), o Flamengo visita o Athletico-PR. Mais tarde, \u00e0s 19h, o Palmeiras faz d\u00e9rbi contra o Corinthians.<\/p>\n<p>Retirado de: ESPN<\/p>\n","protected":false},"excerpt":{"rendered":"<p>Flamengo e Palmeiras empataram por 0 a 0 no Maracan\u00e3 nesta quarta-feira (20) em \u00f3tima partida adiantada da 4\u00aa rodada do Campeonato Brasileiro. Do banco, Pedro, centroavante do Rubro-Negro, viu o placar n\u00e3o ser aberto. Em entrevista coletiva ap\u00f3s o confronto, Paulo Sousa foi questionado sobre a op\u00e7\u00e3o de ter deixado o atacante na reserva [&hellip;]<\/p>\n","protected":false},"author":1,"featured_media":74868,"comment_status":"open","ping_status":"closed","sticky":false,"template":"","format":"standard","meta":{"footnotes":""},"categories":[47],"tags":[],"class_list":["post-80418","post","type-post","status-publish","format-standard","has-post-thumbnail","hentry","category-destaques"],"yoast_head":"<!-- This site is optimized with the Yoast SEO Premium plugin v24.2 (Yoast SEO v26.9) - https:\/\/yoast.com\/product\/yoast-seo-premium-wordpress\/ -->\n<title>Paulo Sousa, do Flamengo, fala sobre Pedro e critica imprensa<\/title>\n<meta name=\"robots\" content=\"index, follow, max-snippet:-1, max-image-preview:large, max-video-preview:-1\" \/>\n<link rel=\"canonical\" href=\"https:\/\/www.gaveanews.com\/index.php\/2022\/04\/21\/paulo-sousa-do-flamengo-fala-sobre-pedro-e-critica-imprensa\/\" \/>\n<meta property=\"og:locale\" content=\"pt_BR\" \/>\n<meta property=\"og:type\" content=\"article\" \/>\n<meta property=\"og:title\" content=\"Paulo Sousa, do Flamengo, fala sobre Pedro e critica imprensa\" \/>\n<meta property=\"og:description\" content=\"Flamengo e Palmeiras empataram por 0 a 0 no Maracan\u00e3 nesta quarta-feira (20) em \u00f3tima partida adiantada da 4\u00aa rodada do Campeonato Brasileiro. Do banco, Pedro, centroavante do Rubro-Negro, viu o placar n\u00e3o ser aberto. Em entrevista coletiva ap\u00f3s o confronto, Paulo Sousa foi questionado sobre a op\u00e7\u00e3o de ter deixado o atacante na reserva [&hellip;]\" \/>\n<meta property=\"og:url\" content=\"https:\/\/www.gaveanews.com\/index.php\/2022\/04\/21\/paulo-sousa-do-flamengo-fala-sobre-pedro-e-critica-imprensa\/\" \/>\n<meta property=\"og:site_name\" content=\"G\u00e1vea News\" \/>\n<meta property=\"article:publisher\" content=\"https:\/\/facebook.com\/gaveaNews\/\" \/>\n<meta property=\"article:published_time\" content=\"2022-04-21T21:06:27+00:00\" \/>\n<meta property=\"og:image\" content=\"https:\/\/www.gaveanews.com\/wp-content\/uploads\/Pedro-em-treinamento-do-Flamengo-no-Ninho-do-Urubu.webp\" \/>\n\t<meta property=\"og:image:width\" content=\"799\" \/>\n\t<meta property=\"og:image:height\" content=\"533\" \/>\n\t<meta property=\"og:image:type\" content=\"image\/jpeg\" \/>\n<meta name=\"author\" content=\"Equipe G\u00e1vea News\" \/>\n<meta name=\"twitter:card\" content=\"summary_large_image\" \/>\n<meta name=\"twitter:label1\" content=\"Escrito por\" \/>\n\t<meta name=\"twitter:data1\" content=\"Equipe G\u00e1vea News\" \/>\n\t<meta name=\"twitter:label2\" content=\"Est. tempo de leitura\" \/>\n\t<meta name=\"twitter:data2\" content=\"2 minutos\" \/>\n<script type=\"application\/ld+json\" class=\"yoast-schema-graph\">{\"@context\":\"https:\/\/schema.org\",\"@graph\":[{\"@type\":\"NewsArticle\",\"@id\":\"https:\/\/www.gaveanews.com\/index.php\/2022\/04\/21\/paulo-sousa-do-flamengo-fala-sobre-pedro-e-critica-imprensa\/#article\",\"isPartOf\":{\"@id\":\"https:\/\/www.gaveanews.com\/index.php\/2022\/04\/21\/paulo-sousa-do-flamengo-fala-sobre-pedro-e-critica-imprensa\/\"},\"author\":{\"name\":\"Equipe G\u00e1vea News\",\"@id\":\"https:\/\/www.gaveanews.com\/#\/schema\/person\/2ec14f73fb96be2caf28f91afb14749d\"},\"headline\":\"Paulo Sousa, do Flamengo, fala sobre Pedro e critica imprensa\",\"datePublished\":\"2022-04-21T21:06:27+00:00\",\"mainEntityOfPage\":{\"@id\":\"https:\/\/www.gaveanews.com\/index.php\/2022\/04\/21\/paulo-sousa-do-flamengo-fala-sobre-pedro-e-critica-imprensa\/\"},\"wordCount\":318,\"commentCount\":0,\"image\":{\"@id\":\"https:\/\/www.gaveanews.com\/index.php\/2022\/04\/21\/paulo-sousa-do-flamengo-fala-sobre-pedro-e-critica-imprensa\/#primaryimage\"},\"thumbnailUrl\":\"https:\/\/www.gaveanews.com\/wp-content\/uploads\/Pedro-em-treinamento-do-Flamengo-no-Ninho-do-Urubu.webp\",\"articleSection\":[\"Destaques\"],\"inLanguage\":\"pt-BR\",\"potentialAction\":[{\"@type\":\"CommentAction\",\"name\":\"Comment\",\"target\":[\"https:\/\/www.gaveanews.com\/index.php\/2022\/04\/21\/paulo-sousa-do-flamengo-fala-sobre-pedro-e-critica-imprensa\/#respond\"]}],\"copyrightYear\":\"2022\",\"copyrightHolder\":{\"@id\":\"https:\/\/www.gaveanews.com\/#organization\"}},{\"@type\":\"WebPage\",\"@id\":\"https:\/\/www.gaveanews.com\/index.php\/2022\/04\/21\/paulo-sousa-do-flamengo-fala-sobre-pedro-e-critica-imprensa\/\",\"url\":\"https:\/\/www.gaveanews.com\/index.php\/2022\/04\/21\/paulo-sousa-do-flamengo-fala-sobre-pedro-e-critica-imprensa\/\",\"name\":\"Paulo Sousa, do Flamengo, fala sobre Pedro e critica imprensa\",\"isPartOf\":{\"@id\":\"https:\/\/www.gaveanews.com\/#website\"},\"primaryImageOfPage\":{\"@id\":\"https:\/\/www.gaveanews.com\/index.php\/2022\/04\/21\/paulo-sousa-do-flamengo-fala-sobre-pedro-e-critica-imprensa\/#primaryimage\"},\"image\":{\"@id\":\"https:\/\/www.gaveanews.com\/index.php\/2022\/04\/21\/paulo-sousa-do-flamengo-fala-sobre-pedro-e-critica-imprensa\/#primaryimage\"},\"thumbnailUrl\":\"https:\/\/www.gaveanews.com\/wp-content\/uploads\/Pedro-em-treinamento-do-Flamengo-no-Ninho-do-Urubu.webp\",\"datePublished\":\"2022-04-21T21:06:27+00:00\",\"author\":{\"@id\":\"https:\/\/www.gaveanews.com\/#\/schema\/person\/2ec14f73fb96be2caf28f91afb14749d\"},\"breadcrumb\":{\"@id\":\"https:\/\/www.gaveanews.com\/index.php\/2022\/04\/21\/paulo-sousa-do-flamengo-fala-sobre-pedro-e-critica-imprensa\/#breadcrumb\"},\"inLanguage\":\"pt-BR\",\"potentialAction\":[{\"@type\":\"ReadAction\",\"target\":[\"https:\/\/www.gaveanews.com\/index.php\/2022\/04\/21\/paulo-sousa-do-flamengo-fala-sobre-pedro-e-critica-imprensa\/\"]}]},{\"@type\":\"ImageObject\",\"inLanguage\":\"pt-BR\",\"@id\":\"https:\/\/www.gaveanews.com\/index.php\/2022\/04\/21\/paulo-sousa-do-flamengo-fala-sobre-pedro-e-critica-imprensa\/#primaryimage\",\"url\":\"https:\/\/www.gaveanews.com\/wp-content\/uploads\/Pedro-em-treinamento-do-Flamengo-no-Ninho-do-Urubu.webp\",\"contentUrl\":\"https:\/\/www.gaveanews.com\/wp-content\/uploads\/Pedro-em-treinamento-do-Flamengo-no-Ninho-do-Urubu.webp\",\"width\":799,\"height\":533,\"caption\":\"Pedro em treinamento do Flamengo no Ninho do Urubu (Foto: Marcelo Cortes\/Flamengo)\"},{\"@type\":\"BreadcrumbList\",\"@id\":\"https:\/\/www.gaveanews.com\/index.php\/2022\/04\/21\/paulo-sousa-do-flamengo-fala-sobre-pedro-e-critica-imprensa\/#breadcrumb\",\"itemListElement\":[{\"@type\":\"ListItem\",\"position\":1,\"name\":\"Home\",\"item\":\"https:\/\/www.gaveanews.com\/\"},{\"@type\":\"ListItem\",\"position\":2,\"name\":\"Paulo Sousa, do Flamengo, fala sobre Pedro e critica imprensa\"}]},{\"@type\":\"WebSite\",\"@id\":\"https:\/\/www.gaveanews.com\/#website\",\"url\":\"https:\/\/www.gaveanews.com\/\",\"name\":\"G\u00e1vea News\",\"description\":\"Veja todas as not\u00edcias sobre o Flamengo: Contrata\u00e7\u00f5es, categorias de base, resultados das partidas, tabela de classifica\u00e7\u00e3o, pr\u00f3ximos jogos!\",\"potentialAction\":[{\"@type\":\"SearchAction\",\"target\":{\"@type\":\"EntryPoint\",\"urlTemplate\":\"https:\/\/www.gaveanews.com\/?s={search_term_string}\"},\"query-input\":{\"@type\":\"PropertyValueSpecification\",\"valueRequired\":true,\"valueName\":\"search_term_string\"}}],\"inLanguage\":\"pt-BR\"},{\"@type\":\"Person\",\"@id\":\"https:\/\/www.gaveanews.com\/#\/schema\/person\/2ec14f73fb96be2caf28f91afb14749d\",\"name\":\"Equipe G\u00e1vea News\",\"image\":{\"@type\":\"ImageObject\",\"inLanguage\":\"pt-BR\",\"@id\":\"https:\/\/www.gaveanews.com\/#\/schema\/person\/image\/\",\"url\":\"https:\/\/secure.gravatar.com\/avatar\/1e1956f1facbffd3f8fa53a326721950116b3b9dc9bd44939c01180fd4a745a9?s=96&d=mm&r=g\",\"contentUrl\":\"https:\/\/secure.gravatar.com\/avatar\/1e1956f1facbffd3f8fa53a326721950116b3b9dc9bd44939c01180fd4a745a9?s=96&d=mm&r=g\",\"caption\":\"Equipe G\u00e1vea News\"}}]}<\/script>\n<!-- \/ Yoast SEO Premium plugin. -->","yoast_head_json":{"title":"Paulo Sousa, do Flamengo, fala sobre Pedro e critica imprensa","robots":{"index":"index","follow":"follow","max-snippet":"max-snippet:-1","max-image-preview":"max-image-preview:large","max-video-preview":"max-video-preview:-1"},"canonical":"https:\/\/www.gaveanews.com\/index.php\/2022\/04\/21\/paulo-sousa-do-flamengo-fala-sobre-pedro-e-critica-imprensa\/","og_locale":"pt_BR","og_type":"article","og_title":"Paulo Sousa, do Flamengo, fala sobre Pedro e critica imprensa","og_description":"Flamengo e Palmeiras empataram por 0 a 0 no Maracan\u00e3 nesta quarta-feira (20) em \u00f3tima partida adiantada da 4\u00aa rodada do Campeonato Brasileiro. Do banco, Pedro, centroavante do Rubro-Negro, viu o placar n\u00e3o ser aberto. Em entrevista coletiva ap\u00f3s o confronto, Paulo Sousa foi questionado sobre a op\u00e7\u00e3o de ter deixado o atacante na reserva [&hellip;]","og_url":"https:\/\/www.gaveanews.com\/index.php\/2022\/04\/21\/paulo-sousa-do-flamengo-fala-sobre-pedro-e-critica-imprensa\/","og_site_name":"G\u00e1vea News","article_publisher":"https:\/\/facebook.com\/gaveaNews\/","article_published_time":"2022-04-21T21:06:27+00:00","og_image":[{"width":799,"height":533,"url":"https:\/\/www.gaveanews.com\/wp-content\/uploads\/Pedro-em-treinamento-do-Flamengo-no-Ninho-do-Urubu.webp","type":"image\/jpeg"}],"author":"Equipe G\u00e1vea News","twitter_card":"summary_large_image","twitter_misc":{"Escrito por":"Equipe G\u00e1vea News","Est. tempo de leitura":"2 minutos"},"schema":{"@context":"https:\/\/schema.org","@graph":[{"@type":"NewsArticle","@id":"https:\/\/www.gaveanews.com\/index.php\/2022\/04\/21\/paulo-sousa-do-flamengo-fala-sobre-pedro-e-critica-imprensa\/#article","isPartOf":{"@id":"https:\/\/www.gaveanews.com\/index.php\/2022\/04\/21\/paulo-sousa-do-flamengo-fala-sobre-pedro-e-critica-imprensa\/"},"author":{"name":"Equipe G\u00e1vea News","@id":"https:\/\/www.gaveanews.com\/#\/schema\/person\/2ec14f73fb96be2caf28f91afb14749d"},"headline":"Paulo Sousa, do Flamengo, fala sobre Pedro e critica imprensa","datePublished":"2022-04-21T21:06:27+00:00","mainEntityOfPage":{"@id":"https:\/\/www.gaveanews.com\/index.php\/2022\/04\/21\/paulo-sousa-do-flamengo-fala-sobre-pedro-e-critica-imprensa\/"},"wordCount":318,"commentCount":0,"image":{"@id":"https:\/\/www.gaveanews.com\/index.php\/2022\/04\/21\/paulo-sousa-do-flamengo-fala-sobre-pedro-e-critica-imprensa\/#primaryimage"},"thumbnailUrl":"https:\/\/www.gaveanews.com\/wp-content\/uploads\/Pedro-em-treinamento-do-Flamengo-no-Ninho-do-Urubu.webp","articleSection":["Destaques"],"inLanguage":"pt-BR","potentialAction":[{"@type":"CommentAction","name":"Comment","target":["https:\/\/www.gaveanews.com\/index.php\/2022\/04\/21\/paulo-sousa-do-flamengo-fala-sobre-pedro-e-critica-imprensa\/#respond"]}],"copyrightYear":"2022","copyrightHolder":{"@id":"https:\/\/www.gaveanews.com\/#organization"}},{"@type":"WebPage","@id":"https:\/\/www.gaveanews.com\/index.php\/2022\/04\/21\/paulo-sousa-do-flamengo-fala-sobre-pedro-e-critica-imprensa\/","url":"https:\/\/www.gaveanews.com\/index.php\/2022\/04\/21\/paulo-sousa-do-flamengo-fala-sobre-pedro-e-critica-imprensa\/","name":"Paulo Sousa, do Flamengo, fala sobre Pedro e critica imprensa","isPartOf":{"@id":"https:\/\/www.gaveanews.com\/#website"},"primaryImageOfPage":{"@id":"https:\/\/www.gaveanews.com\/index.php\/2022\/04\/21\/paulo-sousa-do-flamengo-fala-sobre-pedro-e-critica-imprensa\/#primaryimage"},"image":{"@id":"https:\/\/www.gaveanews.com\/index.php\/2022\/04\/21\/paulo-sousa-do-flamengo-fala-sobre-pedro-e-critica-imprensa\/#primaryimage"},"thumbnailUrl":"https:\/\/www.gaveanews.com\/wp-content\/uploads\/Pedro-em-treinamento-do-Flamengo-no-Ninho-do-Urubu.webp","datePublished":"2022-04-21T21:06:27+00:00","author":{"@id":"https:\/\/www.gaveanews.com\/#\/schema\/person\/2ec14f73fb96be2caf28f91afb14749d"},"breadcrumb":{"@id":"https:\/\/www.gaveanews.com\/index.php\/2022\/04\/21\/paulo-sousa-do-flamengo-fala-sobre-pedro-e-critica-imprensa\/#breadcrumb"},"inLanguage":"pt-BR","potentialAction":[{"@type":"ReadAction","target":["https:\/\/www.gaveanews.com\/index.php\/2022\/04\/21\/paulo-sousa-do-flamengo-fala-sobre-pedro-e-critica-imprensa\/"]}]},{"@type":"ImageObject","inLanguage":"pt-BR","@id":"https:\/\/www.gaveanews.com\/index.php\/2022\/04\/21\/paulo-sousa-do-flamengo-fala-sobre-pedro-e-critica-imprensa\/#primaryimage","url":"https:\/\/www.gaveanews.com\/wp-content\/uploads\/Pedro-em-treinamento-do-Flamengo-no-Ninho-do-Urubu.webp","contentUrl":"https:\/\/www.gaveanews.com\/wp-content\/uploads\/Pedro-em-treinamento-do-Flamengo-no-Ninho-do-Urubu.webp","width":799,"height":533,"caption":"Pedro em treinamento do Flamengo no Ninho do Urubu (Foto: Marcelo Cortes\/Flamengo)"},{"@type":"BreadcrumbList","@id":"https:\/\/www.gaveanews.com\/index.php\/2022\/04\/21\/paulo-sousa-do-flamengo-fala-sobre-pedro-e-critica-imprensa\/#breadcrumb","itemListElement":[{"@type":"ListItem","position":1,"name":"Home","item":"https:\/\/www.gaveanews.com\/"},{"@type":"ListItem","position":2,"name":"Paulo Sousa, do Flamengo, fala sobre Pedro e critica imprensa"}]},{"@type":"WebSite","@id":"https:\/\/www.gaveanews.com\/#website","url":"https:\/\/www.gaveanews.com\/","name":"G\u00e1vea News","description":"Veja todas as not\u00edcias sobre o Flamengo: Contrata\u00e7\u00f5es, categorias de base, resultados das partidas, tabela de classifica\u00e7\u00e3o, pr\u00f3ximos jogos!","potentialAction":[{"@type":"SearchAction","target":{"@type":"EntryPoint","urlTemplate":"https:\/\/www.gaveanews.com\/?s={search_term_string}"},"query-input":{"@type":"PropertyValueSpecification","valueRequired":true,"valueName":"search_term_string"}}],"inLanguage":"pt-BR"},{"@type":"Person","@id":"https:\/\/www.gaveanews.com\/#\/schema\/person\/2ec14f73fb96be2caf28f91afb14749d","name":"Equipe G\u00e1vea News","image":{"@type":"ImageObject","inLanguage":"pt-BR","@id":"https:\/\/www.gaveanews.com\/#\/schema\/person\/image\/","url":"https:\/\/secure.gravatar.com\/avatar\/1e1956f1facbffd3f8fa53a326721950116b3b9dc9bd44939c01180fd4a745a9?s=96&d=mm&r=g","contentUrl":"https:\/\/secure.gravatar.com\/avatar\/1e1956f1facbffd3f8fa53a326721950116b3b9dc9bd44939c01180fd4a745a9?s=96&d=mm&r=g","caption":"Equipe G\u00e1vea News"}}]}},"_links":{"self":[{"href":"https:\/\/www.gaveanews.com\/index.php\/wp-json\/wp\/v2\/posts\/80418","targetHints":{"allow":["GET"]}}],"collection":[{"href":"https:\/\/www.gaveanews.com\/index.php\/wp-json\/wp\/v2\/posts"}],"about":[{"href":"https:\/\/www.gaveanews.com\/index.php\/wp-json\/wp\/v2\/types\/post"}],"author":[{"embeddable":true,"href":"https:\/\/www.gaveanews.com\/index.php\/wp-json\/wp\/v2\/users\/1"}],"replies":[{"embeddable":true,"href":"https:\/\/www.gaveanews.com\/index.php\/wp-json\/wp\/v2\/comments?post=80418"}],"version-history":[{"count":0,"href":"https:\/\/www.gaveanews.com\/index.php\/wp-json\/wp\/v2\/posts\/80418\/revisions"}],"wp:featuredmedia":[{"embeddable":true,"href":"https:\/\/www.gaveanews.com\/index.php\/wp-json\/wp\/v2\/media\/74868"}],"wp:attachment":[{"href":"https:\/\/www.gaveanews.com\/index.php\/wp-json\/wp\/v2\/media?parent=80418"}],"wp:term":[{"taxonomy":"category","embeddable":true,"href":"https:\/\/www.gaveanews.com\/index.php\/wp-json\/wp\/v2\/categories?post=80418"},{"taxonomy":"post_tag","embeddable":true,"href":"https:\/\/www.gaveanews.com\/index.php\/wp-json\/wp\/v2\/tags?post=80418"}],"curies":[{"name":"wp","href":"https:\/\/api.w.org\/{rel}","templated":true}]}}