{"id":80438,"date":"2022-04-22T08:20:51","date_gmt":"2022-04-22T11:20:51","guid":{"rendered":"https:\/\/www.gaveanews.com\/?p=80438"},"modified":"2022-04-22T08:20:51","modified_gmt":"2022-04-22T11:20:51","slug":"jornal-da-europa-exalta-joao-gomes-do-flamengo","status":"publish","type":"post","link":"https:\/\/www.gaveanews.com\/index.php\/2022\/04\/22\/jornal-da-europa-exalta-joao-gomes-do-flamengo\/","title":{"rendered":"Jornal da Europa exalta Jo\u00e3o Gomes, do Flamengo"},"content":{"rendered":"<p>As atua\u00e7\u00f5es defensivas de Jo\u00e3o Gomes, do Flamengo, neste come\u00e7o do Brasileir\u00e3o, t\u00eam chamado aten\u00e7\u00e3o at\u00e9 do outro lado do lado do oceano. O volante de 21 anos ganhou destaque em uma reportagem do jornal espanhol As, que o denomina de &#8220;o grande ladr\u00e3o de bolas&#8221; da competi\u00e7\u00e3o.<\/p>\n<p>O jornal afirma que o jogador tem se destacado no elenco Rubro-Negro, que recentemente perdeu a final do Campeonato Carioca para o Fluminense, e soma apenas cinco pontos em tr\u00eas partidas. Vale destacar que o time de Paulo Sousa ocupa a terceira posi\u00e7\u00e3o no Brasileir\u00e3o.<\/p>\n<p>&#8220;Jo\u00e3o Gomes no meio-campo tem sido uma figura indispens\u00e1vel para competir e manter a equipe arrumada&#8221;, escreveu o jornal.<\/p>\n<p>Com dados do Sofascore, a publica\u00e7\u00e3o destaca que, entre seus companheiros, o volante lidera as estat\u00edsticas de desarmes da competi\u00e7\u00e3o, que mais sofreu faltas e que mais completou passes certos. &#8220;Todos esses n\u00fameros falam de uma figura completa&#8221;, diz.<\/p>\n<p>&#8220;[Paulo] Sousa nos \u00faltimos jogos o utilizou como \u00e2ncora no meio-campo, junto com Thiago Maia. Essa capacidade de trabalho que oferece permite que outros como \u00c9verton Ribeiro, o jovem L\u00e1zaro ou De Arrascaeta fiquem mais livres das fun\u00e7\u00f5es defensivas. Isso permitiu que eles brilhassem mais, como aconteceu contra o Palmeiras, mesmo que o gol tenha sido negado&#8221;, finalizou.<\/p>\n<p>Retirado de: UOL<\/p>\n","protected":false},"excerpt":{"rendered":"<p>As atua\u00e7\u00f5es defensivas de Jo\u00e3o Gomes, do Flamengo, neste come\u00e7o do Brasileir\u00e3o, t\u00eam chamado aten\u00e7\u00e3o at\u00e9 do outro lado do lado do oceano. O volante de 21 anos ganhou destaque em uma reportagem do jornal espanhol As, que o denomina de &#8220;o grande ladr\u00e3o de bolas&#8221; da competi\u00e7\u00e3o. O jornal afirma que o jogador tem [&hellip;]<\/p>\n","protected":false},"author":1,"featured_media":73015,"comment_status":"open","ping_status":"closed","sticky":false,"template":"","format":"standard","meta":{"footnotes":""},"categories":[1],"tags":[],"class_list":["post-80438","post","type-post","status-publish","format-standard","has-post-thumbnail","hentry","category-flamengo"],"yoast_head":"<!-- This site is optimized with the Yoast SEO Premium plugin v24.2 (Yoast SEO v26.9) - https:\/\/yoast.com\/product\/yoast-seo-premium-wordpress\/ -->\n<title>Jornal da Europa exalta Jo\u00e3o Gomes, do Flamengo<\/title>\n<meta name=\"robots\" content=\"index, follow, max-snippet:-1, max-image-preview:large, max-video-preview:-1\" \/>\n<link rel=\"canonical\" href=\"https:\/\/www.gaveanews.com\/index.php\/2022\/04\/22\/jornal-da-europa-exalta-joao-gomes-do-flamengo\/\" \/>\n<meta property=\"og:locale\" content=\"pt_BR\" \/>\n<meta property=\"og:type\" content=\"article\" \/>\n<meta property=\"og:title\" content=\"Jornal da Europa exalta Jo\u00e3o Gomes, do Flamengo\" \/>\n<meta property=\"og:description\" content=\"As atua\u00e7\u00f5es defensivas de Jo\u00e3o Gomes, do Flamengo, neste come\u00e7o do Brasileir\u00e3o, t\u00eam chamado aten\u00e7\u00e3o at\u00e9 do outro lado do lado do oceano. O volante de 21 anos ganhou destaque em uma reportagem do jornal espanhol As, que o denomina de &#8220;o grande ladr\u00e3o de bolas&#8221; da competi\u00e7\u00e3o. O jornal afirma que o jogador tem [&hellip;]\" \/>\n<meta property=\"og:url\" content=\"https:\/\/www.gaveanews.com\/index.php\/2022\/04\/22\/jornal-da-europa-exalta-joao-gomes-do-flamengo\/\" \/>\n<meta property=\"og:site_name\" content=\"G\u00e1vea News\" \/>\n<meta property=\"article:publisher\" content=\"https:\/\/facebook.com\/gaveaNews\/\" \/>\n<meta property=\"article:published_time\" content=\"2022-04-22T11:20:51+00:00\" \/>\n<meta property=\"og:image\" content=\"https:\/\/www.gaveanews.com\/wp-content\/uploads\/Joao-Gomes-em-acao-pelo-Flamengo-contra-o-Santos-no-Campeonato-Brasileiro-2021.webp\" \/>\n\t<meta property=\"og:image:width\" content=\"799\" \/>\n\t<meta property=\"og:image:height\" content=\"532\" \/>\n\t<meta property=\"og:image:type\" content=\"image\/jpeg\" \/>\n<meta name=\"author\" content=\"Equipe G\u00e1vea News\" \/>\n<meta name=\"twitter:card\" content=\"summary_large_image\" \/>\n<meta name=\"twitter:label1\" content=\"Escrito por\" \/>\n\t<meta name=\"twitter:data1\" content=\"Equipe G\u00e1vea News\" \/>\n\t<meta name=\"twitter:label2\" content=\"Est. tempo de leitura\" \/>\n\t<meta name=\"twitter:data2\" content=\"2 minutos\" \/>\n<script type=\"application\/ld+json\" class=\"yoast-schema-graph\">{\"@context\":\"https:\/\/schema.org\",\"@graph\":[{\"@type\":\"NewsArticle\",\"@id\":\"https:\/\/www.gaveanews.com\/index.php\/2022\/04\/22\/jornal-da-europa-exalta-joao-gomes-do-flamengo\/#article\",\"isPartOf\":{\"@id\":\"https:\/\/www.gaveanews.com\/index.php\/2022\/04\/22\/jornal-da-europa-exalta-joao-gomes-do-flamengo\/\"},\"author\":{\"name\":\"Equipe G\u00e1vea News\",\"@id\":\"https:\/\/www.gaveanews.com\/#\/schema\/person\/2ec14f73fb96be2caf28f91afb14749d\"},\"headline\":\"Jornal da Europa exalta Jo\u00e3o Gomes, do Flamengo\",\"datePublished\":\"2022-04-22T11:20:51+00:00\",\"mainEntityOfPage\":{\"@id\":\"https:\/\/www.gaveanews.com\/index.php\/2022\/04\/22\/jornal-da-europa-exalta-joao-gomes-do-flamengo\/\"},\"wordCount\":239,\"commentCount\":0,\"image\":{\"@id\":\"https:\/\/www.gaveanews.com\/index.php\/2022\/04\/22\/jornal-da-europa-exalta-joao-gomes-do-flamengo\/#primaryimage\"},\"thumbnailUrl\":\"https:\/\/www.gaveanews.com\/wp-content\/uploads\/Joao-Gomes-em-acao-pelo-Flamengo-contra-o-Santos-no-Campeonato-Brasileiro-2021.webp\",\"articleSection\":[\"Flamengo\"],\"inLanguage\":\"pt-BR\",\"potentialAction\":[{\"@type\":\"CommentAction\",\"name\":\"Comment\",\"target\":[\"https:\/\/www.gaveanews.com\/index.php\/2022\/04\/22\/jornal-da-europa-exalta-joao-gomes-do-flamengo\/#respond\"]}],\"copyrightYear\":\"2022\",\"copyrightHolder\":{\"@id\":\"https:\/\/www.gaveanews.com\/#organization\"}},{\"@type\":\"WebPage\",\"@id\":\"https:\/\/www.gaveanews.com\/index.php\/2022\/04\/22\/jornal-da-europa-exalta-joao-gomes-do-flamengo\/\",\"url\":\"https:\/\/www.gaveanews.com\/index.php\/2022\/04\/22\/jornal-da-europa-exalta-joao-gomes-do-flamengo\/\",\"name\":\"Jornal da Europa exalta Jo\u00e3o Gomes, do Flamengo\",\"isPartOf\":{\"@id\":\"https:\/\/www.gaveanews.com\/#website\"},\"primaryImageOfPage\":{\"@id\":\"https:\/\/www.gaveanews.com\/index.php\/2022\/04\/22\/jornal-da-europa-exalta-joao-gomes-do-flamengo\/#primaryimage\"},\"image\":{\"@id\":\"https:\/\/www.gaveanews.com\/index.php\/2022\/04\/22\/jornal-da-europa-exalta-joao-gomes-do-flamengo\/#primaryimage\"},\"thumbnailUrl\":\"https:\/\/www.gaveanews.com\/wp-content\/uploads\/Joao-Gomes-em-acao-pelo-Flamengo-contra-o-Santos-no-Campeonato-Brasileiro-2021.webp\",\"datePublished\":\"2022-04-22T11:20:51+00:00\",\"author\":{\"@id\":\"https:\/\/www.gaveanews.com\/#\/schema\/person\/2ec14f73fb96be2caf28f91afb14749d\"},\"breadcrumb\":{\"@id\":\"https:\/\/www.gaveanews.com\/index.php\/2022\/04\/22\/jornal-da-europa-exalta-joao-gomes-do-flamengo\/#breadcrumb\"},\"inLanguage\":\"pt-BR\",\"potentialAction\":[{\"@type\":\"ReadAction\",\"target\":[\"https:\/\/www.gaveanews.com\/index.php\/2022\/04\/22\/jornal-da-europa-exalta-joao-gomes-do-flamengo\/\"]}]},{\"@type\":\"ImageObject\",\"inLanguage\":\"pt-BR\",\"@id\":\"https:\/\/www.gaveanews.com\/index.php\/2022\/04\/22\/jornal-da-europa-exalta-joao-gomes-do-flamengo\/#primaryimage\",\"url\":\"https:\/\/www.gaveanews.com\/wp-content\/uploads\/Joao-Gomes-em-acao-pelo-Flamengo-contra-o-Santos-no-Campeonato-Brasileiro-2021.webp\",\"contentUrl\":\"https:\/\/www.gaveanews.com\/wp-content\/uploads\/Joao-Gomes-em-acao-pelo-Flamengo-contra-o-Santos-no-Campeonato-Brasileiro-2021.webp\",\"width\":799,\"height\":532,\"caption\":\"Jo\u00e3o Gomes em a\u00e7\u00e3o pelo Flamengo contra o Santos no Campeonato Brasileiro 2021 (Foto: Marcelo Cortes\/Flamengo)\"},{\"@type\":\"BreadcrumbList\",\"@id\":\"https:\/\/www.gaveanews.com\/index.php\/2022\/04\/22\/jornal-da-europa-exalta-joao-gomes-do-flamengo\/#breadcrumb\",\"itemListElement\":[{\"@type\":\"ListItem\",\"position\":1,\"name\":\"Home\",\"item\":\"https:\/\/www.gaveanews.com\/\"},{\"@type\":\"ListItem\",\"position\":2,\"name\":\"Jornal da Europa exalta Jo\u00e3o Gomes, do Flamengo\"}]},{\"@type\":\"WebSite\",\"@id\":\"https:\/\/www.gaveanews.com\/#website\",\"url\":\"https:\/\/www.gaveanews.com\/\",\"name\":\"G\u00e1vea News\",\"description\":\"Veja todas as not\u00edcias sobre o Flamengo: Contrata\u00e7\u00f5es, categorias de base, resultados das partidas, tabela de classifica\u00e7\u00e3o, pr\u00f3ximos jogos!\",\"potentialAction\":[{\"@type\":\"SearchAction\",\"target\":{\"@type\":\"EntryPoint\",\"urlTemplate\":\"https:\/\/www.gaveanews.com\/?s={search_term_string}\"},\"query-input\":{\"@type\":\"PropertyValueSpecification\",\"valueRequired\":true,\"valueName\":\"search_term_string\"}}],\"inLanguage\":\"pt-BR\"},{\"@type\":\"Person\",\"@id\":\"https:\/\/www.gaveanews.com\/#\/schema\/person\/2ec14f73fb96be2caf28f91afb14749d\",\"name\":\"Equipe G\u00e1vea News\",\"image\":{\"@type\":\"ImageObject\",\"inLanguage\":\"pt-BR\",\"@id\":\"https:\/\/www.gaveanews.com\/#\/schema\/person\/image\/\",\"url\":\"https:\/\/secure.gravatar.com\/avatar\/1e1956f1facbffd3f8fa53a326721950116b3b9dc9bd44939c01180fd4a745a9?s=96&d=mm&r=g\",\"contentUrl\":\"https:\/\/secure.gravatar.com\/avatar\/1e1956f1facbffd3f8fa53a326721950116b3b9dc9bd44939c01180fd4a745a9?s=96&d=mm&r=g\",\"caption\":\"Equipe G\u00e1vea News\"}}]}<\/script>\n<!-- \/ Yoast SEO Premium plugin. -->","yoast_head_json":{"title":"Jornal da Europa exalta Jo\u00e3o Gomes, do Flamengo","robots":{"index":"index","follow":"follow","max-snippet":"max-snippet:-1","max-image-preview":"max-image-preview:large","max-video-preview":"max-video-preview:-1"},"canonical":"https:\/\/www.gaveanews.com\/index.php\/2022\/04\/22\/jornal-da-europa-exalta-joao-gomes-do-flamengo\/","og_locale":"pt_BR","og_type":"article","og_title":"Jornal da Europa exalta Jo\u00e3o Gomes, do Flamengo","og_description":"As atua\u00e7\u00f5es defensivas de Jo\u00e3o Gomes, do Flamengo, neste come\u00e7o do Brasileir\u00e3o, t\u00eam chamado aten\u00e7\u00e3o at\u00e9 do outro lado do lado do oceano. O volante de 21 anos ganhou destaque em uma reportagem do jornal espanhol As, que o denomina de &#8220;o grande ladr\u00e3o de bolas&#8221; da competi\u00e7\u00e3o. O jornal afirma que o jogador tem [&hellip;]","og_url":"https:\/\/www.gaveanews.com\/index.php\/2022\/04\/22\/jornal-da-europa-exalta-joao-gomes-do-flamengo\/","og_site_name":"G\u00e1vea News","article_publisher":"https:\/\/facebook.com\/gaveaNews\/","article_published_time":"2022-04-22T11:20:51+00:00","og_image":[{"width":799,"height":532,"url":"https:\/\/www.gaveanews.com\/wp-content\/uploads\/Joao-Gomes-em-acao-pelo-Flamengo-contra-o-Santos-no-Campeonato-Brasileiro-2021.webp","type":"image\/jpeg"}],"author":"Equipe G\u00e1vea News","twitter_card":"summary_large_image","twitter_misc":{"Escrito por":"Equipe G\u00e1vea News","Est. tempo de leitura":"2 minutos"},"schema":{"@context":"https:\/\/schema.org","@graph":[{"@type":"NewsArticle","@id":"https:\/\/www.gaveanews.com\/index.php\/2022\/04\/22\/jornal-da-europa-exalta-joao-gomes-do-flamengo\/#article","isPartOf":{"@id":"https:\/\/www.gaveanews.com\/index.php\/2022\/04\/22\/jornal-da-europa-exalta-joao-gomes-do-flamengo\/"},"author":{"name":"Equipe G\u00e1vea News","@id":"https:\/\/www.gaveanews.com\/#\/schema\/person\/2ec14f73fb96be2caf28f91afb14749d"},"headline":"Jornal da Europa exalta Jo\u00e3o Gomes, do Flamengo","datePublished":"2022-04-22T11:20:51+00:00","mainEntityOfPage":{"@id":"https:\/\/www.gaveanews.com\/index.php\/2022\/04\/22\/jornal-da-europa-exalta-joao-gomes-do-flamengo\/"},"wordCount":239,"commentCount":0,"image":{"@id":"https:\/\/www.gaveanews.com\/index.php\/2022\/04\/22\/jornal-da-europa-exalta-joao-gomes-do-flamengo\/#primaryimage"},"thumbnailUrl":"https:\/\/www.gaveanews.com\/wp-content\/uploads\/Joao-Gomes-em-acao-pelo-Flamengo-contra-o-Santos-no-Campeonato-Brasileiro-2021.webp","articleSection":["Flamengo"],"inLanguage":"pt-BR","potentialAction":[{"@type":"CommentAction","name":"Comment","target":["https:\/\/www.gaveanews.com\/index.php\/2022\/04\/22\/jornal-da-europa-exalta-joao-gomes-do-flamengo\/#respond"]}],"copyrightYear":"2022","copyrightHolder":{"@id":"https:\/\/www.gaveanews.com\/#organization"}},{"@type":"WebPage","@id":"https:\/\/www.gaveanews.com\/index.php\/2022\/04\/22\/jornal-da-europa-exalta-joao-gomes-do-flamengo\/","url":"https:\/\/www.gaveanews.com\/index.php\/2022\/04\/22\/jornal-da-europa-exalta-joao-gomes-do-flamengo\/","name":"Jornal da Europa exalta Jo\u00e3o Gomes, do Flamengo","isPartOf":{"@id":"https:\/\/www.gaveanews.com\/#website"},"primaryImageOfPage":{"@id":"https:\/\/www.gaveanews.com\/index.php\/2022\/04\/22\/jornal-da-europa-exalta-joao-gomes-do-flamengo\/#primaryimage"},"image":{"@id":"https:\/\/www.gaveanews.com\/index.php\/2022\/04\/22\/jornal-da-europa-exalta-joao-gomes-do-flamengo\/#primaryimage"},"thumbnailUrl":"https:\/\/www.gaveanews.com\/wp-content\/uploads\/Joao-Gomes-em-acao-pelo-Flamengo-contra-o-Santos-no-Campeonato-Brasileiro-2021.webp","datePublished":"2022-04-22T11:20:51+00:00","author":{"@id":"https:\/\/www.gaveanews.com\/#\/schema\/person\/2ec14f73fb96be2caf28f91afb14749d"},"breadcrumb":{"@id":"https:\/\/www.gaveanews.com\/index.php\/2022\/04\/22\/jornal-da-europa-exalta-joao-gomes-do-flamengo\/#breadcrumb"},"inLanguage":"pt-BR","potentialAction":[{"@type":"ReadAction","target":["https:\/\/www.gaveanews.com\/index.php\/2022\/04\/22\/jornal-da-europa-exalta-joao-gomes-do-flamengo\/"]}]},{"@type":"ImageObject","inLanguage":"pt-BR","@id":"https:\/\/www.gaveanews.com\/index.php\/2022\/04\/22\/jornal-da-europa-exalta-joao-gomes-do-flamengo\/#primaryimage","url":"https:\/\/www.gaveanews.com\/wp-content\/uploads\/Joao-Gomes-em-acao-pelo-Flamengo-contra-o-Santos-no-Campeonato-Brasileiro-2021.webp","contentUrl":"https:\/\/www.gaveanews.com\/wp-content\/uploads\/Joao-Gomes-em-acao-pelo-Flamengo-contra-o-Santos-no-Campeonato-Brasileiro-2021.webp","width":799,"height":532,"caption":"Jo\u00e3o Gomes em a\u00e7\u00e3o pelo Flamengo contra o Santos no Campeonato Brasileiro 2021 (Foto: Marcelo Cortes\/Flamengo)"},{"@type":"BreadcrumbList","@id":"https:\/\/www.gaveanews.com\/index.php\/2022\/04\/22\/jornal-da-europa-exalta-joao-gomes-do-flamengo\/#breadcrumb","itemListElement":[{"@type":"ListItem","position":1,"name":"Home","item":"https:\/\/www.gaveanews.com\/"},{"@type":"ListItem","position":2,"name":"Jornal da Europa exalta Jo\u00e3o Gomes, do Flamengo"}]},{"@type":"WebSite","@id":"https:\/\/www.gaveanews.com\/#website","url":"https:\/\/www.gaveanews.com\/","name":"G\u00e1vea News","description":"Veja todas as not\u00edcias sobre o Flamengo: Contrata\u00e7\u00f5es, categorias de base, resultados das partidas, tabela de classifica\u00e7\u00e3o, pr\u00f3ximos jogos!","potentialAction":[{"@type":"SearchAction","target":{"@type":"EntryPoint","urlTemplate":"https:\/\/www.gaveanews.com\/?s={search_term_string}"},"query-input":{"@type":"PropertyValueSpecification","valueRequired":true,"valueName":"search_term_string"}}],"inLanguage":"pt-BR"},{"@type":"Person","@id":"https:\/\/www.gaveanews.com\/#\/schema\/person\/2ec14f73fb96be2caf28f91afb14749d","name":"Equipe G\u00e1vea News","image":{"@type":"ImageObject","inLanguage":"pt-BR","@id":"https:\/\/www.gaveanews.com\/#\/schema\/person\/image\/","url":"https:\/\/secure.gravatar.com\/avatar\/1e1956f1facbffd3f8fa53a326721950116b3b9dc9bd44939c01180fd4a745a9?s=96&d=mm&r=g","contentUrl":"https:\/\/secure.gravatar.com\/avatar\/1e1956f1facbffd3f8fa53a326721950116b3b9dc9bd44939c01180fd4a745a9?s=96&d=mm&r=g","caption":"Equipe G\u00e1vea News"}}]}},"_links":{"self":[{"href":"https:\/\/www.gaveanews.com\/index.php\/wp-json\/wp\/v2\/posts\/80438","targetHints":{"allow":["GET"]}}],"collection":[{"href":"https:\/\/www.gaveanews.com\/index.php\/wp-json\/wp\/v2\/posts"}],"about":[{"href":"https:\/\/www.gaveanews.com\/index.php\/wp-json\/wp\/v2\/types\/post"}],"author":[{"embeddable":true,"href":"https:\/\/www.gaveanews.com\/index.php\/wp-json\/wp\/v2\/users\/1"}],"replies":[{"embeddable":true,"href":"https:\/\/www.gaveanews.com\/index.php\/wp-json\/wp\/v2\/comments?post=80438"}],"version-history":[{"count":0,"href":"https:\/\/www.gaveanews.com\/index.php\/wp-json\/wp\/v2\/posts\/80438\/revisions"}],"wp:featuredmedia":[{"embeddable":true,"href":"https:\/\/www.gaveanews.com\/index.php\/wp-json\/wp\/v2\/media\/73015"}],"wp:attachment":[{"href":"https:\/\/www.gaveanews.com\/index.php\/wp-json\/wp\/v2\/media?parent=80438"}],"wp:term":[{"taxonomy":"category","embeddable":true,"href":"https:\/\/www.gaveanews.com\/index.php\/wp-json\/wp\/v2\/categories?post=80438"},{"taxonomy":"post_tag","embeddable":true,"href":"https:\/\/www.gaveanews.com\/index.php\/wp-json\/wp\/v2\/tags?post=80438"}],"curies":[{"name":"wp","href":"https:\/\/api.w.org\/{rel}","templated":true}]}}