{"id":80560,"date":"2022-04-24T23:35:58","date_gmt":"2022-04-25T02:35:58","guid":{"rendered":"https:\/\/www.gaveanews.com\/?p=80560"},"modified":"2022-04-24T23:35:58","modified_gmt":"2022-04-25T02:35:58","slug":"flamengo-de-paulo-sousa-tem-menor-media-de-gols-desde-2018","status":"publish","type":"post","link":"https:\/\/www.gaveanews.com\/index.php\/2022\/04\/24\/flamengo-de-paulo-sousa-tem-menor-media-de-gols-desde-2018\/","title":{"rendered":"Flamengo de Paulo Sousa tem menor m\u00e9dia de gols desde 2018"},"content":{"rendered":"<p>Quatro jogos disputados, uma derrota, dois empates e apenas uma vit\u00f3ria. Um dos favoritos ao t\u00edtulo brasileiro, o Flamengo vem tendo um in\u00edcio ruim de campeonato. Muito por conta do baixo desempenho ofensivo da equipe, o que vinha sendo uma arma letal nos \u00faltimos anos.<\/p>\n<p>Neste s\u00e1bado, na derrota por 1 a 0 para o Athletico Paranaense, o Rubro-Negro Carioca completou dois jogos seguidos sem balan\u00e7ar as redes pela primeira vez no ano &#8211; havia empatado em 0 a 0 com o Palmeiras no meio de semana. Algo que n\u00e3o acontecia desde as \u00faltimas rodadas do Brasileir\u00e3o do ano passado, quando perdeu do Santos por 1 a 0 e sofreu um 2 a 0 do Atl\u00e9tico Goianiense.<\/p>\n<p>O problema, no entanto, vai al\u00e9m da sequ\u00eancia atual. Mesmo mantendo grande parte do seu ataque, a equipe vem tendo a sua pior m\u00e9dia de gols desde 2018. S\u00e3o 41 tentos em 22 partidas, um rendimento de 1,86 por confronto. N\u00famero inferior ao 2,08 de 2021 e ao 2,02 de m\u00e9dia de 2019, ficando pr\u00f3ximo do desempenho de 2020 (1,87 g\/j), mas tamb\u00e9m abaixo.<\/p>\n<p>Time que mais vezes balan\u00e7ou as redes desde 2019, liderando o ranking em todas as temporadas deste per\u00edodo, o Flamengo de Paulo Sousa hoje aparece apenas em 5\u00ba entre os clubes da S\u00e9rie A. Palmeiras, com 51, Atl\u00e9tico Mineiro, com 44, e S\u00e3o Paulo e Cuiab\u00e1, ambos com 42, aparecem \u00e0 sua frente.<\/p>\n<h2>Desempenho do Flamengo:<\/h2>\n<ul>\n<li>2018 &#8211; 94 gols em 67 jogos &#8211; 1,40 g\/j<\/li>\n<li>2019 &#8211; 150 gols em 74 jogos &#8211; 2,02 g\/j<\/li>\n<li>2020 &#8211; 131 gols em 70 jogos &#8211; 1,87 g\/j<\/li>\n<li>2021 &#8211; 156 gols em 75 jogos &#8211; 2,08 g\/j<\/li>\n<li>2022 &#8211; 41 gols em 22 jogos &#8211; 1,86 g\/j<\/li>\n<\/ul>\n<p>Retirado de: O Dia<\/p>\n","protected":false},"excerpt":{"rendered":"<p>Quatro jogos disputados, uma derrota, dois empates e apenas uma vit\u00f3ria. Um dos favoritos ao t\u00edtulo brasileiro, o Flamengo vem tendo um in\u00edcio ruim de campeonato. Muito por conta do baixo desempenho ofensivo da equipe, o que vinha sendo uma arma letal nos \u00faltimos anos. Neste s\u00e1bado, na derrota por 1 a 0 para o [&hellip;]<\/p>\n","protected":false},"author":1,"featured_media":78291,"comment_status":"open","ping_status":"closed","sticky":false,"template":"","format":"standard","meta":{"footnotes":""},"categories":[1],"tags":[],"class_list":["post-80560","post","type-post","status-publish","format-standard","has-post-thumbnail","hentry","category-flamengo"],"yoast_head":"<!-- This site is optimized with the Yoast SEO Premium plugin v24.2 (Yoast SEO v26.9) - https:\/\/yoast.com\/product\/yoast-seo-premium-wordpress\/ -->\n<title>Flamengo de Paulo Sousa tem menor m\u00e9dia de gols desde 2018<\/title>\n<meta name=\"robots\" content=\"index, follow, max-snippet:-1, max-image-preview:large, max-video-preview:-1\" \/>\n<link rel=\"canonical\" href=\"https:\/\/www.gaveanews.com\/index.php\/2022\/04\/24\/flamengo-de-paulo-sousa-tem-menor-media-de-gols-desde-2018\/\" \/>\n<meta property=\"og:locale\" content=\"pt_BR\" \/>\n<meta property=\"og:type\" content=\"article\" \/>\n<meta property=\"og:title\" content=\"Flamengo de Paulo Sousa tem menor m\u00e9dia de gols desde 2018\" \/>\n<meta property=\"og:description\" content=\"Quatro jogos disputados, uma derrota, dois empates e apenas uma vit\u00f3ria. Um dos favoritos ao t\u00edtulo brasileiro, o Flamengo vem tendo um in\u00edcio ruim de campeonato. Muito por conta do baixo desempenho ofensivo da equipe, o que vinha sendo uma arma letal nos \u00faltimos anos. Neste s\u00e1bado, na derrota por 1 a 0 para o [&hellip;]\" \/>\n<meta property=\"og:url\" content=\"https:\/\/www.gaveanews.com\/index.php\/2022\/04\/24\/flamengo-de-paulo-sousa-tem-menor-media-de-gols-desde-2018\/\" \/>\n<meta property=\"og:site_name\" content=\"G\u00e1vea News\" \/>\n<meta property=\"article:publisher\" content=\"https:\/\/facebook.com\/gaveaNews\/\" \/>\n<meta property=\"article:published_time\" content=\"2022-04-25T02:35:58+00:00\" \/>\n<meta property=\"og:image\" content=\"https:\/\/www.gaveanews.com\/wp-content\/uploads\/Paulo-Sousa-comanda-o-Flamengo-no-Maracana-pelo-Campeonato-Carioca-2022.webp\" \/>\n\t<meta property=\"og:image:width\" content=\"799\" \/>\n\t<meta property=\"og:image:height\" content=\"533\" \/>\n\t<meta property=\"og:image:type\" content=\"image\/jpeg\" \/>\n<meta name=\"author\" content=\"Equipe G\u00e1vea News\" \/>\n<meta name=\"twitter:card\" content=\"summary_large_image\" \/>\n<meta name=\"twitter:label1\" content=\"Escrito por\" \/>\n\t<meta name=\"twitter:data1\" content=\"Equipe G\u00e1vea News\" \/>\n\t<meta name=\"twitter:label2\" content=\"Est. tempo de leitura\" \/>\n\t<meta name=\"twitter:data2\" content=\"2 minutos\" \/>\n<script type=\"application\/ld+json\" class=\"yoast-schema-graph\">{\"@context\":\"https:\/\/schema.org\",\"@graph\":[{\"@type\":\"NewsArticle\",\"@id\":\"https:\/\/www.gaveanews.com\/index.php\/2022\/04\/24\/flamengo-de-paulo-sousa-tem-menor-media-de-gols-desde-2018\/#article\",\"isPartOf\":{\"@id\":\"https:\/\/www.gaveanews.com\/index.php\/2022\/04\/24\/flamengo-de-paulo-sousa-tem-menor-media-de-gols-desde-2018\/\"},\"author\":{\"name\":\"Equipe G\u00e1vea News\",\"@id\":\"https:\/\/www.gaveanews.com\/#\/schema\/person\/2ec14f73fb96be2caf28f91afb14749d\"},\"headline\":\"Flamengo de Paulo Sousa tem menor m\u00e9dia de gols desde 2018\",\"datePublished\":\"2022-04-25T02:35:58+00:00\",\"mainEntityOfPage\":{\"@id\":\"https:\/\/www.gaveanews.com\/index.php\/2022\/04\/24\/flamengo-de-paulo-sousa-tem-menor-media-de-gols-desde-2018\/\"},\"wordCount\":285,\"commentCount\":0,\"image\":{\"@id\":\"https:\/\/www.gaveanews.com\/index.php\/2022\/04\/24\/flamengo-de-paulo-sousa-tem-menor-media-de-gols-desde-2018\/#primaryimage\"},\"thumbnailUrl\":\"https:\/\/www.gaveanews.com\/wp-content\/uploads\/Paulo-Sousa-comanda-o-Flamengo-no-Maracana-pelo-Campeonato-Carioca-2022.webp\",\"articleSection\":[\"Flamengo\"],\"inLanguage\":\"pt-BR\",\"potentialAction\":[{\"@type\":\"CommentAction\",\"name\":\"Comment\",\"target\":[\"https:\/\/www.gaveanews.com\/index.php\/2022\/04\/24\/flamengo-de-paulo-sousa-tem-menor-media-de-gols-desde-2018\/#respond\"]}],\"copyrightYear\":\"2022\",\"copyrightHolder\":{\"@id\":\"https:\/\/www.gaveanews.com\/#organization\"}},{\"@type\":\"WebPage\",\"@id\":\"https:\/\/www.gaveanews.com\/index.php\/2022\/04\/24\/flamengo-de-paulo-sousa-tem-menor-media-de-gols-desde-2018\/\",\"url\":\"https:\/\/www.gaveanews.com\/index.php\/2022\/04\/24\/flamengo-de-paulo-sousa-tem-menor-media-de-gols-desde-2018\/\",\"name\":\"Flamengo de Paulo Sousa tem menor m\u00e9dia de gols desde 2018\",\"isPartOf\":{\"@id\":\"https:\/\/www.gaveanews.com\/#website\"},\"primaryImageOfPage\":{\"@id\":\"https:\/\/www.gaveanews.com\/index.php\/2022\/04\/24\/flamengo-de-paulo-sousa-tem-menor-media-de-gols-desde-2018\/#primaryimage\"},\"image\":{\"@id\":\"https:\/\/www.gaveanews.com\/index.php\/2022\/04\/24\/flamengo-de-paulo-sousa-tem-menor-media-de-gols-desde-2018\/#primaryimage\"},\"thumbnailUrl\":\"https:\/\/www.gaveanews.com\/wp-content\/uploads\/Paulo-Sousa-comanda-o-Flamengo-no-Maracana-pelo-Campeonato-Carioca-2022.webp\",\"datePublished\":\"2022-04-25T02:35:58+00:00\",\"author\":{\"@id\":\"https:\/\/www.gaveanews.com\/#\/schema\/person\/2ec14f73fb96be2caf28f91afb14749d\"},\"breadcrumb\":{\"@id\":\"https:\/\/www.gaveanews.com\/index.php\/2022\/04\/24\/flamengo-de-paulo-sousa-tem-menor-media-de-gols-desde-2018\/#breadcrumb\"},\"inLanguage\":\"pt-BR\",\"potentialAction\":[{\"@type\":\"ReadAction\",\"target\":[\"https:\/\/www.gaveanews.com\/index.php\/2022\/04\/24\/flamengo-de-paulo-sousa-tem-menor-media-de-gols-desde-2018\/\"]}]},{\"@type\":\"ImageObject\",\"inLanguage\":\"pt-BR\",\"@id\":\"https:\/\/www.gaveanews.com\/index.php\/2022\/04\/24\/flamengo-de-paulo-sousa-tem-menor-media-de-gols-desde-2018\/#primaryimage\",\"url\":\"https:\/\/www.gaveanews.com\/wp-content\/uploads\/Paulo-Sousa-comanda-o-Flamengo-no-Maracana-pelo-Campeonato-Carioca-2022.webp\",\"contentUrl\":\"https:\/\/www.gaveanews.com\/wp-content\/uploads\/Paulo-Sousa-comanda-o-Flamengo-no-Maracana-pelo-Campeonato-Carioca-2022.webp\",\"width\":799,\"height\":533,\"caption\":\"Paulo Sousa comanda o Flamengo no Maracan\u00e3 pelo Campeonato Carioca 2022 (Foto: Gilvan de Souza\/Flamengo)\"},{\"@type\":\"BreadcrumbList\",\"@id\":\"https:\/\/www.gaveanews.com\/index.php\/2022\/04\/24\/flamengo-de-paulo-sousa-tem-menor-media-de-gols-desde-2018\/#breadcrumb\",\"itemListElement\":[{\"@type\":\"ListItem\",\"position\":1,\"name\":\"Home\",\"item\":\"https:\/\/www.gaveanews.com\/\"},{\"@type\":\"ListItem\",\"position\":2,\"name\":\"Flamengo de Paulo Sousa tem menor m\u00e9dia de gols desde 2018\"}]},{\"@type\":\"WebSite\",\"@id\":\"https:\/\/www.gaveanews.com\/#website\",\"url\":\"https:\/\/www.gaveanews.com\/\",\"name\":\"G\u00e1vea News\",\"description\":\"Veja todas as not\u00edcias sobre o Flamengo: Contrata\u00e7\u00f5es, categorias de base, resultados das partidas, tabela de classifica\u00e7\u00e3o, pr\u00f3ximos jogos!\",\"potentialAction\":[{\"@type\":\"SearchAction\",\"target\":{\"@type\":\"EntryPoint\",\"urlTemplate\":\"https:\/\/www.gaveanews.com\/?s={search_term_string}\"},\"query-input\":{\"@type\":\"PropertyValueSpecification\",\"valueRequired\":true,\"valueName\":\"search_term_string\"}}],\"inLanguage\":\"pt-BR\"},{\"@type\":\"Person\",\"@id\":\"https:\/\/www.gaveanews.com\/#\/schema\/person\/2ec14f73fb96be2caf28f91afb14749d\",\"name\":\"Equipe G\u00e1vea News\",\"image\":{\"@type\":\"ImageObject\",\"inLanguage\":\"pt-BR\",\"@id\":\"https:\/\/www.gaveanews.com\/#\/schema\/person\/image\/\",\"url\":\"https:\/\/secure.gravatar.com\/avatar\/1e1956f1facbffd3f8fa53a326721950116b3b9dc9bd44939c01180fd4a745a9?s=96&d=mm&r=g\",\"contentUrl\":\"https:\/\/secure.gravatar.com\/avatar\/1e1956f1facbffd3f8fa53a326721950116b3b9dc9bd44939c01180fd4a745a9?s=96&d=mm&r=g\",\"caption\":\"Equipe G\u00e1vea News\"}}]}<\/script>\n<!-- \/ Yoast SEO Premium plugin. -->","yoast_head_json":{"title":"Flamengo de Paulo Sousa tem menor m\u00e9dia de gols desde 2018","robots":{"index":"index","follow":"follow","max-snippet":"max-snippet:-1","max-image-preview":"max-image-preview:large","max-video-preview":"max-video-preview:-1"},"canonical":"https:\/\/www.gaveanews.com\/index.php\/2022\/04\/24\/flamengo-de-paulo-sousa-tem-menor-media-de-gols-desde-2018\/","og_locale":"pt_BR","og_type":"article","og_title":"Flamengo de Paulo Sousa tem menor m\u00e9dia de gols desde 2018","og_description":"Quatro jogos disputados, uma derrota, dois empates e apenas uma vit\u00f3ria. Um dos favoritos ao t\u00edtulo brasileiro, o Flamengo vem tendo um in\u00edcio ruim de campeonato. Muito por conta do baixo desempenho ofensivo da equipe, o que vinha sendo uma arma letal nos \u00faltimos anos. Neste s\u00e1bado, na derrota por 1 a 0 para o [&hellip;]","og_url":"https:\/\/www.gaveanews.com\/index.php\/2022\/04\/24\/flamengo-de-paulo-sousa-tem-menor-media-de-gols-desde-2018\/","og_site_name":"G\u00e1vea News","article_publisher":"https:\/\/facebook.com\/gaveaNews\/","article_published_time":"2022-04-25T02:35:58+00:00","og_image":[{"width":799,"height":533,"url":"https:\/\/www.gaveanews.com\/wp-content\/uploads\/Paulo-Sousa-comanda-o-Flamengo-no-Maracana-pelo-Campeonato-Carioca-2022.webp","type":"image\/jpeg"}],"author":"Equipe G\u00e1vea News","twitter_card":"summary_large_image","twitter_misc":{"Escrito por":"Equipe G\u00e1vea News","Est. tempo de leitura":"2 minutos"},"schema":{"@context":"https:\/\/schema.org","@graph":[{"@type":"NewsArticle","@id":"https:\/\/www.gaveanews.com\/index.php\/2022\/04\/24\/flamengo-de-paulo-sousa-tem-menor-media-de-gols-desde-2018\/#article","isPartOf":{"@id":"https:\/\/www.gaveanews.com\/index.php\/2022\/04\/24\/flamengo-de-paulo-sousa-tem-menor-media-de-gols-desde-2018\/"},"author":{"name":"Equipe G\u00e1vea News","@id":"https:\/\/www.gaveanews.com\/#\/schema\/person\/2ec14f73fb96be2caf28f91afb14749d"},"headline":"Flamengo de Paulo Sousa tem menor m\u00e9dia de gols desde 2018","datePublished":"2022-04-25T02:35:58+00:00","mainEntityOfPage":{"@id":"https:\/\/www.gaveanews.com\/index.php\/2022\/04\/24\/flamengo-de-paulo-sousa-tem-menor-media-de-gols-desde-2018\/"},"wordCount":285,"commentCount":0,"image":{"@id":"https:\/\/www.gaveanews.com\/index.php\/2022\/04\/24\/flamengo-de-paulo-sousa-tem-menor-media-de-gols-desde-2018\/#primaryimage"},"thumbnailUrl":"https:\/\/www.gaveanews.com\/wp-content\/uploads\/Paulo-Sousa-comanda-o-Flamengo-no-Maracana-pelo-Campeonato-Carioca-2022.webp","articleSection":["Flamengo"],"inLanguage":"pt-BR","potentialAction":[{"@type":"CommentAction","name":"Comment","target":["https:\/\/www.gaveanews.com\/index.php\/2022\/04\/24\/flamengo-de-paulo-sousa-tem-menor-media-de-gols-desde-2018\/#respond"]}],"copyrightYear":"2022","copyrightHolder":{"@id":"https:\/\/www.gaveanews.com\/#organization"}},{"@type":"WebPage","@id":"https:\/\/www.gaveanews.com\/index.php\/2022\/04\/24\/flamengo-de-paulo-sousa-tem-menor-media-de-gols-desde-2018\/","url":"https:\/\/www.gaveanews.com\/index.php\/2022\/04\/24\/flamengo-de-paulo-sousa-tem-menor-media-de-gols-desde-2018\/","name":"Flamengo de Paulo Sousa tem menor m\u00e9dia de gols desde 2018","isPartOf":{"@id":"https:\/\/www.gaveanews.com\/#website"},"primaryImageOfPage":{"@id":"https:\/\/www.gaveanews.com\/index.php\/2022\/04\/24\/flamengo-de-paulo-sousa-tem-menor-media-de-gols-desde-2018\/#primaryimage"},"image":{"@id":"https:\/\/www.gaveanews.com\/index.php\/2022\/04\/24\/flamengo-de-paulo-sousa-tem-menor-media-de-gols-desde-2018\/#primaryimage"},"thumbnailUrl":"https:\/\/www.gaveanews.com\/wp-content\/uploads\/Paulo-Sousa-comanda-o-Flamengo-no-Maracana-pelo-Campeonato-Carioca-2022.webp","datePublished":"2022-04-25T02:35:58+00:00","author":{"@id":"https:\/\/www.gaveanews.com\/#\/schema\/person\/2ec14f73fb96be2caf28f91afb14749d"},"breadcrumb":{"@id":"https:\/\/www.gaveanews.com\/index.php\/2022\/04\/24\/flamengo-de-paulo-sousa-tem-menor-media-de-gols-desde-2018\/#breadcrumb"},"inLanguage":"pt-BR","potentialAction":[{"@type":"ReadAction","target":["https:\/\/www.gaveanews.com\/index.php\/2022\/04\/24\/flamengo-de-paulo-sousa-tem-menor-media-de-gols-desde-2018\/"]}]},{"@type":"ImageObject","inLanguage":"pt-BR","@id":"https:\/\/www.gaveanews.com\/index.php\/2022\/04\/24\/flamengo-de-paulo-sousa-tem-menor-media-de-gols-desde-2018\/#primaryimage","url":"https:\/\/www.gaveanews.com\/wp-content\/uploads\/Paulo-Sousa-comanda-o-Flamengo-no-Maracana-pelo-Campeonato-Carioca-2022.webp","contentUrl":"https:\/\/www.gaveanews.com\/wp-content\/uploads\/Paulo-Sousa-comanda-o-Flamengo-no-Maracana-pelo-Campeonato-Carioca-2022.webp","width":799,"height":533,"caption":"Paulo Sousa comanda o Flamengo no Maracan\u00e3 pelo Campeonato Carioca 2022 (Foto: Gilvan de Souza\/Flamengo)"},{"@type":"BreadcrumbList","@id":"https:\/\/www.gaveanews.com\/index.php\/2022\/04\/24\/flamengo-de-paulo-sousa-tem-menor-media-de-gols-desde-2018\/#breadcrumb","itemListElement":[{"@type":"ListItem","position":1,"name":"Home","item":"https:\/\/www.gaveanews.com\/"},{"@type":"ListItem","position":2,"name":"Flamengo de Paulo Sousa tem menor m\u00e9dia de gols desde 2018"}]},{"@type":"WebSite","@id":"https:\/\/www.gaveanews.com\/#website","url":"https:\/\/www.gaveanews.com\/","name":"G\u00e1vea News","description":"Veja todas as not\u00edcias sobre o Flamengo: Contrata\u00e7\u00f5es, categorias de base, resultados das partidas, tabela de classifica\u00e7\u00e3o, pr\u00f3ximos jogos!","potentialAction":[{"@type":"SearchAction","target":{"@type":"EntryPoint","urlTemplate":"https:\/\/www.gaveanews.com\/?s={search_term_string}"},"query-input":{"@type":"PropertyValueSpecification","valueRequired":true,"valueName":"search_term_string"}}],"inLanguage":"pt-BR"},{"@type":"Person","@id":"https:\/\/www.gaveanews.com\/#\/schema\/person\/2ec14f73fb96be2caf28f91afb14749d","name":"Equipe G\u00e1vea News","image":{"@type":"ImageObject","inLanguage":"pt-BR","@id":"https:\/\/www.gaveanews.com\/#\/schema\/person\/image\/","url":"https:\/\/secure.gravatar.com\/avatar\/1e1956f1facbffd3f8fa53a326721950116b3b9dc9bd44939c01180fd4a745a9?s=96&d=mm&r=g","contentUrl":"https:\/\/secure.gravatar.com\/avatar\/1e1956f1facbffd3f8fa53a326721950116b3b9dc9bd44939c01180fd4a745a9?s=96&d=mm&r=g","caption":"Equipe G\u00e1vea News"}}]}},"_links":{"self":[{"href":"https:\/\/www.gaveanews.com\/index.php\/wp-json\/wp\/v2\/posts\/80560","targetHints":{"allow":["GET"]}}],"collection":[{"href":"https:\/\/www.gaveanews.com\/index.php\/wp-json\/wp\/v2\/posts"}],"about":[{"href":"https:\/\/www.gaveanews.com\/index.php\/wp-json\/wp\/v2\/types\/post"}],"author":[{"embeddable":true,"href":"https:\/\/www.gaveanews.com\/index.php\/wp-json\/wp\/v2\/users\/1"}],"replies":[{"embeddable":true,"href":"https:\/\/www.gaveanews.com\/index.php\/wp-json\/wp\/v2\/comments?post=80560"}],"version-history":[{"count":0,"href":"https:\/\/www.gaveanews.com\/index.php\/wp-json\/wp\/v2\/posts\/80560\/revisions"}],"wp:featuredmedia":[{"embeddable":true,"href":"https:\/\/www.gaveanews.com\/index.php\/wp-json\/wp\/v2\/media\/78291"}],"wp:attachment":[{"href":"https:\/\/www.gaveanews.com\/index.php\/wp-json\/wp\/v2\/media?parent=80560"}],"wp:term":[{"taxonomy":"category","embeddable":true,"href":"https:\/\/www.gaveanews.com\/index.php\/wp-json\/wp\/v2\/categories?post=80560"},{"taxonomy":"post_tag","embeddable":true,"href":"https:\/\/www.gaveanews.com\/index.php\/wp-json\/wp\/v2\/tags?post=80560"}],"curies":[{"name":"wp","href":"https:\/\/api.w.org\/{rel}","templated":true}]}}