{"id":80569,"date":"2022-04-25T01:13:18","date_gmt":"2022-04-25T04:13:18","guid":{"rendered":"https:\/\/www.gaveanews.com\/?p=80569"},"modified":"2022-04-25T01:13:18","modified_gmt":"2022-04-25T04:13:18","slug":"tecnico-do-flamengo-cobra-jogador-badalado-nos-bastidores-tem-que-se-movimentar","status":"publish","type":"post","link":"https:\/\/www.gaveanews.com\/index.php\/2022\/04\/25\/tecnico-do-flamengo-cobra-jogador-badalado-nos-bastidores-tem-que-se-movimentar\/","title":{"rendered":"T\u00e9cnico do Flamengo cobra jogador badalado nos bastidores: &#8220;Tem que se movimentar&#8221;"},"content":{"rendered":"<p>O Flamengo acabou caindo para o Athletico Paranaense no \u00faltimo s\u00e1bado (23), em Curitiba, pela 3\u00aa rodada do Brasileir\u00e3o, \u00e0s v\u00e9speras do compromisso diante da Universidad Cat\u00f3lica, pela Libertadores. De acordo com informa\u00e7\u00f5es do jornalista Thiago Asmar, do canal Pilhado, no YouTube, os bastidores na Arena da Baixada foram de cobran\u00e7a nos vesti\u00e1rios do time carioca, com o t\u00e9cnico Paulo Sousa direcionando cobran\u00e7as.<\/p>\n<p>Em live feita neste domingo (24), o apresentador e comentarista da Jovem Pan disse ter apurado junto \u00e0s fontes no clube da G\u00e1vea, que o portugu\u00eas questionou dois jogadores ap\u00f3s o rev\u00e9s: L\u00e1zaro, que teria mostrado insatisfa\u00e7\u00e3o por jogar no lado oposto da sua posi\u00e7\u00e3o, e o atacante Pedro, que voltou a receber chances, mas n\u00e3o teve uma boa apresenta\u00e7\u00e3o no sul do pa\u00eds.<\/p>\n<p>\u201cO Paulo Sousa cobrou dois jogadores do Flamengo, o L\u00e1zaro, que rebateu, e a outra cobran\u00e7a nos vesti\u00e1rios foi sobre o Pedro: \u2018Tem que se movimentar\u2019, disse o treinador\u201d, revelou Pilhado concordando com o posicionamento de Paulo Sousa acerca de Pedro, que n\u00e3o est\u00e1 no seu melhor momento.<\/p>\n<p>\u201cO Pedro, no fraco Campeonato Carioca, n\u00e3o conseguiu se destacar, mesmo tendo chances. N\u00e3o vem mostrando o futebol do Fluminense e de quando chegou ao Flamengo\u201d, disparou o jornalista.<\/p>\n<h2>Vai negociar?<\/h2>\n<p>De acordo com informa\u00e7\u00f5es do jornalista Jorge Nicola, o Flamengo decidiu que ir\u00e1 negociar o atacante Pedro na pr\u00f3xima janela de transfer\u00eancias no futebol. Contudo, o clube da G\u00e1vea j\u00e1 fixou a condi\u00e7\u00e3o de que o jogador n\u00e3o poder\u00e1 se transferir para uma equipe brasileira.<\/p>\n<p>Para negociar o jogador para um rival nacional, o rubro-negro s\u00f3 aceita mediante ao pagamento da multa rescis\u00f3ria or\u00e7ada em R$ 700 milh\u00f5es, cen\u00e1rio distante do mercado brasileiro. Internamente, o clube sabe que dificilmente conseguir\u00e1 reaver os 14 milh\u00f5es de euros investido no jogador quando contratado junto ao futebol europeu.<\/p>\n<p>Retirado de: Torcedores<\/p>\n","protected":false},"excerpt":{"rendered":"<p>O Flamengo acabou caindo para o Athletico Paranaense no \u00faltimo s\u00e1bado (23), em Curitiba, pela 3\u00aa rodada do Brasileir\u00e3o, \u00e0s v\u00e9speras do compromisso diante da Universidad Cat\u00f3lica, pela Libertadores. De acordo com informa\u00e7\u00f5es do jornalista Thiago Asmar, do canal Pilhado, no YouTube, os bastidores na Arena da Baixada foram de cobran\u00e7a nos vesti\u00e1rios do time [&hellip;]<\/p>\n","protected":false},"author":1,"featured_media":80213,"comment_status":"open","ping_status":"closed","sticky":false,"template":"","format":"standard","meta":{"footnotes":""},"categories":[1],"tags":[],"class_list":["post-80569","post","type-post","status-publish","format-standard","has-post-thumbnail","hentry","category-flamengo"],"yoast_head":"<!-- This site is optimized with the Yoast SEO Premium plugin v24.2 (Yoast SEO v26.9) - https:\/\/yoast.com\/product\/yoast-seo-premium-wordpress\/ -->\n<title>T\u00e9cnico do Flamengo cobra jogador badalado nos bastidores: &quot;Tem que se movimentar&quot;<\/title>\n<meta name=\"robots\" content=\"index, follow, max-snippet:-1, max-image-preview:large, max-video-preview:-1\" \/>\n<link rel=\"canonical\" href=\"https:\/\/www.gaveanews.com\/index.php\/2022\/04\/25\/tecnico-do-flamengo-cobra-jogador-badalado-nos-bastidores-tem-que-se-movimentar\/\" \/>\n<meta property=\"og:locale\" content=\"pt_BR\" \/>\n<meta property=\"og:type\" content=\"article\" \/>\n<meta property=\"og:title\" content=\"T\u00e9cnico do Flamengo cobra jogador badalado nos bastidores: &quot;Tem que se movimentar&quot;\" \/>\n<meta property=\"og:description\" content=\"O Flamengo acabou caindo para o Athletico Paranaense no \u00faltimo s\u00e1bado (23), em Curitiba, pela 3\u00aa rodada do Brasileir\u00e3o, \u00e0s v\u00e9speras do compromisso diante da Universidad Cat\u00f3lica, pela Libertadores. De acordo com informa\u00e7\u00f5es do jornalista Thiago Asmar, do canal Pilhado, no YouTube, os bastidores na Arena da Baixada foram de cobran\u00e7a nos vesti\u00e1rios do time [&hellip;]\" \/>\n<meta property=\"og:url\" content=\"https:\/\/www.gaveanews.com\/index.php\/2022\/04\/25\/tecnico-do-flamengo-cobra-jogador-badalado-nos-bastidores-tem-que-se-movimentar\/\" \/>\n<meta property=\"og:site_name\" content=\"G\u00e1vea News\" \/>\n<meta property=\"article:publisher\" content=\"https:\/\/facebook.com\/gaveaNews\/\" \/>\n<meta property=\"article:published_time\" content=\"2022-04-25T04:13:18+00:00\" \/>\n<meta property=\"og:image\" content=\"https:\/\/www.gaveanews.com\/wp-content\/uploads\/Paulo-Sousa-comanda-o-Flamengo-em-jogo-contra-o-Sao-Paulo.webp\" \/>\n\t<meta property=\"og:image:width\" content=\"799\" \/>\n\t<meta property=\"og:image:height\" content=\"533\" \/>\n\t<meta property=\"og:image:type\" content=\"image\/jpeg\" \/>\n<meta name=\"author\" content=\"Equipe G\u00e1vea News\" \/>\n<meta name=\"twitter:card\" content=\"summary_large_image\" \/>\n<meta name=\"twitter:label1\" content=\"Escrito por\" \/>\n\t<meta name=\"twitter:data1\" content=\"Equipe G\u00e1vea News\" \/>\n\t<meta name=\"twitter:label2\" content=\"Est. tempo de leitura\" \/>\n\t<meta name=\"twitter:data2\" content=\"2 minutos\" \/>\n<script type=\"application\/ld+json\" class=\"yoast-schema-graph\">{\"@context\":\"https:\/\/schema.org\",\"@graph\":[{\"@type\":\"NewsArticle\",\"@id\":\"https:\/\/www.gaveanews.com\/index.php\/2022\/04\/25\/tecnico-do-flamengo-cobra-jogador-badalado-nos-bastidores-tem-que-se-movimentar\/#article\",\"isPartOf\":{\"@id\":\"https:\/\/www.gaveanews.com\/index.php\/2022\/04\/25\/tecnico-do-flamengo-cobra-jogador-badalado-nos-bastidores-tem-que-se-movimentar\/\"},\"author\":{\"name\":\"Equipe G\u00e1vea News\",\"@id\":\"https:\/\/www.gaveanews.com\/#\/schema\/person\/2ec14f73fb96be2caf28f91afb14749d\"},\"headline\":\"T\u00e9cnico do Flamengo cobra jogador badalado nos bastidores: &#8220;Tem que se movimentar&#8221;\",\"datePublished\":\"2022-04-25T04:13:18+00:00\",\"mainEntityOfPage\":{\"@id\":\"https:\/\/www.gaveanews.com\/index.php\/2022\/04\/25\/tecnico-do-flamengo-cobra-jogador-badalado-nos-bastidores-tem-que-se-movimentar\/\"},\"wordCount\":348,\"commentCount\":0,\"image\":{\"@id\":\"https:\/\/www.gaveanews.com\/index.php\/2022\/04\/25\/tecnico-do-flamengo-cobra-jogador-badalado-nos-bastidores-tem-que-se-movimentar\/#primaryimage\"},\"thumbnailUrl\":\"https:\/\/www.gaveanews.com\/wp-content\/uploads\/Paulo-Sousa-comanda-o-Flamengo-em-jogo-contra-o-Sao-Paulo.webp\",\"articleSection\":[\"Flamengo\"],\"inLanguage\":\"pt-BR\",\"potentialAction\":[{\"@type\":\"CommentAction\",\"name\":\"Comment\",\"target\":[\"https:\/\/www.gaveanews.com\/index.php\/2022\/04\/25\/tecnico-do-flamengo-cobra-jogador-badalado-nos-bastidores-tem-que-se-movimentar\/#respond\"]}],\"copyrightYear\":\"2022\",\"copyrightHolder\":{\"@id\":\"https:\/\/www.gaveanews.com\/#organization\"}},{\"@type\":\"WebPage\",\"@id\":\"https:\/\/www.gaveanews.com\/index.php\/2022\/04\/25\/tecnico-do-flamengo-cobra-jogador-badalado-nos-bastidores-tem-que-se-movimentar\/\",\"url\":\"https:\/\/www.gaveanews.com\/index.php\/2022\/04\/25\/tecnico-do-flamengo-cobra-jogador-badalado-nos-bastidores-tem-que-se-movimentar\/\",\"name\":\"T\u00e9cnico do Flamengo cobra jogador badalado nos bastidores: \\\"Tem que se movimentar\\\"\",\"isPartOf\":{\"@id\":\"https:\/\/www.gaveanews.com\/#website\"},\"primaryImageOfPage\":{\"@id\":\"https:\/\/www.gaveanews.com\/index.php\/2022\/04\/25\/tecnico-do-flamengo-cobra-jogador-badalado-nos-bastidores-tem-que-se-movimentar\/#primaryimage\"},\"image\":{\"@id\":\"https:\/\/www.gaveanews.com\/index.php\/2022\/04\/25\/tecnico-do-flamengo-cobra-jogador-badalado-nos-bastidores-tem-que-se-movimentar\/#primaryimage\"},\"thumbnailUrl\":\"https:\/\/www.gaveanews.com\/wp-content\/uploads\/Paulo-Sousa-comanda-o-Flamengo-em-jogo-contra-o-Sao-Paulo.webp\",\"datePublished\":\"2022-04-25T04:13:18+00:00\",\"author\":{\"@id\":\"https:\/\/www.gaveanews.com\/#\/schema\/person\/2ec14f73fb96be2caf28f91afb14749d\"},\"breadcrumb\":{\"@id\":\"https:\/\/www.gaveanews.com\/index.php\/2022\/04\/25\/tecnico-do-flamengo-cobra-jogador-badalado-nos-bastidores-tem-que-se-movimentar\/#breadcrumb\"},\"inLanguage\":\"pt-BR\",\"potentialAction\":[{\"@type\":\"ReadAction\",\"target\":[\"https:\/\/www.gaveanews.com\/index.php\/2022\/04\/25\/tecnico-do-flamengo-cobra-jogador-badalado-nos-bastidores-tem-que-se-movimentar\/\"]}]},{\"@type\":\"ImageObject\",\"inLanguage\":\"pt-BR\",\"@id\":\"https:\/\/www.gaveanews.com\/index.php\/2022\/04\/25\/tecnico-do-flamengo-cobra-jogador-badalado-nos-bastidores-tem-que-se-movimentar\/#primaryimage\",\"url\":\"https:\/\/www.gaveanews.com\/wp-content\/uploads\/Paulo-Sousa-comanda-o-Flamengo-em-jogo-contra-o-Sao-Paulo.webp\",\"contentUrl\":\"https:\/\/www.gaveanews.com\/wp-content\/uploads\/Paulo-Sousa-comanda-o-Flamengo-em-jogo-contra-o-Sao-Paulo.webp\",\"width\":799,\"height\":533,\"caption\":\"Paulo Sousa comanda o Flamengo em jogo contra o S\u00e3o Paulo (Foto: Gilvan de Souza\/Flamengo)\"},{\"@type\":\"BreadcrumbList\",\"@id\":\"https:\/\/www.gaveanews.com\/index.php\/2022\/04\/25\/tecnico-do-flamengo-cobra-jogador-badalado-nos-bastidores-tem-que-se-movimentar\/#breadcrumb\",\"itemListElement\":[{\"@type\":\"ListItem\",\"position\":1,\"name\":\"Home\",\"item\":\"https:\/\/www.gaveanews.com\/\"},{\"@type\":\"ListItem\",\"position\":2,\"name\":\"T\u00e9cnico do Flamengo cobra jogador badalado nos bastidores: &#8220;Tem que se movimentar&#8221;\"}]},{\"@type\":\"WebSite\",\"@id\":\"https:\/\/www.gaveanews.com\/#website\",\"url\":\"https:\/\/www.gaveanews.com\/\",\"name\":\"G\u00e1vea News\",\"description\":\"Veja todas as not\u00edcias sobre o Flamengo: Contrata\u00e7\u00f5es, categorias de base, resultados das partidas, tabela de classifica\u00e7\u00e3o, pr\u00f3ximos jogos!\",\"potentialAction\":[{\"@type\":\"SearchAction\",\"target\":{\"@type\":\"EntryPoint\",\"urlTemplate\":\"https:\/\/www.gaveanews.com\/?s={search_term_string}\"},\"query-input\":{\"@type\":\"PropertyValueSpecification\",\"valueRequired\":true,\"valueName\":\"search_term_string\"}}],\"inLanguage\":\"pt-BR\"},{\"@type\":\"Person\",\"@id\":\"https:\/\/www.gaveanews.com\/#\/schema\/person\/2ec14f73fb96be2caf28f91afb14749d\",\"name\":\"Equipe G\u00e1vea News\",\"image\":{\"@type\":\"ImageObject\",\"inLanguage\":\"pt-BR\",\"@id\":\"https:\/\/www.gaveanews.com\/#\/schema\/person\/image\/\",\"url\":\"https:\/\/secure.gravatar.com\/avatar\/1e1956f1facbffd3f8fa53a326721950116b3b9dc9bd44939c01180fd4a745a9?s=96&d=mm&r=g\",\"contentUrl\":\"https:\/\/secure.gravatar.com\/avatar\/1e1956f1facbffd3f8fa53a326721950116b3b9dc9bd44939c01180fd4a745a9?s=96&d=mm&r=g\",\"caption\":\"Equipe G\u00e1vea News\"}}]}<\/script>\n<!-- \/ Yoast SEO Premium plugin. -->","yoast_head_json":{"title":"T\u00e9cnico do Flamengo cobra jogador badalado nos bastidores: \"Tem que se movimentar\"","robots":{"index":"index","follow":"follow","max-snippet":"max-snippet:-1","max-image-preview":"max-image-preview:large","max-video-preview":"max-video-preview:-1"},"canonical":"https:\/\/www.gaveanews.com\/index.php\/2022\/04\/25\/tecnico-do-flamengo-cobra-jogador-badalado-nos-bastidores-tem-que-se-movimentar\/","og_locale":"pt_BR","og_type":"article","og_title":"T\u00e9cnico do Flamengo cobra jogador badalado nos bastidores: \"Tem que se movimentar\"","og_description":"O Flamengo acabou caindo para o Athletico Paranaense no \u00faltimo s\u00e1bado (23), em Curitiba, pela 3\u00aa rodada do Brasileir\u00e3o, \u00e0s v\u00e9speras do compromisso diante da Universidad Cat\u00f3lica, pela Libertadores. De acordo com informa\u00e7\u00f5es do jornalista Thiago Asmar, do canal Pilhado, no YouTube, os bastidores na Arena da Baixada foram de cobran\u00e7a nos vesti\u00e1rios do time [&hellip;]","og_url":"https:\/\/www.gaveanews.com\/index.php\/2022\/04\/25\/tecnico-do-flamengo-cobra-jogador-badalado-nos-bastidores-tem-que-se-movimentar\/","og_site_name":"G\u00e1vea News","article_publisher":"https:\/\/facebook.com\/gaveaNews\/","article_published_time":"2022-04-25T04:13:18+00:00","og_image":[{"width":799,"height":533,"url":"https:\/\/www.gaveanews.com\/wp-content\/uploads\/Paulo-Sousa-comanda-o-Flamengo-em-jogo-contra-o-Sao-Paulo.webp","type":"image\/jpeg"}],"author":"Equipe G\u00e1vea News","twitter_card":"summary_large_image","twitter_misc":{"Escrito por":"Equipe G\u00e1vea News","Est. tempo de leitura":"2 minutos"},"schema":{"@context":"https:\/\/schema.org","@graph":[{"@type":"NewsArticle","@id":"https:\/\/www.gaveanews.com\/index.php\/2022\/04\/25\/tecnico-do-flamengo-cobra-jogador-badalado-nos-bastidores-tem-que-se-movimentar\/#article","isPartOf":{"@id":"https:\/\/www.gaveanews.com\/index.php\/2022\/04\/25\/tecnico-do-flamengo-cobra-jogador-badalado-nos-bastidores-tem-que-se-movimentar\/"},"author":{"name":"Equipe G\u00e1vea News","@id":"https:\/\/www.gaveanews.com\/#\/schema\/person\/2ec14f73fb96be2caf28f91afb14749d"},"headline":"T\u00e9cnico do Flamengo cobra jogador badalado nos bastidores: &#8220;Tem que se movimentar&#8221;","datePublished":"2022-04-25T04:13:18+00:00","mainEntityOfPage":{"@id":"https:\/\/www.gaveanews.com\/index.php\/2022\/04\/25\/tecnico-do-flamengo-cobra-jogador-badalado-nos-bastidores-tem-que-se-movimentar\/"},"wordCount":348,"commentCount":0,"image":{"@id":"https:\/\/www.gaveanews.com\/index.php\/2022\/04\/25\/tecnico-do-flamengo-cobra-jogador-badalado-nos-bastidores-tem-que-se-movimentar\/#primaryimage"},"thumbnailUrl":"https:\/\/www.gaveanews.com\/wp-content\/uploads\/Paulo-Sousa-comanda-o-Flamengo-em-jogo-contra-o-Sao-Paulo.webp","articleSection":["Flamengo"],"inLanguage":"pt-BR","potentialAction":[{"@type":"CommentAction","name":"Comment","target":["https:\/\/www.gaveanews.com\/index.php\/2022\/04\/25\/tecnico-do-flamengo-cobra-jogador-badalado-nos-bastidores-tem-que-se-movimentar\/#respond"]}],"copyrightYear":"2022","copyrightHolder":{"@id":"https:\/\/www.gaveanews.com\/#organization"}},{"@type":"WebPage","@id":"https:\/\/www.gaveanews.com\/index.php\/2022\/04\/25\/tecnico-do-flamengo-cobra-jogador-badalado-nos-bastidores-tem-que-se-movimentar\/","url":"https:\/\/www.gaveanews.com\/index.php\/2022\/04\/25\/tecnico-do-flamengo-cobra-jogador-badalado-nos-bastidores-tem-que-se-movimentar\/","name":"T\u00e9cnico do Flamengo cobra jogador badalado nos bastidores: \"Tem que se movimentar\"","isPartOf":{"@id":"https:\/\/www.gaveanews.com\/#website"},"primaryImageOfPage":{"@id":"https:\/\/www.gaveanews.com\/index.php\/2022\/04\/25\/tecnico-do-flamengo-cobra-jogador-badalado-nos-bastidores-tem-que-se-movimentar\/#primaryimage"},"image":{"@id":"https:\/\/www.gaveanews.com\/index.php\/2022\/04\/25\/tecnico-do-flamengo-cobra-jogador-badalado-nos-bastidores-tem-que-se-movimentar\/#primaryimage"},"thumbnailUrl":"https:\/\/www.gaveanews.com\/wp-content\/uploads\/Paulo-Sousa-comanda-o-Flamengo-em-jogo-contra-o-Sao-Paulo.webp","datePublished":"2022-04-25T04:13:18+00:00","author":{"@id":"https:\/\/www.gaveanews.com\/#\/schema\/person\/2ec14f73fb96be2caf28f91afb14749d"},"breadcrumb":{"@id":"https:\/\/www.gaveanews.com\/index.php\/2022\/04\/25\/tecnico-do-flamengo-cobra-jogador-badalado-nos-bastidores-tem-que-se-movimentar\/#breadcrumb"},"inLanguage":"pt-BR","potentialAction":[{"@type":"ReadAction","target":["https:\/\/www.gaveanews.com\/index.php\/2022\/04\/25\/tecnico-do-flamengo-cobra-jogador-badalado-nos-bastidores-tem-que-se-movimentar\/"]}]},{"@type":"ImageObject","inLanguage":"pt-BR","@id":"https:\/\/www.gaveanews.com\/index.php\/2022\/04\/25\/tecnico-do-flamengo-cobra-jogador-badalado-nos-bastidores-tem-que-se-movimentar\/#primaryimage","url":"https:\/\/www.gaveanews.com\/wp-content\/uploads\/Paulo-Sousa-comanda-o-Flamengo-em-jogo-contra-o-Sao-Paulo.webp","contentUrl":"https:\/\/www.gaveanews.com\/wp-content\/uploads\/Paulo-Sousa-comanda-o-Flamengo-em-jogo-contra-o-Sao-Paulo.webp","width":799,"height":533,"caption":"Paulo Sousa comanda o Flamengo em jogo contra o S\u00e3o Paulo (Foto: Gilvan de Souza\/Flamengo)"},{"@type":"BreadcrumbList","@id":"https:\/\/www.gaveanews.com\/index.php\/2022\/04\/25\/tecnico-do-flamengo-cobra-jogador-badalado-nos-bastidores-tem-que-se-movimentar\/#breadcrumb","itemListElement":[{"@type":"ListItem","position":1,"name":"Home","item":"https:\/\/www.gaveanews.com\/"},{"@type":"ListItem","position":2,"name":"T\u00e9cnico do Flamengo cobra jogador badalado nos bastidores: &#8220;Tem que se movimentar&#8221;"}]},{"@type":"WebSite","@id":"https:\/\/www.gaveanews.com\/#website","url":"https:\/\/www.gaveanews.com\/","name":"G\u00e1vea News","description":"Veja todas as not\u00edcias sobre o Flamengo: Contrata\u00e7\u00f5es, categorias de base, resultados das partidas, tabela de classifica\u00e7\u00e3o, pr\u00f3ximos jogos!","potentialAction":[{"@type":"SearchAction","target":{"@type":"EntryPoint","urlTemplate":"https:\/\/www.gaveanews.com\/?s={search_term_string}"},"query-input":{"@type":"PropertyValueSpecification","valueRequired":true,"valueName":"search_term_string"}}],"inLanguage":"pt-BR"},{"@type":"Person","@id":"https:\/\/www.gaveanews.com\/#\/schema\/person\/2ec14f73fb96be2caf28f91afb14749d","name":"Equipe G\u00e1vea News","image":{"@type":"ImageObject","inLanguage":"pt-BR","@id":"https:\/\/www.gaveanews.com\/#\/schema\/person\/image\/","url":"https:\/\/secure.gravatar.com\/avatar\/1e1956f1facbffd3f8fa53a326721950116b3b9dc9bd44939c01180fd4a745a9?s=96&d=mm&r=g","contentUrl":"https:\/\/secure.gravatar.com\/avatar\/1e1956f1facbffd3f8fa53a326721950116b3b9dc9bd44939c01180fd4a745a9?s=96&d=mm&r=g","caption":"Equipe G\u00e1vea News"}}]}},"_links":{"self":[{"href":"https:\/\/www.gaveanews.com\/index.php\/wp-json\/wp\/v2\/posts\/80569","targetHints":{"allow":["GET"]}}],"collection":[{"href":"https:\/\/www.gaveanews.com\/index.php\/wp-json\/wp\/v2\/posts"}],"about":[{"href":"https:\/\/www.gaveanews.com\/index.php\/wp-json\/wp\/v2\/types\/post"}],"author":[{"embeddable":true,"href":"https:\/\/www.gaveanews.com\/index.php\/wp-json\/wp\/v2\/users\/1"}],"replies":[{"embeddable":true,"href":"https:\/\/www.gaveanews.com\/index.php\/wp-json\/wp\/v2\/comments?post=80569"}],"version-history":[{"count":0,"href":"https:\/\/www.gaveanews.com\/index.php\/wp-json\/wp\/v2\/posts\/80569\/revisions"}],"wp:featuredmedia":[{"embeddable":true,"href":"https:\/\/www.gaveanews.com\/index.php\/wp-json\/wp\/v2\/media\/80213"}],"wp:attachment":[{"href":"https:\/\/www.gaveanews.com\/index.php\/wp-json\/wp\/v2\/media?parent=80569"}],"wp:term":[{"taxonomy":"category","embeddable":true,"href":"https:\/\/www.gaveanews.com\/index.php\/wp-json\/wp\/v2\/categories?post=80569"},{"taxonomy":"post_tag","embeddable":true,"href":"https:\/\/www.gaveanews.com\/index.php\/wp-json\/wp\/v2\/tags?post=80569"}],"curies":[{"name":"wp","href":"https:\/\/api.w.org\/{rel}","templated":true}]}}