{"id":80574,"date":"2022-04-25T09:14:11","date_gmt":"2022-04-25T12:14:11","guid":{"rendered":"https:\/\/www.gaveanews.com\/?p=80574"},"modified":"2022-04-25T09:14:11","modified_gmt":"2022-04-25T12:14:11","slug":"pedro-vive-o-maior-jejum-de-gols-desde-que-chegou-ao-flamengo","status":"publish","type":"post","link":"https:\/\/www.gaveanews.com\/index.php\/2022\/04\/25\/pedro-vive-o-maior-jejum-de-gols-desde-que-chegou-ao-flamengo\/","title":{"rendered":"Pedro vive o maior jejum de gols desde que chegou ao Flamengo"},"content":{"rendered":"<p>Pedro estava doido para voltar a receber uma oportunidade entre os titulares e aconteceu na partida contra o Athletico-PR, pelo Campeonato Brasileiro, na Arena da Baixada. Havia sete jogos que o atacante n\u00e3o era escalado entre os 11 inicial h\u00e1 sete jogos, mas n\u00e3o conseguiu aproveitar a oportunidade.<\/p>\n<p>O camisa 21 at\u00e9 tentou, mas teve poucas oportunidades no confronto e aumentou o jejum de gols, que j\u00e1 dura 13 jogos. Dessas 13 partidas, o atleta n\u00e3o entrou em campo em apenas um duelo, contra o Palmeiras, no Maracan\u00e3.<\/p>\n<p>Depois do confronto, Paulo Sousa n\u00e3o falou individualmente sobre os atletas, acredita que o fraco desempenho coletivo pode ter prejudicado Pedro. O atacante superou a maior seca de gols que j\u00e1 tinha vivido no Flamengo, entre julho e agosto de 2021, quando ficou 11 partidas sem balan\u00e7ar as redes.<\/p>\n<p>\u201cTivemos algumas dificuldades em ter mais controle no ritmo do jogo. Ap\u00f3s os primeiros dez minutos, quando ganh\u00e1vamos a posse, perd\u00edamos muito r\u00e1pido. Nesse momento \u00e9 importante a execu\u00e7\u00e3o ser correta para uma organiza\u00e7\u00e3o ofensiva\u201d, disse.<\/p>\n<p>Na pr\u00f3xima quinta-feira, o Mais Querido enfrenta o Universidad Cat\u00f3lica, \u00e0s 19h, no est\u00e1dio San Carlos de Apoquindo, pela terceira rodada da Libertadores. Pode ser mais uma oportunidade para o atacante marcar e mandar a m\u00e1 fase embora.<\/p>\n<p>Retirado de: Di\u00e1rio do Fla<\/p>\n","protected":false},"excerpt":{"rendered":"<p>Pedro estava doido para voltar a receber uma oportunidade entre os titulares e aconteceu na partida contra o Athletico-PR, pelo Campeonato Brasileiro, na Arena da Baixada. Havia sete jogos que o atacante n\u00e3o era escalado entre os 11 inicial h\u00e1 sete jogos, mas n\u00e3o conseguiu aproveitar a oportunidade. O camisa 21 at\u00e9 tentou, mas teve [&hellip;]<\/p>\n","protected":false},"author":1,"featured_media":74868,"comment_status":"open","ping_status":"closed","sticky":false,"template":"","format":"standard","meta":{"footnotes":""},"categories":[1],"tags":[],"class_list":["post-80574","post","type-post","status-publish","format-standard","has-post-thumbnail","hentry","category-flamengo"],"yoast_head":"<!-- This site is optimized with the Yoast SEO Premium plugin v24.2 (Yoast SEO v26.9) - https:\/\/yoast.com\/product\/yoast-seo-premium-wordpress\/ -->\n<title>Pedro vive o maior jejum de gols desde que chegou ao Flamengo<\/title>\n<meta name=\"robots\" content=\"index, follow, max-snippet:-1, max-image-preview:large, max-video-preview:-1\" \/>\n<link rel=\"canonical\" href=\"https:\/\/www.gaveanews.com\/index.php\/2022\/04\/25\/pedro-vive-o-maior-jejum-de-gols-desde-que-chegou-ao-flamengo\/\" \/>\n<meta property=\"og:locale\" content=\"pt_BR\" \/>\n<meta property=\"og:type\" content=\"article\" \/>\n<meta property=\"og:title\" content=\"Pedro vive o maior jejum de gols desde que chegou ao Flamengo\" \/>\n<meta property=\"og:description\" content=\"Pedro estava doido para voltar a receber uma oportunidade entre os titulares e aconteceu na partida contra o Athletico-PR, pelo Campeonato Brasileiro, na Arena da Baixada. Havia sete jogos que o atacante n\u00e3o era escalado entre os 11 inicial h\u00e1 sete jogos, mas n\u00e3o conseguiu aproveitar a oportunidade. O camisa 21 at\u00e9 tentou, mas teve [&hellip;]\" \/>\n<meta property=\"og:url\" content=\"https:\/\/www.gaveanews.com\/index.php\/2022\/04\/25\/pedro-vive-o-maior-jejum-de-gols-desde-que-chegou-ao-flamengo\/\" \/>\n<meta property=\"og:site_name\" content=\"G\u00e1vea News\" \/>\n<meta property=\"article:publisher\" content=\"https:\/\/facebook.com\/gaveaNews\/\" \/>\n<meta property=\"article:published_time\" content=\"2022-04-25T12:14:11+00:00\" \/>\n<meta property=\"og:image\" content=\"https:\/\/www.gaveanews.com\/wp-content\/uploads\/Pedro-em-treinamento-do-Flamengo-no-Ninho-do-Urubu.webp\" \/>\n\t<meta property=\"og:image:width\" content=\"799\" \/>\n\t<meta property=\"og:image:height\" content=\"533\" \/>\n\t<meta property=\"og:image:type\" content=\"image\/jpeg\" \/>\n<meta name=\"author\" content=\"Equipe G\u00e1vea News\" \/>\n<meta name=\"twitter:card\" content=\"summary_large_image\" \/>\n<meta name=\"twitter:label1\" content=\"Escrito por\" \/>\n\t<meta name=\"twitter:data1\" content=\"Equipe G\u00e1vea News\" \/>\n\t<meta name=\"twitter:label2\" content=\"Est. tempo de leitura\" \/>\n\t<meta name=\"twitter:data2\" content=\"2 minutos\" \/>\n<script type=\"application\/ld+json\" class=\"yoast-schema-graph\">{\"@context\":\"https:\/\/schema.org\",\"@graph\":[{\"@type\":\"NewsArticle\",\"@id\":\"https:\/\/www.gaveanews.com\/index.php\/2022\/04\/25\/pedro-vive-o-maior-jejum-de-gols-desde-que-chegou-ao-flamengo\/#article\",\"isPartOf\":{\"@id\":\"https:\/\/www.gaveanews.com\/index.php\/2022\/04\/25\/pedro-vive-o-maior-jejum-de-gols-desde-que-chegou-ao-flamengo\/\"},\"author\":{\"name\":\"Equipe G\u00e1vea News\",\"@id\":\"https:\/\/www.gaveanews.com\/#\/schema\/person\/2ec14f73fb96be2caf28f91afb14749d\"},\"headline\":\"Pedro vive o maior jejum de gols desde que chegou ao Flamengo\",\"datePublished\":\"2022-04-25T12:14:11+00:00\",\"mainEntityOfPage\":{\"@id\":\"https:\/\/www.gaveanews.com\/index.php\/2022\/04\/25\/pedro-vive-o-maior-jejum-de-gols-desde-que-chegou-ao-flamengo\/\"},\"wordCount\":236,\"commentCount\":0,\"image\":{\"@id\":\"https:\/\/www.gaveanews.com\/index.php\/2022\/04\/25\/pedro-vive-o-maior-jejum-de-gols-desde-que-chegou-ao-flamengo\/#primaryimage\"},\"thumbnailUrl\":\"https:\/\/www.gaveanews.com\/wp-content\/uploads\/Pedro-em-treinamento-do-Flamengo-no-Ninho-do-Urubu.webp\",\"articleSection\":[\"Flamengo\"],\"inLanguage\":\"pt-BR\",\"potentialAction\":[{\"@type\":\"CommentAction\",\"name\":\"Comment\",\"target\":[\"https:\/\/www.gaveanews.com\/index.php\/2022\/04\/25\/pedro-vive-o-maior-jejum-de-gols-desde-que-chegou-ao-flamengo\/#respond\"]}],\"copyrightYear\":\"2022\",\"copyrightHolder\":{\"@id\":\"https:\/\/www.gaveanews.com\/#organization\"}},{\"@type\":\"WebPage\",\"@id\":\"https:\/\/www.gaveanews.com\/index.php\/2022\/04\/25\/pedro-vive-o-maior-jejum-de-gols-desde-que-chegou-ao-flamengo\/\",\"url\":\"https:\/\/www.gaveanews.com\/index.php\/2022\/04\/25\/pedro-vive-o-maior-jejum-de-gols-desde-que-chegou-ao-flamengo\/\",\"name\":\"Pedro vive o maior jejum de gols desde que chegou ao Flamengo\",\"isPartOf\":{\"@id\":\"https:\/\/www.gaveanews.com\/#website\"},\"primaryImageOfPage\":{\"@id\":\"https:\/\/www.gaveanews.com\/index.php\/2022\/04\/25\/pedro-vive-o-maior-jejum-de-gols-desde-que-chegou-ao-flamengo\/#primaryimage\"},\"image\":{\"@id\":\"https:\/\/www.gaveanews.com\/index.php\/2022\/04\/25\/pedro-vive-o-maior-jejum-de-gols-desde-que-chegou-ao-flamengo\/#primaryimage\"},\"thumbnailUrl\":\"https:\/\/www.gaveanews.com\/wp-content\/uploads\/Pedro-em-treinamento-do-Flamengo-no-Ninho-do-Urubu.webp\",\"datePublished\":\"2022-04-25T12:14:11+00:00\",\"author\":{\"@id\":\"https:\/\/www.gaveanews.com\/#\/schema\/person\/2ec14f73fb96be2caf28f91afb14749d\"},\"breadcrumb\":{\"@id\":\"https:\/\/www.gaveanews.com\/index.php\/2022\/04\/25\/pedro-vive-o-maior-jejum-de-gols-desde-que-chegou-ao-flamengo\/#breadcrumb\"},\"inLanguage\":\"pt-BR\",\"potentialAction\":[{\"@type\":\"ReadAction\",\"target\":[\"https:\/\/www.gaveanews.com\/index.php\/2022\/04\/25\/pedro-vive-o-maior-jejum-de-gols-desde-que-chegou-ao-flamengo\/\"]}]},{\"@type\":\"ImageObject\",\"inLanguage\":\"pt-BR\",\"@id\":\"https:\/\/www.gaveanews.com\/index.php\/2022\/04\/25\/pedro-vive-o-maior-jejum-de-gols-desde-que-chegou-ao-flamengo\/#primaryimage\",\"url\":\"https:\/\/www.gaveanews.com\/wp-content\/uploads\/Pedro-em-treinamento-do-Flamengo-no-Ninho-do-Urubu.webp\",\"contentUrl\":\"https:\/\/www.gaveanews.com\/wp-content\/uploads\/Pedro-em-treinamento-do-Flamengo-no-Ninho-do-Urubu.webp\",\"width\":799,\"height\":533,\"caption\":\"Pedro em treinamento do Flamengo no Ninho do Urubu (Foto: Marcelo Cortes\/Flamengo)\"},{\"@type\":\"BreadcrumbList\",\"@id\":\"https:\/\/www.gaveanews.com\/index.php\/2022\/04\/25\/pedro-vive-o-maior-jejum-de-gols-desde-que-chegou-ao-flamengo\/#breadcrumb\",\"itemListElement\":[{\"@type\":\"ListItem\",\"position\":1,\"name\":\"Home\",\"item\":\"https:\/\/www.gaveanews.com\/\"},{\"@type\":\"ListItem\",\"position\":2,\"name\":\"Pedro vive o maior jejum de gols desde que chegou ao Flamengo\"}]},{\"@type\":\"WebSite\",\"@id\":\"https:\/\/www.gaveanews.com\/#website\",\"url\":\"https:\/\/www.gaveanews.com\/\",\"name\":\"G\u00e1vea News\",\"description\":\"Veja todas as not\u00edcias sobre o Flamengo: Contrata\u00e7\u00f5es, categorias de base, resultados das partidas, tabela de classifica\u00e7\u00e3o, pr\u00f3ximos jogos!\",\"potentialAction\":[{\"@type\":\"SearchAction\",\"target\":{\"@type\":\"EntryPoint\",\"urlTemplate\":\"https:\/\/www.gaveanews.com\/?s={search_term_string}\"},\"query-input\":{\"@type\":\"PropertyValueSpecification\",\"valueRequired\":true,\"valueName\":\"search_term_string\"}}],\"inLanguage\":\"pt-BR\"},{\"@type\":\"Person\",\"@id\":\"https:\/\/www.gaveanews.com\/#\/schema\/person\/2ec14f73fb96be2caf28f91afb14749d\",\"name\":\"Equipe G\u00e1vea News\",\"image\":{\"@type\":\"ImageObject\",\"inLanguage\":\"pt-BR\",\"@id\":\"https:\/\/www.gaveanews.com\/#\/schema\/person\/image\/\",\"url\":\"https:\/\/secure.gravatar.com\/avatar\/1e1956f1facbffd3f8fa53a326721950116b3b9dc9bd44939c01180fd4a745a9?s=96&d=mm&r=g\",\"contentUrl\":\"https:\/\/secure.gravatar.com\/avatar\/1e1956f1facbffd3f8fa53a326721950116b3b9dc9bd44939c01180fd4a745a9?s=96&d=mm&r=g\",\"caption\":\"Equipe G\u00e1vea News\"}}]}<\/script>\n<!-- \/ Yoast SEO Premium plugin. -->","yoast_head_json":{"title":"Pedro vive o maior jejum de gols desde que chegou ao Flamengo","robots":{"index":"index","follow":"follow","max-snippet":"max-snippet:-1","max-image-preview":"max-image-preview:large","max-video-preview":"max-video-preview:-1"},"canonical":"https:\/\/www.gaveanews.com\/index.php\/2022\/04\/25\/pedro-vive-o-maior-jejum-de-gols-desde-que-chegou-ao-flamengo\/","og_locale":"pt_BR","og_type":"article","og_title":"Pedro vive o maior jejum de gols desde que chegou ao Flamengo","og_description":"Pedro estava doido para voltar a receber uma oportunidade entre os titulares e aconteceu na partida contra o Athletico-PR, pelo Campeonato Brasileiro, na Arena da Baixada. Havia sete jogos que o atacante n\u00e3o era escalado entre os 11 inicial h\u00e1 sete jogos, mas n\u00e3o conseguiu aproveitar a oportunidade. O camisa 21 at\u00e9 tentou, mas teve [&hellip;]","og_url":"https:\/\/www.gaveanews.com\/index.php\/2022\/04\/25\/pedro-vive-o-maior-jejum-de-gols-desde-que-chegou-ao-flamengo\/","og_site_name":"G\u00e1vea News","article_publisher":"https:\/\/facebook.com\/gaveaNews\/","article_published_time":"2022-04-25T12:14:11+00:00","og_image":[{"width":799,"height":533,"url":"https:\/\/www.gaveanews.com\/wp-content\/uploads\/Pedro-em-treinamento-do-Flamengo-no-Ninho-do-Urubu.webp","type":"image\/jpeg"}],"author":"Equipe G\u00e1vea News","twitter_card":"summary_large_image","twitter_misc":{"Escrito por":"Equipe G\u00e1vea News","Est. tempo de leitura":"2 minutos"},"schema":{"@context":"https:\/\/schema.org","@graph":[{"@type":"NewsArticle","@id":"https:\/\/www.gaveanews.com\/index.php\/2022\/04\/25\/pedro-vive-o-maior-jejum-de-gols-desde-que-chegou-ao-flamengo\/#article","isPartOf":{"@id":"https:\/\/www.gaveanews.com\/index.php\/2022\/04\/25\/pedro-vive-o-maior-jejum-de-gols-desde-que-chegou-ao-flamengo\/"},"author":{"name":"Equipe G\u00e1vea News","@id":"https:\/\/www.gaveanews.com\/#\/schema\/person\/2ec14f73fb96be2caf28f91afb14749d"},"headline":"Pedro vive o maior jejum de gols desde que chegou ao Flamengo","datePublished":"2022-04-25T12:14:11+00:00","mainEntityOfPage":{"@id":"https:\/\/www.gaveanews.com\/index.php\/2022\/04\/25\/pedro-vive-o-maior-jejum-de-gols-desde-que-chegou-ao-flamengo\/"},"wordCount":236,"commentCount":0,"image":{"@id":"https:\/\/www.gaveanews.com\/index.php\/2022\/04\/25\/pedro-vive-o-maior-jejum-de-gols-desde-que-chegou-ao-flamengo\/#primaryimage"},"thumbnailUrl":"https:\/\/www.gaveanews.com\/wp-content\/uploads\/Pedro-em-treinamento-do-Flamengo-no-Ninho-do-Urubu.webp","articleSection":["Flamengo"],"inLanguage":"pt-BR","potentialAction":[{"@type":"CommentAction","name":"Comment","target":["https:\/\/www.gaveanews.com\/index.php\/2022\/04\/25\/pedro-vive-o-maior-jejum-de-gols-desde-que-chegou-ao-flamengo\/#respond"]}],"copyrightYear":"2022","copyrightHolder":{"@id":"https:\/\/www.gaveanews.com\/#organization"}},{"@type":"WebPage","@id":"https:\/\/www.gaveanews.com\/index.php\/2022\/04\/25\/pedro-vive-o-maior-jejum-de-gols-desde-que-chegou-ao-flamengo\/","url":"https:\/\/www.gaveanews.com\/index.php\/2022\/04\/25\/pedro-vive-o-maior-jejum-de-gols-desde-que-chegou-ao-flamengo\/","name":"Pedro vive o maior jejum de gols desde que chegou ao Flamengo","isPartOf":{"@id":"https:\/\/www.gaveanews.com\/#website"},"primaryImageOfPage":{"@id":"https:\/\/www.gaveanews.com\/index.php\/2022\/04\/25\/pedro-vive-o-maior-jejum-de-gols-desde-que-chegou-ao-flamengo\/#primaryimage"},"image":{"@id":"https:\/\/www.gaveanews.com\/index.php\/2022\/04\/25\/pedro-vive-o-maior-jejum-de-gols-desde-que-chegou-ao-flamengo\/#primaryimage"},"thumbnailUrl":"https:\/\/www.gaveanews.com\/wp-content\/uploads\/Pedro-em-treinamento-do-Flamengo-no-Ninho-do-Urubu.webp","datePublished":"2022-04-25T12:14:11+00:00","author":{"@id":"https:\/\/www.gaveanews.com\/#\/schema\/person\/2ec14f73fb96be2caf28f91afb14749d"},"breadcrumb":{"@id":"https:\/\/www.gaveanews.com\/index.php\/2022\/04\/25\/pedro-vive-o-maior-jejum-de-gols-desde-que-chegou-ao-flamengo\/#breadcrumb"},"inLanguage":"pt-BR","potentialAction":[{"@type":"ReadAction","target":["https:\/\/www.gaveanews.com\/index.php\/2022\/04\/25\/pedro-vive-o-maior-jejum-de-gols-desde-que-chegou-ao-flamengo\/"]}]},{"@type":"ImageObject","inLanguage":"pt-BR","@id":"https:\/\/www.gaveanews.com\/index.php\/2022\/04\/25\/pedro-vive-o-maior-jejum-de-gols-desde-que-chegou-ao-flamengo\/#primaryimage","url":"https:\/\/www.gaveanews.com\/wp-content\/uploads\/Pedro-em-treinamento-do-Flamengo-no-Ninho-do-Urubu.webp","contentUrl":"https:\/\/www.gaveanews.com\/wp-content\/uploads\/Pedro-em-treinamento-do-Flamengo-no-Ninho-do-Urubu.webp","width":799,"height":533,"caption":"Pedro em treinamento do Flamengo no Ninho do Urubu (Foto: Marcelo Cortes\/Flamengo)"},{"@type":"BreadcrumbList","@id":"https:\/\/www.gaveanews.com\/index.php\/2022\/04\/25\/pedro-vive-o-maior-jejum-de-gols-desde-que-chegou-ao-flamengo\/#breadcrumb","itemListElement":[{"@type":"ListItem","position":1,"name":"Home","item":"https:\/\/www.gaveanews.com\/"},{"@type":"ListItem","position":2,"name":"Pedro vive o maior jejum de gols desde que chegou ao Flamengo"}]},{"@type":"WebSite","@id":"https:\/\/www.gaveanews.com\/#website","url":"https:\/\/www.gaveanews.com\/","name":"G\u00e1vea News","description":"Veja todas as not\u00edcias sobre o Flamengo: Contrata\u00e7\u00f5es, categorias de base, resultados das partidas, tabela de classifica\u00e7\u00e3o, pr\u00f3ximos jogos!","potentialAction":[{"@type":"SearchAction","target":{"@type":"EntryPoint","urlTemplate":"https:\/\/www.gaveanews.com\/?s={search_term_string}"},"query-input":{"@type":"PropertyValueSpecification","valueRequired":true,"valueName":"search_term_string"}}],"inLanguage":"pt-BR"},{"@type":"Person","@id":"https:\/\/www.gaveanews.com\/#\/schema\/person\/2ec14f73fb96be2caf28f91afb14749d","name":"Equipe G\u00e1vea News","image":{"@type":"ImageObject","inLanguage":"pt-BR","@id":"https:\/\/www.gaveanews.com\/#\/schema\/person\/image\/","url":"https:\/\/secure.gravatar.com\/avatar\/1e1956f1facbffd3f8fa53a326721950116b3b9dc9bd44939c01180fd4a745a9?s=96&d=mm&r=g","contentUrl":"https:\/\/secure.gravatar.com\/avatar\/1e1956f1facbffd3f8fa53a326721950116b3b9dc9bd44939c01180fd4a745a9?s=96&d=mm&r=g","caption":"Equipe G\u00e1vea News"}}]}},"_links":{"self":[{"href":"https:\/\/www.gaveanews.com\/index.php\/wp-json\/wp\/v2\/posts\/80574","targetHints":{"allow":["GET"]}}],"collection":[{"href":"https:\/\/www.gaveanews.com\/index.php\/wp-json\/wp\/v2\/posts"}],"about":[{"href":"https:\/\/www.gaveanews.com\/index.php\/wp-json\/wp\/v2\/types\/post"}],"author":[{"embeddable":true,"href":"https:\/\/www.gaveanews.com\/index.php\/wp-json\/wp\/v2\/users\/1"}],"replies":[{"embeddable":true,"href":"https:\/\/www.gaveanews.com\/index.php\/wp-json\/wp\/v2\/comments?post=80574"}],"version-history":[{"count":0,"href":"https:\/\/www.gaveanews.com\/index.php\/wp-json\/wp\/v2\/posts\/80574\/revisions"}],"wp:featuredmedia":[{"embeddable":true,"href":"https:\/\/www.gaveanews.com\/index.php\/wp-json\/wp\/v2\/media\/74868"}],"wp:attachment":[{"href":"https:\/\/www.gaveanews.com\/index.php\/wp-json\/wp\/v2\/media?parent=80574"}],"wp:term":[{"taxonomy":"category","embeddable":true,"href":"https:\/\/www.gaveanews.com\/index.php\/wp-json\/wp\/v2\/categories?post=80574"},{"taxonomy":"post_tag","embeddable":true,"href":"https:\/\/www.gaveanews.com\/index.php\/wp-json\/wp\/v2\/tags?post=80574"}],"curies":[{"name":"wp","href":"https:\/\/api.w.org\/{rel}","templated":true}]}}