{"id":80619,"date":"2022-04-25T19:32:22","date_gmt":"2022-04-25T22:32:22","guid":{"rendered":"https:\/\/www.gaveanews.com\/?p=80619"},"modified":"2022-04-25T19:32:22","modified_gmt":"2022-04-25T22:32:22","slug":"jornalista-elogia-rodizio-do-flamengo-e-critica-torcida","status":"publish","type":"post","link":"https:\/\/www.gaveanews.com\/index.php\/2022\/04\/25\/jornalista-elogia-rodizio-do-flamengo-e-critica-torcida\/","title":{"rendered":"Jornalista elogia rod\u00edzio do Flamengo e critica torcida"},"content":{"rendered":"<p>No \u00faltimo s\u00e1bado (23), o Flamengo enfrentou com Athletico-PR com um time alternativo e acabou derrotado por 1 a 0. Muitos torcedores flamenguistas n\u00e3o concordaram com a op\u00e7\u00e3o do treinador Paulo Sousa em poupar os principais jogadores. Al\u00e9m disso, voltaram a comparar com Jorge Jesus, dizendo que o treinador de 2019, que venceu a Libertadores e o Brasileir\u00e3o, n\u00e3o poupava os jogadores.<\/p>\n<p>No podcast \u201cPosse de Bola\u201d, o jornalista Mauro Cezar Pereira, analisou esse rod\u00edzio feito pelo treinador do Flamengo. Ele afirmou que o torcedor rubro-negro precisa entender a import\u00e2ncia de rodar o elenco para n\u00e3o estourar os jogadores, pontuando que o pr\u00f3prio Flamengo j\u00e1 tem um n\u00famero significativo de jogadores afastados por les\u00e3o. Al\u00e9m disso, o jornalista fez criticas aos jogadores que entraram em campo no s\u00e1bado.<\/p>\n<p>\u201cO Flamengo come\u00e7ou a semana passada com nove jogadores machucados, no final de semana tinha oito jogadores fora de combate e voc\u00ea tem a\u00ed certamente gente que est\u00e1 a pique de estourar. Isso se arrasta h\u00e1 muito tempo sem maiores explica\u00e7\u00f5es, se \u00e9 que tem explica\u00e7\u00e3o esse tipo de coisa. Mas o time que foi a campo \u00e9 um time bom o bastante, o Flamengo tem que fazer a diferen\u00e7a com o seu elenco, n\u00e3o \u00e9 porque poupou\u201d, diz Mauro Cezar, que emendou:<\/p>\n<p>\u201cTem um outro lado que s\u00e3o os torcedores que n\u00e3o conseguem entender a necessidade de voc\u00ea preservar jogadores sen\u00e3o voc\u00ea vai estourar o elenco inteiro, n\u00e3o tem jeito, voc\u00ea vai ter que conviver com isso e o Flamengo tem elenco para isso, o elenco \u00e9 bom o bastante sim. S\u00f3 que esses jogadores t\u00eam que render mais, o t\u00e9cnico tem que faz\u00ea-los render e eles tamb\u00e9m t\u00eam que render mais. Foram duas boas partidas, tr\u00eas at\u00e9, recentes, mas essa foi um desastre\u201d, completa.<\/p>\n<p>Posteriormente, Mauro Cezar comentou sobre as alega\u00e7\u00f5es de que Jorge Jesus n\u00e3o poupava o elenco em 2019. Ele rebateu e disse que Jesus s\u00f3 n\u00e3o poupava mais porque o elenco era curto.<\/p>\n<p>\u201cA gente ainda n\u00e3o consegue nos Brasil entender isso, os caras acham que d\u00e1 para colocar 11 jogadores iguaizinhos todo jogo. A\u00ed tem uma falsa verdade de que o Jorge Jesus n\u00e3o poupava, poupava sim, revezava sim, \u00e9 s\u00f3 pesquisar as escala\u00e7\u00f5es. Ele fazia menos porque tinha um elenco mais curto e n\u00e3o tinha a Copa do Brasil naquele ano. Ent\u00e3o, nas semanas de Copa do Brasil ele tinha a semana livre para recuperar jogador e isso vale ouro para uma boa comiss\u00e3o t\u00e9cnica, que sabe fazer esse trabalho, de recupera\u00e7\u00e3o dos atletas durante a semana, prepara\u00e7\u00e3o f\u00edsica, todo mundo\u201d, conclui.<\/p>\n<p>Na \u00faltima partida, o treinador deixou de fora da equipe titular jogadores como David Luiz, \u00c9verton Ribeiro, Andreas Pereira, Fillipe Lu\u00eds e Gabigol.<\/p>\n<p>Retirado de: Torcedores<\/p>\n","protected":false},"excerpt":{"rendered":"<p>No \u00faltimo s\u00e1bado (23), o Flamengo enfrentou com Athletico-PR com um time alternativo e acabou derrotado por 1 a 0. Muitos torcedores flamenguistas n\u00e3o concordaram com a op\u00e7\u00e3o do treinador Paulo Sousa em poupar os principais jogadores. Al\u00e9m disso, voltaram a comparar com Jorge Jesus, dizendo que o treinador de 2019, que venceu a Libertadores [&hellip;]<\/p>\n","protected":false},"author":1,"featured_media":80309,"comment_status":"open","ping_status":"closed","sticky":false,"template":"","format":"standard","meta":{"footnotes":""},"categories":[1],"tags":[],"class_list":["post-80619","post","type-post","status-publish","format-standard","has-post-thumbnail","hentry","category-flamengo"],"yoast_head":"<!-- This site is optimized with the Yoast SEO Premium plugin v24.2 (Yoast SEO v26.9) - https:\/\/yoast.com\/product\/yoast-seo-premium-wordpress\/ -->\n<title>Jornalista elogia rod\u00edzio do Flamengo e critica torcida<\/title>\n<meta name=\"robots\" content=\"index, follow, max-snippet:-1, max-image-preview:large, max-video-preview:-1\" \/>\n<link rel=\"canonical\" href=\"https:\/\/www.gaveanews.com\/index.php\/2022\/04\/25\/jornalista-elogia-rodizio-do-flamengo-e-critica-torcida\/\" \/>\n<meta property=\"og:locale\" content=\"pt_BR\" \/>\n<meta property=\"og:type\" content=\"article\" \/>\n<meta property=\"og:title\" content=\"Jornalista elogia rod\u00edzio do Flamengo e critica torcida\" \/>\n<meta property=\"og:description\" content=\"No \u00faltimo s\u00e1bado (23), o Flamengo enfrentou com Athletico-PR com um time alternativo e acabou derrotado por 1 a 0. Muitos torcedores flamenguistas n\u00e3o concordaram com a op\u00e7\u00e3o do treinador Paulo Sousa em poupar os principais jogadores. Al\u00e9m disso, voltaram a comparar com Jorge Jesus, dizendo que o treinador de 2019, que venceu a Libertadores [&hellip;]\" \/>\n<meta property=\"og:url\" content=\"https:\/\/www.gaveanews.com\/index.php\/2022\/04\/25\/jornalista-elogia-rodizio-do-flamengo-e-critica-torcida\/\" \/>\n<meta property=\"og:site_name\" content=\"G\u00e1vea News\" \/>\n<meta property=\"article:publisher\" content=\"https:\/\/facebook.com\/gaveaNews\/\" \/>\n<meta property=\"article:published_time\" content=\"2022-04-25T22:32:22+00:00\" \/>\n<meta property=\"og:image\" content=\"https:\/\/www.gaveanews.com\/wp-content\/uploads\/Jogadores-do-Flamengo-em-treinamento-no-CT-1.webp\" \/>\n\t<meta property=\"og:image:width\" content=\"799\" \/>\n\t<meta property=\"og:image:height\" content=\"533\" \/>\n\t<meta property=\"og:image:type\" content=\"image\/jpeg\" \/>\n<meta name=\"author\" content=\"Equipe G\u00e1vea News\" \/>\n<meta name=\"twitter:card\" content=\"summary_large_image\" \/>\n<meta name=\"twitter:label1\" content=\"Escrito por\" \/>\n\t<meta name=\"twitter:data1\" content=\"Equipe G\u00e1vea News\" \/>\n\t<meta name=\"twitter:label2\" content=\"Est. tempo de leitura\" \/>\n\t<meta name=\"twitter:data2\" content=\"3 minutos\" \/>\n<script type=\"application\/ld+json\" class=\"yoast-schema-graph\">{\"@context\":\"https:\/\/schema.org\",\"@graph\":[{\"@type\":\"NewsArticle\",\"@id\":\"https:\/\/www.gaveanews.com\/index.php\/2022\/04\/25\/jornalista-elogia-rodizio-do-flamengo-e-critica-torcida\/#article\",\"isPartOf\":{\"@id\":\"https:\/\/www.gaveanews.com\/index.php\/2022\/04\/25\/jornalista-elogia-rodizio-do-flamengo-e-critica-torcida\/\"},\"author\":{\"name\":\"Equipe G\u00e1vea News\",\"@id\":\"https:\/\/www.gaveanews.com\/#\/schema\/person\/2ec14f73fb96be2caf28f91afb14749d\"},\"headline\":\"Jornalista elogia rod\u00edzio do Flamengo e critica torcida\",\"datePublished\":\"2022-04-25T22:32:22+00:00\",\"mainEntityOfPage\":{\"@id\":\"https:\/\/www.gaveanews.com\/index.php\/2022\/04\/25\/jornalista-elogia-rodizio-do-flamengo-e-critica-torcida\/\"},\"wordCount\":494,\"commentCount\":0,\"image\":{\"@id\":\"https:\/\/www.gaveanews.com\/index.php\/2022\/04\/25\/jornalista-elogia-rodizio-do-flamengo-e-critica-torcida\/#primaryimage\"},\"thumbnailUrl\":\"https:\/\/www.gaveanews.com\/wp-content\/uploads\/Jogadores-do-Flamengo-em-treinamento-no-CT-1.webp\",\"articleSection\":[\"Flamengo\"],\"inLanguage\":\"pt-BR\",\"potentialAction\":[{\"@type\":\"CommentAction\",\"name\":\"Comment\",\"target\":[\"https:\/\/www.gaveanews.com\/index.php\/2022\/04\/25\/jornalista-elogia-rodizio-do-flamengo-e-critica-torcida\/#respond\"]}],\"copyrightYear\":\"2022\",\"copyrightHolder\":{\"@id\":\"https:\/\/www.gaveanews.com\/#organization\"}},{\"@type\":\"WebPage\",\"@id\":\"https:\/\/www.gaveanews.com\/index.php\/2022\/04\/25\/jornalista-elogia-rodizio-do-flamengo-e-critica-torcida\/\",\"url\":\"https:\/\/www.gaveanews.com\/index.php\/2022\/04\/25\/jornalista-elogia-rodizio-do-flamengo-e-critica-torcida\/\",\"name\":\"Jornalista elogia rod\u00edzio do Flamengo e critica torcida\",\"isPartOf\":{\"@id\":\"https:\/\/www.gaveanews.com\/#website\"},\"primaryImageOfPage\":{\"@id\":\"https:\/\/www.gaveanews.com\/index.php\/2022\/04\/25\/jornalista-elogia-rodizio-do-flamengo-e-critica-torcida\/#primaryimage\"},\"image\":{\"@id\":\"https:\/\/www.gaveanews.com\/index.php\/2022\/04\/25\/jornalista-elogia-rodizio-do-flamengo-e-critica-torcida\/#primaryimage\"},\"thumbnailUrl\":\"https:\/\/www.gaveanews.com\/wp-content\/uploads\/Jogadores-do-Flamengo-em-treinamento-no-CT-1.webp\",\"datePublished\":\"2022-04-25T22:32:22+00:00\",\"author\":{\"@id\":\"https:\/\/www.gaveanews.com\/#\/schema\/person\/2ec14f73fb96be2caf28f91afb14749d\"},\"breadcrumb\":{\"@id\":\"https:\/\/www.gaveanews.com\/index.php\/2022\/04\/25\/jornalista-elogia-rodizio-do-flamengo-e-critica-torcida\/#breadcrumb\"},\"inLanguage\":\"pt-BR\",\"potentialAction\":[{\"@type\":\"ReadAction\",\"target\":[\"https:\/\/www.gaveanews.com\/index.php\/2022\/04\/25\/jornalista-elogia-rodizio-do-flamengo-e-critica-torcida\/\"]}]},{\"@type\":\"ImageObject\",\"inLanguage\":\"pt-BR\",\"@id\":\"https:\/\/www.gaveanews.com\/index.php\/2022\/04\/25\/jornalista-elogia-rodizio-do-flamengo-e-critica-torcida\/#primaryimage\",\"url\":\"https:\/\/www.gaveanews.com\/wp-content\/uploads\/Jogadores-do-Flamengo-em-treinamento-no-CT-1.webp\",\"contentUrl\":\"https:\/\/www.gaveanews.com\/wp-content\/uploads\/Jogadores-do-Flamengo-em-treinamento-no-CT-1.webp\",\"width\":799,\"height\":533},{\"@type\":\"BreadcrumbList\",\"@id\":\"https:\/\/www.gaveanews.com\/index.php\/2022\/04\/25\/jornalista-elogia-rodizio-do-flamengo-e-critica-torcida\/#breadcrumb\",\"itemListElement\":[{\"@type\":\"ListItem\",\"position\":1,\"name\":\"Home\",\"item\":\"https:\/\/www.gaveanews.com\/\"},{\"@type\":\"ListItem\",\"position\":2,\"name\":\"Jornalista elogia rod\u00edzio do Flamengo e critica torcida\"}]},{\"@type\":\"WebSite\",\"@id\":\"https:\/\/www.gaveanews.com\/#website\",\"url\":\"https:\/\/www.gaveanews.com\/\",\"name\":\"G\u00e1vea News\",\"description\":\"Veja todas as not\u00edcias sobre o Flamengo: Contrata\u00e7\u00f5es, categorias de base, resultados das partidas, tabela de classifica\u00e7\u00e3o, pr\u00f3ximos jogos!\",\"potentialAction\":[{\"@type\":\"SearchAction\",\"target\":{\"@type\":\"EntryPoint\",\"urlTemplate\":\"https:\/\/www.gaveanews.com\/?s={search_term_string}\"},\"query-input\":{\"@type\":\"PropertyValueSpecification\",\"valueRequired\":true,\"valueName\":\"search_term_string\"}}],\"inLanguage\":\"pt-BR\"},{\"@type\":\"Person\",\"@id\":\"https:\/\/www.gaveanews.com\/#\/schema\/person\/2ec14f73fb96be2caf28f91afb14749d\",\"name\":\"Equipe G\u00e1vea News\",\"image\":{\"@type\":\"ImageObject\",\"inLanguage\":\"pt-BR\",\"@id\":\"https:\/\/www.gaveanews.com\/#\/schema\/person\/image\/\",\"url\":\"https:\/\/secure.gravatar.com\/avatar\/1e1956f1facbffd3f8fa53a326721950116b3b9dc9bd44939c01180fd4a745a9?s=96&d=mm&r=g\",\"contentUrl\":\"https:\/\/secure.gravatar.com\/avatar\/1e1956f1facbffd3f8fa53a326721950116b3b9dc9bd44939c01180fd4a745a9?s=96&d=mm&r=g\",\"caption\":\"Equipe G\u00e1vea News\"}}]}<\/script>\n<!-- \/ Yoast SEO Premium plugin. -->","yoast_head_json":{"title":"Jornalista elogia rod\u00edzio do Flamengo e critica torcida","robots":{"index":"index","follow":"follow","max-snippet":"max-snippet:-1","max-image-preview":"max-image-preview:large","max-video-preview":"max-video-preview:-1"},"canonical":"https:\/\/www.gaveanews.com\/index.php\/2022\/04\/25\/jornalista-elogia-rodizio-do-flamengo-e-critica-torcida\/","og_locale":"pt_BR","og_type":"article","og_title":"Jornalista elogia rod\u00edzio do Flamengo e critica torcida","og_description":"No \u00faltimo s\u00e1bado (23), o Flamengo enfrentou com Athletico-PR com um time alternativo e acabou derrotado por 1 a 0. Muitos torcedores flamenguistas n\u00e3o concordaram com a op\u00e7\u00e3o do treinador Paulo Sousa em poupar os principais jogadores. Al\u00e9m disso, voltaram a comparar com Jorge Jesus, dizendo que o treinador de 2019, que venceu a Libertadores [&hellip;]","og_url":"https:\/\/www.gaveanews.com\/index.php\/2022\/04\/25\/jornalista-elogia-rodizio-do-flamengo-e-critica-torcida\/","og_site_name":"G\u00e1vea News","article_publisher":"https:\/\/facebook.com\/gaveaNews\/","article_published_time":"2022-04-25T22:32:22+00:00","og_image":[{"width":799,"height":533,"url":"https:\/\/www.gaveanews.com\/wp-content\/uploads\/Jogadores-do-Flamengo-em-treinamento-no-CT-1.webp","type":"image\/jpeg"}],"author":"Equipe G\u00e1vea News","twitter_card":"summary_large_image","twitter_misc":{"Escrito por":"Equipe G\u00e1vea News","Est. tempo de leitura":"3 minutos"},"schema":{"@context":"https:\/\/schema.org","@graph":[{"@type":"NewsArticle","@id":"https:\/\/www.gaveanews.com\/index.php\/2022\/04\/25\/jornalista-elogia-rodizio-do-flamengo-e-critica-torcida\/#article","isPartOf":{"@id":"https:\/\/www.gaveanews.com\/index.php\/2022\/04\/25\/jornalista-elogia-rodizio-do-flamengo-e-critica-torcida\/"},"author":{"name":"Equipe G\u00e1vea News","@id":"https:\/\/www.gaveanews.com\/#\/schema\/person\/2ec14f73fb96be2caf28f91afb14749d"},"headline":"Jornalista elogia rod\u00edzio do Flamengo e critica torcida","datePublished":"2022-04-25T22:32:22+00:00","mainEntityOfPage":{"@id":"https:\/\/www.gaveanews.com\/index.php\/2022\/04\/25\/jornalista-elogia-rodizio-do-flamengo-e-critica-torcida\/"},"wordCount":494,"commentCount":0,"image":{"@id":"https:\/\/www.gaveanews.com\/index.php\/2022\/04\/25\/jornalista-elogia-rodizio-do-flamengo-e-critica-torcida\/#primaryimage"},"thumbnailUrl":"https:\/\/www.gaveanews.com\/wp-content\/uploads\/Jogadores-do-Flamengo-em-treinamento-no-CT-1.webp","articleSection":["Flamengo"],"inLanguage":"pt-BR","potentialAction":[{"@type":"CommentAction","name":"Comment","target":["https:\/\/www.gaveanews.com\/index.php\/2022\/04\/25\/jornalista-elogia-rodizio-do-flamengo-e-critica-torcida\/#respond"]}],"copyrightYear":"2022","copyrightHolder":{"@id":"https:\/\/www.gaveanews.com\/#organization"}},{"@type":"WebPage","@id":"https:\/\/www.gaveanews.com\/index.php\/2022\/04\/25\/jornalista-elogia-rodizio-do-flamengo-e-critica-torcida\/","url":"https:\/\/www.gaveanews.com\/index.php\/2022\/04\/25\/jornalista-elogia-rodizio-do-flamengo-e-critica-torcida\/","name":"Jornalista elogia rod\u00edzio do Flamengo e critica torcida","isPartOf":{"@id":"https:\/\/www.gaveanews.com\/#website"},"primaryImageOfPage":{"@id":"https:\/\/www.gaveanews.com\/index.php\/2022\/04\/25\/jornalista-elogia-rodizio-do-flamengo-e-critica-torcida\/#primaryimage"},"image":{"@id":"https:\/\/www.gaveanews.com\/index.php\/2022\/04\/25\/jornalista-elogia-rodizio-do-flamengo-e-critica-torcida\/#primaryimage"},"thumbnailUrl":"https:\/\/www.gaveanews.com\/wp-content\/uploads\/Jogadores-do-Flamengo-em-treinamento-no-CT-1.webp","datePublished":"2022-04-25T22:32:22+00:00","author":{"@id":"https:\/\/www.gaveanews.com\/#\/schema\/person\/2ec14f73fb96be2caf28f91afb14749d"},"breadcrumb":{"@id":"https:\/\/www.gaveanews.com\/index.php\/2022\/04\/25\/jornalista-elogia-rodizio-do-flamengo-e-critica-torcida\/#breadcrumb"},"inLanguage":"pt-BR","potentialAction":[{"@type":"ReadAction","target":["https:\/\/www.gaveanews.com\/index.php\/2022\/04\/25\/jornalista-elogia-rodizio-do-flamengo-e-critica-torcida\/"]}]},{"@type":"ImageObject","inLanguage":"pt-BR","@id":"https:\/\/www.gaveanews.com\/index.php\/2022\/04\/25\/jornalista-elogia-rodizio-do-flamengo-e-critica-torcida\/#primaryimage","url":"https:\/\/www.gaveanews.com\/wp-content\/uploads\/Jogadores-do-Flamengo-em-treinamento-no-CT-1.webp","contentUrl":"https:\/\/www.gaveanews.com\/wp-content\/uploads\/Jogadores-do-Flamengo-em-treinamento-no-CT-1.webp","width":799,"height":533},{"@type":"BreadcrumbList","@id":"https:\/\/www.gaveanews.com\/index.php\/2022\/04\/25\/jornalista-elogia-rodizio-do-flamengo-e-critica-torcida\/#breadcrumb","itemListElement":[{"@type":"ListItem","position":1,"name":"Home","item":"https:\/\/www.gaveanews.com\/"},{"@type":"ListItem","position":2,"name":"Jornalista elogia rod\u00edzio do Flamengo e critica torcida"}]},{"@type":"WebSite","@id":"https:\/\/www.gaveanews.com\/#website","url":"https:\/\/www.gaveanews.com\/","name":"G\u00e1vea News","description":"Veja todas as not\u00edcias sobre o Flamengo: Contrata\u00e7\u00f5es, categorias de base, resultados das partidas, tabela de classifica\u00e7\u00e3o, pr\u00f3ximos jogos!","potentialAction":[{"@type":"SearchAction","target":{"@type":"EntryPoint","urlTemplate":"https:\/\/www.gaveanews.com\/?s={search_term_string}"},"query-input":{"@type":"PropertyValueSpecification","valueRequired":true,"valueName":"search_term_string"}}],"inLanguage":"pt-BR"},{"@type":"Person","@id":"https:\/\/www.gaveanews.com\/#\/schema\/person\/2ec14f73fb96be2caf28f91afb14749d","name":"Equipe G\u00e1vea News","image":{"@type":"ImageObject","inLanguage":"pt-BR","@id":"https:\/\/www.gaveanews.com\/#\/schema\/person\/image\/","url":"https:\/\/secure.gravatar.com\/avatar\/1e1956f1facbffd3f8fa53a326721950116b3b9dc9bd44939c01180fd4a745a9?s=96&d=mm&r=g","contentUrl":"https:\/\/secure.gravatar.com\/avatar\/1e1956f1facbffd3f8fa53a326721950116b3b9dc9bd44939c01180fd4a745a9?s=96&d=mm&r=g","caption":"Equipe G\u00e1vea News"}}]}},"_links":{"self":[{"href":"https:\/\/www.gaveanews.com\/index.php\/wp-json\/wp\/v2\/posts\/80619","targetHints":{"allow":["GET"]}}],"collection":[{"href":"https:\/\/www.gaveanews.com\/index.php\/wp-json\/wp\/v2\/posts"}],"about":[{"href":"https:\/\/www.gaveanews.com\/index.php\/wp-json\/wp\/v2\/types\/post"}],"author":[{"embeddable":true,"href":"https:\/\/www.gaveanews.com\/index.php\/wp-json\/wp\/v2\/users\/1"}],"replies":[{"embeddable":true,"href":"https:\/\/www.gaveanews.com\/index.php\/wp-json\/wp\/v2\/comments?post=80619"}],"version-history":[{"count":0,"href":"https:\/\/www.gaveanews.com\/index.php\/wp-json\/wp\/v2\/posts\/80619\/revisions"}],"wp:featuredmedia":[{"embeddable":true,"href":"https:\/\/www.gaveanews.com\/index.php\/wp-json\/wp\/v2\/media\/80309"}],"wp:attachment":[{"href":"https:\/\/www.gaveanews.com\/index.php\/wp-json\/wp\/v2\/media?parent=80619"}],"wp:term":[{"taxonomy":"category","embeddable":true,"href":"https:\/\/www.gaveanews.com\/index.php\/wp-json\/wp\/v2\/categories?post=80619"},{"taxonomy":"post_tag","embeddable":true,"href":"https:\/\/www.gaveanews.com\/index.php\/wp-json\/wp\/v2\/tags?post=80619"}],"curies":[{"name":"wp","href":"https:\/\/api.w.org\/{rel}","templated":true}]}}