{"id":80637,"date":"2022-04-26T01:09:39","date_gmt":"2022-04-26T04:09:39","guid":{"rendered":"https:\/\/www.gaveanews.com\/?p=80637"},"modified":"2022-04-26T01:09:39","modified_gmt":"2022-04-26T04:09:39","slug":"cbf-demite-responsavel-pelo-var-e-mais-oito-funcionarios-da-comissao-de-arbitragem","status":"publish","type":"post","link":"https:\/\/www.gaveanews.com\/index.php\/2022\/04\/26\/cbf-demite-responsavel-pelo-var-e-mais-oito-funcionarios-da-comissao-de-arbitragem\/","title":{"rendered":"CBF demite respons\u00e1vel pelo VAR e mais oito funcion\u00e1rios da Comiss\u00e3o de Arbitragem"},"content":{"rendered":"<p>A Comiss\u00e3o de Arbitragem da CBF vai passar por uma grande reformula\u00e7\u00e3o. Nesta segunda-feira, de acordo com o \u201cGE\u201d, nove membros que faziam parte do departamento foram demitidos. Entre eles, um dos nomes mais importantes da comiss\u00e3o: S\u00e9rgio Corr\u00eaa, que era respons\u00e1vel pelo VAR.<\/p>\n<p>Estas mudan\u00e7as fazem parte da reestrutura\u00e7\u00e3o comandada por Wilson Seneme, que assumiu o cargo de presidente da Comiss\u00e3o de Arbitragem h\u00e1 cerca tr\u00eas semanas. Antes, o respons\u00e1vel pelo departamento era Leonardo Gaciba.<\/p>\n<p>Al\u00e9m de S\u00e9rgio Corr\u00eaa, est\u00e3o entre os demitidos Manoel Serapi\u00e3o, que chegou a representar a CBF em reuni\u00f5es na International Board sobre a implementa\u00e7\u00e3o do VAR, e o Coronel Marcos Marinho, que j\u00e1 presidiu a pr\u00f3pria comiss\u00e3o de arbitragem e atualmente estava na ouvidoria.<\/p>\n<p>Os outros demitidos foram: Cl\u00e1udio Cerdeira, Jos\u00e9 Mocellin, Nilson Mon\u00e7\u00e3o, Almir Alves de Mello (respons\u00e1vel por cortes de v\u00eddeo do VAR), Marta Magalh\u00e3es (psic\u00f3loga) e \u00c9rika Krauss (log\u00edstica).<\/p>\n<p>Retirado de: Jogada 10<\/p>\n","protected":false},"excerpt":{"rendered":"<p>A Comiss\u00e3o de Arbitragem da CBF vai passar por uma grande reformula\u00e7\u00e3o. Nesta segunda-feira, de acordo com o \u201cGE\u201d, nove membros que faziam parte do departamento foram demitidos. Entre eles, um dos nomes mais importantes da comiss\u00e3o: S\u00e9rgio Corr\u00eaa, que era respons\u00e1vel pelo VAR. Estas mudan\u00e7as fazem parte da reestrutura\u00e7\u00e3o comandada por Wilson Seneme, que [&hellip;]<\/p>\n","protected":false},"author":1,"featured_media":75528,"comment_status":"open","ping_status":"closed","sticky":false,"template":"","format":"standard","meta":{"footnotes":""},"categories":[1],"tags":[],"class_list":["post-80637","post","type-post","status-publish","format-standard","has-post-thumbnail","hentry","category-flamengo"],"yoast_head":"<!-- This site is optimized with the Yoast SEO Premium plugin v24.2 (Yoast SEO v26.9) - https:\/\/yoast.com\/product\/yoast-seo-premium-wordpress\/ -->\n<title>CBF demite respons\u00e1vel pelo VAR e mais oito funcion\u00e1rios da Comiss\u00e3o de Arbitragem<\/title>\n<meta name=\"robots\" content=\"index, follow, max-snippet:-1, max-image-preview:large, max-video-preview:-1\" \/>\n<link rel=\"canonical\" href=\"https:\/\/www.gaveanews.com\/index.php\/2022\/04\/26\/cbf-demite-responsavel-pelo-var-e-mais-oito-funcionarios-da-comissao-de-arbitragem\/\" \/>\n<meta property=\"og:locale\" content=\"pt_BR\" \/>\n<meta property=\"og:type\" content=\"article\" \/>\n<meta property=\"og:title\" content=\"CBF demite respons\u00e1vel pelo VAR e mais oito funcion\u00e1rios da Comiss\u00e3o de Arbitragem\" \/>\n<meta property=\"og:description\" content=\"A Comiss\u00e3o de Arbitragem da CBF vai passar por uma grande reformula\u00e7\u00e3o. Nesta segunda-feira, de acordo com o \u201cGE\u201d, nove membros que faziam parte do departamento foram demitidos. Entre eles, um dos nomes mais importantes da comiss\u00e3o: S\u00e9rgio Corr\u00eaa, que era respons\u00e1vel pelo VAR. Estas mudan\u00e7as fazem parte da reestrutura\u00e7\u00e3o comandada por Wilson Seneme, que [&hellip;]\" \/>\n<meta property=\"og:url\" content=\"https:\/\/www.gaveanews.com\/index.php\/2022\/04\/26\/cbf-demite-responsavel-pelo-var-e-mais-oito-funcionarios-da-comissao-de-arbitragem\/\" \/>\n<meta property=\"og:site_name\" content=\"G\u00e1vea News\" \/>\n<meta property=\"article:publisher\" content=\"https:\/\/facebook.com\/gaveaNews\/\" \/>\n<meta property=\"article:published_time\" content=\"2022-04-26T04:09:39+00:00\" \/>\n<meta property=\"og:image\" content=\"https:\/\/www.gaveanews.com\/wp-content\/uploads\/Cabine-do-VAR-no-Maracana.webp\" \/>\n\t<meta property=\"og:image:width\" content=\"548\" \/>\n\t<meta property=\"og:image:height\" content=\"365\" \/>\n\t<meta property=\"og:image:type\" content=\"image\/jpeg\" \/>\n<meta name=\"author\" content=\"Equipe G\u00e1vea News\" \/>\n<meta name=\"twitter:card\" content=\"summary_large_image\" \/>\n<meta name=\"twitter:label1\" content=\"Escrito por\" \/>\n\t<meta name=\"twitter:data1\" content=\"Equipe G\u00e1vea News\" \/>\n\t<meta name=\"twitter:label2\" content=\"Est. tempo de leitura\" \/>\n\t<meta name=\"twitter:data2\" content=\"1 minuto\" \/>\n<script type=\"application\/ld+json\" class=\"yoast-schema-graph\">{\"@context\":\"https:\/\/schema.org\",\"@graph\":[{\"@type\":\"NewsArticle\",\"@id\":\"https:\/\/www.gaveanews.com\/index.php\/2022\/04\/26\/cbf-demite-responsavel-pelo-var-e-mais-oito-funcionarios-da-comissao-de-arbitragem\/#article\",\"isPartOf\":{\"@id\":\"https:\/\/www.gaveanews.com\/index.php\/2022\/04\/26\/cbf-demite-responsavel-pelo-var-e-mais-oito-funcionarios-da-comissao-de-arbitragem\/\"},\"author\":{\"name\":\"Equipe G\u00e1vea News\",\"@id\":\"https:\/\/www.gaveanews.com\/#\/schema\/person\/2ec14f73fb96be2caf28f91afb14749d\"},\"headline\":\"CBF demite respons\u00e1vel pelo VAR e mais oito funcion\u00e1rios da Comiss\u00e3o de Arbitragem\",\"datePublished\":\"2022-04-26T04:09:39+00:00\",\"mainEntityOfPage\":{\"@id\":\"https:\/\/www.gaveanews.com\/index.php\/2022\/04\/26\/cbf-demite-responsavel-pelo-var-e-mais-oito-funcionarios-da-comissao-de-arbitragem\/\"},\"wordCount\":194,\"commentCount\":0,\"image\":{\"@id\":\"https:\/\/www.gaveanews.com\/index.php\/2022\/04\/26\/cbf-demite-responsavel-pelo-var-e-mais-oito-funcionarios-da-comissao-de-arbitragem\/#primaryimage\"},\"thumbnailUrl\":\"https:\/\/www.gaveanews.com\/wp-content\/uploads\/Cabine-do-VAR-no-Maracana.webp\",\"articleSection\":[\"Flamengo\"],\"inLanguage\":\"pt-BR\",\"potentialAction\":[{\"@type\":\"CommentAction\",\"name\":\"Comment\",\"target\":[\"https:\/\/www.gaveanews.com\/index.php\/2022\/04\/26\/cbf-demite-responsavel-pelo-var-e-mais-oito-funcionarios-da-comissao-de-arbitragem\/#respond\"]}],\"copyrightYear\":\"2022\",\"copyrightHolder\":{\"@id\":\"https:\/\/www.gaveanews.com\/#organization\"}},{\"@type\":\"WebPage\",\"@id\":\"https:\/\/www.gaveanews.com\/index.php\/2022\/04\/26\/cbf-demite-responsavel-pelo-var-e-mais-oito-funcionarios-da-comissao-de-arbitragem\/\",\"url\":\"https:\/\/www.gaveanews.com\/index.php\/2022\/04\/26\/cbf-demite-responsavel-pelo-var-e-mais-oito-funcionarios-da-comissao-de-arbitragem\/\",\"name\":\"CBF demite respons\u00e1vel pelo VAR e mais oito funcion\u00e1rios da Comiss\u00e3o de Arbitragem\",\"isPartOf\":{\"@id\":\"https:\/\/www.gaveanews.com\/#website\"},\"primaryImageOfPage\":{\"@id\":\"https:\/\/www.gaveanews.com\/index.php\/2022\/04\/26\/cbf-demite-responsavel-pelo-var-e-mais-oito-funcionarios-da-comissao-de-arbitragem\/#primaryimage\"},\"image\":{\"@id\":\"https:\/\/www.gaveanews.com\/index.php\/2022\/04\/26\/cbf-demite-responsavel-pelo-var-e-mais-oito-funcionarios-da-comissao-de-arbitragem\/#primaryimage\"},\"thumbnailUrl\":\"https:\/\/www.gaveanews.com\/wp-content\/uploads\/Cabine-do-VAR-no-Maracana.webp\",\"datePublished\":\"2022-04-26T04:09:39+00:00\",\"author\":{\"@id\":\"https:\/\/www.gaveanews.com\/#\/schema\/person\/2ec14f73fb96be2caf28f91afb14749d\"},\"breadcrumb\":{\"@id\":\"https:\/\/www.gaveanews.com\/index.php\/2022\/04\/26\/cbf-demite-responsavel-pelo-var-e-mais-oito-funcionarios-da-comissao-de-arbitragem\/#breadcrumb\"},\"inLanguage\":\"pt-BR\",\"potentialAction\":[{\"@type\":\"ReadAction\",\"target\":[\"https:\/\/www.gaveanews.com\/index.php\/2022\/04\/26\/cbf-demite-responsavel-pelo-var-e-mais-oito-funcionarios-da-comissao-de-arbitragem\/\"]}]},{\"@type\":\"ImageObject\",\"inLanguage\":\"pt-BR\",\"@id\":\"https:\/\/www.gaveanews.com\/index.php\/2022\/04\/26\/cbf-demite-responsavel-pelo-var-e-mais-oito-funcionarios-da-comissao-de-arbitragem\/#primaryimage\",\"url\":\"https:\/\/www.gaveanews.com\/wp-content\/uploads\/Cabine-do-VAR-no-Maracana.webp\",\"contentUrl\":\"https:\/\/www.gaveanews.com\/wp-content\/uploads\/Cabine-do-VAR-no-Maracana.webp\",\"width\":548,\"height\":365,\"caption\":\"Cabine do VAR no Maracan\u00e3 (Foto: Dhavid Normando\/Futura Press)\"},{\"@type\":\"BreadcrumbList\",\"@id\":\"https:\/\/www.gaveanews.com\/index.php\/2022\/04\/26\/cbf-demite-responsavel-pelo-var-e-mais-oito-funcionarios-da-comissao-de-arbitragem\/#breadcrumb\",\"itemListElement\":[{\"@type\":\"ListItem\",\"position\":1,\"name\":\"Home\",\"item\":\"https:\/\/www.gaveanews.com\/\"},{\"@type\":\"ListItem\",\"position\":2,\"name\":\"CBF demite respons\u00e1vel pelo VAR e mais oito funcion\u00e1rios da Comiss\u00e3o de Arbitragem\"}]},{\"@type\":\"WebSite\",\"@id\":\"https:\/\/www.gaveanews.com\/#website\",\"url\":\"https:\/\/www.gaveanews.com\/\",\"name\":\"G\u00e1vea News\",\"description\":\"Veja todas as not\u00edcias sobre o Flamengo: Contrata\u00e7\u00f5es, categorias de base, resultados das partidas, tabela de classifica\u00e7\u00e3o, pr\u00f3ximos jogos!\",\"potentialAction\":[{\"@type\":\"SearchAction\",\"target\":{\"@type\":\"EntryPoint\",\"urlTemplate\":\"https:\/\/www.gaveanews.com\/?s={search_term_string}\"},\"query-input\":{\"@type\":\"PropertyValueSpecification\",\"valueRequired\":true,\"valueName\":\"search_term_string\"}}],\"inLanguage\":\"pt-BR\"},{\"@type\":\"Person\",\"@id\":\"https:\/\/www.gaveanews.com\/#\/schema\/person\/2ec14f73fb96be2caf28f91afb14749d\",\"name\":\"Equipe G\u00e1vea News\",\"image\":{\"@type\":\"ImageObject\",\"inLanguage\":\"pt-BR\",\"@id\":\"https:\/\/www.gaveanews.com\/#\/schema\/person\/image\/\",\"url\":\"https:\/\/secure.gravatar.com\/avatar\/1e1956f1facbffd3f8fa53a326721950116b3b9dc9bd44939c01180fd4a745a9?s=96&d=mm&r=g\",\"contentUrl\":\"https:\/\/secure.gravatar.com\/avatar\/1e1956f1facbffd3f8fa53a326721950116b3b9dc9bd44939c01180fd4a745a9?s=96&d=mm&r=g\",\"caption\":\"Equipe G\u00e1vea News\"}}]}<\/script>\n<!-- \/ Yoast SEO Premium plugin. -->","yoast_head_json":{"title":"CBF demite respons\u00e1vel pelo VAR e mais oito funcion\u00e1rios da Comiss\u00e3o de Arbitragem","robots":{"index":"index","follow":"follow","max-snippet":"max-snippet:-1","max-image-preview":"max-image-preview:large","max-video-preview":"max-video-preview:-1"},"canonical":"https:\/\/www.gaveanews.com\/index.php\/2022\/04\/26\/cbf-demite-responsavel-pelo-var-e-mais-oito-funcionarios-da-comissao-de-arbitragem\/","og_locale":"pt_BR","og_type":"article","og_title":"CBF demite respons\u00e1vel pelo VAR e mais oito funcion\u00e1rios da Comiss\u00e3o de Arbitragem","og_description":"A Comiss\u00e3o de Arbitragem da CBF vai passar por uma grande reformula\u00e7\u00e3o. Nesta segunda-feira, de acordo com o \u201cGE\u201d, nove membros que faziam parte do departamento foram demitidos. Entre eles, um dos nomes mais importantes da comiss\u00e3o: S\u00e9rgio Corr\u00eaa, que era respons\u00e1vel pelo VAR. Estas mudan\u00e7as fazem parte da reestrutura\u00e7\u00e3o comandada por Wilson Seneme, que [&hellip;]","og_url":"https:\/\/www.gaveanews.com\/index.php\/2022\/04\/26\/cbf-demite-responsavel-pelo-var-e-mais-oito-funcionarios-da-comissao-de-arbitragem\/","og_site_name":"G\u00e1vea News","article_publisher":"https:\/\/facebook.com\/gaveaNews\/","article_published_time":"2022-04-26T04:09:39+00:00","og_image":[{"width":548,"height":365,"url":"https:\/\/www.gaveanews.com\/wp-content\/uploads\/Cabine-do-VAR-no-Maracana.webp","type":"image\/jpeg"}],"author":"Equipe G\u00e1vea News","twitter_card":"summary_large_image","twitter_misc":{"Escrito por":"Equipe G\u00e1vea News","Est. tempo de leitura":"1 minuto"},"schema":{"@context":"https:\/\/schema.org","@graph":[{"@type":"NewsArticle","@id":"https:\/\/www.gaveanews.com\/index.php\/2022\/04\/26\/cbf-demite-responsavel-pelo-var-e-mais-oito-funcionarios-da-comissao-de-arbitragem\/#article","isPartOf":{"@id":"https:\/\/www.gaveanews.com\/index.php\/2022\/04\/26\/cbf-demite-responsavel-pelo-var-e-mais-oito-funcionarios-da-comissao-de-arbitragem\/"},"author":{"name":"Equipe G\u00e1vea News","@id":"https:\/\/www.gaveanews.com\/#\/schema\/person\/2ec14f73fb96be2caf28f91afb14749d"},"headline":"CBF demite respons\u00e1vel pelo VAR e mais oito funcion\u00e1rios da Comiss\u00e3o de Arbitragem","datePublished":"2022-04-26T04:09:39+00:00","mainEntityOfPage":{"@id":"https:\/\/www.gaveanews.com\/index.php\/2022\/04\/26\/cbf-demite-responsavel-pelo-var-e-mais-oito-funcionarios-da-comissao-de-arbitragem\/"},"wordCount":194,"commentCount":0,"image":{"@id":"https:\/\/www.gaveanews.com\/index.php\/2022\/04\/26\/cbf-demite-responsavel-pelo-var-e-mais-oito-funcionarios-da-comissao-de-arbitragem\/#primaryimage"},"thumbnailUrl":"https:\/\/www.gaveanews.com\/wp-content\/uploads\/Cabine-do-VAR-no-Maracana.webp","articleSection":["Flamengo"],"inLanguage":"pt-BR","potentialAction":[{"@type":"CommentAction","name":"Comment","target":["https:\/\/www.gaveanews.com\/index.php\/2022\/04\/26\/cbf-demite-responsavel-pelo-var-e-mais-oito-funcionarios-da-comissao-de-arbitragem\/#respond"]}],"copyrightYear":"2022","copyrightHolder":{"@id":"https:\/\/www.gaveanews.com\/#organization"}},{"@type":"WebPage","@id":"https:\/\/www.gaveanews.com\/index.php\/2022\/04\/26\/cbf-demite-responsavel-pelo-var-e-mais-oito-funcionarios-da-comissao-de-arbitragem\/","url":"https:\/\/www.gaveanews.com\/index.php\/2022\/04\/26\/cbf-demite-responsavel-pelo-var-e-mais-oito-funcionarios-da-comissao-de-arbitragem\/","name":"CBF demite respons\u00e1vel pelo VAR e mais oito funcion\u00e1rios da Comiss\u00e3o de Arbitragem","isPartOf":{"@id":"https:\/\/www.gaveanews.com\/#website"},"primaryImageOfPage":{"@id":"https:\/\/www.gaveanews.com\/index.php\/2022\/04\/26\/cbf-demite-responsavel-pelo-var-e-mais-oito-funcionarios-da-comissao-de-arbitragem\/#primaryimage"},"image":{"@id":"https:\/\/www.gaveanews.com\/index.php\/2022\/04\/26\/cbf-demite-responsavel-pelo-var-e-mais-oito-funcionarios-da-comissao-de-arbitragem\/#primaryimage"},"thumbnailUrl":"https:\/\/www.gaveanews.com\/wp-content\/uploads\/Cabine-do-VAR-no-Maracana.webp","datePublished":"2022-04-26T04:09:39+00:00","author":{"@id":"https:\/\/www.gaveanews.com\/#\/schema\/person\/2ec14f73fb96be2caf28f91afb14749d"},"breadcrumb":{"@id":"https:\/\/www.gaveanews.com\/index.php\/2022\/04\/26\/cbf-demite-responsavel-pelo-var-e-mais-oito-funcionarios-da-comissao-de-arbitragem\/#breadcrumb"},"inLanguage":"pt-BR","potentialAction":[{"@type":"ReadAction","target":["https:\/\/www.gaveanews.com\/index.php\/2022\/04\/26\/cbf-demite-responsavel-pelo-var-e-mais-oito-funcionarios-da-comissao-de-arbitragem\/"]}]},{"@type":"ImageObject","inLanguage":"pt-BR","@id":"https:\/\/www.gaveanews.com\/index.php\/2022\/04\/26\/cbf-demite-responsavel-pelo-var-e-mais-oito-funcionarios-da-comissao-de-arbitragem\/#primaryimage","url":"https:\/\/www.gaveanews.com\/wp-content\/uploads\/Cabine-do-VAR-no-Maracana.webp","contentUrl":"https:\/\/www.gaveanews.com\/wp-content\/uploads\/Cabine-do-VAR-no-Maracana.webp","width":548,"height":365,"caption":"Cabine do VAR no Maracan\u00e3 (Foto: Dhavid Normando\/Futura Press)"},{"@type":"BreadcrumbList","@id":"https:\/\/www.gaveanews.com\/index.php\/2022\/04\/26\/cbf-demite-responsavel-pelo-var-e-mais-oito-funcionarios-da-comissao-de-arbitragem\/#breadcrumb","itemListElement":[{"@type":"ListItem","position":1,"name":"Home","item":"https:\/\/www.gaveanews.com\/"},{"@type":"ListItem","position":2,"name":"CBF demite respons\u00e1vel pelo VAR e mais oito funcion\u00e1rios da Comiss\u00e3o de Arbitragem"}]},{"@type":"WebSite","@id":"https:\/\/www.gaveanews.com\/#website","url":"https:\/\/www.gaveanews.com\/","name":"G\u00e1vea News","description":"Veja todas as not\u00edcias sobre o Flamengo: Contrata\u00e7\u00f5es, categorias de base, resultados das partidas, tabela de classifica\u00e7\u00e3o, pr\u00f3ximos jogos!","potentialAction":[{"@type":"SearchAction","target":{"@type":"EntryPoint","urlTemplate":"https:\/\/www.gaveanews.com\/?s={search_term_string}"},"query-input":{"@type":"PropertyValueSpecification","valueRequired":true,"valueName":"search_term_string"}}],"inLanguage":"pt-BR"},{"@type":"Person","@id":"https:\/\/www.gaveanews.com\/#\/schema\/person\/2ec14f73fb96be2caf28f91afb14749d","name":"Equipe G\u00e1vea News","image":{"@type":"ImageObject","inLanguage":"pt-BR","@id":"https:\/\/www.gaveanews.com\/#\/schema\/person\/image\/","url":"https:\/\/secure.gravatar.com\/avatar\/1e1956f1facbffd3f8fa53a326721950116b3b9dc9bd44939c01180fd4a745a9?s=96&d=mm&r=g","contentUrl":"https:\/\/secure.gravatar.com\/avatar\/1e1956f1facbffd3f8fa53a326721950116b3b9dc9bd44939c01180fd4a745a9?s=96&d=mm&r=g","caption":"Equipe G\u00e1vea News"}}]}},"_links":{"self":[{"href":"https:\/\/www.gaveanews.com\/index.php\/wp-json\/wp\/v2\/posts\/80637","targetHints":{"allow":["GET"]}}],"collection":[{"href":"https:\/\/www.gaveanews.com\/index.php\/wp-json\/wp\/v2\/posts"}],"about":[{"href":"https:\/\/www.gaveanews.com\/index.php\/wp-json\/wp\/v2\/types\/post"}],"author":[{"embeddable":true,"href":"https:\/\/www.gaveanews.com\/index.php\/wp-json\/wp\/v2\/users\/1"}],"replies":[{"embeddable":true,"href":"https:\/\/www.gaveanews.com\/index.php\/wp-json\/wp\/v2\/comments?post=80637"}],"version-history":[{"count":0,"href":"https:\/\/www.gaveanews.com\/index.php\/wp-json\/wp\/v2\/posts\/80637\/revisions"}],"wp:featuredmedia":[{"embeddable":true,"href":"https:\/\/www.gaveanews.com\/index.php\/wp-json\/wp\/v2\/media\/75528"}],"wp:attachment":[{"href":"https:\/\/www.gaveanews.com\/index.php\/wp-json\/wp\/v2\/media?parent=80637"}],"wp:term":[{"taxonomy":"category","embeddable":true,"href":"https:\/\/www.gaveanews.com\/index.php\/wp-json\/wp\/v2\/categories?post=80637"},{"taxonomy":"post_tag","embeddable":true,"href":"https:\/\/www.gaveanews.com\/index.php\/wp-json\/wp\/v2\/tags?post=80637"}],"curies":[{"name":"wp","href":"https:\/\/api.w.org\/{rel}","templated":true}]}}