{"id":80642,"date":"2022-04-26T08:47:44","date_gmt":"2022-04-26T11:47:44","guid":{"rendered":"https:\/\/www.gaveanews.com\/?p=80642"},"modified":"2022-04-26T08:47:44","modified_gmt":"2022-04-26T11:47:44","slug":"com-chance-de-classico-em-brasilia-flamengo-tera-sequencia-de-viagens","status":"publish","type":"post","link":"https:\/\/www.gaveanews.com\/index.php\/2022\/04\/26\/com-chance-de-classico-em-brasilia-flamengo-tera-sequencia-de-viagens\/","title":{"rendered":"Com chance de cl\u00e1ssico em Bras\u00edlia, Flamengo ter\u00e1 sequ\u00eancia de viagens"},"content":{"rendered":"<p>O fechamento do Maracan\u00e3, que passar\u00e1 por nova troca de gramado menos de dois meses ap\u00f3s ser reaberto, possivelmente far\u00e1 o Flamengo estender a sua sequ\u00eancia de jogos fora do Rio de Janeiro e o n\u00famero de viagens nos pr\u00f3ximos dias. A s\u00e9rie come\u00e7ou no s\u00e1bado, quando enfrentou o Athletico-PR em Curitiba, e tem paradas certas em Santiago, Teresina, C\u00f3rdoba e Fortaleza.<\/p>\n<p>Com tr\u00eas competi\u00e7\u00f5es no horizonte, o time de Paulo Sousa j\u00e1 enfrentaria longas viagens nos pr\u00f3ximos 30 dias, mas a confirma\u00e7\u00e3o de que o clube n\u00e3o poder\u00e1 mandar o jogo com o Botafogo, pela quinta rodada do Brasileir\u00e3o, no Maracan\u00e3 torna a agenda rubro-negra ainda mais concorrida. Ainda n\u00e3o h\u00e1 defini\u00e7\u00e3o a respeito do local do cl\u00e1ssico, mas o Est\u00e1dio Man\u00e9 Garrincha, em Bras\u00edlia, \u00e9 uma possibilidade. O clube j\u00e1 mandou outras partidas no local.<\/p>\n<p>A certeza \u00e9 de que a delega\u00e7\u00e3o rubro-negra vai encarar longas viagens para Santiago, C\u00f3rdoba, Teresina e Fortaleza nas pr\u00f3ximas semana. A primeira ser\u00e1 j\u00e1 na quarta-feira, quando o grupo realiza um \u00faltimo treino no Ninho do Urubu e embarca para a capital chilena, onde atua na quinta, \u00e0s 19h, na Copa Libertadores.<\/p>\n<h2>Pr\u00f3ximos jogos do Flamengo<\/h2>\n<ul>\n<li>28\/4 &#8211; Universidad Cat\u00f3lica x Flamengo, em Santiago (Libertadores)\n<ul>\n<li>Dist\u00e2ncia e tempo m\u00e9dio de voo: 2937 km \/ 4h10<\/li>\n<\/ul>\n<\/li>\n<li>1\/5 &#8211; Altos x Flamengo, em Teresina (Copa do Brasil)\n<ul>\n<li>Dist\u00e2ncia e tempo m\u00e9dio de voo:1981 km \/ 2h28<\/li>\n<\/ul>\n<\/li>\n<li>4\/5 &#8211; Talleres x Flamengo, em C\u00f3rdoba (Libertadores)\n<ul>\n<li>Dist\u00e2ncia e tempo m\u00e9dio de voo: 2279 km \/ 2h50<\/li>\n<\/ul>\n<\/li>\n<li>8\/5 &#8211; Flamengo x Botafogo, em local indefinido (Brasileir\u00e3o)<\/li>\n<li>15\/5 &#8211; Cear\u00e1 x Flamengo, em Fortaleza (Brasileir\u00e3o)\n<ul>\n<li>Dist\u00e2ncia e tempo m\u00e9dio de voo: 2191 km \/ 2h44<\/li>\n<\/ul>\n<\/li>\n<\/ul>\n<p>Retirado de: UOL<\/p>\n","protected":false},"excerpt":{"rendered":"<p>O fechamento do Maracan\u00e3, que passar\u00e1 por nova troca de gramado menos de dois meses ap\u00f3s ser reaberto, possivelmente far\u00e1 o Flamengo estender a sua sequ\u00eancia de jogos fora do Rio de Janeiro e o n\u00famero de viagens nos pr\u00f3ximos dias. A s\u00e9rie come\u00e7ou no s\u00e1bado, quando enfrentou o Athletico-PR em Curitiba, e tem paradas [&hellip;]<\/p>\n","protected":false},"author":1,"featured_media":77302,"comment_status":"open","ping_status":"closed","sticky":false,"template":"","format":"standard","meta":{"footnotes":""},"categories":[1],"tags":[],"class_list":["post-80642","post","type-post","status-publish","format-standard","has-post-thumbnail","hentry","category-flamengo"],"yoast_head":"<!-- This site is optimized with the Yoast SEO Premium plugin v24.2 (Yoast SEO v26.9) - https:\/\/yoast.com\/product\/yoast-seo-premium-wordpress\/ -->\n<title>Com chance de cl\u00e1ssico em Bras\u00edlia, Flamengo ter\u00e1 sequ\u00eancia de viagens<\/title>\n<meta name=\"robots\" content=\"index, follow, max-snippet:-1, max-image-preview:large, max-video-preview:-1\" \/>\n<link rel=\"canonical\" href=\"https:\/\/www.gaveanews.com\/index.php\/2022\/04\/26\/com-chance-de-classico-em-brasilia-flamengo-tera-sequencia-de-viagens\/\" \/>\n<meta property=\"og:locale\" content=\"pt_BR\" \/>\n<meta property=\"og:type\" content=\"article\" \/>\n<meta property=\"og:title\" content=\"Com chance de cl\u00e1ssico em Bras\u00edlia, Flamengo ter\u00e1 sequ\u00eancia de viagens\" \/>\n<meta property=\"og:description\" content=\"O fechamento do Maracan\u00e3, que passar\u00e1 por nova troca de gramado menos de dois meses ap\u00f3s ser reaberto, possivelmente far\u00e1 o Flamengo estender a sua sequ\u00eancia de jogos fora do Rio de Janeiro e o n\u00famero de viagens nos pr\u00f3ximos dias. A s\u00e9rie come\u00e7ou no s\u00e1bado, quando enfrentou o Athletico-PR em Curitiba, e tem paradas [&hellip;]\" \/>\n<meta property=\"og:url\" content=\"https:\/\/www.gaveanews.com\/index.php\/2022\/04\/26\/com-chance-de-classico-em-brasilia-flamengo-tera-sequencia-de-viagens\/\" \/>\n<meta property=\"og:site_name\" content=\"G\u00e1vea News\" \/>\n<meta property=\"article:publisher\" content=\"https:\/\/facebook.com\/gaveaNews\/\" \/>\n<meta property=\"article:published_time\" content=\"2022-04-26T11:47:44+00:00\" \/>\n<meta property=\"og:image\" content=\"https:\/\/www.gaveanews.com\/wp-content\/uploads\/Gabigol-em-acao-pelo-Flamengo-contra-o-Botafogo-na-Taca-Guanabara-2022.webp\" \/>\n\t<meta property=\"og:image:width\" content=\"799\" \/>\n\t<meta property=\"og:image:height\" content=\"532\" \/>\n\t<meta property=\"og:image:type\" content=\"image\/jpeg\" \/>\n<meta name=\"author\" content=\"Equipe G\u00e1vea News\" \/>\n<meta name=\"twitter:card\" content=\"summary_large_image\" \/>\n<meta name=\"twitter:label1\" content=\"Escrito por\" \/>\n\t<meta name=\"twitter:data1\" content=\"Equipe G\u00e1vea News\" \/>\n\t<meta name=\"twitter:label2\" content=\"Est. tempo de leitura\" \/>\n\t<meta name=\"twitter:data2\" content=\"2 minutos\" \/>\n<script type=\"application\/ld+json\" class=\"yoast-schema-graph\">{\"@context\":\"https:\/\/schema.org\",\"@graph\":[{\"@type\":\"NewsArticle\",\"@id\":\"https:\/\/www.gaveanews.com\/index.php\/2022\/04\/26\/com-chance-de-classico-em-brasilia-flamengo-tera-sequencia-de-viagens\/#article\",\"isPartOf\":{\"@id\":\"https:\/\/www.gaveanews.com\/index.php\/2022\/04\/26\/com-chance-de-classico-em-brasilia-flamengo-tera-sequencia-de-viagens\/\"},\"author\":{\"name\":\"Equipe G\u00e1vea News\",\"@id\":\"https:\/\/www.gaveanews.com\/#\/schema\/person\/2ec14f73fb96be2caf28f91afb14749d\"},\"headline\":\"Com chance de cl\u00e1ssico em Bras\u00edlia, Flamengo ter\u00e1 sequ\u00eancia de viagens\",\"datePublished\":\"2022-04-26T11:47:44+00:00\",\"mainEntityOfPage\":{\"@id\":\"https:\/\/www.gaveanews.com\/index.php\/2022\/04\/26\/com-chance-de-classico-em-brasilia-flamengo-tera-sequencia-de-viagens\/\"},\"wordCount\":314,\"commentCount\":0,\"image\":{\"@id\":\"https:\/\/www.gaveanews.com\/index.php\/2022\/04\/26\/com-chance-de-classico-em-brasilia-flamengo-tera-sequencia-de-viagens\/#primaryimage\"},\"thumbnailUrl\":\"https:\/\/www.gaveanews.com\/wp-content\/uploads\/Gabigol-em-acao-pelo-Flamengo-contra-o-Botafogo-na-Taca-Guanabara-2022.webp\",\"articleSection\":[\"Flamengo\"],\"inLanguage\":\"pt-BR\",\"potentialAction\":[{\"@type\":\"CommentAction\",\"name\":\"Comment\",\"target\":[\"https:\/\/www.gaveanews.com\/index.php\/2022\/04\/26\/com-chance-de-classico-em-brasilia-flamengo-tera-sequencia-de-viagens\/#respond\"]}],\"copyrightYear\":\"2022\",\"copyrightHolder\":{\"@id\":\"https:\/\/www.gaveanews.com\/#organization\"}},{\"@type\":\"WebPage\",\"@id\":\"https:\/\/www.gaveanews.com\/index.php\/2022\/04\/26\/com-chance-de-classico-em-brasilia-flamengo-tera-sequencia-de-viagens\/\",\"url\":\"https:\/\/www.gaveanews.com\/index.php\/2022\/04\/26\/com-chance-de-classico-em-brasilia-flamengo-tera-sequencia-de-viagens\/\",\"name\":\"Com chance de cl\u00e1ssico em Bras\u00edlia, Flamengo ter\u00e1 sequ\u00eancia de viagens\",\"isPartOf\":{\"@id\":\"https:\/\/www.gaveanews.com\/#website\"},\"primaryImageOfPage\":{\"@id\":\"https:\/\/www.gaveanews.com\/index.php\/2022\/04\/26\/com-chance-de-classico-em-brasilia-flamengo-tera-sequencia-de-viagens\/#primaryimage\"},\"image\":{\"@id\":\"https:\/\/www.gaveanews.com\/index.php\/2022\/04\/26\/com-chance-de-classico-em-brasilia-flamengo-tera-sequencia-de-viagens\/#primaryimage\"},\"thumbnailUrl\":\"https:\/\/www.gaveanews.com\/wp-content\/uploads\/Gabigol-em-acao-pelo-Flamengo-contra-o-Botafogo-na-Taca-Guanabara-2022.webp\",\"datePublished\":\"2022-04-26T11:47:44+00:00\",\"author\":{\"@id\":\"https:\/\/www.gaveanews.com\/#\/schema\/person\/2ec14f73fb96be2caf28f91afb14749d\"},\"breadcrumb\":{\"@id\":\"https:\/\/www.gaveanews.com\/index.php\/2022\/04\/26\/com-chance-de-classico-em-brasilia-flamengo-tera-sequencia-de-viagens\/#breadcrumb\"},\"inLanguage\":\"pt-BR\",\"potentialAction\":[{\"@type\":\"ReadAction\",\"target\":[\"https:\/\/www.gaveanews.com\/index.php\/2022\/04\/26\/com-chance-de-classico-em-brasilia-flamengo-tera-sequencia-de-viagens\/\"]}]},{\"@type\":\"ImageObject\",\"inLanguage\":\"pt-BR\",\"@id\":\"https:\/\/www.gaveanews.com\/index.php\/2022\/04\/26\/com-chance-de-classico-em-brasilia-flamengo-tera-sequencia-de-viagens\/#primaryimage\",\"url\":\"https:\/\/www.gaveanews.com\/wp-content\/uploads\/Gabigol-em-acao-pelo-Flamengo-contra-o-Botafogo-na-Taca-Guanabara-2022.webp\",\"contentUrl\":\"https:\/\/www.gaveanews.com\/wp-content\/uploads\/Gabigol-em-acao-pelo-Flamengo-contra-o-Botafogo-na-Taca-Guanabara-2022.webp\",\"width\":799,\"height\":532,\"caption\":\"Gabigol em a\u00e7\u00e3o pelo Flamengo contra o Botafogo na Ta\u00e7a Guanabara 2022 (Foto: Marcelo Cortes\/Flamengo)\"},{\"@type\":\"BreadcrumbList\",\"@id\":\"https:\/\/www.gaveanews.com\/index.php\/2022\/04\/26\/com-chance-de-classico-em-brasilia-flamengo-tera-sequencia-de-viagens\/#breadcrumb\",\"itemListElement\":[{\"@type\":\"ListItem\",\"position\":1,\"name\":\"Home\",\"item\":\"https:\/\/www.gaveanews.com\/\"},{\"@type\":\"ListItem\",\"position\":2,\"name\":\"Com chance de cl\u00e1ssico em Bras\u00edlia, Flamengo ter\u00e1 sequ\u00eancia de viagens\"}]},{\"@type\":\"WebSite\",\"@id\":\"https:\/\/www.gaveanews.com\/#website\",\"url\":\"https:\/\/www.gaveanews.com\/\",\"name\":\"G\u00e1vea News\",\"description\":\"Veja todas as not\u00edcias sobre o Flamengo: Contrata\u00e7\u00f5es, categorias de base, resultados das partidas, tabela de classifica\u00e7\u00e3o, pr\u00f3ximos jogos!\",\"potentialAction\":[{\"@type\":\"SearchAction\",\"target\":{\"@type\":\"EntryPoint\",\"urlTemplate\":\"https:\/\/www.gaveanews.com\/?s={search_term_string}\"},\"query-input\":{\"@type\":\"PropertyValueSpecification\",\"valueRequired\":true,\"valueName\":\"search_term_string\"}}],\"inLanguage\":\"pt-BR\"},{\"@type\":\"Person\",\"@id\":\"https:\/\/www.gaveanews.com\/#\/schema\/person\/2ec14f73fb96be2caf28f91afb14749d\",\"name\":\"Equipe G\u00e1vea News\",\"image\":{\"@type\":\"ImageObject\",\"inLanguage\":\"pt-BR\",\"@id\":\"https:\/\/www.gaveanews.com\/#\/schema\/person\/image\/\",\"url\":\"https:\/\/secure.gravatar.com\/avatar\/1e1956f1facbffd3f8fa53a326721950116b3b9dc9bd44939c01180fd4a745a9?s=96&d=mm&r=g\",\"contentUrl\":\"https:\/\/secure.gravatar.com\/avatar\/1e1956f1facbffd3f8fa53a326721950116b3b9dc9bd44939c01180fd4a745a9?s=96&d=mm&r=g\",\"caption\":\"Equipe G\u00e1vea News\"}}]}<\/script>\n<!-- \/ Yoast SEO Premium plugin. -->","yoast_head_json":{"title":"Com chance de cl\u00e1ssico em Bras\u00edlia, Flamengo ter\u00e1 sequ\u00eancia de viagens","robots":{"index":"index","follow":"follow","max-snippet":"max-snippet:-1","max-image-preview":"max-image-preview:large","max-video-preview":"max-video-preview:-1"},"canonical":"https:\/\/www.gaveanews.com\/index.php\/2022\/04\/26\/com-chance-de-classico-em-brasilia-flamengo-tera-sequencia-de-viagens\/","og_locale":"pt_BR","og_type":"article","og_title":"Com chance de cl\u00e1ssico em Bras\u00edlia, Flamengo ter\u00e1 sequ\u00eancia de viagens","og_description":"O fechamento do Maracan\u00e3, que passar\u00e1 por nova troca de gramado menos de dois meses ap\u00f3s ser reaberto, possivelmente far\u00e1 o Flamengo estender a sua sequ\u00eancia de jogos fora do Rio de Janeiro e o n\u00famero de viagens nos pr\u00f3ximos dias. A s\u00e9rie come\u00e7ou no s\u00e1bado, quando enfrentou o Athletico-PR em Curitiba, e tem paradas [&hellip;]","og_url":"https:\/\/www.gaveanews.com\/index.php\/2022\/04\/26\/com-chance-de-classico-em-brasilia-flamengo-tera-sequencia-de-viagens\/","og_site_name":"G\u00e1vea News","article_publisher":"https:\/\/facebook.com\/gaveaNews\/","article_published_time":"2022-04-26T11:47:44+00:00","og_image":[{"width":799,"height":532,"url":"https:\/\/www.gaveanews.com\/wp-content\/uploads\/Gabigol-em-acao-pelo-Flamengo-contra-o-Botafogo-na-Taca-Guanabara-2022.webp","type":"image\/jpeg"}],"author":"Equipe G\u00e1vea News","twitter_card":"summary_large_image","twitter_misc":{"Escrito por":"Equipe G\u00e1vea News","Est. tempo de leitura":"2 minutos"},"schema":{"@context":"https:\/\/schema.org","@graph":[{"@type":"NewsArticle","@id":"https:\/\/www.gaveanews.com\/index.php\/2022\/04\/26\/com-chance-de-classico-em-brasilia-flamengo-tera-sequencia-de-viagens\/#article","isPartOf":{"@id":"https:\/\/www.gaveanews.com\/index.php\/2022\/04\/26\/com-chance-de-classico-em-brasilia-flamengo-tera-sequencia-de-viagens\/"},"author":{"name":"Equipe G\u00e1vea News","@id":"https:\/\/www.gaveanews.com\/#\/schema\/person\/2ec14f73fb96be2caf28f91afb14749d"},"headline":"Com chance de cl\u00e1ssico em Bras\u00edlia, Flamengo ter\u00e1 sequ\u00eancia de viagens","datePublished":"2022-04-26T11:47:44+00:00","mainEntityOfPage":{"@id":"https:\/\/www.gaveanews.com\/index.php\/2022\/04\/26\/com-chance-de-classico-em-brasilia-flamengo-tera-sequencia-de-viagens\/"},"wordCount":314,"commentCount":0,"image":{"@id":"https:\/\/www.gaveanews.com\/index.php\/2022\/04\/26\/com-chance-de-classico-em-brasilia-flamengo-tera-sequencia-de-viagens\/#primaryimage"},"thumbnailUrl":"https:\/\/www.gaveanews.com\/wp-content\/uploads\/Gabigol-em-acao-pelo-Flamengo-contra-o-Botafogo-na-Taca-Guanabara-2022.webp","articleSection":["Flamengo"],"inLanguage":"pt-BR","potentialAction":[{"@type":"CommentAction","name":"Comment","target":["https:\/\/www.gaveanews.com\/index.php\/2022\/04\/26\/com-chance-de-classico-em-brasilia-flamengo-tera-sequencia-de-viagens\/#respond"]}],"copyrightYear":"2022","copyrightHolder":{"@id":"https:\/\/www.gaveanews.com\/#organization"}},{"@type":"WebPage","@id":"https:\/\/www.gaveanews.com\/index.php\/2022\/04\/26\/com-chance-de-classico-em-brasilia-flamengo-tera-sequencia-de-viagens\/","url":"https:\/\/www.gaveanews.com\/index.php\/2022\/04\/26\/com-chance-de-classico-em-brasilia-flamengo-tera-sequencia-de-viagens\/","name":"Com chance de cl\u00e1ssico em Bras\u00edlia, Flamengo ter\u00e1 sequ\u00eancia de viagens","isPartOf":{"@id":"https:\/\/www.gaveanews.com\/#website"},"primaryImageOfPage":{"@id":"https:\/\/www.gaveanews.com\/index.php\/2022\/04\/26\/com-chance-de-classico-em-brasilia-flamengo-tera-sequencia-de-viagens\/#primaryimage"},"image":{"@id":"https:\/\/www.gaveanews.com\/index.php\/2022\/04\/26\/com-chance-de-classico-em-brasilia-flamengo-tera-sequencia-de-viagens\/#primaryimage"},"thumbnailUrl":"https:\/\/www.gaveanews.com\/wp-content\/uploads\/Gabigol-em-acao-pelo-Flamengo-contra-o-Botafogo-na-Taca-Guanabara-2022.webp","datePublished":"2022-04-26T11:47:44+00:00","author":{"@id":"https:\/\/www.gaveanews.com\/#\/schema\/person\/2ec14f73fb96be2caf28f91afb14749d"},"breadcrumb":{"@id":"https:\/\/www.gaveanews.com\/index.php\/2022\/04\/26\/com-chance-de-classico-em-brasilia-flamengo-tera-sequencia-de-viagens\/#breadcrumb"},"inLanguage":"pt-BR","potentialAction":[{"@type":"ReadAction","target":["https:\/\/www.gaveanews.com\/index.php\/2022\/04\/26\/com-chance-de-classico-em-brasilia-flamengo-tera-sequencia-de-viagens\/"]}]},{"@type":"ImageObject","inLanguage":"pt-BR","@id":"https:\/\/www.gaveanews.com\/index.php\/2022\/04\/26\/com-chance-de-classico-em-brasilia-flamengo-tera-sequencia-de-viagens\/#primaryimage","url":"https:\/\/www.gaveanews.com\/wp-content\/uploads\/Gabigol-em-acao-pelo-Flamengo-contra-o-Botafogo-na-Taca-Guanabara-2022.webp","contentUrl":"https:\/\/www.gaveanews.com\/wp-content\/uploads\/Gabigol-em-acao-pelo-Flamengo-contra-o-Botafogo-na-Taca-Guanabara-2022.webp","width":799,"height":532,"caption":"Gabigol em a\u00e7\u00e3o pelo Flamengo contra o Botafogo na Ta\u00e7a Guanabara 2022 (Foto: Marcelo Cortes\/Flamengo)"},{"@type":"BreadcrumbList","@id":"https:\/\/www.gaveanews.com\/index.php\/2022\/04\/26\/com-chance-de-classico-em-brasilia-flamengo-tera-sequencia-de-viagens\/#breadcrumb","itemListElement":[{"@type":"ListItem","position":1,"name":"Home","item":"https:\/\/www.gaveanews.com\/"},{"@type":"ListItem","position":2,"name":"Com chance de cl\u00e1ssico em Bras\u00edlia, Flamengo ter\u00e1 sequ\u00eancia de viagens"}]},{"@type":"WebSite","@id":"https:\/\/www.gaveanews.com\/#website","url":"https:\/\/www.gaveanews.com\/","name":"G\u00e1vea News","description":"Veja todas as not\u00edcias sobre o Flamengo: Contrata\u00e7\u00f5es, categorias de base, resultados das partidas, tabela de classifica\u00e7\u00e3o, pr\u00f3ximos jogos!","potentialAction":[{"@type":"SearchAction","target":{"@type":"EntryPoint","urlTemplate":"https:\/\/www.gaveanews.com\/?s={search_term_string}"},"query-input":{"@type":"PropertyValueSpecification","valueRequired":true,"valueName":"search_term_string"}}],"inLanguage":"pt-BR"},{"@type":"Person","@id":"https:\/\/www.gaveanews.com\/#\/schema\/person\/2ec14f73fb96be2caf28f91afb14749d","name":"Equipe G\u00e1vea News","image":{"@type":"ImageObject","inLanguage":"pt-BR","@id":"https:\/\/www.gaveanews.com\/#\/schema\/person\/image\/","url":"https:\/\/secure.gravatar.com\/avatar\/1e1956f1facbffd3f8fa53a326721950116b3b9dc9bd44939c01180fd4a745a9?s=96&d=mm&r=g","contentUrl":"https:\/\/secure.gravatar.com\/avatar\/1e1956f1facbffd3f8fa53a326721950116b3b9dc9bd44939c01180fd4a745a9?s=96&d=mm&r=g","caption":"Equipe G\u00e1vea News"}}]}},"_links":{"self":[{"href":"https:\/\/www.gaveanews.com\/index.php\/wp-json\/wp\/v2\/posts\/80642","targetHints":{"allow":["GET"]}}],"collection":[{"href":"https:\/\/www.gaveanews.com\/index.php\/wp-json\/wp\/v2\/posts"}],"about":[{"href":"https:\/\/www.gaveanews.com\/index.php\/wp-json\/wp\/v2\/types\/post"}],"author":[{"embeddable":true,"href":"https:\/\/www.gaveanews.com\/index.php\/wp-json\/wp\/v2\/users\/1"}],"replies":[{"embeddable":true,"href":"https:\/\/www.gaveanews.com\/index.php\/wp-json\/wp\/v2\/comments?post=80642"}],"version-history":[{"count":0,"href":"https:\/\/www.gaveanews.com\/index.php\/wp-json\/wp\/v2\/posts\/80642\/revisions"}],"wp:featuredmedia":[{"embeddable":true,"href":"https:\/\/www.gaveanews.com\/index.php\/wp-json\/wp\/v2\/media\/77302"}],"wp:attachment":[{"href":"https:\/\/www.gaveanews.com\/index.php\/wp-json\/wp\/v2\/media?parent=80642"}],"wp:term":[{"taxonomy":"category","embeddable":true,"href":"https:\/\/www.gaveanews.com\/index.php\/wp-json\/wp\/v2\/categories?post=80642"},{"taxonomy":"post_tag","embeddable":true,"href":"https:\/\/www.gaveanews.com\/index.php\/wp-json\/wp\/v2\/tags?post=80642"}],"curies":[{"name":"wp","href":"https:\/\/api.w.org\/{rel}","templated":true}]}}