{"id":80645,"date":"2022-04-26T09:35:40","date_gmt":"2022-04-26T12:35:40","guid":{"rendered":"https:\/\/www.gaveanews.com\/?p=80645"},"modified":"2022-04-26T09:35:40","modified_gmt":"2022-04-26T12:35:40","slug":"entenda-a-situacao-sobre-o-futuro-entre-andreas-flamengo-e-manchester-united","status":"publish","type":"post","link":"https:\/\/www.gaveanews.com\/index.php\/2022\/04\/26\/entenda-a-situacao-sobre-o-futuro-entre-andreas-flamengo-e-manchester-united\/","title":{"rendered":"Entenda a situa\u00e7\u00e3o sobre o futuro entre Andreas, Flamengo e Manchester United"},"content":{"rendered":"<p>Mais um cap\u00edtulo para uma novela ainda com final indefinido: o que vai acontecer com Andreas Pereira ao t\u00e9rmino do empr\u00e9stimo, em 30 de junho?<\/p>\n<p>A novidade da vez \u00e9 o contato direto do Manchester United para apresentar novas perspectivas com a chegada do treinador holand\u00eas Erik ten Hag a partir da pr\u00f3xima temporada. Os ingleses, por sua vez, deixaram claro que a situa\u00e7\u00e3o em nada interfere no acerto realizado no in\u00edcio de fevereiro. Se o Flamengo, que segue em sil\u00eancio, cumprir o trato de compra de 75% dos direitos econ\u00f4micos por 10 milh\u00f5es de euros (R$ 52 mi na cota\u00e7\u00e3o atual), o neg\u00f3cio estar\u00e1 selado.<\/p>\n<p>O contato do United foi direto com Andreas Pereira, atrav\u00e9s do diretor de futebol John Murtough, como revelou a ESPN brit\u00e2nica na segunda-feira. O Flamengo n\u00e3o fez parte das conversas, at\u00e9 para que ficasse claro que qualquer reviravolta na negocia\u00e7\u00e3o partir\u00e1 dos cariocas e n\u00e3o uma quebra de acordo do lado ingl\u00eas. A diretoria rubro-negra, por sua vez, prefere se manter calada e a previs\u00e3o \u00e9 de que use os dois meses que tem pela frente at\u00e9 o fim do contrato para informar se manter\u00e1 ou n\u00e3o o combinado em reuni\u00e3o em Londres dia 9 de fevereiro.<\/p>\n<p>Outra parte envolvida na transa\u00e7\u00e3o, Andreas tamb\u00e9m tem o poder de desistir do acerto por um contrato de cinco anos com o clube carioca, mas ainda prioriza a perman\u00eancia no Brasil. No contato telef\u00f4nico, Murtough disse que Erik ten Hag n\u00e3o ligou diretamente para o volante por ainda estar em atividade no comando do Ajax, mas que refor\u00e7ou o desejo de ao menos t\u00ea-lo na pr\u00e9-temporada que ser\u00e1 disputada na Austr\u00e1lia e o v\u00ea com bons olhos para reformula\u00e7\u00e3o prevista para o Manchester.<\/p>\n<p>Hag comandou Andreas nas categorias de base do PSV antes do acerto com o United, em 2012, e guarda boas refer\u00eancias. No mesmo setor onde joga o brasileiro, o clube abrir\u00e1 m\u00e3o de nomes como Pogba, Mata e Matic, deixando espa\u00e7o para jovens talentos.<\/p>\n<p>Murtough refor\u00e7ou tamb\u00e9m no di\u00e1logo que o United realizou o acerto com o Flamengo muito pelo desejo manifestado do pr\u00f3prio Andreas. Agora, o distrato depender\u00e1 de movimentos do clube brasileiro ou do pr\u00f3prio jogador.<\/p>\n<p>Desde a chegada de Paulo Sousa, Andreas Pereira esteve em campo 13 vezes, dez como titular. Desde que chegou ao Flamengo, s\u00e3o 37 jogos e cinco gols marcados. Na \u00faltima semana, em entrevista ao Reda\u00e7\u00e3o Sportv, Marcos Braz falou sobre a situa\u00e7\u00e3o da negocia\u00e7\u00e3o:<\/p>\n<p><em><strong>\u2014 Gostaria de deixar registrado quando contratamos o Gerson os questionamentos foram os mesmo em rela\u00e7\u00e3o ao pagamento do jogador. At\u00e9 quanto ao Gabigol tinha questionamentos sobre os n\u00fameros. Acontece que o Andreas teve uma fatalidade num jogo important\u00edssimo e com certeza \u00e9 um peso nesse processo. A gente tem um entendimento em rela\u00e7\u00e3o a ele.<\/strong><\/em><\/p>\n<p><em><strong>\u2014 O maior motivo de a gente ter ido conversar com o Manchester foi quando a gente fez a primeira proposta, eles disseram que a gente tinha de ir l\u00e1 para tratar. N\u00e3o queriam ficar por e-mail. A gente foi l\u00e1, se debru\u00e7ou em n\u00famero. Teve a situa\u00e7\u00e3o do Banco Central. A gente acalmou e est\u00e1 usando o tempo para fazer as coisas com cautela.<\/strong><\/em><\/p>\n<p><em><strong>\u2014 A press\u00e3o a gente tem que ficar atento, mas precisa ficar frio para as decis\u00f5es. Mais uma vez, o jogador tem contrato por um bom tempo, e a gente est\u00e1 atento.<\/strong><\/em><\/p>\n<p>Andreas Pereira tem contrato com o Manchester United at\u00e9 o fim da temporada 2022\/2023 e a pr\u00f3xima janela de transfer\u00eancias \u00e9 vista tamb\u00e9m como \u00faltima oportunidade de fazer caixa com o jogador de 26 anos. No profissional desde 2014, ele entrou em campo 75 vezes e marcou quatro gols pelo clube.<\/p>\n<p>Retirado de: Globo Esporte<\/p>\n","protected":false},"excerpt":{"rendered":"<p>Mais um cap\u00edtulo para uma novela ainda com final indefinido: o que vai acontecer com Andreas Pereira ao t\u00e9rmino do empr\u00e9stimo, em 30 de junho? A novidade da vez \u00e9 o contato direto do Manchester United para apresentar novas perspectivas com a chegada do treinador holand\u00eas Erik ten Hag a partir da pr\u00f3xima temporada. Os [&hellip;]<\/p>\n","protected":false},"author":1,"featured_media":72109,"comment_status":"open","ping_status":"closed","sticky":false,"template":"","format":"standard","meta":{"footnotes":""},"categories":[48],"tags":[],"class_list":["post-80645","post","type-post","status-publish","format-standard","has-post-thumbnail","hentry","category-negociacoes"],"yoast_head":"<!-- This site is optimized with the Yoast SEO Premium plugin v24.2 (Yoast SEO v26.9) - https:\/\/yoast.com\/product\/yoast-seo-premium-wordpress\/ -->\n<title>Entenda a situa\u00e7\u00e3o sobre o futuro entre Andreas, Flamengo e Manchester United<\/title>\n<meta name=\"robots\" content=\"index, follow, max-snippet:-1, max-image-preview:large, max-video-preview:-1\" \/>\n<link rel=\"canonical\" href=\"https:\/\/www.gaveanews.com\/index.php\/2022\/04\/26\/entenda-a-situacao-sobre-o-futuro-entre-andreas-flamengo-e-manchester-united\/\" \/>\n<meta property=\"og:locale\" content=\"pt_BR\" \/>\n<meta property=\"og:type\" content=\"article\" \/>\n<meta property=\"og:title\" content=\"Entenda a situa\u00e7\u00e3o sobre o futuro entre Andreas, Flamengo e Manchester United\" \/>\n<meta property=\"og:description\" content=\"Mais um cap\u00edtulo para uma novela ainda com final indefinido: o que vai acontecer com Andreas Pereira ao t\u00e9rmino do empr\u00e9stimo, em 30 de junho? A novidade da vez \u00e9 o contato direto do Manchester United para apresentar novas perspectivas com a chegada do treinador holand\u00eas Erik ten Hag a partir da pr\u00f3xima temporada. Os [&hellip;]\" \/>\n<meta property=\"og:url\" content=\"https:\/\/www.gaveanews.com\/index.php\/2022\/04\/26\/entenda-a-situacao-sobre-o-futuro-entre-andreas-flamengo-e-manchester-united\/\" \/>\n<meta property=\"og:site_name\" content=\"G\u00e1vea News\" \/>\n<meta property=\"article:publisher\" content=\"https:\/\/facebook.com\/gaveaNews\/\" \/>\n<meta property=\"article:published_time\" content=\"2022-04-26T12:35:40+00:00\" \/>\n<meta property=\"og:image\" content=\"https:\/\/www.gaveanews.com\/wp-content\/uploads\/Andreas-Pereira-durante-o-jogo-entre-Flamengo-e-Internacional-pelo-Campeonato-Brasileiro-de-2021.webp\" \/>\n\t<meta property=\"og:image:width\" content=\"799\" \/>\n\t<meta property=\"og:image:height\" content=\"533\" \/>\n\t<meta property=\"og:image:type\" content=\"image\/jpeg\" \/>\n<meta name=\"author\" content=\"Equipe G\u00e1vea News\" \/>\n<meta name=\"twitter:card\" content=\"summary_large_image\" \/>\n<meta name=\"twitter:label1\" content=\"Escrito por\" \/>\n\t<meta name=\"twitter:data1\" content=\"Equipe G\u00e1vea News\" \/>\n\t<meta name=\"twitter:label2\" content=\"Est. tempo de leitura\" \/>\n\t<meta name=\"twitter:data2\" content=\"4 minutos\" \/>\n<script type=\"application\/ld+json\" class=\"yoast-schema-graph\">{\"@context\":\"https:\/\/schema.org\",\"@graph\":[{\"@type\":\"NewsArticle\",\"@id\":\"https:\/\/www.gaveanews.com\/index.php\/2022\/04\/26\/entenda-a-situacao-sobre-o-futuro-entre-andreas-flamengo-e-manchester-united\/#article\",\"isPartOf\":{\"@id\":\"https:\/\/www.gaveanews.com\/index.php\/2022\/04\/26\/entenda-a-situacao-sobre-o-futuro-entre-andreas-flamengo-e-manchester-united\/\"},\"author\":{\"name\":\"Equipe G\u00e1vea News\",\"@id\":\"https:\/\/www.gaveanews.com\/#\/schema\/person\/2ec14f73fb96be2caf28f91afb14749d\"},\"headline\":\"Entenda a situa\u00e7\u00e3o sobre o futuro entre Andreas, Flamengo e Manchester United\",\"datePublished\":\"2022-04-26T12:35:40+00:00\",\"mainEntityOfPage\":{\"@id\":\"https:\/\/www.gaveanews.com\/index.php\/2022\/04\/26\/entenda-a-situacao-sobre-o-futuro-entre-andreas-flamengo-e-manchester-united\/\"},\"wordCount\":666,\"commentCount\":0,\"image\":{\"@id\":\"https:\/\/www.gaveanews.com\/index.php\/2022\/04\/26\/entenda-a-situacao-sobre-o-futuro-entre-andreas-flamengo-e-manchester-united\/#primaryimage\"},\"thumbnailUrl\":\"https:\/\/www.gaveanews.com\/wp-content\/uploads\/Andreas-Pereira-durante-o-jogo-entre-Flamengo-e-Internacional-pelo-Campeonato-Brasileiro-de-2021.webp\",\"articleSection\":[\"Negocia\u00e7\u00f5es\"],\"inLanguage\":\"pt-BR\",\"potentialAction\":[{\"@type\":\"CommentAction\",\"name\":\"Comment\",\"target\":[\"https:\/\/www.gaveanews.com\/index.php\/2022\/04\/26\/entenda-a-situacao-sobre-o-futuro-entre-andreas-flamengo-e-manchester-united\/#respond\"]}],\"copyrightYear\":\"2022\",\"copyrightHolder\":{\"@id\":\"https:\/\/www.gaveanews.com\/#organization\"}},{\"@type\":\"WebPage\",\"@id\":\"https:\/\/www.gaveanews.com\/index.php\/2022\/04\/26\/entenda-a-situacao-sobre-o-futuro-entre-andreas-flamengo-e-manchester-united\/\",\"url\":\"https:\/\/www.gaveanews.com\/index.php\/2022\/04\/26\/entenda-a-situacao-sobre-o-futuro-entre-andreas-flamengo-e-manchester-united\/\",\"name\":\"Entenda a situa\u00e7\u00e3o sobre o futuro entre Andreas, Flamengo e Manchester United\",\"isPartOf\":{\"@id\":\"https:\/\/www.gaveanews.com\/#website\"},\"primaryImageOfPage\":{\"@id\":\"https:\/\/www.gaveanews.com\/index.php\/2022\/04\/26\/entenda-a-situacao-sobre-o-futuro-entre-andreas-flamengo-e-manchester-united\/#primaryimage\"},\"image\":{\"@id\":\"https:\/\/www.gaveanews.com\/index.php\/2022\/04\/26\/entenda-a-situacao-sobre-o-futuro-entre-andreas-flamengo-e-manchester-united\/#primaryimage\"},\"thumbnailUrl\":\"https:\/\/www.gaveanews.com\/wp-content\/uploads\/Andreas-Pereira-durante-o-jogo-entre-Flamengo-e-Internacional-pelo-Campeonato-Brasileiro-de-2021.webp\",\"datePublished\":\"2022-04-26T12:35:40+00:00\",\"author\":{\"@id\":\"https:\/\/www.gaveanews.com\/#\/schema\/person\/2ec14f73fb96be2caf28f91afb14749d\"},\"breadcrumb\":{\"@id\":\"https:\/\/www.gaveanews.com\/index.php\/2022\/04\/26\/entenda-a-situacao-sobre-o-futuro-entre-andreas-flamengo-e-manchester-united\/#breadcrumb\"},\"inLanguage\":\"pt-BR\",\"potentialAction\":[{\"@type\":\"ReadAction\",\"target\":[\"https:\/\/www.gaveanews.com\/index.php\/2022\/04\/26\/entenda-a-situacao-sobre-o-futuro-entre-andreas-flamengo-e-manchester-united\/\"]}]},{\"@type\":\"ImageObject\",\"inLanguage\":\"pt-BR\",\"@id\":\"https:\/\/www.gaveanews.com\/index.php\/2022\/04\/26\/entenda-a-situacao-sobre-o-futuro-entre-andreas-flamengo-e-manchester-united\/#primaryimage\",\"url\":\"https:\/\/www.gaveanews.com\/wp-content\/uploads\/Andreas-Pereira-durante-o-jogo-entre-Flamengo-e-Internacional-pelo-Campeonato-Brasileiro-de-2021.webp\",\"contentUrl\":\"https:\/\/www.gaveanews.com\/wp-content\/uploads\/Andreas-Pereira-durante-o-jogo-entre-Flamengo-e-Internacional-pelo-Campeonato-Brasileiro-de-2021.webp\",\"width\":799,\"height\":533,\"caption\":\"Andreas Pereira durante o jogo entre Flamengo e Internacional pelo Campeonato Brasileiro de 2021 (Foto: Alexandre Vidal\/Flamengo)\"},{\"@type\":\"BreadcrumbList\",\"@id\":\"https:\/\/www.gaveanews.com\/index.php\/2022\/04\/26\/entenda-a-situacao-sobre-o-futuro-entre-andreas-flamengo-e-manchester-united\/#breadcrumb\",\"itemListElement\":[{\"@type\":\"ListItem\",\"position\":1,\"name\":\"Home\",\"item\":\"https:\/\/www.gaveanews.com\/\"},{\"@type\":\"ListItem\",\"position\":2,\"name\":\"Entenda a situa\u00e7\u00e3o sobre o futuro entre Andreas, Flamengo e Manchester United\"}]},{\"@type\":\"WebSite\",\"@id\":\"https:\/\/www.gaveanews.com\/#website\",\"url\":\"https:\/\/www.gaveanews.com\/\",\"name\":\"G\u00e1vea News\",\"description\":\"Veja todas as not\u00edcias sobre o Flamengo: Contrata\u00e7\u00f5es, categorias de base, resultados das partidas, tabela de classifica\u00e7\u00e3o, pr\u00f3ximos jogos!\",\"potentialAction\":[{\"@type\":\"SearchAction\",\"target\":{\"@type\":\"EntryPoint\",\"urlTemplate\":\"https:\/\/www.gaveanews.com\/?s={search_term_string}\"},\"query-input\":{\"@type\":\"PropertyValueSpecification\",\"valueRequired\":true,\"valueName\":\"search_term_string\"}}],\"inLanguage\":\"pt-BR\"},{\"@type\":\"Person\",\"@id\":\"https:\/\/www.gaveanews.com\/#\/schema\/person\/2ec14f73fb96be2caf28f91afb14749d\",\"name\":\"Equipe G\u00e1vea News\",\"image\":{\"@type\":\"ImageObject\",\"inLanguage\":\"pt-BR\",\"@id\":\"https:\/\/www.gaveanews.com\/#\/schema\/person\/image\/\",\"url\":\"https:\/\/secure.gravatar.com\/avatar\/1e1956f1facbffd3f8fa53a326721950116b3b9dc9bd44939c01180fd4a745a9?s=96&d=mm&r=g\",\"contentUrl\":\"https:\/\/secure.gravatar.com\/avatar\/1e1956f1facbffd3f8fa53a326721950116b3b9dc9bd44939c01180fd4a745a9?s=96&d=mm&r=g\",\"caption\":\"Equipe G\u00e1vea News\"}}]}<\/script>\n<!-- \/ Yoast SEO Premium plugin. -->","yoast_head_json":{"title":"Entenda a situa\u00e7\u00e3o sobre o futuro entre Andreas, Flamengo e Manchester United","robots":{"index":"index","follow":"follow","max-snippet":"max-snippet:-1","max-image-preview":"max-image-preview:large","max-video-preview":"max-video-preview:-1"},"canonical":"https:\/\/www.gaveanews.com\/index.php\/2022\/04\/26\/entenda-a-situacao-sobre-o-futuro-entre-andreas-flamengo-e-manchester-united\/","og_locale":"pt_BR","og_type":"article","og_title":"Entenda a situa\u00e7\u00e3o sobre o futuro entre Andreas, Flamengo e Manchester United","og_description":"Mais um cap\u00edtulo para uma novela ainda com final indefinido: o que vai acontecer com Andreas Pereira ao t\u00e9rmino do empr\u00e9stimo, em 30 de junho? A novidade da vez \u00e9 o contato direto do Manchester United para apresentar novas perspectivas com a chegada do treinador holand\u00eas Erik ten Hag a partir da pr\u00f3xima temporada. Os [&hellip;]","og_url":"https:\/\/www.gaveanews.com\/index.php\/2022\/04\/26\/entenda-a-situacao-sobre-o-futuro-entre-andreas-flamengo-e-manchester-united\/","og_site_name":"G\u00e1vea News","article_publisher":"https:\/\/facebook.com\/gaveaNews\/","article_published_time":"2022-04-26T12:35:40+00:00","og_image":[{"width":799,"height":533,"url":"https:\/\/www.gaveanews.com\/wp-content\/uploads\/Andreas-Pereira-durante-o-jogo-entre-Flamengo-e-Internacional-pelo-Campeonato-Brasileiro-de-2021.webp","type":"image\/jpeg"}],"author":"Equipe G\u00e1vea News","twitter_card":"summary_large_image","twitter_misc":{"Escrito por":"Equipe G\u00e1vea News","Est. tempo de leitura":"4 minutos"},"schema":{"@context":"https:\/\/schema.org","@graph":[{"@type":"NewsArticle","@id":"https:\/\/www.gaveanews.com\/index.php\/2022\/04\/26\/entenda-a-situacao-sobre-o-futuro-entre-andreas-flamengo-e-manchester-united\/#article","isPartOf":{"@id":"https:\/\/www.gaveanews.com\/index.php\/2022\/04\/26\/entenda-a-situacao-sobre-o-futuro-entre-andreas-flamengo-e-manchester-united\/"},"author":{"name":"Equipe G\u00e1vea News","@id":"https:\/\/www.gaveanews.com\/#\/schema\/person\/2ec14f73fb96be2caf28f91afb14749d"},"headline":"Entenda a situa\u00e7\u00e3o sobre o futuro entre Andreas, Flamengo e Manchester United","datePublished":"2022-04-26T12:35:40+00:00","mainEntityOfPage":{"@id":"https:\/\/www.gaveanews.com\/index.php\/2022\/04\/26\/entenda-a-situacao-sobre-o-futuro-entre-andreas-flamengo-e-manchester-united\/"},"wordCount":666,"commentCount":0,"image":{"@id":"https:\/\/www.gaveanews.com\/index.php\/2022\/04\/26\/entenda-a-situacao-sobre-o-futuro-entre-andreas-flamengo-e-manchester-united\/#primaryimage"},"thumbnailUrl":"https:\/\/www.gaveanews.com\/wp-content\/uploads\/Andreas-Pereira-durante-o-jogo-entre-Flamengo-e-Internacional-pelo-Campeonato-Brasileiro-de-2021.webp","articleSection":["Negocia\u00e7\u00f5es"],"inLanguage":"pt-BR","potentialAction":[{"@type":"CommentAction","name":"Comment","target":["https:\/\/www.gaveanews.com\/index.php\/2022\/04\/26\/entenda-a-situacao-sobre-o-futuro-entre-andreas-flamengo-e-manchester-united\/#respond"]}],"copyrightYear":"2022","copyrightHolder":{"@id":"https:\/\/www.gaveanews.com\/#organization"}},{"@type":"WebPage","@id":"https:\/\/www.gaveanews.com\/index.php\/2022\/04\/26\/entenda-a-situacao-sobre-o-futuro-entre-andreas-flamengo-e-manchester-united\/","url":"https:\/\/www.gaveanews.com\/index.php\/2022\/04\/26\/entenda-a-situacao-sobre-o-futuro-entre-andreas-flamengo-e-manchester-united\/","name":"Entenda a situa\u00e7\u00e3o sobre o futuro entre Andreas, Flamengo e Manchester United","isPartOf":{"@id":"https:\/\/www.gaveanews.com\/#website"},"primaryImageOfPage":{"@id":"https:\/\/www.gaveanews.com\/index.php\/2022\/04\/26\/entenda-a-situacao-sobre-o-futuro-entre-andreas-flamengo-e-manchester-united\/#primaryimage"},"image":{"@id":"https:\/\/www.gaveanews.com\/index.php\/2022\/04\/26\/entenda-a-situacao-sobre-o-futuro-entre-andreas-flamengo-e-manchester-united\/#primaryimage"},"thumbnailUrl":"https:\/\/www.gaveanews.com\/wp-content\/uploads\/Andreas-Pereira-durante-o-jogo-entre-Flamengo-e-Internacional-pelo-Campeonato-Brasileiro-de-2021.webp","datePublished":"2022-04-26T12:35:40+00:00","author":{"@id":"https:\/\/www.gaveanews.com\/#\/schema\/person\/2ec14f73fb96be2caf28f91afb14749d"},"breadcrumb":{"@id":"https:\/\/www.gaveanews.com\/index.php\/2022\/04\/26\/entenda-a-situacao-sobre-o-futuro-entre-andreas-flamengo-e-manchester-united\/#breadcrumb"},"inLanguage":"pt-BR","potentialAction":[{"@type":"ReadAction","target":["https:\/\/www.gaveanews.com\/index.php\/2022\/04\/26\/entenda-a-situacao-sobre-o-futuro-entre-andreas-flamengo-e-manchester-united\/"]}]},{"@type":"ImageObject","inLanguage":"pt-BR","@id":"https:\/\/www.gaveanews.com\/index.php\/2022\/04\/26\/entenda-a-situacao-sobre-o-futuro-entre-andreas-flamengo-e-manchester-united\/#primaryimage","url":"https:\/\/www.gaveanews.com\/wp-content\/uploads\/Andreas-Pereira-durante-o-jogo-entre-Flamengo-e-Internacional-pelo-Campeonato-Brasileiro-de-2021.webp","contentUrl":"https:\/\/www.gaveanews.com\/wp-content\/uploads\/Andreas-Pereira-durante-o-jogo-entre-Flamengo-e-Internacional-pelo-Campeonato-Brasileiro-de-2021.webp","width":799,"height":533,"caption":"Andreas Pereira durante o jogo entre Flamengo e Internacional pelo Campeonato Brasileiro de 2021 (Foto: Alexandre Vidal\/Flamengo)"},{"@type":"BreadcrumbList","@id":"https:\/\/www.gaveanews.com\/index.php\/2022\/04\/26\/entenda-a-situacao-sobre-o-futuro-entre-andreas-flamengo-e-manchester-united\/#breadcrumb","itemListElement":[{"@type":"ListItem","position":1,"name":"Home","item":"https:\/\/www.gaveanews.com\/"},{"@type":"ListItem","position":2,"name":"Entenda a situa\u00e7\u00e3o sobre o futuro entre Andreas, Flamengo e Manchester United"}]},{"@type":"WebSite","@id":"https:\/\/www.gaveanews.com\/#website","url":"https:\/\/www.gaveanews.com\/","name":"G\u00e1vea News","description":"Veja todas as not\u00edcias sobre o Flamengo: Contrata\u00e7\u00f5es, categorias de base, resultados das partidas, tabela de classifica\u00e7\u00e3o, pr\u00f3ximos jogos!","potentialAction":[{"@type":"SearchAction","target":{"@type":"EntryPoint","urlTemplate":"https:\/\/www.gaveanews.com\/?s={search_term_string}"},"query-input":{"@type":"PropertyValueSpecification","valueRequired":true,"valueName":"search_term_string"}}],"inLanguage":"pt-BR"},{"@type":"Person","@id":"https:\/\/www.gaveanews.com\/#\/schema\/person\/2ec14f73fb96be2caf28f91afb14749d","name":"Equipe G\u00e1vea News","image":{"@type":"ImageObject","inLanguage":"pt-BR","@id":"https:\/\/www.gaveanews.com\/#\/schema\/person\/image\/","url":"https:\/\/secure.gravatar.com\/avatar\/1e1956f1facbffd3f8fa53a326721950116b3b9dc9bd44939c01180fd4a745a9?s=96&d=mm&r=g","contentUrl":"https:\/\/secure.gravatar.com\/avatar\/1e1956f1facbffd3f8fa53a326721950116b3b9dc9bd44939c01180fd4a745a9?s=96&d=mm&r=g","caption":"Equipe G\u00e1vea News"}}]}},"_links":{"self":[{"href":"https:\/\/www.gaveanews.com\/index.php\/wp-json\/wp\/v2\/posts\/80645","targetHints":{"allow":["GET"]}}],"collection":[{"href":"https:\/\/www.gaveanews.com\/index.php\/wp-json\/wp\/v2\/posts"}],"about":[{"href":"https:\/\/www.gaveanews.com\/index.php\/wp-json\/wp\/v2\/types\/post"}],"author":[{"embeddable":true,"href":"https:\/\/www.gaveanews.com\/index.php\/wp-json\/wp\/v2\/users\/1"}],"replies":[{"embeddable":true,"href":"https:\/\/www.gaveanews.com\/index.php\/wp-json\/wp\/v2\/comments?post=80645"}],"version-history":[{"count":0,"href":"https:\/\/www.gaveanews.com\/index.php\/wp-json\/wp\/v2\/posts\/80645\/revisions"}],"wp:featuredmedia":[{"embeddable":true,"href":"https:\/\/www.gaveanews.com\/index.php\/wp-json\/wp\/v2\/media\/72109"}],"wp:attachment":[{"href":"https:\/\/www.gaveanews.com\/index.php\/wp-json\/wp\/v2\/media?parent=80645"}],"wp:term":[{"taxonomy":"category","embeddable":true,"href":"https:\/\/www.gaveanews.com\/index.php\/wp-json\/wp\/v2\/categories?post=80645"},{"taxonomy":"post_tag","embeddable":true,"href":"https:\/\/www.gaveanews.com\/index.php\/wp-json\/wp\/v2\/tags?post=80645"}],"curies":[{"name":"wp","href":"https:\/\/api.w.org\/{rel}","templated":true}]}}