{"id":80648,"date":"2022-04-27T13:50:59","date_gmt":"2022-04-27T16:50:59","guid":{"rendered":"https:\/\/www.gaveanews.com\/?p=80648"},"modified":"2022-04-27T13:52:36","modified_gmt":"2022-04-27T16:52:36","slug":"flamengo-define-lista-de-relacionados-para-jogo-contra-a-universidad-catolica","status":"publish","type":"post","link":"https:\/\/www.gaveanews.com\/index.php\/2022\/04\/27\/flamengo-define-lista-de-relacionados-para-jogo-contra-a-universidad-catolica\/","title":{"rendered":"Flamengo define lista de relacionados para jogo contra a Universidad Cat\u00f3lica"},"content":{"rendered":"<p>Nesta quinta-feira (28), o Flamengo enfrenta a Universidad Cat\u00f3lica pela 3\u00aa rodada da fase de grupos da Libertadores da Am\u00e9rica. O duelo acontecer\u00e1 \u00e0s 19h (hor\u00e1rio de Bras\u00edlia), no San Carlos de Apoquindo.<\/p>\n<p>Ap\u00f3s treinar no Ninho do Urubu nos \u00faltimos dias, o elenco viaja rumo ao Chile em busca de mais tr\u00eas pontos e com o objetivo de aumentar a dist\u00e2ncia para os demais na tabela do grupo H. Cabe destacar, no entanto, que a equipe viajar\u00e1 novamente com uma lista de desfalques.<\/p>\n<p>Assim como nas ocasi\u00f5es anteriores, todas as baixas se devem a quest\u00f5es f\u00edsicas. No setor defensivo, Ayrton Lucas, Rodrigo Caio, Fabr\u00edcio Bruno, Gustavo Henrique e David Luiz est\u00e3o de fora. Mais \u00e0 frente, Matheuzinho, Matheus Fran\u00e7a e Vitinho tamb\u00e9m tratam suas respectivas quest\u00f5es e n\u00e3o viajam com a delega\u00e7\u00e3o.<\/p>\n<blockquote class=\"twitter-tweet\" data-conversation=\"none\">\n<p dir=\"ltr\" lang=\"pt\">O atleta David Luiz foi liberado pela dire\u00e7\u00e3o para resolver quest\u00f5es pessoais. <a href=\"https:\/\/twitter.com\/hashtag\/CRF?src=hash&amp;ref_src=twsrc%5Etfw\">#CRF<\/a><\/p>\n<p>\u2014 Flamengo (@Flamengo) <a href=\"https:\/\/twitter.com\/Flamengo\/status\/1519353278278078467?ref_src=twsrc%5Etfw\">April 27, 2022<\/a><\/p><\/blockquote>\n<p>Sendo assim, Paulo Sousa trabalhar\u00e1 novamente com op\u00e7\u00f5es limitadas. Al\u00e9m de todas estas considera\u00e7\u00f5es, vale lembrar tamb\u00e9m que Thiago Maia est\u00e1 pendurado e precisar\u00e1 atuar com um pouco mais de cautela para n\u00e3o desfalcar o time contra o Talleres.<\/p>\n<h2>Lista de relacionados por Paulo Sousa:<\/h2>\n<ul>\n<li><strong>Goleiros:\u00a0<\/strong>Diego Alves, Hugo e Santos.<\/li>\n<li><strong>Zagueiros:\u00a0<\/strong>Cleiton, L\u00e9o Pereira e Pablo.<\/li>\n<li><strong>Laterais:\u00a0<\/strong>Filipe Lu\u00eds, Isla, Rodinei Wesley.<\/li>\n<li><strong>Meias:\u00a0<\/strong>Andreas, Daniel Cabral, Arrascaeta, Diego, Everton Ribeiro, Jo\u00e3o Gomes, Thiago Maia, Victor Hugo e Willian Ar\u00e3o.<\/li>\n<li><strong>Atacantes:\u00a0<\/strong>Bruno Henrique, Gabigol, L\u00e1zaro, Marinho e Pedro.<\/li>\n<\/ul>\n","protected":false},"excerpt":{"rendered":"<p>Nesta quinta-feira (28), o Flamengo enfrenta a Universidad Cat\u00f3lica pela 3\u00aa rodada da fase de grupos da Libertadores da Am\u00e9rica. O duelo acontecer\u00e1 \u00e0s 19h (hor\u00e1rio de Bras\u00edlia), no San Carlos de Apoquindo. Ap\u00f3s treinar no Ninho do Urubu nos \u00faltimos dias, o elenco viaja rumo ao Chile em busca de mais tr\u00eas pontos e [&hellip;]<\/p>\n","protected":false},"author":4,"featured_media":80649,"comment_status":"open","ping_status":"closed","sticky":false,"template":"","format":"standard","meta":{"footnotes":""},"categories":[1],"tags":[],"class_list":["post-80648","post","type-post","status-publish","format-standard","has-post-thumbnail","hentry","category-flamengo"],"yoast_head":"<!-- This site is optimized with the Yoast SEO Premium plugin v24.2 (Yoast SEO v26.9) - https:\/\/yoast.com\/product\/yoast-seo-premium-wordpress\/ -->\n<title>Flamengo define lista de relacionados para jogo contra a Universidad Cat\u00f3lica<\/title>\n<meta name=\"robots\" content=\"index, follow, max-snippet:-1, max-image-preview:large, max-video-preview:-1\" \/>\n<link rel=\"canonical\" href=\"https:\/\/www.gaveanews.com\/index.php\/2022\/04\/27\/flamengo-define-lista-de-relacionados-para-jogo-contra-a-universidad-catolica\/\" \/>\n<meta property=\"og:locale\" content=\"pt_BR\" \/>\n<meta property=\"og:type\" content=\"article\" \/>\n<meta property=\"og:title\" content=\"Flamengo define lista de relacionados para jogo contra a Universidad Cat\u00f3lica\" \/>\n<meta property=\"og:description\" content=\"Nesta quinta-feira (28), o Flamengo enfrenta a Universidad Cat\u00f3lica pela 3\u00aa rodada da fase de grupos da Libertadores da Am\u00e9rica. O duelo acontecer\u00e1 \u00e0s 19h (hor\u00e1rio de Bras\u00edlia), no San Carlos de Apoquindo. Ap\u00f3s treinar no Ninho do Urubu nos \u00faltimos dias, o elenco viaja rumo ao Chile em busca de mais tr\u00eas pontos e [&hellip;]\" \/>\n<meta property=\"og:url\" content=\"https:\/\/www.gaveanews.com\/index.php\/2022\/04\/27\/flamengo-define-lista-de-relacionados-para-jogo-contra-a-universidad-catolica\/\" \/>\n<meta property=\"og:site_name\" content=\"G\u00e1vea News\" \/>\n<meta property=\"article:publisher\" content=\"https:\/\/facebook.com\/gaveaNews\/\" \/>\n<meta property=\"article:published_time\" content=\"2022-04-27T16:50:59+00:00\" \/>\n<meta property=\"article:modified_time\" content=\"2022-04-27T16:52:36+00:00\" \/>\n<meta property=\"og:image\" content=\"https:\/\/www.gaveanews.com\/wp-content\/uploads\/Paulo-Sousa-passa-instrucoes-para-elenco-de-Flamengo-em-treinamento-no-Ninho-do-Urubu.webp\" \/>\n\t<meta property=\"og:image:width\" content=\"799\" \/>\n\t<meta property=\"og:image:height\" content=\"532\" \/>\n\t<meta property=\"og:image:type\" content=\"image\/jpeg\" \/>\n<meta name=\"author\" content=\"Let\u00edcia Gerheim\" \/>\n<meta name=\"twitter:card\" content=\"summary_large_image\" \/>\n<meta name=\"twitter:label1\" content=\"Escrito por\" \/>\n\t<meta name=\"twitter:data1\" content=\"Let\u00edcia Gerheim\" \/>\n\t<meta name=\"twitter:label2\" content=\"Est. tempo de leitura\" \/>\n\t<meta name=\"twitter:data2\" content=\"2 minutos\" \/>\n<script type=\"application\/ld+json\" class=\"yoast-schema-graph\">{\"@context\":\"https:\/\/schema.org\",\"@graph\":[{\"@type\":\"NewsArticle\",\"@id\":\"https:\/\/www.gaveanews.com\/index.php\/2022\/04\/27\/flamengo-define-lista-de-relacionados-para-jogo-contra-a-universidad-catolica\/#article\",\"isPartOf\":{\"@id\":\"https:\/\/www.gaveanews.com\/index.php\/2022\/04\/27\/flamengo-define-lista-de-relacionados-para-jogo-contra-a-universidad-catolica\/\"},\"author\":{\"name\":\"Let\u00edcia Gerheim\",\"@id\":\"https:\/\/www.gaveanews.com\/#\/schema\/person\/714c67050b836198af2450ba1c142a67\"},\"headline\":\"Flamengo define lista de relacionados para jogo contra a Universidad Cat\u00f3lica\",\"datePublished\":\"2022-04-27T16:50:59+00:00\",\"dateModified\":\"2022-04-27T16:52:36+00:00\",\"mainEntityOfPage\":{\"@id\":\"https:\/\/www.gaveanews.com\/index.php\/2022\/04\/27\/flamengo-define-lista-de-relacionados-para-jogo-contra-a-universidad-catolica\/\"},\"wordCount\":275,\"commentCount\":0,\"image\":{\"@id\":\"https:\/\/www.gaveanews.com\/index.php\/2022\/04\/27\/flamengo-define-lista-de-relacionados-para-jogo-contra-a-universidad-catolica\/#primaryimage\"},\"thumbnailUrl\":\"https:\/\/www.gaveanews.com\/wp-content\/uploads\/Paulo-Sousa-passa-instrucoes-para-elenco-de-Flamengo-em-treinamento-no-Ninho-do-Urubu.webp\",\"articleSection\":[\"Flamengo\"],\"inLanguage\":\"pt-BR\",\"potentialAction\":[{\"@type\":\"CommentAction\",\"name\":\"Comment\",\"target\":[\"https:\/\/www.gaveanews.com\/index.php\/2022\/04\/27\/flamengo-define-lista-de-relacionados-para-jogo-contra-a-universidad-catolica\/#respond\"]}],\"copyrightYear\":\"2022\",\"copyrightHolder\":{\"@id\":\"https:\/\/www.gaveanews.com\/#organization\"}},{\"@type\":\"WebPage\",\"@id\":\"https:\/\/www.gaveanews.com\/index.php\/2022\/04\/27\/flamengo-define-lista-de-relacionados-para-jogo-contra-a-universidad-catolica\/\",\"url\":\"https:\/\/www.gaveanews.com\/index.php\/2022\/04\/27\/flamengo-define-lista-de-relacionados-para-jogo-contra-a-universidad-catolica\/\",\"name\":\"Flamengo define lista de relacionados para jogo contra a Universidad Cat\u00f3lica\",\"isPartOf\":{\"@id\":\"https:\/\/www.gaveanews.com\/#website\"},\"primaryImageOfPage\":{\"@id\":\"https:\/\/www.gaveanews.com\/index.php\/2022\/04\/27\/flamengo-define-lista-de-relacionados-para-jogo-contra-a-universidad-catolica\/#primaryimage\"},\"image\":{\"@id\":\"https:\/\/www.gaveanews.com\/index.php\/2022\/04\/27\/flamengo-define-lista-de-relacionados-para-jogo-contra-a-universidad-catolica\/#primaryimage\"},\"thumbnailUrl\":\"https:\/\/www.gaveanews.com\/wp-content\/uploads\/Paulo-Sousa-passa-instrucoes-para-elenco-de-Flamengo-em-treinamento-no-Ninho-do-Urubu.webp\",\"datePublished\":\"2022-04-27T16:50:59+00:00\",\"dateModified\":\"2022-04-27T16:52:36+00:00\",\"author\":{\"@id\":\"https:\/\/www.gaveanews.com\/#\/schema\/person\/714c67050b836198af2450ba1c142a67\"},\"breadcrumb\":{\"@id\":\"https:\/\/www.gaveanews.com\/index.php\/2022\/04\/27\/flamengo-define-lista-de-relacionados-para-jogo-contra-a-universidad-catolica\/#breadcrumb\"},\"inLanguage\":\"pt-BR\",\"potentialAction\":[{\"@type\":\"ReadAction\",\"target\":[\"https:\/\/www.gaveanews.com\/index.php\/2022\/04\/27\/flamengo-define-lista-de-relacionados-para-jogo-contra-a-universidad-catolica\/\"]}]},{\"@type\":\"ImageObject\",\"inLanguage\":\"pt-BR\",\"@id\":\"https:\/\/www.gaveanews.com\/index.php\/2022\/04\/27\/flamengo-define-lista-de-relacionados-para-jogo-contra-a-universidad-catolica\/#primaryimage\",\"url\":\"https:\/\/www.gaveanews.com\/wp-content\/uploads\/Paulo-Sousa-passa-instrucoes-para-elenco-de-Flamengo-em-treinamento-no-Ninho-do-Urubu.webp\",\"contentUrl\":\"https:\/\/www.gaveanews.com\/wp-content\/uploads\/Paulo-Sousa-passa-instrucoes-para-elenco-de-Flamengo-em-treinamento-no-Ninho-do-Urubu.webp\",\"width\":799,\"height\":532,\"caption\":\"Paulo Sousa passa instru\u00e7\u00f5es para elenco de Flamengo em treinamento no Ninho do Urubu (Foto: Marcelo Cortes\/Flamengo)\"},{\"@type\":\"BreadcrumbList\",\"@id\":\"https:\/\/www.gaveanews.com\/index.php\/2022\/04\/27\/flamengo-define-lista-de-relacionados-para-jogo-contra-a-universidad-catolica\/#breadcrumb\",\"itemListElement\":[{\"@type\":\"ListItem\",\"position\":1,\"name\":\"Home\",\"item\":\"https:\/\/www.gaveanews.com\/\"},{\"@type\":\"ListItem\",\"position\":2,\"name\":\"Flamengo define lista de relacionados para jogo contra a Universidad Cat\u00f3lica\"}]},{\"@type\":\"WebSite\",\"@id\":\"https:\/\/www.gaveanews.com\/#website\",\"url\":\"https:\/\/www.gaveanews.com\/\",\"name\":\"G\u00e1vea News\",\"description\":\"Veja todas as not\u00edcias sobre o Flamengo: Contrata\u00e7\u00f5es, categorias de base, resultados das partidas, tabela de classifica\u00e7\u00e3o, pr\u00f3ximos jogos!\",\"potentialAction\":[{\"@type\":\"SearchAction\",\"target\":{\"@type\":\"EntryPoint\",\"urlTemplate\":\"https:\/\/www.gaveanews.com\/?s={search_term_string}\"},\"query-input\":{\"@type\":\"PropertyValueSpecification\",\"valueRequired\":true,\"valueName\":\"search_term_string\"}}],\"inLanguage\":\"pt-BR\"},{\"@type\":\"Person\",\"@id\":\"https:\/\/www.gaveanews.com\/#\/schema\/person\/714c67050b836198af2450ba1c142a67\",\"name\":\"Let\u00edcia Gerheim\",\"image\":{\"@type\":\"ImageObject\",\"inLanguage\":\"pt-BR\",\"@id\":\"https:\/\/www.gaveanews.com\/#\/schema\/person\/image\/\",\"url\":\"https:\/\/secure.gravatar.com\/avatar\/60734739c50fcebfbac509e2a826ccd0ff405c019bc73aab9354f19ecad1dcb4?s=96&d=mm&r=g\",\"contentUrl\":\"https:\/\/secure.gravatar.com\/avatar\/60734739c50fcebfbac509e2a826ccd0ff405c019bc73aab9354f19ecad1dcb4?s=96&d=mm&r=g\",\"caption\":\"Let\u00edcia Gerheim\"}}]}<\/script>\n<!-- \/ Yoast SEO Premium plugin. -->","yoast_head_json":{"title":"Flamengo define lista de relacionados para jogo contra a Universidad Cat\u00f3lica","robots":{"index":"index","follow":"follow","max-snippet":"max-snippet:-1","max-image-preview":"max-image-preview:large","max-video-preview":"max-video-preview:-1"},"canonical":"https:\/\/www.gaveanews.com\/index.php\/2022\/04\/27\/flamengo-define-lista-de-relacionados-para-jogo-contra-a-universidad-catolica\/","og_locale":"pt_BR","og_type":"article","og_title":"Flamengo define lista de relacionados para jogo contra a Universidad Cat\u00f3lica","og_description":"Nesta quinta-feira (28), o Flamengo enfrenta a Universidad Cat\u00f3lica pela 3\u00aa rodada da fase de grupos da Libertadores da Am\u00e9rica. O duelo acontecer\u00e1 \u00e0s 19h (hor\u00e1rio de Bras\u00edlia), no San Carlos de Apoquindo. Ap\u00f3s treinar no Ninho do Urubu nos \u00faltimos dias, o elenco viaja rumo ao Chile em busca de mais tr\u00eas pontos e [&hellip;]","og_url":"https:\/\/www.gaveanews.com\/index.php\/2022\/04\/27\/flamengo-define-lista-de-relacionados-para-jogo-contra-a-universidad-catolica\/","og_site_name":"G\u00e1vea News","article_publisher":"https:\/\/facebook.com\/gaveaNews\/","article_published_time":"2022-04-27T16:50:59+00:00","article_modified_time":"2022-04-27T16:52:36+00:00","og_image":[{"width":799,"height":532,"url":"https:\/\/www.gaveanews.com\/wp-content\/uploads\/Paulo-Sousa-passa-instrucoes-para-elenco-de-Flamengo-em-treinamento-no-Ninho-do-Urubu.webp","type":"image\/jpeg"}],"author":"Let\u00edcia Gerheim","twitter_card":"summary_large_image","twitter_misc":{"Escrito por":"Let\u00edcia Gerheim","Est. tempo de leitura":"2 minutos"},"schema":{"@context":"https:\/\/schema.org","@graph":[{"@type":"NewsArticle","@id":"https:\/\/www.gaveanews.com\/index.php\/2022\/04\/27\/flamengo-define-lista-de-relacionados-para-jogo-contra-a-universidad-catolica\/#article","isPartOf":{"@id":"https:\/\/www.gaveanews.com\/index.php\/2022\/04\/27\/flamengo-define-lista-de-relacionados-para-jogo-contra-a-universidad-catolica\/"},"author":{"name":"Let\u00edcia Gerheim","@id":"https:\/\/www.gaveanews.com\/#\/schema\/person\/714c67050b836198af2450ba1c142a67"},"headline":"Flamengo define lista de relacionados para jogo contra a Universidad Cat\u00f3lica","datePublished":"2022-04-27T16:50:59+00:00","dateModified":"2022-04-27T16:52:36+00:00","mainEntityOfPage":{"@id":"https:\/\/www.gaveanews.com\/index.php\/2022\/04\/27\/flamengo-define-lista-de-relacionados-para-jogo-contra-a-universidad-catolica\/"},"wordCount":275,"commentCount":0,"image":{"@id":"https:\/\/www.gaveanews.com\/index.php\/2022\/04\/27\/flamengo-define-lista-de-relacionados-para-jogo-contra-a-universidad-catolica\/#primaryimage"},"thumbnailUrl":"https:\/\/www.gaveanews.com\/wp-content\/uploads\/Paulo-Sousa-passa-instrucoes-para-elenco-de-Flamengo-em-treinamento-no-Ninho-do-Urubu.webp","articleSection":["Flamengo"],"inLanguage":"pt-BR","potentialAction":[{"@type":"CommentAction","name":"Comment","target":["https:\/\/www.gaveanews.com\/index.php\/2022\/04\/27\/flamengo-define-lista-de-relacionados-para-jogo-contra-a-universidad-catolica\/#respond"]}],"copyrightYear":"2022","copyrightHolder":{"@id":"https:\/\/www.gaveanews.com\/#organization"}},{"@type":"WebPage","@id":"https:\/\/www.gaveanews.com\/index.php\/2022\/04\/27\/flamengo-define-lista-de-relacionados-para-jogo-contra-a-universidad-catolica\/","url":"https:\/\/www.gaveanews.com\/index.php\/2022\/04\/27\/flamengo-define-lista-de-relacionados-para-jogo-contra-a-universidad-catolica\/","name":"Flamengo define lista de relacionados para jogo contra a Universidad Cat\u00f3lica","isPartOf":{"@id":"https:\/\/www.gaveanews.com\/#website"},"primaryImageOfPage":{"@id":"https:\/\/www.gaveanews.com\/index.php\/2022\/04\/27\/flamengo-define-lista-de-relacionados-para-jogo-contra-a-universidad-catolica\/#primaryimage"},"image":{"@id":"https:\/\/www.gaveanews.com\/index.php\/2022\/04\/27\/flamengo-define-lista-de-relacionados-para-jogo-contra-a-universidad-catolica\/#primaryimage"},"thumbnailUrl":"https:\/\/www.gaveanews.com\/wp-content\/uploads\/Paulo-Sousa-passa-instrucoes-para-elenco-de-Flamengo-em-treinamento-no-Ninho-do-Urubu.webp","datePublished":"2022-04-27T16:50:59+00:00","dateModified":"2022-04-27T16:52:36+00:00","author":{"@id":"https:\/\/www.gaveanews.com\/#\/schema\/person\/714c67050b836198af2450ba1c142a67"},"breadcrumb":{"@id":"https:\/\/www.gaveanews.com\/index.php\/2022\/04\/27\/flamengo-define-lista-de-relacionados-para-jogo-contra-a-universidad-catolica\/#breadcrumb"},"inLanguage":"pt-BR","potentialAction":[{"@type":"ReadAction","target":["https:\/\/www.gaveanews.com\/index.php\/2022\/04\/27\/flamengo-define-lista-de-relacionados-para-jogo-contra-a-universidad-catolica\/"]}]},{"@type":"ImageObject","inLanguage":"pt-BR","@id":"https:\/\/www.gaveanews.com\/index.php\/2022\/04\/27\/flamengo-define-lista-de-relacionados-para-jogo-contra-a-universidad-catolica\/#primaryimage","url":"https:\/\/www.gaveanews.com\/wp-content\/uploads\/Paulo-Sousa-passa-instrucoes-para-elenco-de-Flamengo-em-treinamento-no-Ninho-do-Urubu.webp","contentUrl":"https:\/\/www.gaveanews.com\/wp-content\/uploads\/Paulo-Sousa-passa-instrucoes-para-elenco-de-Flamengo-em-treinamento-no-Ninho-do-Urubu.webp","width":799,"height":532,"caption":"Paulo Sousa passa instru\u00e7\u00f5es para elenco de Flamengo em treinamento no Ninho do Urubu (Foto: Marcelo Cortes\/Flamengo)"},{"@type":"BreadcrumbList","@id":"https:\/\/www.gaveanews.com\/index.php\/2022\/04\/27\/flamengo-define-lista-de-relacionados-para-jogo-contra-a-universidad-catolica\/#breadcrumb","itemListElement":[{"@type":"ListItem","position":1,"name":"Home","item":"https:\/\/www.gaveanews.com\/"},{"@type":"ListItem","position":2,"name":"Flamengo define lista de relacionados para jogo contra a Universidad Cat\u00f3lica"}]},{"@type":"WebSite","@id":"https:\/\/www.gaveanews.com\/#website","url":"https:\/\/www.gaveanews.com\/","name":"G\u00e1vea News","description":"Veja todas as not\u00edcias sobre o Flamengo: Contrata\u00e7\u00f5es, categorias de base, resultados das partidas, tabela de classifica\u00e7\u00e3o, pr\u00f3ximos jogos!","potentialAction":[{"@type":"SearchAction","target":{"@type":"EntryPoint","urlTemplate":"https:\/\/www.gaveanews.com\/?s={search_term_string}"},"query-input":{"@type":"PropertyValueSpecification","valueRequired":true,"valueName":"search_term_string"}}],"inLanguage":"pt-BR"},{"@type":"Person","@id":"https:\/\/www.gaveanews.com\/#\/schema\/person\/714c67050b836198af2450ba1c142a67","name":"Let\u00edcia Gerheim","image":{"@type":"ImageObject","inLanguage":"pt-BR","@id":"https:\/\/www.gaveanews.com\/#\/schema\/person\/image\/","url":"https:\/\/secure.gravatar.com\/avatar\/60734739c50fcebfbac509e2a826ccd0ff405c019bc73aab9354f19ecad1dcb4?s=96&d=mm&r=g","contentUrl":"https:\/\/secure.gravatar.com\/avatar\/60734739c50fcebfbac509e2a826ccd0ff405c019bc73aab9354f19ecad1dcb4?s=96&d=mm&r=g","caption":"Let\u00edcia Gerheim"}}]}},"_links":{"self":[{"href":"https:\/\/www.gaveanews.com\/index.php\/wp-json\/wp\/v2\/posts\/80648","targetHints":{"allow":["GET"]}}],"collection":[{"href":"https:\/\/www.gaveanews.com\/index.php\/wp-json\/wp\/v2\/posts"}],"about":[{"href":"https:\/\/www.gaveanews.com\/index.php\/wp-json\/wp\/v2\/types\/post"}],"author":[{"embeddable":true,"href":"https:\/\/www.gaveanews.com\/index.php\/wp-json\/wp\/v2\/users\/4"}],"replies":[{"embeddable":true,"href":"https:\/\/www.gaveanews.com\/index.php\/wp-json\/wp\/v2\/comments?post=80648"}],"version-history":[{"count":0,"href":"https:\/\/www.gaveanews.com\/index.php\/wp-json\/wp\/v2\/posts\/80648\/revisions"}],"wp:featuredmedia":[{"embeddable":true,"href":"https:\/\/www.gaveanews.com\/index.php\/wp-json\/wp\/v2\/media\/80649"}],"wp:attachment":[{"href":"https:\/\/www.gaveanews.com\/index.php\/wp-json\/wp\/v2\/media?parent=80648"}],"wp:term":[{"taxonomy":"category","embeddable":true,"href":"https:\/\/www.gaveanews.com\/index.php\/wp-json\/wp\/v2\/categories?post=80648"},{"taxonomy":"post_tag","embeddable":true,"href":"https:\/\/www.gaveanews.com\/index.php\/wp-json\/wp\/v2\/tags?post=80648"}],"curies":[{"name":"wp","href":"https:\/\/api.w.org\/{rel}","templated":true}]}}