{"id":80653,"date":"2022-04-26T11:01:10","date_gmt":"2022-04-26T14:01:10","guid":{"rendered":"https:\/\/www.gaveanews.com\/?p=80653"},"modified":"2022-04-26T11:01:10","modified_gmt":"2022-04-26T14:01:10","slug":"dirigente-do-flamengo-promete-cobranca-a-cbf-por-erros-de-arbitragem","status":"publish","type":"post","link":"https:\/\/www.gaveanews.com\/index.php\/2022\/04\/26\/dirigente-do-flamengo-promete-cobranca-a-cbf-por-erros-de-arbitragem\/","title":{"rendered":"Dirigente do Flamengo promete cobran\u00e7a \u00e0 CBF por erros de arbitragem"},"content":{"rendered":"<p>Dirigente do Flamengo, o diretor de rela\u00e7\u00f5es externas do clube, Cacau Cotta, foi mais um a criticar a CBF e questionar erros de arbitragem. Sem citar pontos espec\u00edficos, ele prometeu cobran\u00e7as \u00e0 entidade m\u00e1xima do futebol.<\/p>\n<p>\u201cO CRF n\u00e3o vai admitir dois PESOS e duas MEDIDAS a regra tem VALER para TODOS . ERROS e INCOER\u00caNCIAS ser\u00e3o COBRADOS\u201d<\/p>\n<blockquote class=\"twitter-tweet\" data-width=\"550\" data-dnt=\"true\">\n<p lang=\"pt\" dir=\"ltr\">O CRF n\u00e3o vai admitir dois PESOS e duas MEDIDAS a regra tem VALER para TODOS . ERROS e INCOER\u00caNCIAS ser\u00e3o COBRADOS . . . <a href=\"https:\/\/twitter.com\/CBF_Futebol?ref_src=twsrc%5Etfw\">@CBF_Futebol<\/a><\/p>\n<p>&mdash; Cacau Cotta (@CacaucottaLuis) <a href=\"https:\/\/twitter.com\/CacaucottaLuis\/status\/1518658047589208064?ref_src=twsrc%5Etfw\">April 25, 2022<\/a><\/p><\/blockquote>\n<p><script async src=\"https:\/\/platform.twitter.com\/widgets.js\" charset=\"utf-8\"><\/script><\/p>\n<h2>N\u00e3o \u00e9 a primeira vez<\/h2>\n<p>N\u00e3o \u00e9 a primeira vez que um dirigente do Flamengo questiona a CBF nos \u00faltimos tempos. Outras pessoas ligadas ao clube como o Luiz Eduardo Baptista, o \u2018Bap\u2019, e Rodrigo Dunshee tamb\u00e9m j\u00e1 fizeram cr\u00edticas recentes \u00e0 entidade.<\/p>\n<p>Bap detonou a CBF no ano passado por conta das datas dos jogos da sele\u00e7\u00e3o brasileira. Na \u00e9poca, houve uma diverg\u00eancia sobre a paralisa\u00e7\u00e3o do Brasileir\u00e3o em datas de jogos da sele\u00e7\u00e3o.<\/p>\n<p>\u201cIsonomia \u00e9 a CBF voltar atr\u00e1s na paralisa\u00e7\u00e3o do Brasileir\u00e3o anunciada pelo Juninho Paulista durante as eliminat\u00f3rias de outubro. Desde quando eles ouvem \u201cos capit\u00e3es dos clubes\u201d para decidirem a tabela? Desde hoje.\u201d<\/p>\n<blockquote class=\"twitter-tweet\" data-width=\"550\" data-dnt=\"true\">\n<p lang=\"pt\" dir=\"ltr\">Isonomia \u00e9 a CBF voltar atr\u00e1s na paralisa\u00e7\u00e3o do Brasileir\u00e3o anunciada pelo Juninho Paulista durante as eliminat\u00f3rias de outubro. Desde quando eles ouvem \u201cos capit\u00e3es dos clubes\u201d para decidirem a tabela? Desde hoje.<\/p>\n<p>&mdash; Luiz Eduardo Baptista (@BapLuizEduardo) <a href=\"https:\/\/twitter.com\/BapLuizEduardo\/status\/1444066537967587330?ref_src=twsrc%5Etfw\">October 1, 2021<\/a><\/p><\/blockquote>\n<p><script async src=\"https:\/\/platform.twitter.com\/widgets.js\" charset=\"utf-8\"><\/script><\/p>\n<p>Em 2020, quando a quest\u00e3o ainda era a anula\u00e7\u00e3o de jogos por conta do surto de Covid, a CBF n\u00e3o adiou o confronto entre Palmeiras x Flamengo, quando o clube perdeu quase dois times por conta de testes positivos da doen\u00e7a. O dirigente Rodrigo Dunshee detonou a entidade por \u201cn\u00e3o olhar o lado m\u00e9dico\u201d e n\u00e3o colocar a partida em outra data. Na ocasi\u00e3o, as equipes se enfrentaram e o time de jovens do Flamengo conseguiu um empate por 1 a 1, no Allianz Parque.<\/p>\n<p>\u201cA CBF n\u00e3o est\u00e1 sendo m\u00e3e, est\u00e1 sendo madrasta. Ela tomou uma decis\u00e3o sem olhar o lado m\u00e9dico e s\u00f3 olhou o regulamento\u201d, disse Dunshee ao Fox Sports.<\/p>\n<p>Retirado de: Torcedores<\/p>\n","protected":false},"excerpt":{"rendered":"<p>Dirigente do Flamengo, o diretor de rela\u00e7\u00f5es externas do clube, Cacau Cotta, foi mais um a criticar a CBF e questionar erros de arbitragem. Sem citar pontos espec\u00edficos, ele prometeu cobran\u00e7as \u00e0 entidade m\u00e1xima do futebol. \u201cO CRF n\u00e3o vai admitir dois PESOS e duas MEDIDAS a regra tem VALER para TODOS . ERROS e [&hellip;]<\/p>\n","protected":false},"author":1,"featured_media":64856,"comment_status":"open","ping_status":"closed","sticky":false,"template":"","format":"standard","meta":{"footnotes":""},"categories":[1],"tags":[],"class_list":["post-80653","post","type-post","status-publish","format-standard","has-post-thumbnail","hentry","category-flamengo"],"yoast_head":"<!-- This site is optimized with the Yoast SEO Premium plugin v24.2 (Yoast SEO v26.9) - https:\/\/yoast.com\/product\/yoast-seo-premium-wordpress\/ -->\n<title>Dirigente do Flamengo promete cobran\u00e7a \u00e0 CBF por erros de arbitragem<\/title>\n<meta name=\"robots\" content=\"index, follow, max-snippet:-1, max-image-preview:large, max-video-preview:-1\" \/>\n<link rel=\"canonical\" href=\"https:\/\/www.gaveanews.com\/index.php\/2022\/04\/26\/dirigente-do-flamengo-promete-cobranca-a-cbf-por-erros-de-arbitragem\/\" \/>\n<meta property=\"og:locale\" content=\"pt_BR\" \/>\n<meta property=\"og:type\" content=\"article\" \/>\n<meta property=\"og:title\" content=\"Dirigente do Flamengo promete cobran\u00e7a \u00e0 CBF por erros de arbitragem\" \/>\n<meta property=\"og:description\" content=\"Dirigente do Flamengo, o diretor de rela\u00e7\u00f5es externas do clube, Cacau Cotta, foi mais um a criticar a CBF e questionar erros de arbitragem. Sem citar pontos espec\u00edficos, ele prometeu cobran\u00e7as \u00e0 entidade m\u00e1xima do futebol. \u201cO CRF n\u00e3o vai admitir dois PESOS e duas MEDIDAS a regra tem VALER para TODOS . ERROS e [&hellip;]\" \/>\n<meta property=\"og:url\" content=\"https:\/\/www.gaveanews.com\/index.php\/2022\/04\/26\/dirigente-do-flamengo-promete-cobranca-a-cbf-por-erros-de-arbitragem\/\" \/>\n<meta property=\"og:site_name\" content=\"G\u00e1vea News\" \/>\n<meta property=\"article:publisher\" content=\"https:\/\/facebook.com\/gaveaNews\/\" \/>\n<meta property=\"article:published_time\" content=\"2022-04-26T14:01:10+00:00\" \/>\n<meta property=\"og:image\" content=\"https:\/\/www.gaveanews.com\/wp-content\/uploads\/Cacau-Cotta.webp\" \/>\n\t<meta property=\"og:image:width\" content=\"640\" \/>\n\t<meta property=\"og:image:height\" content=\"424\" \/>\n\t<meta property=\"og:image:type\" content=\"image\/jpeg\" \/>\n<meta name=\"author\" content=\"Equipe G\u00e1vea News\" \/>\n<meta name=\"twitter:card\" content=\"summary_large_image\" \/>\n<meta name=\"twitter:label1\" content=\"Escrito por\" \/>\n\t<meta name=\"twitter:data1\" content=\"Equipe G\u00e1vea News\" \/>\n\t<meta name=\"twitter:label2\" content=\"Est. tempo de leitura\" \/>\n\t<meta name=\"twitter:data2\" content=\"2 minutos\" \/>\n<script type=\"application\/ld+json\" class=\"yoast-schema-graph\">{\"@context\":\"https:\/\/schema.org\",\"@graph\":[{\"@type\":\"NewsArticle\",\"@id\":\"https:\/\/www.gaveanews.com\/index.php\/2022\/04\/26\/dirigente-do-flamengo-promete-cobranca-a-cbf-por-erros-de-arbitragem\/#article\",\"isPartOf\":{\"@id\":\"https:\/\/www.gaveanews.com\/index.php\/2022\/04\/26\/dirigente-do-flamengo-promete-cobranca-a-cbf-por-erros-de-arbitragem\/\"},\"author\":{\"name\":\"Equipe G\u00e1vea News\",\"@id\":\"https:\/\/www.gaveanews.com\/#\/schema\/person\/2ec14f73fb96be2caf28f91afb14749d\"},\"headline\":\"Dirigente do Flamengo promete cobran\u00e7a \u00e0 CBF por erros de arbitragem\",\"datePublished\":\"2022-04-26T14:01:10+00:00\",\"mainEntityOfPage\":{\"@id\":\"https:\/\/www.gaveanews.com\/index.php\/2022\/04\/26\/dirigente-do-flamengo-promete-cobranca-a-cbf-por-erros-de-arbitragem\/\"},\"wordCount\":377,\"commentCount\":0,\"image\":{\"@id\":\"https:\/\/www.gaveanews.com\/index.php\/2022\/04\/26\/dirigente-do-flamengo-promete-cobranca-a-cbf-por-erros-de-arbitragem\/#primaryimage\"},\"thumbnailUrl\":\"https:\/\/www.gaveanews.com\/wp-content\/uploads\/Cacau-Cotta.webp\",\"articleSection\":[\"Flamengo\"],\"inLanguage\":\"pt-BR\",\"potentialAction\":[{\"@type\":\"CommentAction\",\"name\":\"Comment\",\"target\":[\"https:\/\/www.gaveanews.com\/index.php\/2022\/04\/26\/dirigente-do-flamengo-promete-cobranca-a-cbf-por-erros-de-arbitragem\/#respond\"]}],\"copyrightYear\":\"2022\",\"copyrightHolder\":{\"@id\":\"https:\/\/www.gaveanews.com\/#organization\"}},{\"@type\":\"WebPage\",\"@id\":\"https:\/\/www.gaveanews.com\/index.php\/2022\/04\/26\/dirigente-do-flamengo-promete-cobranca-a-cbf-por-erros-de-arbitragem\/\",\"url\":\"https:\/\/www.gaveanews.com\/index.php\/2022\/04\/26\/dirigente-do-flamengo-promete-cobranca-a-cbf-por-erros-de-arbitragem\/\",\"name\":\"Dirigente do Flamengo promete cobran\u00e7a \u00e0 CBF por erros de arbitragem\",\"isPartOf\":{\"@id\":\"https:\/\/www.gaveanews.com\/#website\"},\"primaryImageOfPage\":{\"@id\":\"https:\/\/www.gaveanews.com\/index.php\/2022\/04\/26\/dirigente-do-flamengo-promete-cobranca-a-cbf-por-erros-de-arbitragem\/#primaryimage\"},\"image\":{\"@id\":\"https:\/\/www.gaveanews.com\/index.php\/2022\/04\/26\/dirigente-do-flamengo-promete-cobranca-a-cbf-por-erros-de-arbitragem\/#primaryimage\"},\"thumbnailUrl\":\"https:\/\/www.gaveanews.com\/wp-content\/uploads\/Cacau-Cotta.webp\",\"datePublished\":\"2022-04-26T14:01:10+00:00\",\"author\":{\"@id\":\"https:\/\/www.gaveanews.com\/#\/schema\/person\/2ec14f73fb96be2caf28f91afb14749d\"},\"breadcrumb\":{\"@id\":\"https:\/\/www.gaveanews.com\/index.php\/2022\/04\/26\/dirigente-do-flamengo-promete-cobranca-a-cbf-por-erros-de-arbitragem\/#breadcrumb\"},\"inLanguage\":\"pt-BR\",\"potentialAction\":[{\"@type\":\"ReadAction\",\"target\":[\"https:\/\/www.gaveanews.com\/index.php\/2022\/04\/26\/dirigente-do-flamengo-promete-cobranca-a-cbf-por-erros-de-arbitragem\/\"]}]},{\"@type\":\"ImageObject\",\"inLanguage\":\"pt-BR\",\"@id\":\"https:\/\/www.gaveanews.com\/index.php\/2022\/04\/26\/dirigente-do-flamengo-promete-cobranca-a-cbf-por-erros-de-arbitragem\/#primaryimage\",\"url\":\"https:\/\/www.gaveanews.com\/wp-content\/uploads\/Cacau-Cotta.webp\",\"contentUrl\":\"https:\/\/www.gaveanews.com\/wp-content\/uploads\/Cacau-Cotta.webp\",\"width\":640,\"height\":424,\"caption\":\"Cacau Cotta, diretor de rela\u00e7\u00f5es externas do Flamengo (Foto: Domingos Peixoto)\"},{\"@type\":\"BreadcrumbList\",\"@id\":\"https:\/\/www.gaveanews.com\/index.php\/2022\/04\/26\/dirigente-do-flamengo-promete-cobranca-a-cbf-por-erros-de-arbitragem\/#breadcrumb\",\"itemListElement\":[{\"@type\":\"ListItem\",\"position\":1,\"name\":\"Home\",\"item\":\"https:\/\/www.gaveanews.com\/\"},{\"@type\":\"ListItem\",\"position\":2,\"name\":\"Dirigente do Flamengo promete cobran\u00e7a \u00e0 CBF por erros de arbitragem\"}]},{\"@type\":\"WebSite\",\"@id\":\"https:\/\/www.gaveanews.com\/#website\",\"url\":\"https:\/\/www.gaveanews.com\/\",\"name\":\"G\u00e1vea News\",\"description\":\"Veja todas as not\u00edcias sobre o Flamengo: Contrata\u00e7\u00f5es, categorias de base, resultados das partidas, tabela de classifica\u00e7\u00e3o, pr\u00f3ximos jogos!\",\"potentialAction\":[{\"@type\":\"SearchAction\",\"target\":{\"@type\":\"EntryPoint\",\"urlTemplate\":\"https:\/\/www.gaveanews.com\/?s={search_term_string}\"},\"query-input\":{\"@type\":\"PropertyValueSpecification\",\"valueRequired\":true,\"valueName\":\"search_term_string\"}}],\"inLanguage\":\"pt-BR\"},{\"@type\":\"Person\",\"@id\":\"https:\/\/www.gaveanews.com\/#\/schema\/person\/2ec14f73fb96be2caf28f91afb14749d\",\"name\":\"Equipe G\u00e1vea News\",\"image\":{\"@type\":\"ImageObject\",\"inLanguage\":\"pt-BR\",\"@id\":\"https:\/\/www.gaveanews.com\/#\/schema\/person\/image\/\",\"url\":\"https:\/\/secure.gravatar.com\/avatar\/1e1956f1facbffd3f8fa53a326721950116b3b9dc9bd44939c01180fd4a745a9?s=96&d=mm&r=g\",\"contentUrl\":\"https:\/\/secure.gravatar.com\/avatar\/1e1956f1facbffd3f8fa53a326721950116b3b9dc9bd44939c01180fd4a745a9?s=96&d=mm&r=g\",\"caption\":\"Equipe G\u00e1vea News\"}}]}<\/script>\n<!-- \/ Yoast SEO Premium plugin. -->","yoast_head_json":{"title":"Dirigente do Flamengo promete cobran\u00e7a \u00e0 CBF por erros de arbitragem","robots":{"index":"index","follow":"follow","max-snippet":"max-snippet:-1","max-image-preview":"max-image-preview:large","max-video-preview":"max-video-preview:-1"},"canonical":"https:\/\/www.gaveanews.com\/index.php\/2022\/04\/26\/dirigente-do-flamengo-promete-cobranca-a-cbf-por-erros-de-arbitragem\/","og_locale":"pt_BR","og_type":"article","og_title":"Dirigente do Flamengo promete cobran\u00e7a \u00e0 CBF por erros de arbitragem","og_description":"Dirigente do Flamengo, o diretor de rela\u00e7\u00f5es externas do clube, Cacau Cotta, foi mais um a criticar a CBF e questionar erros de arbitragem. Sem citar pontos espec\u00edficos, ele prometeu cobran\u00e7as \u00e0 entidade m\u00e1xima do futebol. \u201cO CRF n\u00e3o vai admitir dois PESOS e duas MEDIDAS a regra tem VALER para TODOS . ERROS e [&hellip;]","og_url":"https:\/\/www.gaveanews.com\/index.php\/2022\/04\/26\/dirigente-do-flamengo-promete-cobranca-a-cbf-por-erros-de-arbitragem\/","og_site_name":"G\u00e1vea News","article_publisher":"https:\/\/facebook.com\/gaveaNews\/","article_published_time":"2022-04-26T14:01:10+00:00","og_image":[{"width":640,"height":424,"url":"https:\/\/www.gaveanews.com\/wp-content\/uploads\/Cacau-Cotta.webp","type":"image\/jpeg"}],"author":"Equipe G\u00e1vea News","twitter_card":"summary_large_image","twitter_misc":{"Escrito por":"Equipe G\u00e1vea News","Est. tempo de leitura":"2 minutos"},"schema":{"@context":"https:\/\/schema.org","@graph":[{"@type":"NewsArticle","@id":"https:\/\/www.gaveanews.com\/index.php\/2022\/04\/26\/dirigente-do-flamengo-promete-cobranca-a-cbf-por-erros-de-arbitragem\/#article","isPartOf":{"@id":"https:\/\/www.gaveanews.com\/index.php\/2022\/04\/26\/dirigente-do-flamengo-promete-cobranca-a-cbf-por-erros-de-arbitragem\/"},"author":{"name":"Equipe G\u00e1vea News","@id":"https:\/\/www.gaveanews.com\/#\/schema\/person\/2ec14f73fb96be2caf28f91afb14749d"},"headline":"Dirigente do Flamengo promete cobran\u00e7a \u00e0 CBF por erros de arbitragem","datePublished":"2022-04-26T14:01:10+00:00","mainEntityOfPage":{"@id":"https:\/\/www.gaveanews.com\/index.php\/2022\/04\/26\/dirigente-do-flamengo-promete-cobranca-a-cbf-por-erros-de-arbitragem\/"},"wordCount":377,"commentCount":0,"image":{"@id":"https:\/\/www.gaveanews.com\/index.php\/2022\/04\/26\/dirigente-do-flamengo-promete-cobranca-a-cbf-por-erros-de-arbitragem\/#primaryimage"},"thumbnailUrl":"https:\/\/www.gaveanews.com\/wp-content\/uploads\/Cacau-Cotta.webp","articleSection":["Flamengo"],"inLanguage":"pt-BR","potentialAction":[{"@type":"CommentAction","name":"Comment","target":["https:\/\/www.gaveanews.com\/index.php\/2022\/04\/26\/dirigente-do-flamengo-promete-cobranca-a-cbf-por-erros-de-arbitragem\/#respond"]}],"copyrightYear":"2022","copyrightHolder":{"@id":"https:\/\/www.gaveanews.com\/#organization"}},{"@type":"WebPage","@id":"https:\/\/www.gaveanews.com\/index.php\/2022\/04\/26\/dirigente-do-flamengo-promete-cobranca-a-cbf-por-erros-de-arbitragem\/","url":"https:\/\/www.gaveanews.com\/index.php\/2022\/04\/26\/dirigente-do-flamengo-promete-cobranca-a-cbf-por-erros-de-arbitragem\/","name":"Dirigente do Flamengo promete cobran\u00e7a \u00e0 CBF por erros de arbitragem","isPartOf":{"@id":"https:\/\/www.gaveanews.com\/#website"},"primaryImageOfPage":{"@id":"https:\/\/www.gaveanews.com\/index.php\/2022\/04\/26\/dirigente-do-flamengo-promete-cobranca-a-cbf-por-erros-de-arbitragem\/#primaryimage"},"image":{"@id":"https:\/\/www.gaveanews.com\/index.php\/2022\/04\/26\/dirigente-do-flamengo-promete-cobranca-a-cbf-por-erros-de-arbitragem\/#primaryimage"},"thumbnailUrl":"https:\/\/www.gaveanews.com\/wp-content\/uploads\/Cacau-Cotta.webp","datePublished":"2022-04-26T14:01:10+00:00","author":{"@id":"https:\/\/www.gaveanews.com\/#\/schema\/person\/2ec14f73fb96be2caf28f91afb14749d"},"breadcrumb":{"@id":"https:\/\/www.gaveanews.com\/index.php\/2022\/04\/26\/dirigente-do-flamengo-promete-cobranca-a-cbf-por-erros-de-arbitragem\/#breadcrumb"},"inLanguage":"pt-BR","potentialAction":[{"@type":"ReadAction","target":["https:\/\/www.gaveanews.com\/index.php\/2022\/04\/26\/dirigente-do-flamengo-promete-cobranca-a-cbf-por-erros-de-arbitragem\/"]}]},{"@type":"ImageObject","inLanguage":"pt-BR","@id":"https:\/\/www.gaveanews.com\/index.php\/2022\/04\/26\/dirigente-do-flamengo-promete-cobranca-a-cbf-por-erros-de-arbitragem\/#primaryimage","url":"https:\/\/www.gaveanews.com\/wp-content\/uploads\/Cacau-Cotta.webp","contentUrl":"https:\/\/www.gaveanews.com\/wp-content\/uploads\/Cacau-Cotta.webp","width":640,"height":424,"caption":"Cacau Cotta, diretor de rela\u00e7\u00f5es externas do Flamengo (Foto: Domingos Peixoto)"},{"@type":"BreadcrumbList","@id":"https:\/\/www.gaveanews.com\/index.php\/2022\/04\/26\/dirigente-do-flamengo-promete-cobranca-a-cbf-por-erros-de-arbitragem\/#breadcrumb","itemListElement":[{"@type":"ListItem","position":1,"name":"Home","item":"https:\/\/www.gaveanews.com\/"},{"@type":"ListItem","position":2,"name":"Dirigente do Flamengo promete cobran\u00e7a \u00e0 CBF por erros de arbitragem"}]},{"@type":"WebSite","@id":"https:\/\/www.gaveanews.com\/#website","url":"https:\/\/www.gaveanews.com\/","name":"G\u00e1vea News","description":"Veja todas as not\u00edcias sobre o Flamengo: Contrata\u00e7\u00f5es, categorias de base, resultados das partidas, tabela de classifica\u00e7\u00e3o, pr\u00f3ximos jogos!","potentialAction":[{"@type":"SearchAction","target":{"@type":"EntryPoint","urlTemplate":"https:\/\/www.gaveanews.com\/?s={search_term_string}"},"query-input":{"@type":"PropertyValueSpecification","valueRequired":true,"valueName":"search_term_string"}}],"inLanguage":"pt-BR"},{"@type":"Person","@id":"https:\/\/www.gaveanews.com\/#\/schema\/person\/2ec14f73fb96be2caf28f91afb14749d","name":"Equipe G\u00e1vea News","image":{"@type":"ImageObject","inLanguage":"pt-BR","@id":"https:\/\/www.gaveanews.com\/#\/schema\/person\/image\/","url":"https:\/\/secure.gravatar.com\/avatar\/1e1956f1facbffd3f8fa53a326721950116b3b9dc9bd44939c01180fd4a745a9?s=96&d=mm&r=g","contentUrl":"https:\/\/secure.gravatar.com\/avatar\/1e1956f1facbffd3f8fa53a326721950116b3b9dc9bd44939c01180fd4a745a9?s=96&d=mm&r=g","caption":"Equipe G\u00e1vea News"}}]}},"_links":{"self":[{"href":"https:\/\/www.gaveanews.com\/index.php\/wp-json\/wp\/v2\/posts\/80653","targetHints":{"allow":["GET"]}}],"collection":[{"href":"https:\/\/www.gaveanews.com\/index.php\/wp-json\/wp\/v2\/posts"}],"about":[{"href":"https:\/\/www.gaveanews.com\/index.php\/wp-json\/wp\/v2\/types\/post"}],"author":[{"embeddable":true,"href":"https:\/\/www.gaveanews.com\/index.php\/wp-json\/wp\/v2\/users\/1"}],"replies":[{"embeddable":true,"href":"https:\/\/www.gaveanews.com\/index.php\/wp-json\/wp\/v2\/comments?post=80653"}],"version-history":[{"count":0,"href":"https:\/\/www.gaveanews.com\/index.php\/wp-json\/wp\/v2\/posts\/80653\/revisions"}],"wp:featuredmedia":[{"embeddable":true,"href":"https:\/\/www.gaveanews.com\/index.php\/wp-json\/wp\/v2\/media\/64856"}],"wp:attachment":[{"href":"https:\/\/www.gaveanews.com\/index.php\/wp-json\/wp\/v2\/media?parent=80653"}],"wp:term":[{"taxonomy":"category","embeddable":true,"href":"https:\/\/www.gaveanews.com\/index.php\/wp-json\/wp\/v2\/categories?post=80653"},{"taxonomy":"post_tag","embeddable":true,"href":"https:\/\/www.gaveanews.com\/index.php\/wp-json\/wp\/v2\/tags?post=80653"}],"curies":[{"name":"wp","href":"https:\/\/api.w.org\/{rel}","templated":true}]}}