{"id":80660,"date":"2022-04-26T14:49:52","date_gmt":"2022-04-26T17:49:52","guid":{"rendered":"https:\/\/www.gaveanews.com\/?p=80660"},"modified":"2022-04-26T14:49:52","modified_gmt":"2022-04-26T17:49:52","slug":"fique-ligado-universidad-catolica-x-flamengo-acontecera-em-horario-alternativo","status":"publish","type":"post","link":"https:\/\/www.gaveanews.com\/index.php\/2022\/04\/26\/fique-ligado-universidad-catolica-x-flamengo-acontecera-em-horario-alternativo\/","title":{"rendered":"Fique ligado! Universidad Cat\u00f3lica x Flamengo acontecer\u00e1 em hor\u00e1rio alternativo"},"content":{"rendered":"<p>Nesta quinta-feira (28), o Flamengo entra em campo pela 3\u00aa rodada da fase de grupos da Libertadores. Com 6 pontos garantidos pelas vit\u00f3rias nos primeiros compromissos, o time da G\u00e1vea viaja ao Chile com a expectativa de se manter no topo do grupo H.<\/p>\n<p>A partida ocorrer\u00e1 no San Carlos de Apoquindo, casa da Universidad Cat\u00f3lica. Al\u00e9m de acontecer em data pouco popular, o hor\u00e1rio do evento tamb\u00e9m ser\u00e1 alternativo. De acordo com a agenda da Conmebol, a bola rolar\u00e1 \u00e0s 19h (hor\u00e1rio de Bras\u00edlia).<\/p>\n<p>Outro ponto incomum do embate ser\u00e1 a transmiss\u00e3o. Nesta rodada, a cobertura do jogo do Meng\u00e3o ser\u00e1 feita exclusivamente pelo Facebook. Sendo assim, n\u00e3o ser\u00e1 poss\u00edvel assistir o duelo em nenhum canal de TV.<\/p>\n<p>Neste confronto, o Mais Querido visita o atual vice-l\u00edder do grupo H, o qual n\u00e3o vem se desempenhando muito bem nos compromissos mais recentes. Assim, o Meng\u00e3o buscar\u00e1 explorar as dificuldades do advers\u00e1rio e alcan\u00e7ar os 9 pontos, mantendo assim 100% de aproveitamento na fase de grupos.<\/p>\n","protected":false},"excerpt":{"rendered":"<p>Nesta quinta-feira (28), o Flamengo entra em campo pela 3\u00aa rodada da fase de grupos da Libertadores. Com 6 pontos garantidos pelas vit\u00f3rias nos primeiros compromissos, o time da G\u00e1vea viaja ao Chile com a expectativa de se manter no topo do grupo H. A partida ocorrer\u00e1 no San Carlos de Apoquindo, casa da Universidad [&hellip;]<\/p>\n","protected":false},"author":4,"featured_media":79971,"comment_status":"open","ping_status":"closed","sticky":false,"template":"","format":"standard","meta":{"footnotes":""},"categories":[1],"tags":[],"class_list":["post-80660","post","type-post","status-publish","format-standard","has-post-thumbnail","hentry","category-flamengo"],"yoast_head":"<!-- This site is optimized with the Yoast SEO Premium plugin v24.2 (Yoast SEO v26.9) - https:\/\/yoast.com\/product\/yoast-seo-premium-wordpress\/ -->\n<title>Universidad Cat\u00f3lica x Flamengo acontecer\u00e1 em hor\u00e1rio alternativo<\/title>\n<meta name=\"robots\" content=\"index, follow, max-snippet:-1, max-image-preview:large, max-video-preview:-1\" \/>\n<link rel=\"canonical\" href=\"https:\/\/www.gaveanews.com\/index.php\/2022\/04\/26\/fique-ligado-universidad-catolica-x-flamengo-acontecera-em-horario-alternativo\/\" \/>\n<meta property=\"og:locale\" content=\"pt_BR\" \/>\n<meta property=\"og:type\" content=\"article\" \/>\n<meta property=\"og:title\" content=\"Fique ligado! Universidad Cat\u00f3lica x Flamengo acontecer\u00e1 em hor\u00e1rio alternativo\" \/>\n<meta property=\"og:description\" content=\"Nesta quinta-feira (28), o Flamengo entra em campo pela 3\u00aa rodada da fase de grupos da Libertadores. Com 6 pontos garantidos pelas vit\u00f3rias nos primeiros compromissos, o time da G\u00e1vea viaja ao Chile com a expectativa de se manter no topo do grupo H. A partida ocorrer\u00e1 no San Carlos de Apoquindo, casa da Universidad [&hellip;]\" \/>\n<meta property=\"og:url\" content=\"https:\/\/www.gaveanews.com\/index.php\/2022\/04\/26\/fique-ligado-universidad-catolica-x-flamengo-acontecera-em-horario-alternativo\/\" \/>\n<meta property=\"og:site_name\" content=\"G\u00e1vea News\" \/>\n<meta property=\"article:publisher\" content=\"https:\/\/facebook.com\/gaveaNews\/\" \/>\n<meta property=\"article:published_time\" content=\"2022-04-26T17:49:52+00:00\" \/>\n<meta property=\"og:image\" content=\"https:\/\/www.gaveanews.com\/wp-content\/uploads\/Willian-Arao-e-Filipe-Luis-em-partida-do-Flamengo-contra-o-Talleres-pela-Libertadores-2022.webp\" \/>\n\t<meta property=\"og:image:width\" content=\"799\" \/>\n\t<meta property=\"og:image:height\" content=\"533\" \/>\n\t<meta property=\"og:image:type\" content=\"image\/jpeg\" \/>\n<meta name=\"author\" content=\"Let\u00edcia Gerheim\" \/>\n<meta name=\"twitter:card\" content=\"summary_large_image\" \/>\n<meta name=\"twitter:label1\" content=\"Escrito por\" \/>\n\t<meta name=\"twitter:data1\" content=\"Let\u00edcia Gerheim\" \/>\n\t<meta name=\"twitter:label2\" content=\"Est. tempo de leitura\" \/>\n\t<meta name=\"twitter:data2\" content=\"1 minuto\" \/>\n<script type=\"application\/ld+json\" class=\"yoast-schema-graph\">{\"@context\":\"https:\/\/schema.org\",\"@graph\":[{\"@type\":\"NewsArticle\",\"@id\":\"https:\/\/www.gaveanews.com\/index.php\/2022\/04\/26\/fique-ligado-universidad-catolica-x-flamengo-acontecera-em-horario-alternativo\/#article\",\"isPartOf\":{\"@id\":\"https:\/\/www.gaveanews.com\/index.php\/2022\/04\/26\/fique-ligado-universidad-catolica-x-flamengo-acontecera-em-horario-alternativo\/\"},\"author\":{\"name\":\"Let\u00edcia Gerheim\",\"@id\":\"https:\/\/www.gaveanews.com\/#\/schema\/person\/714c67050b836198af2450ba1c142a67\"},\"headline\":\"Fique ligado! Universidad Cat\u00f3lica x Flamengo acontecer\u00e1 em hor\u00e1rio alternativo\",\"datePublished\":\"2022-04-26T17:49:52+00:00\",\"mainEntityOfPage\":{\"@id\":\"https:\/\/www.gaveanews.com\/index.php\/2022\/04\/26\/fique-ligado-universidad-catolica-x-flamengo-acontecera-em-horario-alternativo\/\"},\"wordCount\":190,\"commentCount\":0,\"image\":{\"@id\":\"https:\/\/www.gaveanews.com\/index.php\/2022\/04\/26\/fique-ligado-universidad-catolica-x-flamengo-acontecera-em-horario-alternativo\/#primaryimage\"},\"thumbnailUrl\":\"https:\/\/www.gaveanews.com\/wp-content\/uploads\/Willian-Arao-e-Filipe-Luis-em-partida-do-Flamengo-contra-o-Talleres-pela-Libertadores-2022.webp\",\"articleSection\":[\"Flamengo\"],\"inLanguage\":\"pt-BR\",\"potentialAction\":[{\"@type\":\"CommentAction\",\"name\":\"Comment\",\"target\":[\"https:\/\/www.gaveanews.com\/index.php\/2022\/04\/26\/fique-ligado-universidad-catolica-x-flamengo-acontecera-em-horario-alternativo\/#respond\"]}],\"copyrightYear\":\"2022\",\"copyrightHolder\":{\"@id\":\"https:\/\/www.gaveanews.com\/#organization\"}},{\"@type\":\"WebPage\",\"@id\":\"https:\/\/www.gaveanews.com\/index.php\/2022\/04\/26\/fique-ligado-universidad-catolica-x-flamengo-acontecera-em-horario-alternativo\/\",\"url\":\"https:\/\/www.gaveanews.com\/index.php\/2022\/04\/26\/fique-ligado-universidad-catolica-x-flamengo-acontecera-em-horario-alternativo\/\",\"name\":\"Universidad Cat\u00f3lica x Flamengo acontecer\u00e1 em hor\u00e1rio alternativo\",\"isPartOf\":{\"@id\":\"https:\/\/www.gaveanews.com\/#website\"},\"primaryImageOfPage\":{\"@id\":\"https:\/\/www.gaveanews.com\/index.php\/2022\/04\/26\/fique-ligado-universidad-catolica-x-flamengo-acontecera-em-horario-alternativo\/#primaryimage\"},\"image\":{\"@id\":\"https:\/\/www.gaveanews.com\/index.php\/2022\/04\/26\/fique-ligado-universidad-catolica-x-flamengo-acontecera-em-horario-alternativo\/#primaryimage\"},\"thumbnailUrl\":\"https:\/\/www.gaveanews.com\/wp-content\/uploads\/Willian-Arao-e-Filipe-Luis-em-partida-do-Flamengo-contra-o-Talleres-pela-Libertadores-2022.webp\",\"datePublished\":\"2022-04-26T17:49:52+00:00\",\"author\":{\"@id\":\"https:\/\/www.gaveanews.com\/#\/schema\/person\/714c67050b836198af2450ba1c142a67\"},\"breadcrumb\":{\"@id\":\"https:\/\/www.gaveanews.com\/index.php\/2022\/04\/26\/fique-ligado-universidad-catolica-x-flamengo-acontecera-em-horario-alternativo\/#breadcrumb\"},\"inLanguage\":\"pt-BR\",\"potentialAction\":[{\"@type\":\"ReadAction\",\"target\":[\"https:\/\/www.gaveanews.com\/index.php\/2022\/04\/26\/fique-ligado-universidad-catolica-x-flamengo-acontecera-em-horario-alternativo\/\"]}]},{\"@type\":\"ImageObject\",\"inLanguage\":\"pt-BR\",\"@id\":\"https:\/\/www.gaveanews.com\/index.php\/2022\/04\/26\/fique-ligado-universidad-catolica-x-flamengo-acontecera-em-horario-alternativo\/#primaryimage\",\"url\":\"https:\/\/www.gaveanews.com\/wp-content\/uploads\/Willian-Arao-e-Filipe-Luis-em-partida-do-Flamengo-contra-o-Talleres-pela-Libertadores-2022.webp\",\"contentUrl\":\"https:\/\/www.gaveanews.com\/wp-content\/uploads\/Willian-Arao-e-Filipe-Luis-em-partida-do-Flamengo-contra-o-Talleres-pela-Libertadores-2022.webp\",\"width\":799,\"height\":533,\"caption\":\"Willian Ar\u00e3o e Filipe Lu\u00eds em partida do Flamengo contra o Talleres pela Libertadores 2022 (Foto: Gilvan de Souza\/Flamengo)\"},{\"@type\":\"BreadcrumbList\",\"@id\":\"https:\/\/www.gaveanews.com\/index.php\/2022\/04\/26\/fique-ligado-universidad-catolica-x-flamengo-acontecera-em-horario-alternativo\/#breadcrumb\",\"itemListElement\":[{\"@type\":\"ListItem\",\"position\":1,\"name\":\"Home\",\"item\":\"https:\/\/www.gaveanews.com\/\"},{\"@type\":\"ListItem\",\"position\":2,\"name\":\"Fique ligado! Universidad Cat\u00f3lica x Flamengo acontecer\u00e1 em hor\u00e1rio alternativo\"}]},{\"@type\":\"WebSite\",\"@id\":\"https:\/\/www.gaveanews.com\/#website\",\"url\":\"https:\/\/www.gaveanews.com\/\",\"name\":\"G\u00e1vea News\",\"description\":\"Veja todas as not\u00edcias sobre o Flamengo: Contrata\u00e7\u00f5es, categorias de base, resultados das partidas, tabela de classifica\u00e7\u00e3o, pr\u00f3ximos jogos!\",\"potentialAction\":[{\"@type\":\"SearchAction\",\"target\":{\"@type\":\"EntryPoint\",\"urlTemplate\":\"https:\/\/www.gaveanews.com\/?s={search_term_string}\"},\"query-input\":{\"@type\":\"PropertyValueSpecification\",\"valueRequired\":true,\"valueName\":\"search_term_string\"}}],\"inLanguage\":\"pt-BR\"},{\"@type\":\"Person\",\"@id\":\"https:\/\/www.gaveanews.com\/#\/schema\/person\/714c67050b836198af2450ba1c142a67\",\"name\":\"Let\u00edcia Gerheim\",\"image\":{\"@type\":\"ImageObject\",\"inLanguage\":\"pt-BR\",\"@id\":\"https:\/\/www.gaveanews.com\/#\/schema\/person\/image\/\",\"url\":\"https:\/\/secure.gravatar.com\/avatar\/60734739c50fcebfbac509e2a826ccd0ff405c019bc73aab9354f19ecad1dcb4?s=96&d=mm&r=g\",\"contentUrl\":\"https:\/\/secure.gravatar.com\/avatar\/60734739c50fcebfbac509e2a826ccd0ff405c019bc73aab9354f19ecad1dcb4?s=96&d=mm&r=g\",\"caption\":\"Let\u00edcia Gerheim\"}}]}<\/script>\n<!-- \/ Yoast SEO Premium plugin. -->","yoast_head_json":{"title":"Universidad Cat\u00f3lica x Flamengo acontecer\u00e1 em hor\u00e1rio alternativo","robots":{"index":"index","follow":"follow","max-snippet":"max-snippet:-1","max-image-preview":"max-image-preview:large","max-video-preview":"max-video-preview:-1"},"canonical":"https:\/\/www.gaveanews.com\/index.php\/2022\/04\/26\/fique-ligado-universidad-catolica-x-flamengo-acontecera-em-horario-alternativo\/","og_locale":"pt_BR","og_type":"article","og_title":"Fique ligado! Universidad Cat\u00f3lica x Flamengo acontecer\u00e1 em hor\u00e1rio alternativo","og_description":"Nesta quinta-feira (28), o Flamengo entra em campo pela 3\u00aa rodada da fase de grupos da Libertadores. Com 6 pontos garantidos pelas vit\u00f3rias nos primeiros compromissos, o time da G\u00e1vea viaja ao Chile com a expectativa de se manter no topo do grupo H. A partida ocorrer\u00e1 no San Carlos de Apoquindo, casa da Universidad [&hellip;]","og_url":"https:\/\/www.gaveanews.com\/index.php\/2022\/04\/26\/fique-ligado-universidad-catolica-x-flamengo-acontecera-em-horario-alternativo\/","og_site_name":"G\u00e1vea News","article_publisher":"https:\/\/facebook.com\/gaveaNews\/","article_published_time":"2022-04-26T17:49:52+00:00","og_image":[{"width":799,"height":533,"url":"https:\/\/www.gaveanews.com\/wp-content\/uploads\/Willian-Arao-e-Filipe-Luis-em-partida-do-Flamengo-contra-o-Talleres-pela-Libertadores-2022.webp","type":"image\/jpeg"}],"author":"Let\u00edcia Gerheim","twitter_card":"summary_large_image","twitter_misc":{"Escrito por":"Let\u00edcia Gerheim","Est. tempo de leitura":"1 minuto"},"schema":{"@context":"https:\/\/schema.org","@graph":[{"@type":"NewsArticle","@id":"https:\/\/www.gaveanews.com\/index.php\/2022\/04\/26\/fique-ligado-universidad-catolica-x-flamengo-acontecera-em-horario-alternativo\/#article","isPartOf":{"@id":"https:\/\/www.gaveanews.com\/index.php\/2022\/04\/26\/fique-ligado-universidad-catolica-x-flamengo-acontecera-em-horario-alternativo\/"},"author":{"name":"Let\u00edcia Gerheim","@id":"https:\/\/www.gaveanews.com\/#\/schema\/person\/714c67050b836198af2450ba1c142a67"},"headline":"Fique ligado! Universidad Cat\u00f3lica x Flamengo acontecer\u00e1 em hor\u00e1rio alternativo","datePublished":"2022-04-26T17:49:52+00:00","mainEntityOfPage":{"@id":"https:\/\/www.gaveanews.com\/index.php\/2022\/04\/26\/fique-ligado-universidad-catolica-x-flamengo-acontecera-em-horario-alternativo\/"},"wordCount":190,"commentCount":0,"image":{"@id":"https:\/\/www.gaveanews.com\/index.php\/2022\/04\/26\/fique-ligado-universidad-catolica-x-flamengo-acontecera-em-horario-alternativo\/#primaryimage"},"thumbnailUrl":"https:\/\/www.gaveanews.com\/wp-content\/uploads\/Willian-Arao-e-Filipe-Luis-em-partida-do-Flamengo-contra-o-Talleres-pela-Libertadores-2022.webp","articleSection":["Flamengo"],"inLanguage":"pt-BR","potentialAction":[{"@type":"CommentAction","name":"Comment","target":["https:\/\/www.gaveanews.com\/index.php\/2022\/04\/26\/fique-ligado-universidad-catolica-x-flamengo-acontecera-em-horario-alternativo\/#respond"]}],"copyrightYear":"2022","copyrightHolder":{"@id":"https:\/\/www.gaveanews.com\/#organization"}},{"@type":"WebPage","@id":"https:\/\/www.gaveanews.com\/index.php\/2022\/04\/26\/fique-ligado-universidad-catolica-x-flamengo-acontecera-em-horario-alternativo\/","url":"https:\/\/www.gaveanews.com\/index.php\/2022\/04\/26\/fique-ligado-universidad-catolica-x-flamengo-acontecera-em-horario-alternativo\/","name":"Universidad Cat\u00f3lica x Flamengo acontecer\u00e1 em hor\u00e1rio alternativo","isPartOf":{"@id":"https:\/\/www.gaveanews.com\/#website"},"primaryImageOfPage":{"@id":"https:\/\/www.gaveanews.com\/index.php\/2022\/04\/26\/fique-ligado-universidad-catolica-x-flamengo-acontecera-em-horario-alternativo\/#primaryimage"},"image":{"@id":"https:\/\/www.gaveanews.com\/index.php\/2022\/04\/26\/fique-ligado-universidad-catolica-x-flamengo-acontecera-em-horario-alternativo\/#primaryimage"},"thumbnailUrl":"https:\/\/www.gaveanews.com\/wp-content\/uploads\/Willian-Arao-e-Filipe-Luis-em-partida-do-Flamengo-contra-o-Talleres-pela-Libertadores-2022.webp","datePublished":"2022-04-26T17:49:52+00:00","author":{"@id":"https:\/\/www.gaveanews.com\/#\/schema\/person\/714c67050b836198af2450ba1c142a67"},"breadcrumb":{"@id":"https:\/\/www.gaveanews.com\/index.php\/2022\/04\/26\/fique-ligado-universidad-catolica-x-flamengo-acontecera-em-horario-alternativo\/#breadcrumb"},"inLanguage":"pt-BR","potentialAction":[{"@type":"ReadAction","target":["https:\/\/www.gaveanews.com\/index.php\/2022\/04\/26\/fique-ligado-universidad-catolica-x-flamengo-acontecera-em-horario-alternativo\/"]}]},{"@type":"ImageObject","inLanguage":"pt-BR","@id":"https:\/\/www.gaveanews.com\/index.php\/2022\/04\/26\/fique-ligado-universidad-catolica-x-flamengo-acontecera-em-horario-alternativo\/#primaryimage","url":"https:\/\/www.gaveanews.com\/wp-content\/uploads\/Willian-Arao-e-Filipe-Luis-em-partida-do-Flamengo-contra-o-Talleres-pela-Libertadores-2022.webp","contentUrl":"https:\/\/www.gaveanews.com\/wp-content\/uploads\/Willian-Arao-e-Filipe-Luis-em-partida-do-Flamengo-contra-o-Talleres-pela-Libertadores-2022.webp","width":799,"height":533,"caption":"Willian Ar\u00e3o e Filipe Lu\u00eds em partida do Flamengo contra o Talleres pela Libertadores 2022 (Foto: Gilvan de Souza\/Flamengo)"},{"@type":"BreadcrumbList","@id":"https:\/\/www.gaveanews.com\/index.php\/2022\/04\/26\/fique-ligado-universidad-catolica-x-flamengo-acontecera-em-horario-alternativo\/#breadcrumb","itemListElement":[{"@type":"ListItem","position":1,"name":"Home","item":"https:\/\/www.gaveanews.com\/"},{"@type":"ListItem","position":2,"name":"Fique ligado! Universidad Cat\u00f3lica x Flamengo acontecer\u00e1 em hor\u00e1rio alternativo"}]},{"@type":"WebSite","@id":"https:\/\/www.gaveanews.com\/#website","url":"https:\/\/www.gaveanews.com\/","name":"G\u00e1vea News","description":"Veja todas as not\u00edcias sobre o Flamengo: Contrata\u00e7\u00f5es, categorias de base, resultados das partidas, tabela de classifica\u00e7\u00e3o, pr\u00f3ximos jogos!","potentialAction":[{"@type":"SearchAction","target":{"@type":"EntryPoint","urlTemplate":"https:\/\/www.gaveanews.com\/?s={search_term_string}"},"query-input":{"@type":"PropertyValueSpecification","valueRequired":true,"valueName":"search_term_string"}}],"inLanguage":"pt-BR"},{"@type":"Person","@id":"https:\/\/www.gaveanews.com\/#\/schema\/person\/714c67050b836198af2450ba1c142a67","name":"Let\u00edcia Gerheim","image":{"@type":"ImageObject","inLanguage":"pt-BR","@id":"https:\/\/www.gaveanews.com\/#\/schema\/person\/image\/","url":"https:\/\/secure.gravatar.com\/avatar\/60734739c50fcebfbac509e2a826ccd0ff405c019bc73aab9354f19ecad1dcb4?s=96&d=mm&r=g","contentUrl":"https:\/\/secure.gravatar.com\/avatar\/60734739c50fcebfbac509e2a826ccd0ff405c019bc73aab9354f19ecad1dcb4?s=96&d=mm&r=g","caption":"Let\u00edcia Gerheim"}}]}},"_links":{"self":[{"href":"https:\/\/www.gaveanews.com\/index.php\/wp-json\/wp\/v2\/posts\/80660","targetHints":{"allow":["GET"]}}],"collection":[{"href":"https:\/\/www.gaveanews.com\/index.php\/wp-json\/wp\/v2\/posts"}],"about":[{"href":"https:\/\/www.gaveanews.com\/index.php\/wp-json\/wp\/v2\/types\/post"}],"author":[{"embeddable":true,"href":"https:\/\/www.gaveanews.com\/index.php\/wp-json\/wp\/v2\/users\/4"}],"replies":[{"embeddable":true,"href":"https:\/\/www.gaveanews.com\/index.php\/wp-json\/wp\/v2\/comments?post=80660"}],"version-history":[{"count":0,"href":"https:\/\/www.gaveanews.com\/index.php\/wp-json\/wp\/v2\/posts\/80660\/revisions"}],"wp:featuredmedia":[{"embeddable":true,"href":"https:\/\/www.gaveanews.com\/index.php\/wp-json\/wp\/v2\/media\/79971"}],"wp:attachment":[{"href":"https:\/\/www.gaveanews.com\/index.php\/wp-json\/wp\/v2\/media?parent=80660"}],"wp:term":[{"taxonomy":"category","embeddable":true,"href":"https:\/\/www.gaveanews.com\/index.php\/wp-json\/wp\/v2\/categories?post=80660"},{"taxonomy":"post_tag","embeddable":true,"href":"https:\/\/www.gaveanews.com\/index.php\/wp-json\/wp\/v2\/tags?post=80660"}],"curies":[{"name":"wp","href":"https:\/\/api.w.org\/{rel}","templated":true}]}}