{"id":80689,"date":"2022-04-26T22:11:54","date_gmt":"2022-04-27T01:11:54","guid":{"rendered":"https:\/\/www.gaveanews.com\/?p=80689"},"modified":"2024-04-07T08:28:18","modified_gmt":"2024-04-07T11:28:18","slug":"adriano-imperador-projeta-dupla-com-gabigol-em-possivel-jogo-historico-no-flamengo","status":"publish","type":"post","link":"https:\/\/www.gaveanews.com\/index.php\/2022\/04\/26\/adriano-imperador-projeta-dupla-com-gabigol-em-possivel-jogo-historico-no-flamengo\/","title":{"rendered":"Adriano Imperador projeta dupla com Gabigol em poss\u00edvel jogo hist\u00f3rico no Flamengo"},"content":{"rendered":"<p>Em entrevista \u00e0 TNT Sports, Adriano revelou que seu jogo de despedida pode ocorrer no final do ano. Caso tudo ocorra como esperado, Flamengo x Inter de Mil\u00e3o v\u00e3o se enfrentar no Maracan\u00e3, confronto que tem chances de formar uma dupla de ataque poderosa, j\u00e1 que o Imperador tem chances de formar uma dupla de ataque com Gabigol, cen\u00e1rio que \u00e9 esperado com muita expectativa.<\/p>\n<p><em><strong>\u2014 Ia ser legal se tivesse essa chance (jogar junto com o Gabigol). Acho que no final do ano vai ter um jogo de despedida. Vai ser Inter de Mil\u00e3o x Flamengo no Maracan\u00e3, se tudo der certo. Espero que ele possa estar presente para a gente realizar esse sonho<\/strong><\/em>, disse Adriano.<\/p>\n<blockquote class=\"twitter-tweet\" data-width=\"550\" data-dnt=\"true\">\n<p lang=\"pt\" dir=\"ltr\">Encontro de artilheiros no Maraca: <a href=\"https:\/\/twitter.com\/A10imperador?ref_src=twsrc%5Etfw\">@A10imperador<\/a> e <a href=\"https:\/\/twitter.com\/gabigol?ref_src=twsrc%5Etfw\">@gabigol<\/a>. \u00cdDOLOS!!!!! <a href=\"https:\/\/twitter.com\/hashtag\/FLAxAVA?src=hash&amp;ref_src=twsrc%5Etfw\">#FLAxAVA<\/a> <a href=\"https:\/\/twitter.com\/hashtag\/CRF?src=hash&amp;ref_src=twsrc%5Etfw\">#CRF<\/a> <a href=\"https:\/\/t.co\/Q8BY3LnQIW\">pic.twitter.com\/Q8BY3LnQIW<\/a><\/p>\n<p>&mdash; Flamengo (@Flamengo) <a href=\"https:\/\/twitter.com\/Flamengo\/status\/1202722457653796864?ref_src=twsrc%5Etfw\">December 5, 2019<\/a><\/p><\/blockquote>\n<p><script async src=\"https:\/\/platform.twitter.com\/widgets.js\" charset=\"utf-8\"><\/script><\/p>\n<h2>T\u00edtulo Mundial:<\/h2>\n<p>Al\u00e9m disso, Adriano se mostrou esperan\u00e7a com a possibilidade do Brasil vencer a Copa do Mundo do Catar. Avaliando as cobran\u00e7as em torno de Neymar, o Imperador acredita que o torcedor precisa ter paci\u00eancia com a principal estrela da sele\u00e7\u00e3o.<\/p>\n<p><em><strong>\u2014 O time est\u00e1 mais focado porque tem essa mistura com jogadores mais jovens e mais velhos. Isso acaba ajudando como experi\u00eancia, tem tudo para dar certo. Com certeza (o Neymar \u00e9 o craque capaz de nos levar ao hexa). Ele j\u00e1 mostrou o potencial dele. A gente tem que confiar nele. A qualquer momento, ele pode resolver. N\u00f3s, brasileiros, precisamos do futebol que ele apresenta. \u00c9 normal (pegar pesado com o Neymar). N\u00e3o \u00e9 s\u00f3 com ele, mas com todos que vestem a camisa da sele\u00e7\u00e3o brasileira. \u00c9 cobrado muito porque se espera o melhor. O torcedor tem que ter um pouco de paci\u00eancia. N\u00e3o \u00e9 f\u00e1cil para gente<\/strong><\/em>, afirmou.<\/p>\n<p>Retirado de: Torcedores<\/p>\n","protected":false},"excerpt":{"rendered":"<p>Em entrevista \u00e0 TNT Sports, Adriano revelou que seu jogo de despedida pode ocorrer no final do ano. Caso tudo ocorra como esperado, Flamengo x Inter de Mil\u00e3o v\u00e3o se enfrentar no Maracan\u00e3, confronto que tem chances de formar uma dupla de ataque poderosa, j\u00e1 que o Imperador tem chances de formar uma dupla de [&hellip;]<\/p>\n","protected":false},"author":1,"featured_media":23934,"comment_status":"open","ping_status":"closed","sticky":false,"template":"","format":"standard","meta":{"footnotes":""},"categories":[47],"tags":[183],"class_list":["post-80689","post","type-post","status-publish","format-standard","has-post-thumbnail","hentry","category-destaques","tag-adriano-leite-ribeiro-imperador"],"yoast_head":"<!-- This site is optimized with the Yoast SEO Premium plugin v24.2 (Yoast SEO v26.9) - https:\/\/yoast.com\/product\/yoast-seo-premium-wordpress\/ -->\n<title>Adriano Imperador projeta dupla com Gabigol em poss\u00edvel jogo hist\u00f3rico no Flamengo<\/title>\n<meta name=\"robots\" content=\"index, follow, max-snippet:-1, max-image-preview:large, max-video-preview:-1\" \/>\n<link rel=\"canonical\" href=\"https:\/\/www.gaveanews.com\/index.php\/2022\/04\/26\/adriano-imperador-projeta-dupla-com-gabigol-em-possivel-jogo-historico-no-flamengo\/\" \/>\n<meta property=\"og:locale\" content=\"pt_BR\" \/>\n<meta property=\"og:type\" content=\"article\" \/>\n<meta property=\"og:title\" content=\"Adriano Imperador projeta dupla com Gabigol em poss\u00edvel jogo hist\u00f3rico no Flamengo\" \/>\n<meta property=\"og:description\" content=\"Em entrevista \u00e0 TNT Sports, Adriano revelou que seu jogo de despedida pode ocorrer no final do ano. Caso tudo ocorra como esperado, Flamengo x Inter de Mil\u00e3o v\u00e3o se enfrentar no Maracan\u00e3, confronto que tem chances de formar uma dupla de ataque poderosa, j\u00e1 que o Imperador tem chances de formar uma dupla de [&hellip;]\" \/>\n<meta property=\"og:url\" content=\"https:\/\/www.gaveanews.com\/index.php\/2022\/04\/26\/adriano-imperador-projeta-dupla-com-gabigol-em-possivel-jogo-historico-no-flamengo\/\" \/>\n<meta property=\"og:site_name\" content=\"G\u00e1vea News\" \/>\n<meta property=\"article:publisher\" content=\"https:\/\/facebook.com\/gaveaNews\/\" \/>\n<meta property=\"article:published_time\" content=\"2022-04-27T01:11:54+00:00\" \/>\n<meta property=\"article:modified_time\" content=\"2024-04-07T11:28:18+00:00\" \/>\n<meta property=\"og:image\" content=\"https:\/\/www.gaveanews.com\/wp-content\/uploads\/2019\/08\/Adriano-Imperador-em-acao-pelo-Flamengo-no-Maracana.webp\" \/>\n\t<meta property=\"og:image:width\" content=\"1\" \/>\n\t<meta property=\"og:image:height\" content=\"1\" \/>\n\t<meta property=\"og:image:type\" content=\"image\/jpeg\" \/>\n<meta name=\"author\" content=\"Equipe G\u00e1vea News\" \/>\n<meta name=\"twitter:card\" content=\"summary_large_image\" \/>\n<meta name=\"twitter:label1\" content=\"Escrito por\" \/>\n\t<meta name=\"twitter:data1\" content=\"Equipe G\u00e1vea News\" \/>\n\t<meta name=\"twitter:label2\" content=\"Est. tempo de leitura\" \/>\n\t<meta name=\"twitter:data2\" content=\"2 minutos\" \/>\n<script type=\"application\/ld+json\" class=\"yoast-schema-graph\">{\"@context\":\"https:\/\/schema.org\",\"@graph\":[{\"@type\":\"NewsArticle\",\"@id\":\"https:\/\/www.gaveanews.com\/index.php\/2022\/04\/26\/adriano-imperador-projeta-dupla-com-gabigol-em-possivel-jogo-historico-no-flamengo\/#article\",\"isPartOf\":{\"@id\":\"https:\/\/www.gaveanews.com\/index.php\/2022\/04\/26\/adriano-imperador-projeta-dupla-com-gabigol-em-possivel-jogo-historico-no-flamengo\/\"},\"author\":{\"name\":\"Equipe G\u00e1vea News\",\"@id\":\"https:\/\/www.gaveanews.com\/#\/schema\/person\/2ec14f73fb96be2caf28f91afb14749d\"},\"headline\":\"Adriano Imperador projeta dupla com Gabigol em poss\u00edvel jogo hist\u00f3rico no Flamengo\",\"datePublished\":\"2022-04-27T01:11:54+00:00\",\"dateModified\":\"2024-04-07T11:28:18+00:00\",\"mainEntityOfPage\":{\"@id\":\"https:\/\/www.gaveanews.com\/index.php\/2022\/04\/26\/adriano-imperador-projeta-dupla-com-gabigol-em-possivel-jogo-historico-no-flamengo\/\"},\"wordCount\":325,\"commentCount\":0,\"image\":{\"@id\":\"https:\/\/www.gaveanews.com\/index.php\/2022\/04\/26\/adriano-imperador-projeta-dupla-com-gabigol-em-possivel-jogo-historico-no-flamengo\/#primaryimage\"},\"thumbnailUrl\":\"https:\/\/www.gaveanews.com\/wp-content\/uploads\/2019\/08\/Adriano-Imperador-em-acao-pelo-Flamengo-no-Maracana.webp\",\"keywords\":[\"Adriano Leite Ribeiro\"],\"articleSection\":[\"Destaques\"],\"inLanguage\":\"pt-BR\",\"potentialAction\":[{\"@type\":\"CommentAction\",\"name\":\"Comment\",\"target\":[\"https:\/\/www.gaveanews.com\/index.php\/2022\/04\/26\/adriano-imperador-projeta-dupla-com-gabigol-em-possivel-jogo-historico-no-flamengo\/#respond\"]}],\"copyrightYear\":\"2022\",\"copyrightHolder\":{\"@id\":\"https:\/\/www.gaveanews.com\/#organization\"}},{\"@type\":\"WebPage\",\"@id\":\"https:\/\/www.gaveanews.com\/index.php\/2022\/04\/26\/adriano-imperador-projeta-dupla-com-gabigol-em-possivel-jogo-historico-no-flamengo\/\",\"url\":\"https:\/\/www.gaveanews.com\/index.php\/2022\/04\/26\/adriano-imperador-projeta-dupla-com-gabigol-em-possivel-jogo-historico-no-flamengo\/\",\"name\":\"Adriano Imperador projeta dupla com Gabigol em poss\u00edvel jogo hist\u00f3rico no Flamengo\",\"isPartOf\":{\"@id\":\"https:\/\/www.gaveanews.com\/#website\"},\"primaryImageOfPage\":{\"@id\":\"https:\/\/www.gaveanews.com\/index.php\/2022\/04\/26\/adriano-imperador-projeta-dupla-com-gabigol-em-possivel-jogo-historico-no-flamengo\/#primaryimage\"},\"image\":{\"@id\":\"https:\/\/www.gaveanews.com\/index.php\/2022\/04\/26\/adriano-imperador-projeta-dupla-com-gabigol-em-possivel-jogo-historico-no-flamengo\/#primaryimage\"},\"thumbnailUrl\":\"https:\/\/www.gaveanews.com\/wp-content\/uploads\/2019\/08\/Adriano-Imperador-em-acao-pelo-Flamengo-no-Maracana.webp\",\"datePublished\":\"2022-04-27T01:11:54+00:00\",\"dateModified\":\"2024-04-07T11:28:18+00:00\",\"author\":{\"@id\":\"https:\/\/www.gaveanews.com\/#\/schema\/person\/2ec14f73fb96be2caf28f91afb14749d\"},\"breadcrumb\":{\"@id\":\"https:\/\/www.gaveanews.com\/index.php\/2022\/04\/26\/adriano-imperador-projeta-dupla-com-gabigol-em-possivel-jogo-historico-no-flamengo\/#breadcrumb\"},\"inLanguage\":\"pt-BR\",\"potentialAction\":[{\"@type\":\"ReadAction\",\"target\":[\"https:\/\/www.gaveanews.com\/index.php\/2022\/04\/26\/adriano-imperador-projeta-dupla-com-gabigol-em-possivel-jogo-historico-no-flamengo\/\"]}]},{\"@type\":\"ImageObject\",\"inLanguage\":\"pt-BR\",\"@id\":\"https:\/\/www.gaveanews.com\/index.php\/2022\/04\/26\/adriano-imperador-projeta-dupla-com-gabigol-em-possivel-jogo-historico-no-flamengo\/#primaryimage\",\"url\":\"https:\/\/www.gaveanews.com\/wp-content\/uploads\/2019\/08\/Adriano-Imperador-em-acao-pelo-Flamengo-no-Maracana.webp\",\"contentUrl\":\"https:\/\/www.gaveanews.com\/wp-content\/uploads\/2019\/08\/Adriano-Imperador-em-acao-pelo-Flamengo-no-Maracana.webp\",\"caption\":\"Adriano Imperador em a\u00e7\u00e3o pelo Flamengo no Maracan\u00e3 (Foto: Celso Pupo\/Fotoarena)\"},{\"@type\":\"BreadcrumbList\",\"@id\":\"https:\/\/www.gaveanews.com\/index.php\/2022\/04\/26\/adriano-imperador-projeta-dupla-com-gabigol-em-possivel-jogo-historico-no-flamengo\/#breadcrumb\",\"itemListElement\":[{\"@type\":\"ListItem\",\"position\":1,\"name\":\"Home\",\"item\":\"https:\/\/www.gaveanews.com\/\"},{\"@type\":\"ListItem\",\"position\":2,\"name\":\"Adriano Imperador projeta dupla com Gabigol em poss\u00edvel jogo hist\u00f3rico no Flamengo\"}]},{\"@type\":\"WebSite\",\"@id\":\"https:\/\/www.gaveanews.com\/#website\",\"url\":\"https:\/\/www.gaveanews.com\/\",\"name\":\"G\u00e1vea News\",\"description\":\"Veja todas as not\u00edcias sobre o Flamengo: Contrata\u00e7\u00f5es, categorias de base, resultados das partidas, tabela de classifica\u00e7\u00e3o, pr\u00f3ximos jogos!\",\"potentialAction\":[{\"@type\":\"SearchAction\",\"target\":{\"@type\":\"EntryPoint\",\"urlTemplate\":\"https:\/\/www.gaveanews.com\/?s={search_term_string}\"},\"query-input\":{\"@type\":\"PropertyValueSpecification\",\"valueRequired\":true,\"valueName\":\"search_term_string\"}}],\"inLanguage\":\"pt-BR\"},{\"@type\":\"Person\",\"@id\":\"https:\/\/www.gaveanews.com\/#\/schema\/person\/2ec14f73fb96be2caf28f91afb14749d\",\"name\":\"Equipe G\u00e1vea News\",\"image\":{\"@type\":\"ImageObject\",\"inLanguage\":\"pt-BR\",\"@id\":\"https:\/\/www.gaveanews.com\/#\/schema\/person\/image\/\",\"url\":\"https:\/\/secure.gravatar.com\/avatar\/1e1956f1facbffd3f8fa53a326721950116b3b9dc9bd44939c01180fd4a745a9?s=96&d=mm&r=g\",\"contentUrl\":\"https:\/\/secure.gravatar.com\/avatar\/1e1956f1facbffd3f8fa53a326721950116b3b9dc9bd44939c01180fd4a745a9?s=96&d=mm&r=g\",\"caption\":\"Equipe G\u00e1vea News\"}}]}<\/script>\n<!-- \/ Yoast SEO Premium plugin. -->","yoast_head_json":{"title":"Adriano Imperador projeta dupla com Gabigol em poss\u00edvel jogo hist\u00f3rico no Flamengo","robots":{"index":"index","follow":"follow","max-snippet":"max-snippet:-1","max-image-preview":"max-image-preview:large","max-video-preview":"max-video-preview:-1"},"canonical":"https:\/\/www.gaveanews.com\/index.php\/2022\/04\/26\/adriano-imperador-projeta-dupla-com-gabigol-em-possivel-jogo-historico-no-flamengo\/","og_locale":"pt_BR","og_type":"article","og_title":"Adriano Imperador projeta dupla com Gabigol em poss\u00edvel jogo hist\u00f3rico no Flamengo","og_description":"Em entrevista \u00e0 TNT Sports, Adriano revelou que seu jogo de despedida pode ocorrer no final do ano. Caso tudo ocorra como esperado, Flamengo x Inter de Mil\u00e3o v\u00e3o se enfrentar no Maracan\u00e3, confronto que tem chances de formar uma dupla de ataque poderosa, j\u00e1 que o Imperador tem chances de formar uma dupla de [&hellip;]","og_url":"https:\/\/www.gaveanews.com\/index.php\/2022\/04\/26\/adriano-imperador-projeta-dupla-com-gabigol-em-possivel-jogo-historico-no-flamengo\/","og_site_name":"G\u00e1vea News","article_publisher":"https:\/\/facebook.com\/gaveaNews\/","article_published_time":"2022-04-27T01:11:54+00:00","article_modified_time":"2024-04-07T11:28:18+00:00","og_image":[{"url":"https:\/\/www.gaveanews.com\/wp-content\/uploads\/2019\/08\/Adriano-Imperador-em-acao-pelo-Flamengo-no-Maracana.webp","width":1,"height":1,"type":"image\/jpeg"}],"author":"Equipe G\u00e1vea News","twitter_card":"summary_large_image","twitter_misc":{"Escrito por":"Equipe G\u00e1vea News","Est. tempo de leitura":"2 minutos"},"schema":{"@context":"https:\/\/schema.org","@graph":[{"@type":"NewsArticle","@id":"https:\/\/www.gaveanews.com\/index.php\/2022\/04\/26\/adriano-imperador-projeta-dupla-com-gabigol-em-possivel-jogo-historico-no-flamengo\/#article","isPartOf":{"@id":"https:\/\/www.gaveanews.com\/index.php\/2022\/04\/26\/adriano-imperador-projeta-dupla-com-gabigol-em-possivel-jogo-historico-no-flamengo\/"},"author":{"name":"Equipe G\u00e1vea News","@id":"https:\/\/www.gaveanews.com\/#\/schema\/person\/2ec14f73fb96be2caf28f91afb14749d"},"headline":"Adriano Imperador projeta dupla com Gabigol em poss\u00edvel jogo hist\u00f3rico no Flamengo","datePublished":"2022-04-27T01:11:54+00:00","dateModified":"2024-04-07T11:28:18+00:00","mainEntityOfPage":{"@id":"https:\/\/www.gaveanews.com\/index.php\/2022\/04\/26\/adriano-imperador-projeta-dupla-com-gabigol-em-possivel-jogo-historico-no-flamengo\/"},"wordCount":325,"commentCount":0,"image":{"@id":"https:\/\/www.gaveanews.com\/index.php\/2022\/04\/26\/adriano-imperador-projeta-dupla-com-gabigol-em-possivel-jogo-historico-no-flamengo\/#primaryimage"},"thumbnailUrl":"https:\/\/www.gaveanews.com\/wp-content\/uploads\/2019\/08\/Adriano-Imperador-em-acao-pelo-Flamengo-no-Maracana.webp","keywords":["Adriano Leite Ribeiro"],"articleSection":["Destaques"],"inLanguage":"pt-BR","potentialAction":[{"@type":"CommentAction","name":"Comment","target":["https:\/\/www.gaveanews.com\/index.php\/2022\/04\/26\/adriano-imperador-projeta-dupla-com-gabigol-em-possivel-jogo-historico-no-flamengo\/#respond"]}],"copyrightYear":"2022","copyrightHolder":{"@id":"https:\/\/www.gaveanews.com\/#organization"}},{"@type":"WebPage","@id":"https:\/\/www.gaveanews.com\/index.php\/2022\/04\/26\/adriano-imperador-projeta-dupla-com-gabigol-em-possivel-jogo-historico-no-flamengo\/","url":"https:\/\/www.gaveanews.com\/index.php\/2022\/04\/26\/adriano-imperador-projeta-dupla-com-gabigol-em-possivel-jogo-historico-no-flamengo\/","name":"Adriano Imperador projeta dupla com Gabigol em poss\u00edvel jogo hist\u00f3rico no Flamengo","isPartOf":{"@id":"https:\/\/www.gaveanews.com\/#website"},"primaryImageOfPage":{"@id":"https:\/\/www.gaveanews.com\/index.php\/2022\/04\/26\/adriano-imperador-projeta-dupla-com-gabigol-em-possivel-jogo-historico-no-flamengo\/#primaryimage"},"image":{"@id":"https:\/\/www.gaveanews.com\/index.php\/2022\/04\/26\/adriano-imperador-projeta-dupla-com-gabigol-em-possivel-jogo-historico-no-flamengo\/#primaryimage"},"thumbnailUrl":"https:\/\/www.gaveanews.com\/wp-content\/uploads\/2019\/08\/Adriano-Imperador-em-acao-pelo-Flamengo-no-Maracana.webp","datePublished":"2022-04-27T01:11:54+00:00","dateModified":"2024-04-07T11:28:18+00:00","author":{"@id":"https:\/\/www.gaveanews.com\/#\/schema\/person\/2ec14f73fb96be2caf28f91afb14749d"},"breadcrumb":{"@id":"https:\/\/www.gaveanews.com\/index.php\/2022\/04\/26\/adriano-imperador-projeta-dupla-com-gabigol-em-possivel-jogo-historico-no-flamengo\/#breadcrumb"},"inLanguage":"pt-BR","potentialAction":[{"@type":"ReadAction","target":["https:\/\/www.gaveanews.com\/index.php\/2022\/04\/26\/adriano-imperador-projeta-dupla-com-gabigol-em-possivel-jogo-historico-no-flamengo\/"]}]},{"@type":"ImageObject","inLanguage":"pt-BR","@id":"https:\/\/www.gaveanews.com\/index.php\/2022\/04\/26\/adriano-imperador-projeta-dupla-com-gabigol-em-possivel-jogo-historico-no-flamengo\/#primaryimage","url":"https:\/\/www.gaveanews.com\/wp-content\/uploads\/2019\/08\/Adriano-Imperador-em-acao-pelo-Flamengo-no-Maracana.webp","contentUrl":"https:\/\/www.gaveanews.com\/wp-content\/uploads\/2019\/08\/Adriano-Imperador-em-acao-pelo-Flamengo-no-Maracana.webp","caption":"Adriano Imperador em a\u00e7\u00e3o pelo Flamengo no Maracan\u00e3 (Foto: Celso Pupo\/Fotoarena)"},{"@type":"BreadcrumbList","@id":"https:\/\/www.gaveanews.com\/index.php\/2022\/04\/26\/adriano-imperador-projeta-dupla-com-gabigol-em-possivel-jogo-historico-no-flamengo\/#breadcrumb","itemListElement":[{"@type":"ListItem","position":1,"name":"Home","item":"https:\/\/www.gaveanews.com\/"},{"@type":"ListItem","position":2,"name":"Adriano Imperador projeta dupla com Gabigol em poss\u00edvel jogo hist\u00f3rico no Flamengo"}]},{"@type":"WebSite","@id":"https:\/\/www.gaveanews.com\/#website","url":"https:\/\/www.gaveanews.com\/","name":"G\u00e1vea News","description":"Veja todas as not\u00edcias sobre o Flamengo: Contrata\u00e7\u00f5es, categorias de base, resultados das partidas, tabela de classifica\u00e7\u00e3o, pr\u00f3ximos jogos!","potentialAction":[{"@type":"SearchAction","target":{"@type":"EntryPoint","urlTemplate":"https:\/\/www.gaveanews.com\/?s={search_term_string}"},"query-input":{"@type":"PropertyValueSpecification","valueRequired":true,"valueName":"search_term_string"}}],"inLanguage":"pt-BR"},{"@type":"Person","@id":"https:\/\/www.gaveanews.com\/#\/schema\/person\/2ec14f73fb96be2caf28f91afb14749d","name":"Equipe G\u00e1vea News","image":{"@type":"ImageObject","inLanguage":"pt-BR","@id":"https:\/\/www.gaveanews.com\/#\/schema\/person\/image\/","url":"https:\/\/secure.gravatar.com\/avatar\/1e1956f1facbffd3f8fa53a326721950116b3b9dc9bd44939c01180fd4a745a9?s=96&d=mm&r=g","contentUrl":"https:\/\/secure.gravatar.com\/avatar\/1e1956f1facbffd3f8fa53a326721950116b3b9dc9bd44939c01180fd4a745a9?s=96&d=mm&r=g","caption":"Equipe G\u00e1vea News"}}]}},"_links":{"self":[{"href":"https:\/\/www.gaveanews.com\/index.php\/wp-json\/wp\/v2\/posts\/80689","targetHints":{"allow":["GET"]}}],"collection":[{"href":"https:\/\/www.gaveanews.com\/index.php\/wp-json\/wp\/v2\/posts"}],"about":[{"href":"https:\/\/www.gaveanews.com\/index.php\/wp-json\/wp\/v2\/types\/post"}],"author":[{"embeddable":true,"href":"https:\/\/www.gaveanews.com\/index.php\/wp-json\/wp\/v2\/users\/1"}],"replies":[{"embeddable":true,"href":"https:\/\/www.gaveanews.com\/index.php\/wp-json\/wp\/v2\/comments?post=80689"}],"version-history":[{"count":1,"href":"https:\/\/www.gaveanews.com\/index.php\/wp-json\/wp\/v2\/posts\/80689\/revisions"}],"predecessor-version":[{"id":135892,"href":"https:\/\/www.gaveanews.com\/index.php\/wp-json\/wp\/v2\/posts\/80689\/revisions\/135892"}],"wp:featuredmedia":[{"embeddable":true,"href":"https:\/\/www.gaveanews.com\/index.php\/wp-json\/wp\/v2\/media\/23934"}],"wp:attachment":[{"href":"https:\/\/www.gaveanews.com\/index.php\/wp-json\/wp\/v2\/media?parent=80689"}],"wp:term":[{"taxonomy":"category","embeddable":true,"href":"https:\/\/www.gaveanews.com\/index.php\/wp-json\/wp\/v2\/categories?post=80689"},{"taxonomy":"post_tag","embeddable":true,"href":"https:\/\/www.gaveanews.com\/index.php\/wp-json\/wp\/v2\/tags?post=80689"}],"curies":[{"name":"wp","href":"https:\/\/api.w.org\/{rel}","templated":true}]}}