{"id":80691,"date":"2022-04-26T22:13:38","date_gmt":"2022-04-27T01:13:38","guid":{"rendered":"https:\/\/www.gaveanews.com\/?p=80691"},"modified":"2022-04-26T22:13:38","modified_gmt":"2022-04-27T01:13:38","slug":"jornalista-se-pronuncia-apos-polemica-com-diego-ribas-do-flamengo","status":"publish","type":"post","link":"https:\/\/www.gaveanews.com\/index.php\/2022\/04\/26\/jornalista-se-pronuncia-apos-polemica-com-diego-ribas-do-flamengo\/","title":{"rendered":"Jornalista se pronuncia ap\u00f3s pol\u00eamica com Diego Ribas, do Flamengo"},"content":{"rendered":"<p>Presente no CT do Flamengo para gravar uma entrevista com Thiago Maia, Ven\u00ea Casagrande foi surpreendido pela presen\u00e7a de Diego Ribas no local. Como o camisa 10 do Flamengo \u00e9 visto como um dos desafetos do jornalista, o meia provocou o profissional, chamando o comunicador do SBT de \u201chomem das meias verdades\u201d, situa\u00e7\u00e3o que causou um desconforto evidente no ambiente.<\/p>\n<p>Diante disso, Ven\u00ea Casagrande se pronunciou em seu canal no YouTube. Admitindo que ficou constrangido, ele apontou que uma mat\u00e9ria de 2021, sobre a \u201cpanela\u201d no Flamengo que contaria com a presen\u00e7a de Diego, foi o motivo da provoca\u00e7\u00e3o.<\/p>\n<p><em><strong>\u2014 \u00d3bvio que fiquei constrangido, eu confesso que n\u00e3o esperava. O Thiago Maia tamb\u00e9m ficou super constrangido, o assessor pessoal d\u00e1 uma risada sem entender nada porque ele achou que fosse com o Thiago Maia. O assessor do Flamengo tamb\u00e9m ficou sem rea\u00e7\u00e3o tamb\u00e9m. N\u00e3o tenho nada, pessoalmente, com o Diego Ribas. Posso fazer uma mat\u00e9ria que ele n\u00e3o goste, que ele classifique como mentirosa, como ele classificou em janeiro de 2021, sobre os bastidores da famosa \u201cpanela 85\u201d, algo bem antigo. De l\u00e1 para c\u00e1, eu n\u00e3o fiz nenhuma mat\u00e9ria criticando o Diego Ribas. Acredito que ele n\u00e3o goste de mim por conta disso<\/strong><\/em>, iniciou.<\/p>\n<p>Al\u00e9m disso, Ven\u00ea justificou sua rea\u00e7\u00e3o de n\u00e3o rebater o discurso de Diego. Mesmo assim, o jornalista lamentou a postura do jogador visto como um dos l\u00edderes do Flamengo, deixando claro que n\u00e3o possui nenhuma desaven\u00e7a pessoal com o atleta.<\/p>\n<p><em><strong>\u2014 A minha rea\u00e7\u00e3o que todo mundo deveria fazer. Muita gente me procurou para parabenizar minha rea\u00e7\u00e3o. Essa rea\u00e7\u00e3o que eu deveria ter feito mesmo. Eu fico orgulhoso de mim mesmo, poderia xingar em outro momento. Tenho que levar em considera\u00e7\u00e3o que eu estou representando o SBT. Qualquer ato que eu tivesse, era o ato do SBT. Tinha outras pessoas envolvidas, como o Thiago Maia. Eu lamento muito porque foi uma postura de uma pessoa de 37 anos. Eu n\u00e3o espero isso de um cara consagrado no futebol e que \u00e9 \u00eddolo no Flamengo. De fato, n\u00e3o tenho raiva, s\u00f3 lamento. Isso pode fazer com que outras pessoas fa\u00e7am isso, espero que n\u00e3o porque isso \u00e9 errado. Constranger um profissional, independente de gostar ou n\u00e3o, n\u00e3o tem como aceitar isso!<\/strong><\/em>, completou.<\/p>\n<p>Retirado de: Torcedores<\/p>\n<p>&nbsp;<\/p>\n<p>&nbsp;<\/p>\n","protected":false},"excerpt":{"rendered":"<p>Presente no CT do Flamengo para gravar uma entrevista com Thiago Maia, Ven\u00ea Casagrande foi surpreendido pela presen\u00e7a de Diego Ribas no local. Como o camisa 10 do Flamengo \u00e9 visto como um dos desafetos do jornalista, o meia provocou o profissional, chamando o comunicador do SBT de \u201chomem das meias verdades\u201d, situa\u00e7\u00e3o que causou [&hellip;]<\/p>\n","protected":false},"author":1,"featured_media":71613,"comment_status":"open","ping_status":"closed","sticky":false,"template":"","format":"standard","meta":{"footnotes":""},"categories":[47],"tags":[],"class_list":["post-80691","post","type-post","status-publish","format-standard","has-post-thumbnail","hentry","category-destaques"],"yoast_head":"<!-- This site is optimized with the Yoast SEO Premium plugin v24.2 (Yoast SEO v26.9) - https:\/\/yoast.com\/product\/yoast-seo-premium-wordpress\/ -->\n<title>Jornalista se pronuncia ap\u00f3s pol\u00eamica com Diego Ribas, do Flamengo<\/title>\n<meta name=\"robots\" content=\"index, follow, max-snippet:-1, max-image-preview:large, max-video-preview:-1\" \/>\n<link rel=\"canonical\" href=\"https:\/\/www.gaveanews.com\/index.php\/2022\/04\/26\/jornalista-se-pronuncia-apos-polemica-com-diego-ribas-do-flamengo\/\" \/>\n<meta property=\"og:locale\" content=\"pt_BR\" \/>\n<meta property=\"og:type\" content=\"article\" \/>\n<meta property=\"og:title\" content=\"Jornalista se pronuncia ap\u00f3s pol\u00eamica com Diego Ribas, do Flamengo\" \/>\n<meta property=\"og:description\" content=\"Presente no CT do Flamengo para gravar uma entrevista com Thiago Maia, Ven\u00ea Casagrande foi surpreendido pela presen\u00e7a de Diego Ribas no local. Como o camisa 10 do Flamengo \u00e9 visto como um dos desafetos do jornalista, o meia provocou o profissional, chamando o comunicador do SBT de \u201chomem das meias verdades\u201d, situa\u00e7\u00e3o que causou [&hellip;]\" \/>\n<meta property=\"og:url\" content=\"https:\/\/www.gaveanews.com\/index.php\/2022\/04\/26\/jornalista-se-pronuncia-apos-polemica-com-diego-ribas-do-flamengo\/\" \/>\n<meta property=\"og:site_name\" content=\"G\u00e1vea News\" \/>\n<meta property=\"article:publisher\" content=\"https:\/\/facebook.com\/gaveaNews\/\" \/>\n<meta property=\"article:published_time\" content=\"2022-04-27T01:13:38+00:00\" \/>\n<meta property=\"og:image\" content=\"https:\/\/www.gaveanews.com\/wp-content\/uploads\/Diego-Ribas-durante-o-jogo-entre-Flamengo-e-Bahia-pelo-Campeonato-Brasileiro-de-2021.webp\" \/>\n\t<meta property=\"og:image:width\" content=\"800\" \/>\n\t<meta property=\"og:image:height\" content=\"532\" \/>\n\t<meta property=\"og:image:type\" content=\"image\/jpeg\" \/>\n<meta name=\"author\" content=\"Equipe G\u00e1vea News\" \/>\n<meta name=\"twitter:card\" content=\"summary_large_image\" \/>\n<meta name=\"twitter:label1\" content=\"Escrito por\" \/>\n\t<meta name=\"twitter:data1\" content=\"Equipe G\u00e1vea News\" \/>\n\t<meta name=\"twitter:label2\" content=\"Est. tempo de leitura\" \/>\n\t<meta name=\"twitter:data2\" content=\"2 minutos\" \/>\n<script type=\"application\/ld+json\" class=\"yoast-schema-graph\">{\"@context\":\"https:\/\/schema.org\",\"@graph\":[{\"@type\":\"NewsArticle\",\"@id\":\"https:\/\/www.gaveanews.com\/index.php\/2022\/04\/26\/jornalista-se-pronuncia-apos-polemica-com-diego-ribas-do-flamengo\/#article\",\"isPartOf\":{\"@id\":\"https:\/\/www.gaveanews.com\/index.php\/2022\/04\/26\/jornalista-se-pronuncia-apos-polemica-com-diego-ribas-do-flamengo\/\"},\"author\":{\"name\":\"Equipe G\u00e1vea News\",\"@id\":\"https:\/\/www.gaveanews.com\/#\/schema\/person\/2ec14f73fb96be2caf28f91afb14749d\"},\"headline\":\"Jornalista se pronuncia ap\u00f3s pol\u00eamica com Diego Ribas, do Flamengo\",\"datePublished\":\"2022-04-27T01:13:38+00:00\",\"mainEntityOfPage\":{\"@id\":\"https:\/\/www.gaveanews.com\/index.php\/2022\/04\/26\/jornalista-se-pronuncia-apos-polemica-com-diego-ribas-do-flamengo\/\"},\"wordCount\":415,\"commentCount\":0,\"image\":{\"@id\":\"https:\/\/www.gaveanews.com\/index.php\/2022\/04\/26\/jornalista-se-pronuncia-apos-polemica-com-diego-ribas-do-flamengo\/#primaryimage\"},\"thumbnailUrl\":\"https:\/\/www.gaveanews.com\/wp-content\/uploads\/Diego-Ribas-durante-o-jogo-entre-Flamengo-e-Bahia-pelo-Campeonato-Brasileiro-de-2021.webp\",\"articleSection\":[\"Destaques\"],\"inLanguage\":\"pt-BR\",\"potentialAction\":[{\"@type\":\"CommentAction\",\"name\":\"Comment\",\"target\":[\"https:\/\/www.gaveanews.com\/index.php\/2022\/04\/26\/jornalista-se-pronuncia-apos-polemica-com-diego-ribas-do-flamengo\/#respond\"]}],\"copyrightYear\":\"2022\",\"copyrightHolder\":{\"@id\":\"https:\/\/www.gaveanews.com\/#organization\"}},{\"@type\":\"WebPage\",\"@id\":\"https:\/\/www.gaveanews.com\/index.php\/2022\/04\/26\/jornalista-se-pronuncia-apos-polemica-com-diego-ribas-do-flamengo\/\",\"url\":\"https:\/\/www.gaveanews.com\/index.php\/2022\/04\/26\/jornalista-se-pronuncia-apos-polemica-com-diego-ribas-do-flamengo\/\",\"name\":\"Jornalista se pronuncia ap\u00f3s pol\u00eamica com Diego Ribas, do Flamengo\",\"isPartOf\":{\"@id\":\"https:\/\/www.gaveanews.com\/#website\"},\"primaryImageOfPage\":{\"@id\":\"https:\/\/www.gaveanews.com\/index.php\/2022\/04\/26\/jornalista-se-pronuncia-apos-polemica-com-diego-ribas-do-flamengo\/#primaryimage\"},\"image\":{\"@id\":\"https:\/\/www.gaveanews.com\/index.php\/2022\/04\/26\/jornalista-se-pronuncia-apos-polemica-com-diego-ribas-do-flamengo\/#primaryimage\"},\"thumbnailUrl\":\"https:\/\/www.gaveanews.com\/wp-content\/uploads\/Diego-Ribas-durante-o-jogo-entre-Flamengo-e-Bahia-pelo-Campeonato-Brasileiro-de-2021.webp\",\"datePublished\":\"2022-04-27T01:13:38+00:00\",\"author\":{\"@id\":\"https:\/\/www.gaveanews.com\/#\/schema\/person\/2ec14f73fb96be2caf28f91afb14749d\"},\"breadcrumb\":{\"@id\":\"https:\/\/www.gaveanews.com\/index.php\/2022\/04\/26\/jornalista-se-pronuncia-apos-polemica-com-diego-ribas-do-flamengo\/#breadcrumb\"},\"inLanguage\":\"pt-BR\",\"potentialAction\":[{\"@type\":\"ReadAction\",\"target\":[\"https:\/\/www.gaveanews.com\/index.php\/2022\/04\/26\/jornalista-se-pronuncia-apos-polemica-com-diego-ribas-do-flamengo\/\"]}]},{\"@type\":\"ImageObject\",\"inLanguage\":\"pt-BR\",\"@id\":\"https:\/\/www.gaveanews.com\/index.php\/2022\/04\/26\/jornalista-se-pronuncia-apos-polemica-com-diego-ribas-do-flamengo\/#primaryimage\",\"url\":\"https:\/\/www.gaveanews.com\/wp-content\/uploads\/Diego-Ribas-durante-o-jogo-entre-Flamengo-e-Bahia-pelo-Campeonato-Brasileiro-de-2021.webp\",\"contentUrl\":\"https:\/\/www.gaveanews.com\/wp-content\/uploads\/Diego-Ribas-durante-o-jogo-entre-Flamengo-e-Bahia-pelo-Campeonato-Brasileiro-de-2021.webp\",\"width\":800,\"height\":532,\"caption\":\"Diego Ribas durante o jogo entre Flamengo e Bahia pelo Campeonato Brasileiro de 2021 (Foto: Alexandre Vidal\/Flamengo)\"},{\"@type\":\"BreadcrumbList\",\"@id\":\"https:\/\/www.gaveanews.com\/index.php\/2022\/04\/26\/jornalista-se-pronuncia-apos-polemica-com-diego-ribas-do-flamengo\/#breadcrumb\",\"itemListElement\":[{\"@type\":\"ListItem\",\"position\":1,\"name\":\"Home\",\"item\":\"https:\/\/www.gaveanews.com\/\"},{\"@type\":\"ListItem\",\"position\":2,\"name\":\"Jornalista se pronuncia ap\u00f3s pol\u00eamica com Diego Ribas, do Flamengo\"}]},{\"@type\":\"WebSite\",\"@id\":\"https:\/\/www.gaveanews.com\/#website\",\"url\":\"https:\/\/www.gaveanews.com\/\",\"name\":\"G\u00e1vea News\",\"description\":\"Veja todas as not\u00edcias sobre o Flamengo: Contrata\u00e7\u00f5es, categorias de base, resultados das partidas, tabela de classifica\u00e7\u00e3o, pr\u00f3ximos jogos!\",\"potentialAction\":[{\"@type\":\"SearchAction\",\"target\":{\"@type\":\"EntryPoint\",\"urlTemplate\":\"https:\/\/www.gaveanews.com\/?s={search_term_string}\"},\"query-input\":{\"@type\":\"PropertyValueSpecification\",\"valueRequired\":true,\"valueName\":\"search_term_string\"}}],\"inLanguage\":\"pt-BR\"},{\"@type\":\"Person\",\"@id\":\"https:\/\/www.gaveanews.com\/#\/schema\/person\/2ec14f73fb96be2caf28f91afb14749d\",\"name\":\"Equipe G\u00e1vea News\",\"image\":{\"@type\":\"ImageObject\",\"inLanguage\":\"pt-BR\",\"@id\":\"https:\/\/www.gaveanews.com\/#\/schema\/person\/image\/\",\"url\":\"https:\/\/secure.gravatar.com\/avatar\/1e1956f1facbffd3f8fa53a326721950116b3b9dc9bd44939c01180fd4a745a9?s=96&d=mm&r=g\",\"contentUrl\":\"https:\/\/secure.gravatar.com\/avatar\/1e1956f1facbffd3f8fa53a326721950116b3b9dc9bd44939c01180fd4a745a9?s=96&d=mm&r=g\",\"caption\":\"Equipe G\u00e1vea News\"}}]}<\/script>\n<!-- \/ Yoast SEO Premium plugin. -->","yoast_head_json":{"title":"Jornalista se pronuncia ap\u00f3s pol\u00eamica com Diego Ribas, do Flamengo","robots":{"index":"index","follow":"follow","max-snippet":"max-snippet:-1","max-image-preview":"max-image-preview:large","max-video-preview":"max-video-preview:-1"},"canonical":"https:\/\/www.gaveanews.com\/index.php\/2022\/04\/26\/jornalista-se-pronuncia-apos-polemica-com-diego-ribas-do-flamengo\/","og_locale":"pt_BR","og_type":"article","og_title":"Jornalista se pronuncia ap\u00f3s pol\u00eamica com Diego Ribas, do Flamengo","og_description":"Presente no CT do Flamengo para gravar uma entrevista com Thiago Maia, Ven\u00ea Casagrande foi surpreendido pela presen\u00e7a de Diego Ribas no local. Como o camisa 10 do Flamengo \u00e9 visto como um dos desafetos do jornalista, o meia provocou o profissional, chamando o comunicador do SBT de \u201chomem das meias verdades\u201d, situa\u00e7\u00e3o que causou [&hellip;]","og_url":"https:\/\/www.gaveanews.com\/index.php\/2022\/04\/26\/jornalista-se-pronuncia-apos-polemica-com-diego-ribas-do-flamengo\/","og_site_name":"G\u00e1vea News","article_publisher":"https:\/\/facebook.com\/gaveaNews\/","article_published_time":"2022-04-27T01:13:38+00:00","og_image":[{"width":800,"height":532,"url":"https:\/\/www.gaveanews.com\/wp-content\/uploads\/Diego-Ribas-durante-o-jogo-entre-Flamengo-e-Bahia-pelo-Campeonato-Brasileiro-de-2021.webp","type":"image\/jpeg"}],"author":"Equipe G\u00e1vea News","twitter_card":"summary_large_image","twitter_misc":{"Escrito por":"Equipe G\u00e1vea News","Est. tempo de leitura":"2 minutos"},"schema":{"@context":"https:\/\/schema.org","@graph":[{"@type":"NewsArticle","@id":"https:\/\/www.gaveanews.com\/index.php\/2022\/04\/26\/jornalista-se-pronuncia-apos-polemica-com-diego-ribas-do-flamengo\/#article","isPartOf":{"@id":"https:\/\/www.gaveanews.com\/index.php\/2022\/04\/26\/jornalista-se-pronuncia-apos-polemica-com-diego-ribas-do-flamengo\/"},"author":{"name":"Equipe G\u00e1vea News","@id":"https:\/\/www.gaveanews.com\/#\/schema\/person\/2ec14f73fb96be2caf28f91afb14749d"},"headline":"Jornalista se pronuncia ap\u00f3s pol\u00eamica com Diego Ribas, do Flamengo","datePublished":"2022-04-27T01:13:38+00:00","mainEntityOfPage":{"@id":"https:\/\/www.gaveanews.com\/index.php\/2022\/04\/26\/jornalista-se-pronuncia-apos-polemica-com-diego-ribas-do-flamengo\/"},"wordCount":415,"commentCount":0,"image":{"@id":"https:\/\/www.gaveanews.com\/index.php\/2022\/04\/26\/jornalista-se-pronuncia-apos-polemica-com-diego-ribas-do-flamengo\/#primaryimage"},"thumbnailUrl":"https:\/\/www.gaveanews.com\/wp-content\/uploads\/Diego-Ribas-durante-o-jogo-entre-Flamengo-e-Bahia-pelo-Campeonato-Brasileiro-de-2021.webp","articleSection":["Destaques"],"inLanguage":"pt-BR","potentialAction":[{"@type":"CommentAction","name":"Comment","target":["https:\/\/www.gaveanews.com\/index.php\/2022\/04\/26\/jornalista-se-pronuncia-apos-polemica-com-diego-ribas-do-flamengo\/#respond"]}],"copyrightYear":"2022","copyrightHolder":{"@id":"https:\/\/www.gaveanews.com\/#organization"}},{"@type":"WebPage","@id":"https:\/\/www.gaveanews.com\/index.php\/2022\/04\/26\/jornalista-se-pronuncia-apos-polemica-com-diego-ribas-do-flamengo\/","url":"https:\/\/www.gaveanews.com\/index.php\/2022\/04\/26\/jornalista-se-pronuncia-apos-polemica-com-diego-ribas-do-flamengo\/","name":"Jornalista se pronuncia ap\u00f3s pol\u00eamica com Diego Ribas, do Flamengo","isPartOf":{"@id":"https:\/\/www.gaveanews.com\/#website"},"primaryImageOfPage":{"@id":"https:\/\/www.gaveanews.com\/index.php\/2022\/04\/26\/jornalista-se-pronuncia-apos-polemica-com-diego-ribas-do-flamengo\/#primaryimage"},"image":{"@id":"https:\/\/www.gaveanews.com\/index.php\/2022\/04\/26\/jornalista-se-pronuncia-apos-polemica-com-diego-ribas-do-flamengo\/#primaryimage"},"thumbnailUrl":"https:\/\/www.gaveanews.com\/wp-content\/uploads\/Diego-Ribas-durante-o-jogo-entre-Flamengo-e-Bahia-pelo-Campeonato-Brasileiro-de-2021.webp","datePublished":"2022-04-27T01:13:38+00:00","author":{"@id":"https:\/\/www.gaveanews.com\/#\/schema\/person\/2ec14f73fb96be2caf28f91afb14749d"},"breadcrumb":{"@id":"https:\/\/www.gaveanews.com\/index.php\/2022\/04\/26\/jornalista-se-pronuncia-apos-polemica-com-diego-ribas-do-flamengo\/#breadcrumb"},"inLanguage":"pt-BR","potentialAction":[{"@type":"ReadAction","target":["https:\/\/www.gaveanews.com\/index.php\/2022\/04\/26\/jornalista-se-pronuncia-apos-polemica-com-diego-ribas-do-flamengo\/"]}]},{"@type":"ImageObject","inLanguage":"pt-BR","@id":"https:\/\/www.gaveanews.com\/index.php\/2022\/04\/26\/jornalista-se-pronuncia-apos-polemica-com-diego-ribas-do-flamengo\/#primaryimage","url":"https:\/\/www.gaveanews.com\/wp-content\/uploads\/Diego-Ribas-durante-o-jogo-entre-Flamengo-e-Bahia-pelo-Campeonato-Brasileiro-de-2021.webp","contentUrl":"https:\/\/www.gaveanews.com\/wp-content\/uploads\/Diego-Ribas-durante-o-jogo-entre-Flamengo-e-Bahia-pelo-Campeonato-Brasileiro-de-2021.webp","width":800,"height":532,"caption":"Diego Ribas durante o jogo entre Flamengo e Bahia pelo Campeonato Brasileiro de 2021 (Foto: Alexandre Vidal\/Flamengo)"},{"@type":"BreadcrumbList","@id":"https:\/\/www.gaveanews.com\/index.php\/2022\/04\/26\/jornalista-se-pronuncia-apos-polemica-com-diego-ribas-do-flamengo\/#breadcrumb","itemListElement":[{"@type":"ListItem","position":1,"name":"Home","item":"https:\/\/www.gaveanews.com\/"},{"@type":"ListItem","position":2,"name":"Jornalista se pronuncia ap\u00f3s pol\u00eamica com Diego Ribas, do Flamengo"}]},{"@type":"WebSite","@id":"https:\/\/www.gaveanews.com\/#website","url":"https:\/\/www.gaveanews.com\/","name":"G\u00e1vea News","description":"Veja todas as not\u00edcias sobre o Flamengo: Contrata\u00e7\u00f5es, categorias de base, resultados das partidas, tabela de classifica\u00e7\u00e3o, pr\u00f3ximos jogos!","potentialAction":[{"@type":"SearchAction","target":{"@type":"EntryPoint","urlTemplate":"https:\/\/www.gaveanews.com\/?s={search_term_string}"},"query-input":{"@type":"PropertyValueSpecification","valueRequired":true,"valueName":"search_term_string"}}],"inLanguage":"pt-BR"},{"@type":"Person","@id":"https:\/\/www.gaveanews.com\/#\/schema\/person\/2ec14f73fb96be2caf28f91afb14749d","name":"Equipe G\u00e1vea News","image":{"@type":"ImageObject","inLanguage":"pt-BR","@id":"https:\/\/www.gaveanews.com\/#\/schema\/person\/image\/","url":"https:\/\/secure.gravatar.com\/avatar\/1e1956f1facbffd3f8fa53a326721950116b3b9dc9bd44939c01180fd4a745a9?s=96&d=mm&r=g","contentUrl":"https:\/\/secure.gravatar.com\/avatar\/1e1956f1facbffd3f8fa53a326721950116b3b9dc9bd44939c01180fd4a745a9?s=96&d=mm&r=g","caption":"Equipe G\u00e1vea News"}}]}},"_links":{"self":[{"href":"https:\/\/www.gaveanews.com\/index.php\/wp-json\/wp\/v2\/posts\/80691","targetHints":{"allow":["GET"]}}],"collection":[{"href":"https:\/\/www.gaveanews.com\/index.php\/wp-json\/wp\/v2\/posts"}],"about":[{"href":"https:\/\/www.gaveanews.com\/index.php\/wp-json\/wp\/v2\/types\/post"}],"author":[{"embeddable":true,"href":"https:\/\/www.gaveanews.com\/index.php\/wp-json\/wp\/v2\/users\/1"}],"replies":[{"embeddable":true,"href":"https:\/\/www.gaveanews.com\/index.php\/wp-json\/wp\/v2\/comments?post=80691"}],"version-history":[{"count":0,"href":"https:\/\/www.gaveanews.com\/index.php\/wp-json\/wp\/v2\/posts\/80691\/revisions"}],"wp:featuredmedia":[{"embeddable":true,"href":"https:\/\/www.gaveanews.com\/index.php\/wp-json\/wp\/v2\/media\/71613"}],"wp:attachment":[{"href":"https:\/\/www.gaveanews.com\/index.php\/wp-json\/wp\/v2\/media?parent=80691"}],"wp:term":[{"taxonomy":"category","embeddable":true,"href":"https:\/\/www.gaveanews.com\/index.php\/wp-json\/wp\/v2\/categories?post=80691"},{"taxonomy":"post_tag","embeddable":true,"href":"https:\/\/www.gaveanews.com\/index.php\/wp-json\/wp\/v2\/tags?post=80691"}],"curies":[{"name":"wp","href":"https:\/\/api.w.org\/{rel}","templated":true}]}}