{"id":80697,"date":"2022-04-27T01:04:35","date_gmt":"2022-04-27T04:04:35","guid":{"rendered":"https:\/\/www.gaveanews.com\/?p=80697"},"modified":"2022-04-27T01:04:35","modified_gmt":"2022-04-27T04:04:35","slug":"west-ham-entra-na-disputa-com-o-flamengo-por-thiago-mendes","status":"publish","type":"post","link":"https:\/\/www.gaveanews.com\/index.php\/2022\/04\/27\/west-ham-entra-na-disputa-com-o-flamengo-por-thiago-mendes\/","title":{"rendered":"West Ham entra na disputa com o Flamengo por Thiago Mendes"},"content":{"rendered":"<p>O volante Thiago Mendes, alvo do Flamengo, atualmente no Lyon, da Fran\u00e7a, despertou interesse de outro clube em especial e a situa\u00e7\u00e3o vem preocupando o Flamengo que gostaria de contar com o atleta para a metade do ano.<\/p>\n<p>De acordo com o jornalista Jorge Nicola, em seu canal no Youtube, o West Ham, da Inglaterra, entrou na disputa pela contrata\u00e7\u00e3o do volante Thiago Mendes e pode tentar dar um \u201cchap\u00e9u\u201d no Flamengo. Pesam em favor do clube ingl\u00eas o alto sal\u00e1rio e a possibilidade de jogar na Premier League.<\/p>\n<p>\u201cO West Ham, da Inglaterra, entrou na parada por Thiago Mendes e, com potencial muito maior de oferecer um melhor sal\u00e1rio do que o Flamengo. Mais do que isso, o West Ham pode dar para ele [Thiago Mendes] a oportunidade de jogar na Premier League, o campeonato mais visado do futebol no mundo. Tudo o que os dirigentes n\u00e3o queria era uma concorr\u00eancia pelo volante\u201d, afirmou Nicola.<\/p>\n<p>Vale lembrar que na temporada passada, a dire\u00e7\u00e3o rubro-negra fez uma investida pela chegada do volante brasileiro. Os moldes da negocia\u00e7\u00e3o eram de empr\u00e9stimo com op\u00e7\u00e3o de compra, modelo que n\u00e3o foi aceito pelo Lyon.<\/p>\n<p>Depois de receber sinal verde de Thiago Mendes, o Rubro-Negro passou a iniciar contatos com o Lyon. Na ocasi\u00e3o, o vice de futebol Marcos Braz n\u00e3o fechou a porta para uma nova investida pelo jogador.<\/p>\n<p>\u201cO Thiago Mendes fez de tudo para vir para o Flamengo. N\u00f3s conseguimos a movimenta\u00e7\u00e3o do jogador que n\u00e3o imagin\u00e1vamos: ele externou a vontade, disse que daria dois anos a mais de contrato pro Lyon, ganhando menos, para conseguir a libera\u00e7\u00e3o para vir pro Flamengo. Eu preciso agradecer o Thiago Mendes. E eu respeito a posi\u00e7\u00e3o do Lyon. A gente entendeu a decis\u00e3o e sa\u00edmos de l\u00e1 imediatamente\u201d, disse Braz.<\/p>\n<p>Retirado de: Torcedores<\/p>\n","protected":false},"excerpt":{"rendered":"<p>O volante Thiago Mendes, alvo do Flamengo, atualmente no Lyon, da Fran\u00e7a, despertou interesse de outro clube em especial e a situa\u00e7\u00e3o vem preocupando o Flamengo que gostaria de contar com o atleta para a metade do ano. De acordo com o jornalista Jorge Nicola, em seu canal no Youtube, o West Ham, da Inglaterra, [&hellip;]<\/p>\n","protected":false},"author":1,"featured_media":63968,"comment_status":"open","ping_status":"closed","sticky":false,"template":"","format":"standard","meta":{"footnotes":""},"categories":[48],"tags":[],"class_list":["post-80697","post","type-post","status-publish","format-standard","has-post-thumbnail","hentry","category-negociacoes"],"yoast_head":"<!-- This site is optimized with the Yoast SEO Premium plugin v24.2 (Yoast SEO v26.9) - https:\/\/yoast.com\/product\/yoast-seo-premium-wordpress\/ -->\n<title>West Ham entra na disputa com o Flamengo por Thiago Mendes<\/title>\n<meta name=\"robots\" content=\"index, follow, max-snippet:-1, max-image-preview:large, max-video-preview:-1\" \/>\n<link rel=\"canonical\" href=\"https:\/\/www.gaveanews.com\/index.php\/2022\/04\/27\/west-ham-entra-na-disputa-com-o-flamengo-por-thiago-mendes\/\" \/>\n<meta property=\"og:locale\" content=\"pt_BR\" \/>\n<meta property=\"og:type\" content=\"article\" \/>\n<meta property=\"og:title\" content=\"West Ham entra na disputa com o Flamengo por Thiago Mendes\" \/>\n<meta property=\"og:description\" content=\"O volante Thiago Mendes, alvo do Flamengo, atualmente no Lyon, da Fran\u00e7a, despertou interesse de outro clube em especial e a situa\u00e7\u00e3o vem preocupando o Flamengo que gostaria de contar com o atleta para a metade do ano. De acordo com o jornalista Jorge Nicola, em seu canal no Youtube, o West Ham, da Inglaterra, [&hellip;]\" \/>\n<meta property=\"og:url\" content=\"https:\/\/www.gaveanews.com\/index.php\/2022\/04\/27\/west-ham-entra-na-disputa-com-o-flamengo-por-thiago-mendes\/\" \/>\n<meta property=\"og:site_name\" content=\"G\u00e1vea News\" \/>\n<meta property=\"article:publisher\" content=\"https:\/\/facebook.com\/gaveaNews\/\" \/>\n<meta property=\"article:published_time\" content=\"2022-04-27T04:04:35+00:00\" \/>\n<meta property=\"og:image\" content=\"https:\/\/www.gaveanews.com\/wp-content\/uploads\/Thiago-Mendes-em-acao-durante-um-jogo-do-Lyon.webp\" \/>\n\t<meta property=\"og:image:width\" content=\"1080\" \/>\n\t<meta property=\"og:image:height\" content=\"1080\" \/>\n\t<meta property=\"og:image:type\" content=\"image\/jpeg\" \/>\n<meta name=\"author\" content=\"Equipe G\u00e1vea News\" \/>\n<meta name=\"twitter:card\" content=\"summary_large_image\" \/>\n<meta name=\"twitter:label1\" content=\"Escrito por\" \/>\n\t<meta name=\"twitter:data1\" content=\"Equipe G\u00e1vea News\" \/>\n\t<meta name=\"twitter:label2\" content=\"Est. tempo de leitura\" \/>\n\t<meta name=\"twitter:data2\" content=\"2 minutos\" \/>\n<script type=\"application\/ld+json\" class=\"yoast-schema-graph\">{\"@context\":\"https:\/\/schema.org\",\"@graph\":[{\"@type\":\"NewsArticle\",\"@id\":\"https:\/\/www.gaveanews.com\/index.php\/2022\/04\/27\/west-ham-entra-na-disputa-com-o-flamengo-por-thiago-mendes\/#article\",\"isPartOf\":{\"@id\":\"https:\/\/www.gaveanews.com\/index.php\/2022\/04\/27\/west-ham-entra-na-disputa-com-o-flamengo-por-thiago-mendes\/\"},\"author\":{\"name\":\"Equipe G\u00e1vea News\",\"@id\":\"https:\/\/www.gaveanews.com\/#\/schema\/person\/2ec14f73fb96be2caf28f91afb14749d\"},\"headline\":\"West Ham entra na disputa com o Flamengo por Thiago Mendes\",\"datePublished\":\"2022-04-27T04:04:35+00:00\",\"mainEntityOfPage\":{\"@id\":\"https:\/\/www.gaveanews.com\/index.php\/2022\/04\/27\/west-ham-entra-na-disputa-com-o-flamengo-por-thiago-mendes\/\"},\"wordCount\":334,\"commentCount\":0,\"image\":{\"@id\":\"https:\/\/www.gaveanews.com\/index.php\/2022\/04\/27\/west-ham-entra-na-disputa-com-o-flamengo-por-thiago-mendes\/#primaryimage\"},\"thumbnailUrl\":\"https:\/\/www.gaveanews.com\/wp-content\/uploads\/Thiago-Mendes-em-acao-durante-um-jogo-do-Lyon.webp\",\"articleSection\":[\"Negocia\u00e7\u00f5es\"],\"inLanguage\":\"pt-BR\",\"potentialAction\":[{\"@type\":\"CommentAction\",\"name\":\"Comment\",\"target\":[\"https:\/\/www.gaveanews.com\/index.php\/2022\/04\/27\/west-ham-entra-na-disputa-com-o-flamengo-por-thiago-mendes\/#respond\"]}],\"copyrightYear\":\"2022\",\"copyrightHolder\":{\"@id\":\"https:\/\/www.gaveanews.com\/#organization\"}},{\"@type\":\"WebPage\",\"@id\":\"https:\/\/www.gaveanews.com\/index.php\/2022\/04\/27\/west-ham-entra-na-disputa-com-o-flamengo-por-thiago-mendes\/\",\"url\":\"https:\/\/www.gaveanews.com\/index.php\/2022\/04\/27\/west-ham-entra-na-disputa-com-o-flamengo-por-thiago-mendes\/\",\"name\":\"West Ham entra na disputa com o Flamengo por Thiago Mendes\",\"isPartOf\":{\"@id\":\"https:\/\/www.gaveanews.com\/#website\"},\"primaryImageOfPage\":{\"@id\":\"https:\/\/www.gaveanews.com\/index.php\/2022\/04\/27\/west-ham-entra-na-disputa-com-o-flamengo-por-thiago-mendes\/#primaryimage\"},\"image\":{\"@id\":\"https:\/\/www.gaveanews.com\/index.php\/2022\/04\/27\/west-ham-entra-na-disputa-com-o-flamengo-por-thiago-mendes\/#primaryimage\"},\"thumbnailUrl\":\"https:\/\/www.gaveanews.com\/wp-content\/uploads\/Thiago-Mendes-em-acao-durante-um-jogo-do-Lyon.webp\",\"datePublished\":\"2022-04-27T04:04:35+00:00\",\"author\":{\"@id\":\"https:\/\/www.gaveanews.com\/#\/schema\/person\/2ec14f73fb96be2caf28f91afb14749d\"},\"breadcrumb\":{\"@id\":\"https:\/\/www.gaveanews.com\/index.php\/2022\/04\/27\/west-ham-entra-na-disputa-com-o-flamengo-por-thiago-mendes\/#breadcrumb\"},\"inLanguage\":\"pt-BR\",\"potentialAction\":[{\"@type\":\"ReadAction\",\"target\":[\"https:\/\/www.gaveanews.com\/index.php\/2022\/04\/27\/west-ham-entra-na-disputa-com-o-flamengo-por-thiago-mendes\/\"]}]},{\"@type\":\"ImageObject\",\"inLanguage\":\"pt-BR\",\"@id\":\"https:\/\/www.gaveanews.com\/index.php\/2022\/04\/27\/west-ham-entra-na-disputa-com-o-flamengo-por-thiago-mendes\/#primaryimage\",\"url\":\"https:\/\/www.gaveanews.com\/wp-content\/uploads\/Thiago-Mendes-em-acao-durante-um-jogo-do-Lyon.webp\",\"contentUrl\":\"https:\/\/www.gaveanews.com\/wp-content\/uploads\/Thiago-Mendes-em-acao-durante-um-jogo-do-Lyon.webp\",\"width\":1080,\"height\":1080,\"caption\":\"Thiago Mendes em a\u00e7\u00e3o durante um jogo do Lyon (Foto: Divulga\u00e7\u00e3o)\"},{\"@type\":\"BreadcrumbList\",\"@id\":\"https:\/\/www.gaveanews.com\/index.php\/2022\/04\/27\/west-ham-entra-na-disputa-com-o-flamengo-por-thiago-mendes\/#breadcrumb\",\"itemListElement\":[{\"@type\":\"ListItem\",\"position\":1,\"name\":\"Home\",\"item\":\"https:\/\/www.gaveanews.com\/\"},{\"@type\":\"ListItem\",\"position\":2,\"name\":\"West Ham entra na disputa com o Flamengo por Thiago Mendes\"}]},{\"@type\":\"WebSite\",\"@id\":\"https:\/\/www.gaveanews.com\/#website\",\"url\":\"https:\/\/www.gaveanews.com\/\",\"name\":\"G\u00e1vea News\",\"description\":\"Veja todas as not\u00edcias sobre o Flamengo: Contrata\u00e7\u00f5es, categorias de base, resultados das partidas, tabela de classifica\u00e7\u00e3o, pr\u00f3ximos jogos!\",\"potentialAction\":[{\"@type\":\"SearchAction\",\"target\":{\"@type\":\"EntryPoint\",\"urlTemplate\":\"https:\/\/www.gaveanews.com\/?s={search_term_string}\"},\"query-input\":{\"@type\":\"PropertyValueSpecification\",\"valueRequired\":true,\"valueName\":\"search_term_string\"}}],\"inLanguage\":\"pt-BR\"},{\"@type\":\"Person\",\"@id\":\"https:\/\/www.gaveanews.com\/#\/schema\/person\/2ec14f73fb96be2caf28f91afb14749d\",\"name\":\"Equipe G\u00e1vea News\",\"image\":{\"@type\":\"ImageObject\",\"inLanguage\":\"pt-BR\",\"@id\":\"https:\/\/www.gaveanews.com\/#\/schema\/person\/image\/\",\"url\":\"https:\/\/secure.gravatar.com\/avatar\/1e1956f1facbffd3f8fa53a326721950116b3b9dc9bd44939c01180fd4a745a9?s=96&d=mm&r=g\",\"contentUrl\":\"https:\/\/secure.gravatar.com\/avatar\/1e1956f1facbffd3f8fa53a326721950116b3b9dc9bd44939c01180fd4a745a9?s=96&d=mm&r=g\",\"caption\":\"Equipe G\u00e1vea News\"}}]}<\/script>\n<!-- \/ Yoast SEO Premium plugin. -->","yoast_head_json":{"title":"West Ham entra na disputa com o Flamengo por Thiago Mendes","robots":{"index":"index","follow":"follow","max-snippet":"max-snippet:-1","max-image-preview":"max-image-preview:large","max-video-preview":"max-video-preview:-1"},"canonical":"https:\/\/www.gaveanews.com\/index.php\/2022\/04\/27\/west-ham-entra-na-disputa-com-o-flamengo-por-thiago-mendes\/","og_locale":"pt_BR","og_type":"article","og_title":"West Ham entra na disputa com o Flamengo por Thiago Mendes","og_description":"O volante Thiago Mendes, alvo do Flamengo, atualmente no Lyon, da Fran\u00e7a, despertou interesse de outro clube em especial e a situa\u00e7\u00e3o vem preocupando o Flamengo que gostaria de contar com o atleta para a metade do ano. De acordo com o jornalista Jorge Nicola, em seu canal no Youtube, o West Ham, da Inglaterra, [&hellip;]","og_url":"https:\/\/www.gaveanews.com\/index.php\/2022\/04\/27\/west-ham-entra-na-disputa-com-o-flamengo-por-thiago-mendes\/","og_site_name":"G\u00e1vea News","article_publisher":"https:\/\/facebook.com\/gaveaNews\/","article_published_time":"2022-04-27T04:04:35+00:00","og_image":[{"width":1080,"height":1080,"url":"https:\/\/www.gaveanews.com\/wp-content\/uploads\/Thiago-Mendes-em-acao-durante-um-jogo-do-Lyon.webp","type":"image\/jpeg"}],"author":"Equipe G\u00e1vea News","twitter_card":"summary_large_image","twitter_misc":{"Escrito por":"Equipe G\u00e1vea News","Est. tempo de leitura":"2 minutos"},"schema":{"@context":"https:\/\/schema.org","@graph":[{"@type":"NewsArticle","@id":"https:\/\/www.gaveanews.com\/index.php\/2022\/04\/27\/west-ham-entra-na-disputa-com-o-flamengo-por-thiago-mendes\/#article","isPartOf":{"@id":"https:\/\/www.gaveanews.com\/index.php\/2022\/04\/27\/west-ham-entra-na-disputa-com-o-flamengo-por-thiago-mendes\/"},"author":{"name":"Equipe G\u00e1vea News","@id":"https:\/\/www.gaveanews.com\/#\/schema\/person\/2ec14f73fb96be2caf28f91afb14749d"},"headline":"West Ham entra na disputa com o Flamengo por Thiago Mendes","datePublished":"2022-04-27T04:04:35+00:00","mainEntityOfPage":{"@id":"https:\/\/www.gaveanews.com\/index.php\/2022\/04\/27\/west-ham-entra-na-disputa-com-o-flamengo-por-thiago-mendes\/"},"wordCount":334,"commentCount":0,"image":{"@id":"https:\/\/www.gaveanews.com\/index.php\/2022\/04\/27\/west-ham-entra-na-disputa-com-o-flamengo-por-thiago-mendes\/#primaryimage"},"thumbnailUrl":"https:\/\/www.gaveanews.com\/wp-content\/uploads\/Thiago-Mendes-em-acao-durante-um-jogo-do-Lyon.webp","articleSection":["Negocia\u00e7\u00f5es"],"inLanguage":"pt-BR","potentialAction":[{"@type":"CommentAction","name":"Comment","target":["https:\/\/www.gaveanews.com\/index.php\/2022\/04\/27\/west-ham-entra-na-disputa-com-o-flamengo-por-thiago-mendes\/#respond"]}],"copyrightYear":"2022","copyrightHolder":{"@id":"https:\/\/www.gaveanews.com\/#organization"}},{"@type":"WebPage","@id":"https:\/\/www.gaveanews.com\/index.php\/2022\/04\/27\/west-ham-entra-na-disputa-com-o-flamengo-por-thiago-mendes\/","url":"https:\/\/www.gaveanews.com\/index.php\/2022\/04\/27\/west-ham-entra-na-disputa-com-o-flamengo-por-thiago-mendes\/","name":"West Ham entra na disputa com o Flamengo por Thiago Mendes","isPartOf":{"@id":"https:\/\/www.gaveanews.com\/#website"},"primaryImageOfPage":{"@id":"https:\/\/www.gaveanews.com\/index.php\/2022\/04\/27\/west-ham-entra-na-disputa-com-o-flamengo-por-thiago-mendes\/#primaryimage"},"image":{"@id":"https:\/\/www.gaveanews.com\/index.php\/2022\/04\/27\/west-ham-entra-na-disputa-com-o-flamengo-por-thiago-mendes\/#primaryimage"},"thumbnailUrl":"https:\/\/www.gaveanews.com\/wp-content\/uploads\/Thiago-Mendes-em-acao-durante-um-jogo-do-Lyon.webp","datePublished":"2022-04-27T04:04:35+00:00","author":{"@id":"https:\/\/www.gaveanews.com\/#\/schema\/person\/2ec14f73fb96be2caf28f91afb14749d"},"breadcrumb":{"@id":"https:\/\/www.gaveanews.com\/index.php\/2022\/04\/27\/west-ham-entra-na-disputa-com-o-flamengo-por-thiago-mendes\/#breadcrumb"},"inLanguage":"pt-BR","potentialAction":[{"@type":"ReadAction","target":["https:\/\/www.gaveanews.com\/index.php\/2022\/04\/27\/west-ham-entra-na-disputa-com-o-flamengo-por-thiago-mendes\/"]}]},{"@type":"ImageObject","inLanguage":"pt-BR","@id":"https:\/\/www.gaveanews.com\/index.php\/2022\/04\/27\/west-ham-entra-na-disputa-com-o-flamengo-por-thiago-mendes\/#primaryimage","url":"https:\/\/www.gaveanews.com\/wp-content\/uploads\/Thiago-Mendes-em-acao-durante-um-jogo-do-Lyon.webp","contentUrl":"https:\/\/www.gaveanews.com\/wp-content\/uploads\/Thiago-Mendes-em-acao-durante-um-jogo-do-Lyon.webp","width":1080,"height":1080,"caption":"Thiago Mendes em a\u00e7\u00e3o durante um jogo do Lyon (Foto: Divulga\u00e7\u00e3o)"},{"@type":"BreadcrumbList","@id":"https:\/\/www.gaveanews.com\/index.php\/2022\/04\/27\/west-ham-entra-na-disputa-com-o-flamengo-por-thiago-mendes\/#breadcrumb","itemListElement":[{"@type":"ListItem","position":1,"name":"Home","item":"https:\/\/www.gaveanews.com\/"},{"@type":"ListItem","position":2,"name":"West Ham entra na disputa com o Flamengo por Thiago Mendes"}]},{"@type":"WebSite","@id":"https:\/\/www.gaveanews.com\/#website","url":"https:\/\/www.gaveanews.com\/","name":"G\u00e1vea News","description":"Veja todas as not\u00edcias sobre o Flamengo: Contrata\u00e7\u00f5es, categorias de base, resultados das partidas, tabela de classifica\u00e7\u00e3o, pr\u00f3ximos jogos!","potentialAction":[{"@type":"SearchAction","target":{"@type":"EntryPoint","urlTemplate":"https:\/\/www.gaveanews.com\/?s={search_term_string}"},"query-input":{"@type":"PropertyValueSpecification","valueRequired":true,"valueName":"search_term_string"}}],"inLanguage":"pt-BR"},{"@type":"Person","@id":"https:\/\/www.gaveanews.com\/#\/schema\/person\/2ec14f73fb96be2caf28f91afb14749d","name":"Equipe G\u00e1vea News","image":{"@type":"ImageObject","inLanguage":"pt-BR","@id":"https:\/\/www.gaveanews.com\/#\/schema\/person\/image\/","url":"https:\/\/secure.gravatar.com\/avatar\/1e1956f1facbffd3f8fa53a326721950116b3b9dc9bd44939c01180fd4a745a9?s=96&d=mm&r=g","contentUrl":"https:\/\/secure.gravatar.com\/avatar\/1e1956f1facbffd3f8fa53a326721950116b3b9dc9bd44939c01180fd4a745a9?s=96&d=mm&r=g","caption":"Equipe G\u00e1vea News"}}]}},"_links":{"self":[{"href":"https:\/\/www.gaveanews.com\/index.php\/wp-json\/wp\/v2\/posts\/80697","targetHints":{"allow":["GET"]}}],"collection":[{"href":"https:\/\/www.gaveanews.com\/index.php\/wp-json\/wp\/v2\/posts"}],"about":[{"href":"https:\/\/www.gaveanews.com\/index.php\/wp-json\/wp\/v2\/types\/post"}],"author":[{"embeddable":true,"href":"https:\/\/www.gaveanews.com\/index.php\/wp-json\/wp\/v2\/users\/1"}],"replies":[{"embeddable":true,"href":"https:\/\/www.gaveanews.com\/index.php\/wp-json\/wp\/v2\/comments?post=80697"}],"version-history":[{"count":0,"href":"https:\/\/www.gaveanews.com\/index.php\/wp-json\/wp\/v2\/posts\/80697\/revisions"}],"wp:featuredmedia":[{"embeddable":true,"href":"https:\/\/www.gaveanews.com\/index.php\/wp-json\/wp\/v2\/media\/63968"}],"wp:attachment":[{"href":"https:\/\/www.gaveanews.com\/index.php\/wp-json\/wp\/v2\/media?parent=80697"}],"wp:term":[{"taxonomy":"category","embeddable":true,"href":"https:\/\/www.gaveanews.com\/index.php\/wp-json\/wp\/v2\/categories?post=80697"},{"taxonomy":"post_tag","embeddable":true,"href":"https:\/\/www.gaveanews.com\/index.php\/wp-json\/wp\/v2\/tags?post=80697"}],"curies":[{"name":"wp","href":"https:\/\/api.w.org\/{rel}","templated":true}]}}