{"id":80712,"date":"2022-04-27T13:19:46","date_gmt":"2022-04-27T16:19:46","guid":{"rendered":"https:\/\/www.gaveanews.com\/?p=80712"},"modified":"2022-04-27T13:19:46","modified_gmt":"2022-04-27T16:19:46","slug":"cbf-confirma-amistoso-da-selecao-em-junho-flamengo-pode-ter-desfalques","status":"publish","type":"post","link":"https:\/\/www.gaveanews.com\/index.php\/2022\/04\/27\/cbf-confirma-amistoso-da-selecao-em-junho-flamengo-pode-ter-desfalques\/","title":{"rendered":"CBF confirma amistoso da sele\u00e7\u00e3o em junho; Flamengo pode ter desfalques"},"content":{"rendered":"<p>As Eliminat\u00f3rias Sul-Americanas terminaram h\u00e1 poucos tempo, mas a sele\u00e7\u00e3o brasileira ainda ter\u00e1 outros compromissos antes da Copa do Mundo. Cumprindo o que havia sugerido anteriormente, a CBF confirmou um amistoso da Canarinho em junho.<\/p>\n<p>Como os brasileiros estavam &#8220;sobrando&#8221; nas eliminat\u00f3rias, a entidade afirmou que iria atr\u00e1s de jogos contra pa\u00edses fora da Am\u00e9rica do Sul para preparar a sele\u00e7\u00e3o para os confrontos do mundial. O advers\u00e1rio confirmado \u00e9 o Jap\u00e3o, que receber\u00e1 a delega\u00e7\u00e3o do Brasil no dia 06 de junho no Est\u00e1dio Nacional de T\u00f3quio.<\/p>\n<p>O pontap\u00e9 inicial acontecer\u00e1 \u00e0s 19h20 no hor\u00e1rio local, 7h20 no hor\u00e1rio de Bras\u00edlia. A data n\u00e3o ser\u00e1 problema para os atletas que atuam na Europa, j\u00e1 que a temporada termina no meio do ano.<\/p>\n<p>Para aqueles que atuam no Brasil a hist\u00f3ria j\u00e1 \u00e9 outra. Em rela\u00e7\u00e3o \u00e0s copas n\u00e3o haver\u00e1 conflito de datas, pois as oitavas de final de ambos os torneios acontecer\u00e3o somente nas \u00faltimas semanas de junho. Sendo assim, os desfalques afetariam apenas os jogos do Campeonato Brasileiro.<\/p>\n<p>No Flamengo, algumas baixas poder\u00e3o acontecer. Everton Ribeiro e Gabigol costumam ser convocados por Tite para os jogos da sele\u00e7\u00e3o. O t\u00e9cnico ainda pode optar por selecionar outros nomes como Rodrigo Caio e Pedro, que tamb\u00e9m j\u00e1 estiveram nas listas finais da sele\u00e7\u00e3o.<\/p>\n<p>Vale lembrar que o zagueiro ainda n\u00e3o entrou em campo neste ano. Ele est\u00e1 de fora dos compromissos do Mais Querido desde dezembro do ano passado, quando foi submetido por artroscopia no joelho. Mas \u00e9 importante salientar que o defensor finalizou a \u00faltima etapa do processo de recupera\u00e7\u00e3o e pode estrear na temporada em breve.<\/p>\n<p>Rodrigo Caio, inclusive, tem chances de ser relacionado para o jogo contra a Universidad Cat\u00f3lica desta quinta-feira (28). A delega\u00e7\u00e3o rubro-negra viaja nesta quarta para o Chile para visitar os donos da casa \u00e0s 19h (de Bras\u00edlia) de amanh\u00e3.<\/p>\n","protected":false},"excerpt":{"rendered":"<p>As Eliminat\u00f3rias Sul-Americanas terminaram h\u00e1 poucos tempo, mas a sele\u00e7\u00e3o brasileira ainda ter\u00e1 outros compromissos antes da Copa do Mundo. Cumprindo o que havia sugerido anteriormente, a CBF confirmou um amistoso da Canarinho em junho. Como os brasileiros estavam &#8220;sobrando&#8221; nas eliminat\u00f3rias, a entidade afirmou que iria atr\u00e1s de jogos contra pa\u00edses fora da Am\u00e9rica [&hellip;]<\/p>\n","protected":false},"author":4,"featured_media":63079,"comment_status":"open","ping_status":"closed","sticky":false,"template":"","format":"standard","meta":{"footnotes":""},"categories":[1],"tags":[],"class_list":["post-80712","post","type-post","status-publish","format-standard","has-post-thumbnail","hentry","category-flamengo"],"yoast_head":"<!-- This site is optimized with the Yoast SEO Premium plugin v24.2 (Yoast SEO v26.9) - https:\/\/yoast.com\/product\/yoast-seo-premium-wordpress\/ -->\n<title>CBF confirma amistoso da sele\u00e7\u00e3o em junho; Flamengo pode ter desfalques<\/title>\n<meta name=\"robots\" content=\"index, follow, max-snippet:-1, max-image-preview:large, max-video-preview:-1\" \/>\n<link rel=\"canonical\" href=\"https:\/\/www.gaveanews.com\/index.php\/2022\/04\/27\/cbf-confirma-amistoso-da-selecao-em-junho-flamengo-pode-ter-desfalques\/\" \/>\n<meta property=\"og:locale\" content=\"pt_BR\" \/>\n<meta property=\"og:type\" content=\"article\" \/>\n<meta property=\"og:title\" content=\"CBF confirma amistoso da sele\u00e7\u00e3o em junho; Flamengo pode ter desfalques\" \/>\n<meta property=\"og:description\" content=\"As Eliminat\u00f3rias Sul-Americanas terminaram h\u00e1 poucos tempo, mas a sele\u00e7\u00e3o brasileira ainda ter\u00e1 outros compromissos antes da Copa do Mundo. Cumprindo o que havia sugerido anteriormente, a CBF confirmou um amistoso da Canarinho em junho. Como os brasileiros estavam &#8220;sobrando&#8221; nas eliminat\u00f3rias, a entidade afirmou que iria atr\u00e1s de jogos contra pa\u00edses fora da Am\u00e9rica [&hellip;]\" \/>\n<meta property=\"og:url\" content=\"https:\/\/www.gaveanews.com\/index.php\/2022\/04\/27\/cbf-confirma-amistoso-da-selecao-em-junho-flamengo-pode-ter-desfalques\/\" \/>\n<meta property=\"og:site_name\" content=\"G\u00e1vea News\" \/>\n<meta property=\"article:publisher\" content=\"https:\/\/facebook.com\/gaveaNews\/\" \/>\n<meta property=\"article:published_time\" content=\"2022-04-27T16:19:46+00:00\" \/>\n<meta property=\"og:image\" content=\"https:\/\/www.gaveanews.com\/wp-content\/uploads\/Gabigol-comemorando-gol-marcado-pela-Selecao-Brasileira-na-Copa-America.webp\" \/>\n\t<meta property=\"og:image:width\" content=\"640\" \/>\n\t<meta property=\"og:image:height\" content=\"400\" \/>\n\t<meta property=\"og:image:type\" content=\"image\/png\" \/>\n<meta name=\"author\" content=\"Let\u00edcia Gerheim\" \/>\n<meta name=\"twitter:card\" content=\"summary_large_image\" \/>\n<meta name=\"twitter:label1\" content=\"Escrito por\" \/>\n\t<meta name=\"twitter:data1\" content=\"Let\u00edcia Gerheim\" \/>\n\t<meta name=\"twitter:label2\" content=\"Est. tempo de leitura\" \/>\n\t<meta name=\"twitter:data2\" content=\"2 minutos\" \/>\n<script type=\"application\/ld+json\" class=\"yoast-schema-graph\">{\"@context\":\"https:\/\/schema.org\",\"@graph\":[{\"@type\":\"NewsArticle\",\"@id\":\"https:\/\/www.gaveanews.com\/index.php\/2022\/04\/27\/cbf-confirma-amistoso-da-selecao-em-junho-flamengo-pode-ter-desfalques\/#article\",\"isPartOf\":{\"@id\":\"https:\/\/www.gaveanews.com\/index.php\/2022\/04\/27\/cbf-confirma-amistoso-da-selecao-em-junho-flamengo-pode-ter-desfalques\/\"},\"author\":{\"name\":\"Let\u00edcia Gerheim\",\"@id\":\"https:\/\/www.gaveanews.com\/#\/schema\/person\/714c67050b836198af2450ba1c142a67\"},\"headline\":\"CBF confirma amistoso da sele\u00e7\u00e3o em junho; Flamengo pode ter desfalques\",\"datePublished\":\"2022-04-27T16:19:46+00:00\",\"mainEntityOfPage\":{\"@id\":\"https:\/\/www.gaveanews.com\/index.php\/2022\/04\/27\/cbf-confirma-amistoso-da-selecao-em-junho-flamengo-pode-ter-desfalques\/\"},\"wordCount\":344,\"commentCount\":0,\"image\":{\"@id\":\"https:\/\/www.gaveanews.com\/index.php\/2022\/04\/27\/cbf-confirma-amistoso-da-selecao-em-junho-flamengo-pode-ter-desfalques\/#primaryimage\"},\"thumbnailUrl\":\"https:\/\/www.gaveanews.com\/wp-content\/uploads\/Gabigol-comemorando-gol-marcado-pela-Selecao-Brasileira-na-Copa-America.webp\",\"articleSection\":[\"Flamengo\"],\"inLanguage\":\"pt-BR\",\"potentialAction\":[{\"@type\":\"CommentAction\",\"name\":\"Comment\",\"target\":[\"https:\/\/www.gaveanews.com\/index.php\/2022\/04\/27\/cbf-confirma-amistoso-da-selecao-em-junho-flamengo-pode-ter-desfalques\/#respond\"]}],\"copyrightYear\":\"2022\",\"copyrightHolder\":{\"@id\":\"https:\/\/www.gaveanews.com\/#organization\"}},{\"@type\":\"WebPage\",\"@id\":\"https:\/\/www.gaveanews.com\/index.php\/2022\/04\/27\/cbf-confirma-amistoso-da-selecao-em-junho-flamengo-pode-ter-desfalques\/\",\"url\":\"https:\/\/www.gaveanews.com\/index.php\/2022\/04\/27\/cbf-confirma-amistoso-da-selecao-em-junho-flamengo-pode-ter-desfalques\/\",\"name\":\"CBF confirma amistoso da sele\u00e7\u00e3o em junho; Flamengo pode ter desfalques\",\"isPartOf\":{\"@id\":\"https:\/\/www.gaveanews.com\/#website\"},\"primaryImageOfPage\":{\"@id\":\"https:\/\/www.gaveanews.com\/index.php\/2022\/04\/27\/cbf-confirma-amistoso-da-selecao-em-junho-flamengo-pode-ter-desfalques\/#primaryimage\"},\"image\":{\"@id\":\"https:\/\/www.gaveanews.com\/index.php\/2022\/04\/27\/cbf-confirma-amistoso-da-selecao-em-junho-flamengo-pode-ter-desfalques\/#primaryimage\"},\"thumbnailUrl\":\"https:\/\/www.gaveanews.com\/wp-content\/uploads\/Gabigol-comemorando-gol-marcado-pela-Selecao-Brasileira-na-Copa-America.webp\",\"datePublished\":\"2022-04-27T16:19:46+00:00\",\"author\":{\"@id\":\"https:\/\/www.gaveanews.com\/#\/schema\/person\/714c67050b836198af2450ba1c142a67\"},\"breadcrumb\":{\"@id\":\"https:\/\/www.gaveanews.com\/index.php\/2022\/04\/27\/cbf-confirma-amistoso-da-selecao-em-junho-flamengo-pode-ter-desfalques\/#breadcrumb\"},\"inLanguage\":\"pt-BR\",\"potentialAction\":[{\"@type\":\"ReadAction\",\"target\":[\"https:\/\/www.gaveanews.com\/index.php\/2022\/04\/27\/cbf-confirma-amistoso-da-selecao-em-junho-flamengo-pode-ter-desfalques\/\"]}]},{\"@type\":\"ImageObject\",\"inLanguage\":\"pt-BR\",\"@id\":\"https:\/\/www.gaveanews.com\/index.php\/2022\/04\/27\/cbf-confirma-amistoso-da-selecao-em-junho-flamengo-pode-ter-desfalques\/#primaryimage\",\"url\":\"https:\/\/www.gaveanews.com\/wp-content\/uploads\/Gabigol-comemorando-gol-marcado-pela-Selecao-Brasileira-na-Copa-America.webp\",\"contentUrl\":\"https:\/\/www.gaveanews.com\/wp-content\/uploads\/Gabigol-comemorando-gol-marcado-pela-Selecao-Brasileira-na-Copa-America.webp\",\"width\":640,\"height\":400,\"caption\":\"Gabigol comemorando gol marcado pela Sele\u00e7\u00e3o Brasileira na Copa Am\u00e9rica (Foto: Reprodu\u00e7\u00e3o\/CBF)\"},{\"@type\":\"BreadcrumbList\",\"@id\":\"https:\/\/www.gaveanews.com\/index.php\/2022\/04\/27\/cbf-confirma-amistoso-da-selecao-em-junho-flamengo-pode-ter-desfalques\/#breadcrumb\",\"itemListElement\":[{\"@type\":\"ListItem\",\"position\":1,\"name\":\"Home\",\"item\":\"https:\/\/www.gaveanews.com\/\"},{\"@type\":\"ListItem\",\"position\":2,\"name\":\"CBF confirma amistoso da sele\u00e7\u00e3o em junho; Flamengo pode ter desfalques\"}]},{\"@type\":\"WebSite\",\"@id\":\"https:\/\/www.gaveanews.com\/#website\",\"url\":\"https:\/\/www.gaveanews.com\/\",\"name\":\"G\u00e1vea News\",\"description\":\"Veja todas as not\u00edcias sobre o Flamengo: Contrata\u00e7\u00f5es, categorias de base, resultados das partidas, tabela de classifica\u00e7\u00e3o, pr\u00f3ximos jogos!\",\"potentialAction\":[{\"@type\":\"SearchAction\",\"target\":{\"@type\":\"EntryPoint\",\"urlTemplate\":\"https:\/\/www.gaveanews.com\/?s={search_term_string}\"},\"query-input\":{\"@type\":\"PropertyValueSpecification\",\"valueRequired\":true,\"valueName\":\"search_term_string\"}}],\"inLanguage\":\"pt-BR\"},{\"@type\":\"Person\",\"@id\":\"https:\/\/www.gaveanews.com\/#\/schema\/person\/714c67050b836198af2450ba1c142a67\",\"name\":\"Let\u00edcia Gerheim\",\"image\":{\"@type\":\"ImageObject\",\"inLanguage\":\"pt-BR\",\"@id\":\"https:\/\/www.gaveanews.com\/#\/schema\/person\/image\/\",\"url\":\"https:\/\/secure.gravatar.com\/avatar\/60734739c50fcebfbac509e2a826ccd0ff405c019bc73aab9354f19ecad1dcb4?s=96&d=mm&r=g\",\"contentUrl\":\"https:\/\/secure.gravatar.com\/avatar\/60734739c50fcebfbac509e2a826ccd0ff405c019bc73aab9354f19ecad1dcb4?s=96&d=mm&r=g\",\"caption\":\"Let\u00edcia Gerheim\"}}]}<\/script>\n<!-- \/ Yoast SEO Premium plugin. -->","yoast_head_json":{"title":"CBF confirma amistoso da sele\u00e7\u00e3o em junho; Flamengo pode ter desfalques","robots":{"index":"index","follow":"follow","max-snippet":"max-snippet:-1","max-image-preview":"max-image-preview:large","max-video-preview":"max-video-preview:-1"},"canonical":"https:\/\/www.gaveanews.com\/index.php\/2022\/04\/27\/cbf-confirma-amistoso-da-selecao-em-junho-flamengo-pode-ter-desfalques\/","og_locale":"pt_BR","og_type":"article","og_title":"CBF confirma amistoso da sele\u00e7\u00e3o em junho; Flamengo pode ter desfalques","og_description":"As Eliminat\u00f3rias Sul-Americanas terminaram h\u00e1 poucos tempo, mas a sele\u00e7\u00e3o brasileira ainda ter\u00e1 outros compromissos antes da Copa do Mundo. Cumprindo o que havia sugerido anteriormente, a CBF confirmou um amistoso da Canarinho em junho. Como os brasileiros estavam &#8220;sobrando&#8221; nas eliminat\u00f3rias, a entidade afirmou que iria atr\u00e1s de jogos contra pa\u00edses fora da Am\u00e9rica [&hellip;]","og_url":"https:\/\/www.gaveanews.com\/index.php\/2022\/04\/27\/cbf-confirma-amistoso-da-selecao-em-junho-flamengo-pode-ter-desfalques\/","og_site_name":"G\u00e1vea News","article_publisher":"https:\/\/facebook.com\/gaveaNews\/","article_published_time":"2022-04-27T16:19:46+00:00","og_image":[{"width":640,"height":400,"url":"https:\/\/www.gaveanews.com\/wp-content\/uploads\/Gabigol-comemorando-gol-marcado-pela-Selecao-Brasileira-na-Copa-America.webp","type":"image\/png"}],"author":"Let\u00edcia Gerheim","twitter_card":"summary_large_image","twitter_misc":{"Escrito por":"Let\u00edcia Gerheim","Est. tempo de leitura":"2 minutos"},"schema":{"@context":"https:\/\/schema.org","@graph":[{"@type":"NewsArticle","@id":"https:\/\/www.gaveanews.com\/index.php\/2022\/04\/27\/cbf-confirma-amistoso-da-selecao-em-junho-flamengo-pode-ter-desfalques\/#article","isPartOf":{"@id":"https:\/\/www.gaveanews.com\/index.php\/2022\/04\/27\/cbf-confirma-amistoso-da-selecao-em-junho-flamengo-pode-ter-desfalques\/"},"author":{"name":"Let\u00edcia Gerheim","@id":"https:\/\/www.gaveanews.com\/#\/schema\/person\/714c67050b836198af2450ba1c142a67"},"headline":"CBF confirma amistoso da sele\u00e7\u00e3o em junho; Flamengo pode ter desfalques","datePublished":"2022-04-27T16:19:46+00:00","mainEntityOfPage":{"@id":"https:\/\/www.gaveanews.com\/index.php\/2022\/04\/27\/cbf-confirma-amistoso-da-selecao-em-junho-flamengo-pode-ter-desfalques\/"},"wordCount":344,"commentCount":0,"image":{"@id":"https:\/\/www.gaveanews.com\/index.php\/2022\/04\/27\/cbf-confirma-amistoso-da-selecao-em-junho-flamengo-pode-ter-desfalques\/#primaryimage"},"thumbnailUrl":"https:\/\/www.gaveanews.com\/wp-content\/uploads\/Gabigol-comemorando-gol-marcado-pela-Selecao-Brasileira-na-Copa-America.webp","articleSection":["Flamengo"],"inLanguage":"pt-BR","potentialAction":[{"@type":"CommentAction","name":"Comment","target":["https:\/\/www.gaveanews.com\/index.php\/2022\/04\/27\/cbf-confirma-amistoso-da-selecao-em-junho-flamengo-pode-ter-desfalques\/#respond"]}],"copyrightYear":"2022","copyrightHolder":{"@id":"https:\/\/www.gaveanews.com\/#organization"}},{"@type":"WebPage","@id":"https:\/\/www.gaveanews.com\/index.php\/2022\/04\/27\/cbf-confirma-amistoso-da-selecao-em-junho-flamengo-pode-ter-desfalques\/","url":"https:\/\/www.gaveanews.com\/index.php\/2022\/04\/27\/cbf-confirma-amistoso-da-selecao-em-junho-flamengo-pode-ter-desfalques\/","name":"CBF confirma amistoso da sele\u00e7\u00e3o em junho; Flamengo pode ter desfalques","isPartOf":{"@id":"https:\/\/www.gaveanews.com\/#website"},"primaryImageOfPage":{"@id":"https:\/\/www.gaveanews.com\/index.php\/2022\/04\/27\/cbf-confirma-amistoso-da-selecao-em-junho-flamengo-pode-ter-desfalques\/#primaryimage"},"image":{"@id":"https:\/\/www.gaveanews.com\/index.php\/2022\/04\/27\/cbf-confirma-amistoso-da-selecao-em-junho-flamengo-pode-ter-desfalques\/#primaryimage"},"thumbnailUrl":"https:\/\/www.gaveanews.com\/wp-content\/uploads\/Gabigol-comemorando-gol-marcado-pela-Selecao-Brasileira-na-Copa-America.webp","datePublished":"2022-04-27T16:19:46+00:00","author":{"@id":"https:\/\/www.gaveanews.com\/#\/schema\/person\/714c67050b836198af2450ba1c142a67"},"breadcrumb":{"@id":"https:\/\/www.gaveanews.com\/index.php\/2022\/04\/27\/cbf-confirma-amistoso-da-selecao-em-junho-flamengo-pode-ter-desfalques\/#breadcrumb"},"inLanguage":"pt-BR","potentialAction":[{"@type":"ReadAction","target":["https:\/\/www.gaveanews.com\/index.php\/2022\/04\/27\/cbf-confirma-amistoso-da-selecao-em-junho-flamengo-pode-ter-desfalques\/"]}]},{"@type":"ImageObject","inLanguage":"pt-BR","@id":"https:\/\/www.gaveanews.com\/index.php\/2022\/04\/27\/cbf-confirma-amistoso-da-selecao-em-junho-flamengo-pode-ter-desfalques\/#primaryimage","url":"https:\/\/www.gaveanews.com\/wp-content\/uploads\/Gabigol-comemorando-gol-marcado-pela-Selecao-Brasileira-na-Copa-America.webp","contentUrl":"https:\/\/www.gaveanews.com\/wp-content\/uploads\/Gabigol-comemorando-gol-marcado-pela-Selecao-Brasileira-na-Copa-America.webp","width":640,"height":400,"caption":"Gabigol comemorando gol marcado pela Sele\u00e7\u00e3o Brasileira na Copa Am\u00e9rica (Foto: Reprodu\u00e7\u00e3o\/CBF)"},{"@type":"BreadcrumbList","@id":"https:\/\/www.gaveanews.com\/index.php\/2022\/04\/27\/cbf-confirma-amistoso-da-selecao-em-junho-flamengo-pode-ter-desfalques\/#breadcrumb","itemListElement":[{"@type":"ListItem","position":1,"name":"Home","item":"https:\/\/www.gaveanews.com\/"},{"@type":"ListItem","position":2,"name":"CBF confirma amistoso da sele\u00e7\u00e3o em junho; Flamengo pode ter desfalques"}]},{"@type":"WebSite","@id":"https:\/\/www.gaveanews.com\/#website","url":"https:\/\/www.gaveanews.com\/","name":"G\u00e1vea News","description":"Veja todas as not\u00edcias sobre o Flamengo: Contrata\u00e7\u00f5es, categorias de base, resultados das partidas, tabela de classifica\u00e7\u00e3o, pr\u00f3ximos jogos!","potentialAction":[{"@type":"SearchAction","target":{"@type":"EntryPoint","urlTemplate":"https:\/\/www.gaveanews.com\/?s={search_term_string}"},"query-input":{"@type":"PropertyValueSpecification","valueRequired":true,"valueName":"search_term_string"}}],"inLanguage":"pt-BR"},{"@type":"Person","@id":"https:\/\/www.gaveanews.com\/#\/schema\/person\/714c67050b836198af2450ba1c142a67","name":"Let\u00edcia Gerheim","image":{"@type":"ImageObject","inLanguage":"pt-BR","@id":"https:\/\/www.gaveanews.com\/#\/schema\/person\/image\/","url":"https:\/\/secure.gravatar.com\/avatar\/60734739c50fcebfbac509e2a826ccd0ff405c019bc73aab9354f19ecad1dcb4?s=96&d=mm&r=g","contentUrl":"https:\/\/secure.gravatar.com\/avatar\/60734739c50fcebfbac509e2a826ccd0ff405c019bc73aab9354f19ecad1dcb4?s=96&d=mm&r=g","caption":"Let\u00edcia Gerheim"}}]}},"_links":{"self":[{"href":"https:\/\/www.gaveanews.com\/index.php\/wp-json\/wp\/v2\/posts\/80712","targetHints":{"allow":["GET"]}}],"collection":[{"href":"https:\/\/www.gaveanews.com\/index.php\/wp-json\/wp\/v2\/posts"}],"about":[{"href":"https:\/\/www.gaveanews.com\/index.php\/wp-json\/wp\/v2\/types\/post"}],"author":[{"embeddable":true,"href":"https:\/\/www.gaveanews.com\/index.php\/wp-json\/wp\/v2\/users\/4"}],"replies":[{"embeddable":true,"href":"https:\/\/www.gaveanews.com\/index.php\/wp-json\/wp\/v2\/comments?post=80712"}],"version-history":[{"count":0,"href":"https:\/\/www.gaveanews.com\/index.php\/wp-json\/wp\/v2\/posts\/80712\/revisions"}],"wp:featuredmedia":[{"embeddable":true,"href":"https:\/\/www.gaveanews.com\/index.php\/wp-json\/wp\/v2\/media\/63079"}],"wp:attachment":[{"href":"https:\/\/www.gaveanews.com\/index.php\/wp-json\/wp\/v2\/media?parent=80712"}],"wp:term":[{"taxonomy":"category","embeddable":true,"href":"https:\/\/www.gaveanews.com\/index.php\/wp-json\/wp\/v2\/categories?post=80712"},{"taxonomy":"post_tag","embeddable":true,"href":"https:\/\/www.gaveanews.com\/index.php\/wp-json\/wp\/v2\/tags?post=80712"}],"curies":[{"name":"wp","href":"https:\/\/api.w.org\/{rel}","templated":true}]}}