{"id":80721,"date":"2022-04-27T15:52:39","date_gmt":"2022-04-27T18:52:39","guid":{"rendered":"https:\/\/www.gaveanews.com\/?p=80721"},"modified":"2022-04-27T15:52:39","modified_gmt":"2022-04-27T18:52:39","slug":"presidente-do-altos-se-manifesta-sobre-preco-dos-ingressos-contra-o-flamengo","status":"publish","type":"post","link":"https:\/\/www.gaveanews.com\/index.php\/2022\/04\/27\/presidente-do-altos-se-manifesta-sobre-preco-dos-ingressos-contra-o-flamengo\/","title":{"rendered":"Presidente do Altos se manifesta sobre pre\u00e7o dos ingressos contra o Flamengo"},"content":{"rendered":"<p>O Flamengo estreia na Copa do Brasil neste final de semana. A equipe inverteu a ordem de suas partidas e enfrenta o Altos pela terceira fase da competi\u00e7\u00e3o no domingo (01).<\/p>\n<p>Os torcedores rubro-negros piauienses comemoraram muito a defini\u00e7\u00e3o do confronto, pois poder\u00e3o assistir seu time de cora\u00e7\u00e3o bem de pertinho. A log\u00edstica da compra e o pre\u00e7o dos ingressos, no entanto, n\u00e3o agradaram os flamenguistas.<\/p>\n<p>Isso porque a tabela de pre\u00e7os das entradas est\u00e1 um tanto salgada para o p\u00fablico. Os valores v\u00e3o de R$ 75 (meia-entrada) at\u00e9 R$ 300 dependendo do setor.<\/p>\n<ul>\n<li><a href=\"https:\/\/www.gaveanews.com\/index.php\/2022\/04\/26\/torcedores-enfrentam-longa-fila-e-pagam-caro-para-ver-jogo-do-flamengo-no-piaui\/\">Torcedores enfrentam fila e pagam caro para ver jogo do Flamengo no Piau\u00ed.<\/a><\/li>\n<\/ul>\n<p>A defini\u00e7\u00e3o dos pre\u00e7os foi explicada pelo presidente do Altos, Warton Lacerda. O dirigente, que estava esperando a libera\u00e7\u00e3o de 40 mil pessoas no est\u00e1dio, contou que fez ajustes nos ingressos para o n\u00famero reduzido de entradas visando fazer caixa para o clube, que n\u00e3o possui patrocinadores.<\/p>\n<p><em><strong>\u2014 O Altos vive de cotas e de bilheterias. O Altos n\u00e3o tem patroc\u00ednio. Estamos jogando uma Copa do Brasil, uma Copa do Nordeste, um Campeonato Piauiense sem ter um patrocinador, apenas o Governo do Estado. Para um jogo pontual, como este com o Flamengo, chove patrocinador, e eu tenho que fechar. <\/strong><\/em><\/p>\n<p><em><strong>\u2014 Passou o jogo contra o Flamengo, vai ficar s\u00f3 o Altos e o presidente enfrentando os desafios, e todo mundo vai para sua casa. Esperava que fosse uma capacidade um pouco maior, infelizmente n\u00e3o veio. S\u00f3 s\u00e3o esses 25 mil ingressos. N\u00e3o existe possibilidade de aumentar, mas estou trabalhando para vender os 25 mil ingressos para os piauienses.<\/strong><\/em><\/p>\n<p>A partida em quest\u00e3o ocorrer\u00e1 \u00e0s 18h (hor\u00e1rio de Bras\u00edlia) de domingo (01), no Est\u00e1dio Albert\u00e3o. Antes disso, o Flamengo vai ao Chile para enfrentar a Universidad Cat\u00f3lica pela 3\u00aa rodada da fase de grupos da Libertadores.<\/p>\n<p>O confronto contra os chilenos ocorrer\u00e1 nesta quinta-feira (28), \u00e0s 19h (de Bras\u00edlia), no San Carlos de Apoquindo, em Santiago.<\/p>\n<ul>\n<li><a href=\"https:\/\/www.gaveanews.com\/index.php\/2022\/04\/26\/proximo-jogo-do-flamengo-na-libertadores-nao-sera-transmitido-por-nenhuma-emissora-de-tv-veja-detalhes\/\">Saiba onde assistir Universidad Cat\u00f3lica x Flamengo.<\/a><\/li>\n<li><a href=\"https:\/\/www.gaveanews.com\/index.php\/2022\/04\/27\/flamengo-define-lista-de-relacionados-para-jogo-contra-a-universidad-catolica\/\">Com novidades, Flamengo divulga lista de relacionados para jogo contra a Universidad Cat\u00f3lica.<\/a><\/li>\n<\/ul>\n","protected":false},"excerpt":{"rendered":"<p>O Flamengo estreia na Copa do Brasil neste final de semana. A equipe inverteu a ordem de suas partidas e enfrenta o Altos pela terceira fase da competi\u00e7\u00e3o no domingo (01). Os torcedores rubro-negros piauienses comemoraram muito a defini\u00e7\u00e3o do confronto, pois poder\u00e3o assistir seu time de cora\u00e7\u00e3o bem de pertinho. A log\u00edstica da compra [&hellip;]<\/p>\n","protected":false},"author":4,"featured_media":80605,"comment_status":"open","ping_status":"closed","sticky":false,"template":"","format":"standard","meta":{"footnotes":""},"categories":[1],"tags":[],"class_list":["post-80721","post","type-post","status-publish","format-standard","has-post-thumbnail","hentry","category-flamengo"],"yoast_head":"<!-- This site is optimized with the Yoast SEO Premium plugin v24.2 (Yoast SEO v26.9) - https:\/\/yoast.com\/product\/yoast-seo-premium-wordpress\/ -->\n<title>Presidente do Altos se manifesta sobre pre\u00e7o dos ingressos contra o Flamengo<\/title>\n<meta name=\"robots\" content=\"index, follow, max-snippet:-1, max-image-preview:large, max-video-preview:-1\" \/>\n<link rel=\"canonical\" href=\"https:\/\/www.gaveanews.com\/index.php\/2022\/04\/27\/presidente-do-altos-se-manifesta-sobre-preco-dos-ingressos-contra-o-flamengo\/\" \/>\n<meta property=\"og:locale\" content=\"pt_BR\" \/>\n<meta property=\"og:type\" content=\"article\" \/>\n<meta property=\"og:title\" content=\"Presidente do Altos se manifesta sobre pre\u00e7o dos ingressos contra o Flamengo\" \/>\n<meta property=\"og:description\" content=\"O Flamengo estreia na Copa do Brasil neste final de semana. A equipe inverteu a ordem de suas partidas e enfrenta o Altos pela terceira fase da competi\u00e7\u00e3o no domingo (01). Os torcedores rubro-negros piauienses comemoraram muito a defini\u00e7\u00e3o do confronto, pois poder\u00e3o assistir seu time de cora\u00e7\u00e3o bem de pertinho. A log\u00edstica da compra [&hellip;]\" \/>\n<meta property=\"og:url\" content=\"https:\/\/www.gaveanews.com\/index.php\/2022\/04\/27\/presidente-do-altos-se-manifesta-sobre-preco-dos-ingressos-contra-o-flamengo\/\" \/>\n<meta property=\"og:site_name\" content=\"G\u00e1vea News\" \/>\n<meta property=\"article:publisher\" content=\"https:\/\/facebook.com\/gaveaNews\/\" \/>\n<meta property=\"article:published_time\" content=\"2022-04-27T18:52:39+00:00\" \/>\n<meta property=\"og:image\" content=\"https:\/\/www.gaveanews.com\/wp-content\/uploads\/Estadio-Albertao-no-Piaui.webp\" \/>\n\t<meta property=\"og:image:width\" content=\"1008\" \/>\n\t<meta property=\"og:image:height\" content=\"566\" \/>\n\t<meta property=\"og:image:type\" content=\"image\/webp\" \/>\n<meta name=\"author\" content=\"Let\u00edcia Gerheim\" \/>\n<meta name=\"twitter:card\" content=\"summary_large_image\" \/>\n<meta name=\"twitter:label1\" content=\"Escrito por\" \/>\n\t<meta name=\"twitter:data1\" content=\"Let\u00edcia Gerheim\" \/>\n\t<meta name=\"twitter:label2\" content=\"Est. tempo de leitura\" \/>\n\t<meta name=\"twitter:data2\" content=\"2 minutos\" \/>\n<script type=\"application\/ld+json\" class=\"yoast-schema-graph\">{\"@context\":\"https:\/\/schema.org\",\"@graph\":[{\"@type\":\"NewsArticle\",\"@id\":\"https:\/\/www.gaveanews.com\/index.php\/2022\/04\/27\/presidente-do-altos-se-manifesta-sobre-preco-dos-ingressos-contra-o-flamengo\/#article\",\"isPartOf\":{\"@id\":\"https:\/\/www.gaveanews.com\/index.php\/2022\/04\/27\/presidente-do-altos-se-manifesta-sobre-preco-dos-ingressos-contra-o-flamengo\/\"},\"author\":{\"name\":\"Let\u00edcia Gerheim\",\"@id\":\"https:\/\/www.gaveanews.com\/#\/schema\/person\/714c67050b836198af2450ba1c142a67\"},\"headline\":\"Presidente do Altos se manifesta sobre pre\u00e7o dos ingressos contra o Flamengo\",\"datePublished\":\"2022-04-27T18:52:39+00:00\",\"mainEntityOfPage\":{\"@id\":\"https:\/\/www.gaveanews.com\/index.php\/2022\/04\/27\/presidente-do-altos-se-manifesta-sobre-preco-dos-ingressos-contra-o-flamengo\/\"},\"wordCount\":374,\"commentCount\":0,\"image\":{\"@id\":\"https:\/\/www.gaveanews.com\/index.php\/2022\/04\/27\/presidente-do-altos-se-manifesta-sobre-preco-dos-ingressos-contra-o-flamengo\/#primaryimage\"},\"thumbnailUrl\":\"https:\/\/www.gaveanews.com\/wp-content\/uploads\/Estadio-Albertao-no-Piaui.webp\",\"articleSection\":[\"Flamengo\"],\"inLanguage\":\"pt-BR\",\"potentialAction\":[{\"@type\":\"CommentAction\",\"name\":\"Comment\",\"target\":[\"https:\/\/www.gaveanews.com\/index.php\/2022\/04\/27\/presidente-do-altos-se-manifesta-sobre-preco-dos-ingressos-contra-o-flamengo\/#respond\"]}],\"copyrightYear\":\"2022\",\"copyrightHolder\":{\"@id\":\"https:\/\/www.gaveanews.com\/#organization\"}},{\"@type\":\"WebPage\",\"@id\":\"https:\/\/www.gaveanews.com\/index.php\/2022\/04\/27\/presidente-do-altos-se-manifesta-sobre-preco-dos-ingressos-contra-o-flamengo\/\",\"url\":\"https:\/\/www.gaveanews.com\/index.php\/2022\/04\/27\/presidente-do-altos-se-manifesta-sobre-preco-dos-ingressos-contra-o-flamengo\/\",\"name\":\"Presidente do Altos se manifesta sobre pre\u00e7o dos ingressos contra o Flamengo\",\"isPartOf\":{\"@id\":\"https:\/\/www.gaveanews.com\/#website\"},\"primaryImageOfPage\":{\"@id\":\"https:\/\/www.gaveanews.com\/index.php\/2022\/04\/27\/presidente-do-altos-se-manifesta-sobre-preco-dos-ingressos-contra-o-flamengo\/#primaryimage\"},\"image\":{\"@id\":\"https:\/\/www.gaveanews.com\/index.php\/2022\/04\/27\/presidente-do-altos-se-manifesta-sobre-preco-dos-ingressos-contra-o-flamengo\/#primaryimage\"},\"thumbnailUrl\":\"https:\/\/www.gaveanews.com\/wp-content\/uploads\/Estadio-Albertao-no-Piaui.webp\",\"datePublished\":\"2022-04-27T18:52:39+00:00\",\"author\":{\"@id\":\"https:\/\/www.gaveanews.com\/#\/schema\/person\/714c67050b836198af2450ba1c142a67\"},\"breadcrumb\":{\"@id\":\"https:\/\/www.gaveanews.com\/index.php\/2022\/04\/27\/presidente-do-altos-se-manifesta-sobre-preco-dos-ingressos-contra-o-flamengo\/#breadcrumb\"},\"inLanguage\":\"pt-BR\",\"potentialAction\":[{\"@type\":\"ReadAction\",\"target\":[\"https:\/\/www.gaveanews.com\/index.php\/2022\/04\/27\/presidente-do-altos-se-manifesta-sobre-preco-dos-ingressos-contra-o-flamengo\/\"]}]},{\"@type\":\"ImageObject\",\"inLanguage\":\"pt-BR\",\"@id\":\"https:\/\/www.gaveanews.com\/index.php\/2022\/04\/27\/presidente-do-altos-se-manifesta-sobre-preco-dos-ingressos-contra-o-flamengo\/#primaryimage\",\"url\":\"https:\/\/www.gaveanews.com\/wp-content\/uploads\/Estadio-Albertao-no-Piaui.webp\",\"contentUrl\":\"https:\/\/www.gaveanews.com\/wp-content\/uploads\/Estadio-Albertao-no-Piaui.webp\",\"width\":1008,\"height\":566,\"caption\":\"Est\u00e1dio Albert\u00e3o, no Piau\u00ed (Foto: Magno Bonfim)\"},{\"@type\":\"BreadcrumbList\",\"@id\":\"https:\/\/www.gaveanews.com\/index.php\/2022\/04\/27\/presidente-do-altos-se-manifesta-sobre-preco-dos-ingressos-contra-o-flamengo\/#breadcrumb\",\"itemListElement\":[{\"@type\":\"ListItem\",\"position\":1,\"name\":\"Home\",\"item\":\"https:\/\/www.gaveanews.com\/\"},{\"@type\":\"ListItem\",\"position\":2,\"name\":\"Presidente do Altos se manifesta sobre pre\u00e7o dos ingressos contra o Flamengo\"}]},{\"@type\":\"WebSite\",\"@id\":\"https:\/\/www.gaveanews.com\/#website\",\"url\":\"https:\/\/www.gaveanews.com\/\",\"name\":\"G\u00e1vea News\",\"description\":\"Veja todas as not\u00edcias sobre o Flamengo: Contrata\u00e7\u00f5es, categorias de base, resultados das partidas, tabela de classifica\u00e7\u00e3o, pr\u00f3ximos jogos!\",\"potentialAction\":[{\"@type\":\"SearchAction\",\"target\":{\"@type\":\"EntryPoint\",\"urlTemplate\":\"https:\/\/www.gaveanews.com\/?s={search_term_string}\"},\"query-input\":{\"@type\":\"PropertyValueSpecification\",\"valueRequired\":true,\"valueName\":\"search_term_string\"}}],\"inLanguage\":\"pt-BR\"},{\"@type\":\"Person\",\"@id\":\"https:\/\/www.gaveanews.com\/#\/schema\/person\/714c67050b836198af2450ba1c142a67\",\"name\":\"Let\u00edcia Gerheim\",\"image\":{\"@type\":\"ImageObject\",\"inLanguage\":\"pt-BR\",\"@id\":\"https:\/\/www.gaveanews.com\/#\/schema\/person\/image\/\",\"url\":\"https:\/\/secure.gravatar.com\/avatar\/60734739c50fcebfbac509e2a826ccd0ff405c019bc73aab9354f19ecad1dcb4?s=96&d=mm&r=g\",\"contentUrl\":\"https:\/\/secure.gravatar.com\/avatar\/60734739c50fcebfbac509e2a826ccd0ff405c019bc73aab9354f19ecad1dcb4?s=96&d=mm&r=g\",\"caption\":\"Let\u00edcia Gerheim\"}}]}<\/script>\n<!-- \/ Yoast SEO Premium plugin. -->","yoast_head_json":{"title":"Presidente do Altos se manifesta sobre pre\u00e7o dos ingressos contra o Flamengo","robots":{"index":"index","follow":"follow","max-snippet":"max-snippet:-1","max-image-preview":"max-image-preview:large","max-video-preview":"max-video-preview:-1"},"canonical":"https:\/\/www.gaveanews.com\/index.php\/2022\/04\/27\/presidente-do-altos-se-manifesta-sobre-preco-dos-ingressos-contra-o-flamengo\/","og_locale":"pt_BR","og_type":"article","og_title":"Presidente do Altos se manifesta sobre pre\u00e7o dos ingressos contra o Flamengo","og_description":"O Flamengo estreia na Copa do Brasil neste final de semana. A equipe inverteu a ordem de suas partidas e enfrenta o Altos pela terceira fase da competi\u00e7\u00e3o no domingo (01). Os torcedores rubro-negros piauienses comemoraram muito a defini\u00e7\u00e3o do confronto, pois poder\u00e3o assistir seu time de cora\u00e7\u00e3o bem de pertinho. A log\u00edstica da compra [&hellip;]","og_url":"https:\/\/www.gaveanews.com\/index.php\/2022\/04\/27\/presidente-do-altos-se-manifesta-sobre-preco-dos-ingressos-contra-o-flamengo\/","og_site_name":"G\u00e1vea News","article_publisher":"https:\/\/facebook.com\/gaveaNews\/","article_published_time":"2022-04-27T18:52:39+00:00","og_image":[{"width":1008,"height":566,"url":"https:\/\/www.gaveanews.com\/wp-content\/uploads\/Estadio-Albertao-no-Piaui.webp","type":"image\/webp"}],"author":"Let\u00edcia Gerheim","twitter_card":"summary_large_image","twitter_misc":{"Escrito por":"Let\u00edcia Gerheim","Est. tempo de leitura":"2 minutos"},"schema":{"@context":"https:\/\/schema.org","@graph":[{"@type":"NewsArticle","@id":"https:\/\/www.gaveanews.com\/index.php\/2022\/04\/27\/presidente-do-altos-se-manifesta-sobre-preco-dos-ingressos-contra-o-flamengo\/#article","isPartOf":{"@id":"https:\/\/www.gaveanews.com\/index.php\/2022\/04\/27\/presidente-do-altos-se-manifesta-sobre-preco-dos-ingressos-contra-o-flamengo\/"},"author":{"name":"Let\u00edcia Gerheim","@id":"https:\/\/www.gaveanews.com\/#\/schema\/person\/714c67050b836198af2450ba1c142a67"},"headline":"Presidente do Altos se manifesta sobre pre\u00e7o dos ingressos contra o Flamengo","datePublished":"2022-04-27T18:52:39+00:00","mainEntityOfPage":{"@id":"https:\/\/www.gaveanews.com\/index.php\/2022\/04\/27\/presidente-do-altos-se-manifesta-sobre-preco-dos-ingressos-contra-o-flamengo\/"},"wordCount":374,"commentCount":0,"image":{"@id":"https:\/\/www.gaveanews.com\/index.php\/2022\/04\/27\/presidente-do-altos-se-manifesta-sobre-preco-dos-ingressos-contra-o-flamengo\/#primaryimage"},"thumbnailUrl":"https:\/\/www.gaveanews.com\/wp-content\/uploads\/Estadio-Albertao-no-Piaui.webp","articleSection":["Flamengo"],"inLanguage":"pt-BR","potentialAction":[{"@type":"CommentAction","name":"Comment","target":["https:\/\/www.gaveanews.com\/index.php\/2022\/04\/27\/presidente-do-altos-se-manifesta-sobre-preco-dos-ingressos-contra-o-flamengo\/#respond"]}],"copyrightYear":"2022","copyrightHolder":{"@id":"https:\/\/www.gaveanews.com\/#organization"}},{"@type":"WebPage","@id":"https:\/\/www.gaveanews.com\/index.php\/2022\/04\/27\/presidente-do-altos-se-manifesta-sobre-preco-dos-ingressos-contra-o-flamengo\/","url":"https:\/\/www.gaveanews.com\/index.php\/2022\/04\/27\/presidente-do-altos-se-manifesta-sobre-preco-dos-ingressos-contra-o-flamengo\/","name":"Presidente do Altos se manifesta sobre pre\u00e7o dos ingressos contra o Flamengo","isPartOf":{"@id":"https:\/\/www.gaveanews.com\/#website"},"primaryImageOfPage":{"@id":"https:\/\/www.gaveanews.com\/index.php\/2022\/04\/27\/presidente-do-altos-se-manifesta-sobre-preco-dos-ingressos-contra-o-flamengo\/#primaryimage"},"image":{"@id":"https:\/\/www.gaveanews.com\/index.php\/2022\/04\/27\/presidente-do-altos-se-manifesta-sobre-preco-dos-ingressos-contra-o-flamengo\/#primaryimage"},"thumbnailUrl":"https:\/\/www.gaveanews.com\/wp-content\/uploads\/Estadio-Albertao-no-Piaui.webp","datePublished":"2022-04-27T18:52:39+00:00","author":{"@id":"https:\/\/www.gaveanews.com\/#\/schema\/person\/714c67050b836198af2450ba1c142a67"},"breadcrumb":{"@id":"https:\/\/www.gaveanews.com\/index.php\/2022\/04\/27\/presidente-do-altos-se-manifesta-sobre-preco-dos-ingressos-contra-o-flamengo\/#breadcrumb"},"inLanguage":"pt-BR","potentialAction":[{"@type":"ReadAction","target":["https:\/\/www.gaveanews.com\/index.php\/2022\/04\/27\/presidente-do-altos-se-manifesta-sobre-preco-dos-ingressos-contra-o-flamengo\/"]}]},{"@type":"ImageObject","inLanguage":"pt-BR","@id":"https:\/\/www.gaveanews.com\/index.php\/2022\/04\/27\/presidente-do-altos-se-manifesta-sobre-preco-dos-ingressos-contra-o-flamengo\/#primaryimage","url":"https:\/\/www.gaveanews.com\/wp-content\/uploads\/Estadio-Albertao-no-Piaui.webp","contentUrl":"https:\/\/www.gaveanews.com\/wp-content\/uploads\/Estadio-Albertao-no-Piaui.webp","width":1008,"height":566,"caption":"Est\u00e1dio Albert\u00e3o, no Piau\u00ed (Foto: Magno Bonfim)"},{"@type":"BreadcrumbList","@id":"https:\/\/www.gaveanews.com\/index.php\/2022\/04\/27\/presidente-do-altos-se-manifesta-sobre-preco-dos-ingressos-contra-o-flamengo\/#breadcrumb","itemListElement":[{"@type":"ListItem","position":1,"name":"Home","item":"https:\/\/www.gaveanews.com\/"},{"@type":"ListItem","position":2,"name":"Presidente do Altos se manifesta sobre pre\u00e7o dos ingressos contra o Flamengo"}]},{"@type":"WebSite","@id":"https:\/\/www.gaveanews.com\/#website","url":"https:\/\/www.gaveanews.com\/","name":"G\u00e1vea News","description":"Veja todas as not\u00edcias sobre o Flamengo: Contrata\u00e7\u00f5es, categorias de base, resultados das partidas, tabela de classifica\u00e7\u00e3o, pr\u00f3ximos jogos!","potentialAction":[{"@type":"SearchAction","target":{"@type":"EntryPoint","urlTemplate":"https:\/\/www.gaveanews.com\/?s={search_term_string}"},"query-input":{"@type":"PropertyValueSpecification","valueRequired":true,"valueName":"search_term_string"}}],"inLanguage":"pt-BR"},{"@type":"Person","@id":"https:\/\/www.gaveanews.com\/#\/schema\/person\/714c67050b836198af2450ba1c142a67","name":"Let\u00edcia Gerheim","image":{"@type":"ImageObject","inLanguage":"pt-BR","@id":"https:\/\/www.gaveanews.com\/#\/schema\/person\/image\/","url":"https:\/\/secure.gravatar.com\/avatar\/60734739c50fcebfbac509e2a826ccd0ff405c019bc73aab9354f19ecad1dcb4?s=96&d=mm&r=g","contentUrl":"https:\/\/secure.gravatar.com\/avatar\/60734739c50fcebfbac509e2a826ccd0ff405c019bc73aab9354f19ecad1dcb4?s=96&d=mm&r=g","caption":"Let\u00edcia Gerheim"}}]}},"_links":{"self":[{"href":"https:\/\/www.gaveanews.com\/index.php\/wp-json\/wp\/v2\/posts\/80721","targetHints":{"allow":["GET"]}}],"collection":[{"href":"https:\/\/www.gaveanews.com\/index.php\/wp-json\/wp\/v2\/posts"}],"about":[{"href":"https:\/\/www.gaveanews.com\/index.php\/wp-json\/wp\/v2\/types\/post"}],"author":[{"embeddable":true,"href":"https:\/\/www.gaveanews.com\/index.php\/wp-json\/wp\/v2\/users\/4"}],"replies":[{"embeddable":true,"href":"https:\/\/www.gaveanews.com\/index.php\/wp-json\/wp\/v2\/comments?post=80721"}],"version-history":[{"count":0,"href":"https:\/\/www.gaveanews.com\/index.php\/wp-json\/wp\/v2\/posts\/80721\/revisions"}],"wp:featuredmedia":[{"embeddable":true,"href":"https:\/\/www.gaveanews.com\/index.php\/wp-json\/wp\/v2\/media\/80605"}],"wp:attachment":[{"href":"https:\/\/www.gaveanews.com\/index.php\/wp-json\/wp\/v2\/media?parent=80721"}],"wp:term":[{"taxonomy":"category","embeddable":true,"href":"https:\/\/www.gaveanews.com\/index.php\/wp-json\/wp\/v2\/categories?post=80721"},{"taxonomy":"post_tag","embeddable":true,"href":"https:\/\/www.gaveanews.com\/index.php\/wp-json\/wp\/v2\/tags?post=80721"}],"curies":[{"name":"wp","href":"https:\/\/api.w.org\/{rel}","templated":true}]}}