{"id":80742,"date":"2022-04-27T19:17:56","date_gmt":"2022-04-27T22:17:56","guid":{"rendered":"https:\/\/www.gaveanews.com\/?p=80742"},"modified":"2022-04-27T19:17:56","modified_gmt":"2022-04-27T22:17:56","slug":"associacao-de-cronistas-esportivos-cobra-o-flamengo-por-atitude-de-diego-ribas","status":"publish","type":"post","link":"https:\/\/www.gaveanews.com\/index.php\/2022\/04\/27\/associacao-de-cronistas-esportivos-cobra-o-flamengo-por-atitude-de-diego-ribas\/","title":{"rendered":"Associa\u00e7\u00e3o de cronistas esportivos cobra o Flamengo por atitude de Diego Ribas"},"content":{"rendered":"<p>Na \u00faltima ter\u00e7a-feira (26), Diego Ribas gravou um v\u00eddeo que viralizou rapidamente. No registro, o camisa 10 surpreende o Ven\u00ea Casagrande, Thiago Maia e os demais profissionais presentes na sala de imprensa do Ninho do Urubu com falas sarc\u00e1sticas direcionadas ao jornalista.<\/p>\n<ul>\n<li><a href=\"https:\/\/www.gaveanews.com\/index.php\/2022\/04\/26\/video-diego-ribas-provoca-jornalista-no-ct-do-flamengo-e-viraliza-na-web\/\">V\u00eddeo: Diego Ribas provoca jornalista no Ninho do Urubu e viraliza.<\/a><\/li>\n<\/ul>\n<p>Frente ao acontecimento, a Associa\u00e7\u00e3o de Cronistas Esportivos do Rio de Janeiro (Acerj) publicou uma nota de rep\u00fadio \u00e0 atitude de Diego. Al\u00e9m disso, a organiza\u00e7\u00e3o tamb\u00e9m cobra provid\u00eancias do Flamengo para que o epis\u00f3dio n\u00e3o se repita. At\u00e9 o momento, o Flamengo n\u00e3o se manifestou sobre o assunto.<\/p>\n<h2>Confira a nota na \u00edntegra:<\/h2>\n<p><i>&#8220;A ACERJ vem a p\u00fablico manifestar apoio e solidariedade ao associado Ven\u00ea Casagrande, v\u00edtima de constrangimento por parte do atleta Diego Ribas, nas depend\u00eancias do Clube de Regatas do Flamengo.<\/i><\/p>\n<p>Manifestamos tamb\u00e9m pleno rep\u00fadio \u00e0 atitude do referido jogador, que, no local de trabalho da imprensa, fez imagens com celular e agrediu verbalmente o associado, chegando a constranger tamb\u00e9m o atleta Thiago Maia, que lhe dava entrevistas no momento. Por fim, a ACERJ conclama o Clube de Regatas do Flamengo a tomar provid\u00eancias e cuidar para que nunca mais se repitam fatos como este, que n\u00e3o coadunam com a tradi\u00e7\u00e3o de gentileza, boa rela\u00e7\u00e3o e acolhimento do clube com os jornalistas.&#8221;<\/p>\n<ul>\n<li><a href=\"https:\/\/www.gaveanews.com\/index.php\/2022\/04\/27\/flamengo-define-lista-de-relacionados-para-jogo-contra-a-universidad-catolica\/\">Com novidades, Flamengo divulga lista de relacionados para jogo contra a Universidad Cat\u00f3lica.<\/a><\/li>\n<li><a href=\"https:\/\/www.gaveanews.com\/index.php\/2022\/04\/26\/proximo-jogo-do-flamengo-na-libertadores-nao-sera-transmitido-por-nenhuma-emissora-de-tv-veja-detalhes\/\">Saiba onde assistir Universidad Cat\u00f3lica x Flamengo.<\/a><\/li>\n<\/ul>\n","protected":false},"excerpt":{"rendered":"<p>Na \u00faltima ter\u00e7a-feira (26), Diego Ribas gravou um v\u00eddeo que viralizou rapidamente. No registro, o camisa 10 surpreende o Ven\u00ea Casagrande, Thiago Maia e os demais profissionais presentes na sala de imprensa do Ninho do Urubu com falas sarc\u00e1sticas direcionadas ao jornalista. V\u00eddeo: Diego Ribas provoca jornalista no Ninho do Urubu e viraliza. Frente ao [&hellip;]<\/p>\n","protected":false},"author":4,"featured_media":71647,"comment_status":"open","ping_status":"closed","sticky":false,"template":"","format":"standard","meta":{"footnotes":""},"categories":[1],"tags":[],"class_list":["post-80742","post","type-post","status-publish","format-standard","has-post-thumbnail","hentry","category-flamengo"],"yoast_head":"<!-- This site is optimized with the Yoast SEO Premium plugin v24.2 (Yoast SEO v26.9) - https:\/\/yoast.com\/product\/yoast-seo-premium-wordpress\/ -->\n<title>Associa\u00e7\u00e3o de cronistas esportivos cobra o Flamengo por atitude de Diego Ribas<\/title>\n<meta name=\"robots\" content=\"index, follow, max-snippet:-1, max-image-preview:large, max-video-preview:-1\" \/>\n<link rel=\"canonical\" href=\"https:\/\/www.gaveanews.com\/index.php\/2022\/04\/27\/associacao-de-cronistas-esportivos-cobra-o-flamengo-por-atitude-de-diego-ribas\/\" \/>\n<meta property=\"og:locale\" content=\"pt_BR\" \/>\n<meta property=\"og:type\" content=\"article\" \/>\n<meta property=\"og:title\" content=\"Associa\u00e7\u00e3o de cronistas esportivos cobra o Flamengo por atitude de Diego Ribas\" \/>\n<meta property=\"og:description\" content=\"Na \u00faltima ter\u00e7a-feira (26), Diego Ribas gravou um v\u00eddeo que viralizou rapidamente. No registro, o camisa 10 surpreende o Ven\u00ea Casagrande, Thiago Maia e os demais profissionais presentes na sala de imprensa do Ninho do Urubu com falas sarc\u00e1sticas direcionadas ao jornalista. V\u00eddeo: Diego Ribas provoca jornalista no Ninho do Urubu e viraliza. Frente ao [&hellip;]\" \/>\n<meta property=\"og:url\" content=\"https:\/\/www.gaveanews.com\/index.php\/2022\/04\/27\/associacao-de-cronistas-esportivos-cobra-o-flamengo-por-atitude-de-diego-ribas\/\" \/>\n<meta property=\"og:site_name\" content=\"G\u00e1vea News\" \/>\n<meta property=\"article:publisher\" content=\"https:\/\/facebook.com\/gaveaNews\/\" \/>\n<meta property=\"article:published_time\" content=\"2022-04-27T22:17:56+00:00\" \/>\n<meta property=\"og:image\" content=\"https:\/\/www.gaveanews.com\/wp-content\/uploads\/Diego-Ribas-e-expulso-de-jogo-contra-o-Bahia-apos-apertar-o-pescoco-de-Rossi.webp\" \/>\n\t<meta property=\"og:image:width\" content=\"800\" \/>\n\t<meta property=\"og:image:height\" content=\"533\" \/>\n\t<meta property=\"og:image:type\" content=\"image\/jpeg\" \/>\n<meta name=\"author\" content=\"Let\u00edcia Gerheim\" \/>\n<meta name=\"twitter:card\" content=\"summary_large_image\" \/>\n<meta name=\"twitter:label1\" content=\"Escrito por\" \/>\n\t<meta name=\"twitter:data1\" content=\"Let\u00edcia Gerheim\" \/>\n\t<meta name=\"twitter:label2\" content=\"Est. tempo de leitura\" \/>\n\t<meta name=\"twitter:data2\" content=\"2 minutos\" \/>\n<script type=\"application\/ld+json\" class=\"yoast-schema-graph\">{\"@context\":\"https:\/\/schema.org\",\"@graph\":[{\"@type\":\"NewsArticle\",\"@id\":\"https:\/\/www.gaveanews.com\/index.php\/2022\/04\/27\/associacao-de-cronistas-esportivos-cobra-o-flamengo-por-atitude-de-diego-ribas\/#article\",\"isPartOf\":{\"@id\":\"https:\/\/www.gaveanews.com\/index.php\/2022\/04\/27\/associacao-de-cronistas-esportivos-cobra-o-flamengo-por-atitude-de-diego-ribas\/\"},\"author\":{\"name\":\"Let\u00edcia Gerheim\",\"@id\":\"https:\/\/www.gaveanews.com\/#\/schema\/person\/714c67050b836198af2450ba1c142a67\"},\"headline\":\"Associa\u00e7\u00e3o de cronistas esportivos cobra o Flamengo por atitude de Diego Ribas\",\"datePublished\":\"2022-04-27T22:17:56+00:00\",\"mainEntityOfPage\":{\"@id\":\"https:\/\/www.gaveanews.com\/index.php\/2022\/04\/27\/associacao-de-cronistas-esportivos-cobra-o-flamengo-por-atitude-de-diego-ribas\/\"},\"wordCount\":272,\"commentCount\":0,\"image\":{\"@id\":\"https:\/\/www.gaveanews.com\/index.php\/2022\/04\/27\/associacao-de-cronistas-esportivos-cobra-o-flamengo-por-atitude-de-diego-ribas\/#primaryimage\"},\"thumbnailUrl\":\"https:\/\/www.gaveanews.com\/wp-content\/uploads\/Diego-Ribas-e-expulso-de-jogo-contra-o-Bahia-apos-apertar-o-pescoco-de-Rossi.webp\",\"articleSection\":[\"Flamengo\"],\"inLanguage\":\"pt-BR\",\"potentialAction\":[{\"@type\":\"CommentAction\",\"name\":\"Comment\",\"target\":[\"https:\/\/www.gaveanews.com\/index.php\/2022\/04\/27\/associacao-de-cronistas-esportivos-cobra-o-flamengo-por-atitude-de-diego-ribas\/#respond\"]}],\"copyrightYear\":\"2022\",\"copyrightHolder\":{\"@id\":\"https:\/\/www.gaveanews.com\/#organization\"}},{\"@type\":\"WebPage\",\"@id\":\"https:\/\/www.gaveanews.com\/index.php\/2022\/04\/27\/associacao-de-cronistas-esportivos-cobra-o-flamengo-por-atitude-de-diego-ribas\/\",\"url\":\"https:\/\/www.gaveanews.com\/index.php\/2022\/04\/27\/associacao-de-cronistas-esportivos-cobra-o-flamengo-por-atitude-de-diego-ribas\/\",\"name\":\"Associa\u00e7\u00e3o de cronistas esportivos cobra o Flamengo por atitude de Diego Ribas\",\"isPartOf\":{\"@id\":\"https:\/\/www.gaveanews.com\/#website\"},\"primaryImageOfPage\":{\"@id\":\"https:\/\/www.gaveanews.com\/index.php\/2022\/04\/27\/associacao-de-cronistas-esportivos-cobra-o-flamengo-por-atitude-de-diego-ribas\/#primaryimage\"},\"image\":{\"@id\":\"https:\/\/www.gaveanews.com\/index.php\/2022\/04\/27\/associacao-de-cronistas-esportivos-cobra-o-flamengo-por-atitude-de-diego-ribas\/#primaryimage\"},\"thumbnailUrl\":\"https:\/\/www.gaveanews.com\/wp-content\/uploads\/Diego-Ribas-e-expulso-de-jogo-contra-o-Bahia-apos-apertar-o-pescoco-de-Rossi.webp\",\"datePublished\":\"2022-04-27T22:17:56+00:00\",\"author\":{\"@id\":\"https:\/\/www.gaveanews.com\/#\/schema\/person\/714c67050b836198af2450ba1c142a67\"},\"breadcrumb\":{\"@id\":\"https:\/\/www.gaveanews.com\/index.php\/2022\/04\/27\/associacao-de-cronistas-esportivos-cobra-o-flamengo-por-atitude-de-diego-ribas\/#breadcrumb\"},\"inLanguage\":\"pt-BR\",\"potentialAction\":[{\"@type\":\"ReadAction\",\"target\":[\"https:\/\/www.gaveanews.com\/index.php\/2022\/04\/27\/associacao-de-cronistas-esportivos-cobra-o-flamengo-por-atitude-de-diego-ribas\/\"]}]},{\"@type\":\"ImageObject\",\"inLanguage\":\"pt-BR\",\"@id\":\"https:\/\/www.gaveanews.com\/index.php\/2022\/04\/27\/associacao-de-cronistas-esportivos-cobra-o-flamengo-por-atitude-de-diego-ribas\/#primaryimage\",\"url\":\"https:\/\/www.gaveanews.com\/wp-content\/uploads\/Diego-Ribas-e-expulso-de-jogo-contra-o-Bahia-apos-apertar-o-pescoco-de-Rossi.webp\",\"contentUrl\":\"https:\/\/www.gaveanews.com\/wp-content\/uploads\/Diego-Ribas-e-expulso-de-jogo-contra-o-Bahia-apos-apertar-o-pescoco-de-Rossi.webp\",\"width\":800,\"height\":533,\"caption\":\"Diego Ribas \u00e9 expulso de jogo contra o Bahia ap\u00f3s apertar o pesco\u00e7o de Rossi (Foto: Marcelo Cortes\/Flamengo)\"},{\"@type\":\"BreadcrumbList\",\"@id\":\"https:\/\/www.gaveanews.com\/index.php\/2022\/04\/27\/associacao-de-cronistas-esportivos-cobra-o-flamengo-por-atitude-de-diego-ribas\/#breadcrumb\",\"itemListElement\":[{\"@type\":\"ListItem\",\"position\":1,\"name\":\"Home\",\"item\":\"https:\/\/www.gaveanews.com\/\"},{\"@type\":\"ListItem\",\"position\":2,\"name\":\"Associa\u00e7\u00e3o de cronistas esportivos cobra o Flamengo por atitude de Diego Ribas\"}]},{\"@type\":\"WebSite\",\"@id\":\"https:\/\/www.gaveanews.com\/#website\",\"url\":\"https:\/\/www.gaveanews.com\/\",\"name\":\"G\u00e1vea News\",\"description\":\"Veja todas as not\u00edcias sobre o Flamengo: Contrata\u00e7\u00f5es, categorias de base, resultados das partidas, tabela de classifica\u00e7\u00e3o, pr\u00f3ximos jogos!\",\"potentialAction\":[{\"@type\":\"SearchAction\",\"target\":{\"@type\":\"EntryPoint\",\"urlTemplate\":\"https:\/\/www.gaveanews.com\/?s={search_term_string}\"},\"query-input\":{\"@type\":\"PropertyValueSpecification\",\"valueRequired\":true,\"valueName\":\"search_term_string\"}}],\"inLanguage\":\"pt-BR\"},{\"@type\":\"Person\",\"@id\":\"https:\/\/www.gaveanews.com\/#\/schema\/person\/714c67050b836198af2450ba1c142a67\",\"name\":\"Let\u00edcia Gerheim\",\"image\":{\"@type\":\"ImageObject\",\"inLanguage\":\"pt-BR\",\"@id\":\"https:\/\/www.gaveanews.com\/#\/schema\/person\/image\/\",\"url\":\"https:\/\/secure.gravatar.com\/avatar\/60734739c50fcebfbac509e2a826ccd0ff405c019bc73aab9354f19ecad1dcb4?s=96&d=mm&r=g\",\"contentUrl\":\"https:\/\/secure.gravatar.com\/avatar\/60734739c50fcebfbac509e2a826ccd0ff405c019bc73aab9354f19ecad1dcb4?s=96&d=mm&r=g\",\"caption\":\"Let\u00edcia Gerheim\"}}]}<\/script>\n<!-- \/ Yoast SEO Premium plugin. -->","yoast_head_json":{"title":"Associa\u00e7\u00e3o de cronistas esportivos cobra o Flamengo por atitude de Diego Ribas","robots":{"index":"index","follow":"follow","max-snippet":"max-snippet:-1","max-image-preview":"max-image-preview:large","max-video-preview":"max-video-preview:-1"},"canonical":"https:\/\/www.gaveanews.com\/index.php\/2022\/04\/27\/associacao-de-cronistas-esportivos-cobra-o-flamengo-por-atitude-de-diego-ribas\/","og_locale":"pt_BR","og_type":"article","og_title":"Associa\u00e7\u00e3o de cronistas esportivos cobra o Flamengo por atitude de Diego Ribas","og_description":"Na \u00faltima ter\u00e7a-feira (26), Diego Ribas gravou um v\u00eddeo que viralizou rapidamente. No registro, o camisa 10 surpreende o Ven\u00ea Casagrande, Thiago Maia e os demais profissionais presentes na sala de imprensa do Ninho do Urubu com falas sarc\u00e1sticas direcionadas ao jornalista. V\u00eddeo: Diego Ribas provoca jornalista no Ninho do Urubu e viraliza. Frente ao [&hellip;]","og_url":"https:\/\/www.gaveanews.com\/index.php\/2022\/04\/27\/associacao-de-cronistas-esportivos-cobra-o-flamengo-por-atitude-de-diego-ribas\/","og_site_name":"G\u00e1vea News","article_publisher":"https:\/\/facebook.com\/gaveaNews\/","article_published_time":"2022-04-27T22:17:56+00:00","og_image":[{"width":800,"height":533,"url":"https:\/\/www.gaveanews.com\/wp-content\/uploads\/Diego-Ribas-e-expulso-de-jogo-contra-o-Bahia-apos-apertar-o-pescoco-de-Rossi.webp","type":"image\/jpeg"}],"author":"Let\u00edcia Gerheim","twitter_card":"summary_large_image","twitter_misc":{"Escrito por":"Let\u00edcia Gerheim","Est. tempo de leitura":"2 minutos"},"schema":{"@context":"https:\/\/schema.org","@graph":[{"@type":"NewsArticle","@id":"https:\/\/www.gaveanews.com\/index.php\/2022\/04\/27\/associacao-de-cronistas-esportivos-cobra-o-flamengo-por-atitude-de-diego-ribas\/#article","isPartOf":{"@id":"https:\/\/www.gaveanews.com\/index.php\/2022\/04\/27\/associacao-de-cronistas-esportivos-cobra-o-flamengo-por-atitude-de-diego-ribas\/"},"author":{"name":"Let\u00edcia Gerheim","@id":"https:\/\/www.gaveanews.com\/#\/schema\/person\/714c67050b836198af2450ba1c142a67"},"headline":"Associa\u00e7\u00e3o de cronistas esportivos cobra o Flamengo por atitude de Diego Ribas","datePublished":"2022-04-27T22:17:56+00:00","mainEntityOfPage":{"@id":"https:\/\/www.gaveanews.com\/index.php\/2022\/04\/27\/associacao-de-cronistas-esportivos-cobra-o-flamengo-por-atitude-de-diego-ribas\/"},"wordCount":272,"commentCount":0,"image":{"@id":"https:\/\/www.gaveanews.com\/index.php\/2022\/04\/27\/associacao-de-cronistas-esportivos-cobra-o-flamengo-por-atitude-de-diego-ribas\/#primaryimage"},"thumbnailUrl":"https:\/\/www.gaveanews.com\/wp-content\/uploads\/Diego-Ribas-e-expulso-de-jogo-contra-o-Bahia-apos-apertar-o-pescoco-de-Rossi.webp","articleSection":["Flamengo"],"inLanguage":"pt-BR","potentialAction":[{"@type":"CommentAction","name":"Comment","target":["https:\/\/www.gaveanews.com\/index.php\/2022\/04\/27\/associacao-de-cronistas-esportivos-cobra-o-flamengo-por-atitude-de-diego-ribas\/#respond"]}],"copyrightYear":"2022","copyrightHolder":{"@id":"https:\/\/www.gaveanews.com\/#organization"}},{"@type":"WebPage","@id":"https:\/\/www.gaveanews.com\/index.php\/2022\/04\/27\/associacao-de-cronistas-esportivos-cobra-o-flamengo-por-atitude-de-diego-ribas\/","url":"https:\/\/www.gaveanews.com\/index.php\/2022\/04\/27\/associacao-de-cronistas-esportivos-cobra-o-flamengo-por-atitude-de-diego-ribas\/","name":"Associa\u00e7\u00e3o de cronistas esportivos cobra o Flamengo por atitude de Diego Ribas","isPartOf":{"@id":"https:\/\/www.gaveanews.com\/#website"},"primaryImageOfPage":{"@id":"https:\/\/www.gaveanews.com\/index.php\/2022\/04\/27\/associacao-de-cronistas-esportivos-cobra-o-flamengo-por-atitude-de-diego-ribas\/#primaryimage"},"image":{"@id":"https:\/\/www.gaveanews.com\/index.php\/2022\/04\/27\/associacao-de-cronistas-esportivos-cobra-o-flamengo-por-atitude-de-diego-ribas\/#primaryimage"},"thumbnailUrl":"https:\/\/www.gaveanews.com\/wp-content\/uploads\/Diego-Ribas-e-expulso-de-jogo-contra-o-Bahia-apos-apertar-o-pescoco-de-Rossi.webp","datePublished":"2022-04-27T22:17:56+00:00","author":{"@id":"https:\/\/www.gaveanews.com\/#\/schema\/person\/714c67050b836198af2450ba1c142a67"},"breadcrumb":{"@id":"https:\/\/www.gaveanews.com\/index.php\/2022\/04\/27\/associacao-de-cronistas-esportivos-cobra-o-flamengo-por-atitude-de-diego-ribas\/#breadcrumb"},"inLanguage":"pt-BR","potentialAction":[{"@type":"ReadAction","target":["https:\/\/www.gaveanews.com\/index.php\/2022\/04\/27\/associacao-de-cronistas-esportivos-cobra-o-flamengo-por-atitude-de-diego-ribas\/"]}]},{"@type":"ImageObject","inLanguage":"pt-BR","@id":"https:\/\/www.gaveanews.com\/index.php\/2022\/04\/27\/associacao-de-cronistas-esportivos-cobra-o-flamengo-por-atitude-de-diego-ribas\/#primaryimage","url":"https:\/\/www.gaveanews.com\/wp-content\/uploads\/Diego-Ribas-e-expulso-de-jogo-contra-o-Bahia-apos-apertar-o-pescoco-de-Rossi.webp","contentUrl":"https:\/\/www.gaveanews.com\/wp-content\/uploads\/Diego-Ribas-e-expulso-de-jogo-contra-o-Bahia-apos-apertar-o-pescoco-de-Rossi.webp","width":800,"height":533,"caption":"Diego Ribas \u00e9 expulso de jogo contra o Bahia ap\u00f3s apertar o pesco\u00e7o de Rossi (Foto: Marcelo Cortes\/Flamengo)"},{"@type":"BreadcrumbList","@id":"https:\/\/www.gaveanews.com\/index.php\/2022\/04\/27\/associacao-de-cronistas-esportivos-cobra-o-flamengo-por-atitude-de-diego-ribas\/#breadcrumb","itemListElement":[{"@type":"ListItem","position":1,"name":"Home","item":"https:\/\/www.gaveanews.com\/"},{"@type":"ListItem","position":2,"name":"Associa\u00e7\u00e3o de cronistas esportivos cobra o Flamengo por atitude de Diego Ribas"}]},{"@type":"WebSite","@id":"https:\/\/www.gaveanews.com\/#website","url":"https:\/\/www.gaveanews.com\/","name":"G\u00e1vea News","description":"Veja todas as not\u00edcias sobre o Flamengo: Contrata\u00e7\u00f5es, categorias de base, resultados das partidas, tabela de classifica\u00e7\u00e3o, pr\u00f3ximos jogos!","potentialAction":[{"@type":"SearchAction","target":{"@type":"EntryPoint","urlTemplate":"https:\/\/www.gaveanews.com\/?s={search_term_string}"},"query-input":{"@type":"PropertyValueSpecification","valueRequired":true,"valueName":"search_term_string"}}],"inLanguage":"pt-BR"},{"@type":"Person","@id":"https:\/\/www.gaveanews.com\/#\/schema\/person\/714c67050b836198af2450ba1c142a67","name":"Let\u00edcia Gerheim","image":{"@type":"ImageObject","inLanguage":"pt-BR","@id":"https:\/\/www.gaveanews.com\/#\/schema\/person\/image\/","url":"https:\/\/secure.gravatar.com\/avatar\/60734739c50fcebfbac509e2a826ccd0ff405c019bc73aab9354f19ecad1dcb4?s=96&d=mm&r=g","contentUrl":"https:\/\/secure.gravatar.com\/avatar\/60734739c50fcebfbac509e2a826ccd0ff405c019bc73aab9354f19ecad1dcb4?s=96&d=mm&r=g","caption":"Let\u00edcia Gerheim"}}]}},"_links":{"self":[{"href":"https:\/\/www.gaveanews.com\/index.php\/wp-json\/wp\/v2\/posts\/80742","targetHints":{"allow":["GET"]}}],"collection":[{"href":"https:\/\/www.gaveanews.com\/index.php\/wp-json\/wp\/v2\/posts"}],"about":[{"href":"https:\/\/www.gaveanews.com\/index.php\/wp-json\/wp\/v2\/types\/post"}],"author":[{"embeddable":true,"href":"https:\/\/www.gaveanews.com\/index.php\/wp-json\/wp\/v2\/users\/4"}],"replies":[{"embeddable":true,"href":"https:\/\/www.gaveanews.com\/index.php\/wp-json\/wp\/v2\/comments?post=80742"}],"version-history":[{"count":0,"href":"https:\/\/www.gaveanews.com\/index.php\/wp-json\/wp\/v2\/posts\/80742\/revisions"}],"wp:featuredmedia":[{"embeddable":true,"href":"https:\/\/www.gaveanews.com\/index.php\/wp-json\/wp\/v2\/media\/71647"}],"wp:attachment":[{"href":"https:\/\/www.gaveanews.com\/index.php\/wp-json\/wp\/v2\/media?parent=80742"}],"wp:term":[{"taxonomy":"category","embeddable":true,"href":"https:\/\/www.gaveanews.com\/index.php\/wp-json\/wp\/v2\/categories?post=80742"},{"taxonomy":"post_tag","embeddable":true,"href":"https:\/\/www.gaveanews.com\/index.php\/wp-json\/wp\/v2\/tags?post=80742"}],"curies":[{"name":"wp","href":"https:\/\/api.w.org\/{rel}","templated":true}]}}