{"id":80752,"date":"2022-04-27T22:42:10","date_gmt":"2022-04-28T01:42:10","guid":{"rendered":"https:\/\/www.gaveanews.com\/?p=80752"},"modified":"2022-04-27T22:42:10","modified_gmt":"2022-04-28T01:42:10","slug":"diego-ribas-sofre-pressao-para-deixar-o-flamengo-apos-polemica","status":"publish","type":"post","link":"https:\/\/www.gaveanews.com\/index.php\/2022\/04\/27\/diego-ribas-sofre-pressao-para-deixar-o-flamengo-apos-polemica\/","title":{"rendered":"Diego Ribas sofre press\u00e3o para deixar o Flamengo ap\u00f3s pol\u00eamica"},"content":{"rendered":"<p>A paci\u00eancia da torcida do Flamengo parece estar se esgotando depois de mais uma atitude que gerou repercuss\u00e3o negativa no Flamengo. Na tarde de hoje (27), os adeptos do clube subiram a hashtag \u201c#ForaDiegoRibas\u201d no Twitter em rep\u00fadio \u00e0 postura do jogador contra o jornalista Ven\u00ea Casagrande.<\/p>\n<p>O epis\u00f3dio relatado aconteceu na manh\u00e3 de ontem quando o profissional do SBT estava ao lado de Thiago Maia para uma entrevista. Ao perceber a presen\u00e7a do rep\u00f3rter no CT, o veterano se aproximou da equipe de imprensa e ironizou: \u201cO homem das meias verdades direto do Ninho do Urubu. Que momento n\u00f3s estamos vivendo, Meng\u00e3o. Vale tudo!\u201d.<\/p>\n<p>A iniciativa de Diego Ribas contra Ven\u00ea gerou uma repercuss\u00e3o negativa para o jogador nas m\u00eddias sociais. O gesto foi encarado como um ato de desrespeito contra o jornalista e, segundo os torcedores, deveria provocar a sa\u00edda do atleta do clube. \u201cMostrou o paspalho que ele \u00e9\u201d, disse um rubro-negro.<\/p>\n<h2>Rea\u00e7\u00e3o do jornalista e pedidos de sa\u00edda de Diego do\u00a0Flamengo<\/h2>\n<p>O rep\u00f3rter do SBT Sports Rio se pronunciou na noite de ontem sobre o acontecimento confirmando que ficou, sim, constrangido com a situa\u00e7\u00e3o. Ele disse acreditar que uma mat\u00e9ria feita em 2021 sobre uma \u201cpanela\u201d no elenco, que o meia faria parte, foi o motivo da provoca\u00e7\u00e3o no Ninho do Urubu.<\/p>\n<blockquote class=\"twitter-tweet\" data-width=\"550\" data-dnt=\"true\">\n<p lang=\"pt\" dir=\"ltr\">A Soberba do Giras ao abordar o Thiago e o Jornalista foi qq coisa de asquerosa. !!! Nitidamente ele manda em tudo. E mais constrangedor foi  a indaga\u00e7\u00e3o do Thiago Maia. ( \u201c Eu\u2026 \ud83d\ude14\ud83d\ude14\u201c ) !!!! Que V\u00e1rzea est\u00e1 o Clube !! <a href=\"https:\/\/twitter.com\/hashtag\/ForaDiegoRibas?src=hash&amp;ref_src=twsrc%5Etfw\">#ForaDiegoRibas<\/a><\/p>\n<p>&mdash; Marcos Viana \u26ab\ufe0f\ud83d\udd34 (@M_TadeuViana) <a href=\"https:\/\/twitter.com\/M_TadeuViana\/status\/1519348830747115520?ref_src=twsrc%5Etfw\">April 27, 2022<\/a><\/p><\/blockquote>\n<p><script async src=\"https:\/\/platform.twitter.com\/widgets.js\" charset=\"utf-8\"><\/script><\/p>\n<p>https:\/\/twitter.com\/HenfilC\/status\/1519157345166708736?ref_src=twsrc%5Etfw<\/p>\n<blockquote class=\"twitter-tweet\" data-width=\"550\" data-dnt=\"true\">\n<p lang=\"pt\" dir=\"ltr\"><a href=\"https:\/\/twitter.com\/hashtag\/ForaDiegoRibas?src=hash&amp;ref_src=twsrc%5Etfw\">#ForaDiegoRibas<\/a> voc\u00ea n\u00e3o merece vestir o manto sagrado. Voc\u00ea \u00e9 uma vergonha e um p\u00e9ssimo exemplo para a juventude.<\/p>\n<p>&mdash; Efraim Caetano (@CaetanoEfraim) <a href=\"https:\/\/twitter.com\/CaetanoEfraim\/status\/1519153288033320960?ref_src=twsrc%5Etfw\">April 27, 2022<\/a><\/p><\/blockquote>\n<p><script async src=\"https:\/\/platform.twitter.com\/widgets.js\" charset=\"utf-8\"><\/script><\/p>\n<blockquote class=\"twitter-tweet\" data-width=\"550\" data-dnt=\"true\">\n<p lang=\"pt\" dir=\"ltr\">Diego Ribas chegou e tinha tudo para fazer uma linda hist\u00f3ria no flamengo, mas estragou tudo! <a href=\"https:\/\/twitter.com\/hashtag\/ForaDiegoRibas?src=hash&amp;ref_src=twsrc%5Etfw\">#ForaDiegoRibas<\/a><\/p>\n<p>&mdash; RAC. (@nkcrf99) <a href=\"https:\/\/twitter.com\/nkcrf99\/status\/1519337811727552514?ref_src=twsrc%5Etfw\">April 27, 2022<\/a><\/p><\/blockquote>\n<p><script async src=\"https:\/\/platform.twitter.com\/widgets.js\" charset=\"utf-8\"><\/script><\/p>\n<blockquote class=\"twitter-tweet\" data-width=\"550\" data-dnt=\"true\">\n<p lang=\"pt\" dir=\"ltr\">Equil\u00edbrio mas que destila seu \u00f3dio, entrando numa sala aos berros se dirigindo a um jornalista, mas esqueceu o respeito com as outras pessoas que ali estavam, vc \u00e9 um fracasso dentro e fora de campo, vc \u00e9 negativo e n\u00e3o faz bem ao flamengo, <a href=\"https:\/\/twitter.com\/hashtag\/ForaDiegoRibas?src=hash&amp;ref_src=twsrc%5Etfw\">#ForaDiegoRibas<\/a>, eu \u00f1 te aguento mais.<\/p>\n<p>&mdash; flamengo at\u00e9 morrer. (@Fernand24983881) <a href=\"https:\/\/twitter.com\/Fernand24983881\/status\/1519148067416649728?ref_src=twsrc%5Etfw\">April 27, 2022<\/a><\/p><\/blockquote>\n<p><script async src=\"https:\/\/platform.twitter.com\/widgets.js\" charset=\"utf-8\"><\/script><\/p>\n<p>Retirado de: Torcedores<\/p>\n","protected":false},"excerpt":{"rendered":"<p>A paci\u00eancia da torcida do Flamengo parece estar se esgotando depois de mais uma atitude que gerou repercuss\u00e3o negativa no Flamengo. Na tarde de hoje (27), os adeptos do clube subiram a hashtag \u201c#ForaDiegoRibas\u201d no Twitter em rep\u00fadio \u00e0 postura do jogador contra o jornalista Ven\u00ea Casagrande. O epis\u00f3dio relatado aconteceu na manh\u00e3 de ontem [&hellip;]<\/p>\n","protected":false},"author":1,"featured_media":65013,"comment_status":"open","ping_status":"closed","sticky":false,"template":"","format":"standard","meta":{"footnotes":""},"categories":[48],"tags":[],"class_list":["post-80752","post","type-post","status-publish","format-standard","has-post-thumbnail","hentry","category-negociacoes"],"yoast_head":"<!-- This site is optimized with the Yoast SEO Premium plugin v24.2 (Yoast SEO v26.9) - https:\/\/yoast.com\/product\/yoast-seo-premium-wordpress\/ -->\n<title>Diego Ribas sofre press\u00e3o para deixar o Flamengo ap\u00f3s pol\u00eamica<\/title>\n<meta name=\"robots\" content=\"index, follow, max-snippet:-1, max-image-preview:large, max-video-preview:-1\" \/>\n<link rel=\"canonical\" href=\"https:\/\/www.gaveanews.com\/index.php\/2022\/04\/27\/diego-ribas-sofre-pressao-para-deixar-o-flamengo-apos-polemica\/\" \/>\n<meta property=\"og:locale\" content=\"pt_BR\" \/>\n<meta property=\"og:type\" content=\"article\" \/>\n<meta property=\"og:title\" content=\"Diego Ribas sofre press\u00e3o para deixar o Flamengo ap\u00f3s pol\u00eamica\" \/>\n<meta property=\"og:description\" content=\"A paci\u00eancia da torcida do Flamengo parece estar se esgotando depois de mais uma atitude que gerou repercuss\u00e3o negativa no Flamengo. Na tarde de hoje (27), os adeptos do clube subiram a hashtag \u201c#ForaDiegoRibas\u201d no Twitter em rep\u00fadio \u00e0 postura do jogador contra o jornalista Ven\u00ea Casagrande. O epis\u00f3dio relatado aconteceu na manh\u00e3 de ontem [&hellip;]\" \/>\n<meta property=\"og:url\" content=\"https:\/\/www.gaveanews.com\/index.php\/2022\/04\/27\/diego-ribas-sofre-pressao-para-deixar-o-flamengo-apos-polemica\/\" \/>\n<meta property=\"og:site_name\" content=\"G\u00e1vea News\" \/>\n<meta property=\"article:publisher\" content=\"https:\/\/facebook.com\/gaveaNews\/\" \/>\n<meta property=\"article:published_time\" content=\"2022-04-28T01:42:10+00:00\" \/>\n<meta property=\"og:image\" content=\"https:\/\/www.gaveanews.com\/wp-content\/uploads\/Diego-Ribas-em-acao-pelo-Flamengo-durante-a-partida-contra-o-ABC-pela-Copa-do-Brasil-da-temporada-de-2021.webp\" \/>\n\t<meta property=\"og:image:width\" content=\"799\" \/>\n\t<meta property=\"og:image:height\" content=\"533\" \/>\n\t<meta property=\"og:image:type\" content=\"image\/jpeg\" \/>\n<meta name=\"author\" content=\"Equipe G\u00e1vea News\" \/>\n<meta name=\"twitter:card\" content=\"summary_large_image\" \/>\n<meta name=\"twitter:label1\" content=\"Escrito por\" \/>\n\t<meta name=\"twitter:data1\" content=\"Equipe G\u00e1vea News\" \/>\n\t<meta name=\"twitter:label2\" content=\"Est. tempo de leitura\" \/>\n\t<meta name=\"twitter:data2\" content=\"2 minutos\" \/>\n<script type=\"application\/ld+json\" class=\"yoast-schema-graph\">{\"@context\":\"https:\/\/schema.org\",\"@graph\":[{\"@type\":\"NewsArticle\",\"@id\":\"https:\/\/www.gaveanews.com\/index.php\/2022\/04\/27\/diego-ribas-sofre-pressao-para-deixar-o-flamengo-apos-polemica\/#article\",\"isPartOf\":{\"@id\":\"https:\/\/www.gaveanews.com\/index.php\/2022\/04\/27\/diego-ribas-sofre-pressao-para-deixar-o-flamengo-apos-polemica\/\"},\"author\":{\"name\":\"Equipe G\u00e1vea News\",\"@id\":\"https:\/\/www.gaveanews.com\/#\/schema\/person\/2ec14f73fb96be2caf28f91afb14749d\"},\"headline\":\"Diego Ribas sofre press\u00e3o para deixar o Flamengo ap\u00f3s pol\u00eamica\",\"datePublished\":\"2022-04-28T01:42:10+00:00\",\"mainEntityOfPage\":{\"@id\":\"https:\/\/www.gaveanews.com\/index.php\/2022\/04\/27\/diego-ribas-sofre-pressao-para-deixar-o-flamengo-apos-polemica\/\"},\"wordCount\":288,\"commentCount\":0,\"image\":{\"@id\":\"https:\/\/www.gaveanews.com\/index.php\/2022\/04\/27\/diego-ribas-sofre-pressao-para-deixar-o-flamengo-apos-polemica\/#primaryimage\"},\"thumbnailUrl\":\"https:\/\/www.gaveanews.com\/wp-content\/uploads\/Diego-Ribas-em-acao-pelo-Flamengo-durante-a-partida-contra-o-ABC-pela-Copa-do-Brasil-da-temporada-de-2021.webp\",\"articleSection\":[\"Negocia\u00e7\u00f5es\"],\"inLanguage\":\"pt-BR\",\"potentialAction\":[{\"@type\":\"CommentAction\",\"name\":\"Comment\",\"target\":[\"https:\/\/www.gaveanews.com\/index.php\/2022\/04\/27\/diego-ribas-sofre-pressao-para-deixar-o-flamengo-apos-polemica\/#respond\"]}],\"copyrightYear\":\"2022\",\"copyrightHolder\":{\"@id\":\"https:\/\/www.gaveanews.com\/#organization\"}},{\"@type\":\"WebPage\",\"@id\":\"https:\/\/www.gaveanews.com\/index.php\/2022\/04\/27\/diego-ribas-sofre-pressao-para-deixar-o-flamengo-apos-polemica\/\",\"url\":\"https:\/\/www.gaveanews.com\/index.php\/2022\/04\/27\/diego-ribas-sofre-pressao-para-deixar-o-flamengo-apos-polemica\/\",\"name\":\"Diego Ribas sofre press\u00e3o para deixar o Flamengo ap\u00f3s pol\u00eamica\",\"isPartOf\":{\"@id\":\"https:\/\/www.gaveanews.com\/#website\"},\"primaryImageOfPage\":{\"@id\":\"https:\/\/www.gaveanews.com\/index.php\/2022\/04\/27\/diego-ribas-sofre-pressao-para-deixar-o-flamengo-apos-polemica\/#primaryimage\"},\"image\":{\"@id\":\"https:\/\/www.gaveanews.com\/index.php\/2022\/04\/27\/diego-ribas-sofre-pressao-para-deixar-o-flamengo-apos-polemica\/#primaryimage\"},\"thumbnailUrl\":\"https:\/\/www.gaveanews.com\/wp-content\/uploads\/Diego-Ribas-em-acao-pelo-Flamengo-durante-a-partida-contra-o-ABC-pela-Copa-do-Brasil-da-temporada-de-2021.webp\",\"datePublished\":\"2022-04-28T01:42:10+00:00\",\"author\":{\"@id\":\"https:\/\/www.gaveanews.com\/#\/schema\/person\/2ec14f73fb96be2caf28f91afb14749d\"},\"breadcrumb\":{\"@id\":\"https:\/\/www.gaveanews.com\/index.php\/2022\/04\/27\/diego-ribas-sofre-pressao-para-deixar-o-flamengo-apos-polemica\/#breadcrumb\"},\"inLanguage\":\"pt-BR\",\"potentialAction\":[{\"@type\":\"ReadAction\",\"target\":[\"https:\/\/www.gaveanews.com\/index.php\/2022\/04\/27\/diego-ribas-sofre-pressao-para-deixar-o-flamengo-apos-polemica\/\"]}]},{\"@type\":\"ImageObject\",\"inLanguage\":\"pt-BR\",\"@id\":\"https:\/\/www.gaveanews.com\/index.php\/2022\/04\/27\/diego-ribas-sofre-pressao-para-deixar-o-flamengo-apos-polemica\/#primaryimage\",\"url\":\"https:\/\/www.gaveanews.com\/wp-content\/uploads\/Diego-Ribas-em-acao-pelo-Flamengo-durante-a-partida-contra-o-ABC-pela-Copa-do-Brasil-da-temporada-de-2021.webp\",\"contentUrl\":\"https:\/\/www.gaveanews.com\/wp-content\/uploads\/Diego-Ribas-em-acao-pelo-Flamengo-durante-a-partida-contra-o-ABC-pela-Copa-do-Brasil-da-temporada-de-2021.webp\",\"width\":799,\"height\":533,\"caption\":\"Diego Ribas em a\u00e7\u00e3o pelo Flamengo durante a partida contra o ABC pela Copa do Brasil da temporada de 2021 (Foto: Alexandre Vidal\/Flamengo)\"},{\"@type\":\"BreadcrumbList\",\"@id\":\"https:\/\/www.gaveanews.com\/index.php\/2022\/04\/27\/diego-ribas-sofre-pressao-para-deixar-o-flamengo-apos-polemica\/#breadcrumb\",\"itemListElement\":[{\"@type\":\"ListItem\",\"position\":1,\"name\":\"Home\",\"item\":\"https:\/\/www.gaveanews.com\/\"},{\"@type\":\"ListItem\",\"position\":2,\"name\":\"Diego Ribas sofre press\u00e3o para deixar o Flamengo ap\u00f3s pol\u00eamica\"}]},{\"@type\":\"WebSite\",\"@id\":\"https:\/\/www.gaveanews.com\/#website\",\"url\":\"https:\/\/www.gaveanews.com\/\",\"name\":\"G\u00e1vea News\",\"description\":\"Veja todas as not\u00edcias sobre o Flamengo: Contrata\u00e7\u00f5es, categorias de base, resultados das partidas, tabela de classifica\u00e7\u00e3o, pr\u00f3ximos jogos!\",\"potentialAction\":[{\"@type\":\"SearchAction\",\"target\":{\"@type\":\"EntryPoint\",\"urlTemplate\":\"https:\/\/www.gaveanews.com\/?s={search_term_string}\"},\"query-input\":{\"@type\":\"PropertyValueSpecification\",\"valueRequired\":true,\"valueName\":\"search_term_string\"}}],\"inLanguage\":\"pt-BR\"},{\"@type\":\"Person\",\"@id\":\"https:\/\/www.gaveanews.com\/#\/schema\/person\/2ec14f73fb96be2caf28f91afb14749d\",\"name\":\"Equipe G\u00e1vea News\",\"image\":{\"@type\":\"ImageObject\",\"inLanguage\":\"pt-BR\",\"@id\":\"https:\/\/www.gaveanews.com\/#\/schema\/person\/image\/\",\"url\":\"https:\/\/secure.gravatar.com\/avatar\/1e1956f1facbffd3f8fa53a326721950116b3b9dc9bd44939c01180fd4a745a9?s=96&d=mm&r=g\",\"contentUrl\":\"https:\/\/secure.gravatar.com\/avatar\/1e1956f1facbffd3f8fa53a326721950116b3b9dc9bd44939c01180fd4a745a9?s=96&d=mm&r=g\",\"caption\":\"Equipe G\u00e1vea News\"}}]}<\/script>\n<!-- \/ Yoast SEO Premium plugin. -->","yoast_head_json":{"title":"Diego Ribas sofre press\u00e3o para deixar o Flamengo ap\u00f3s pol\u00eamica","robots":{"index":"index","follow":"follow","max-snippet":"max-snippet:-1","max-image-preview":"max-image-preview:large","max-video-preview":"max-video-preview:-1"},"canonical":"https:\/\/www.gaveanews.com\/index.php\/2022\/04\/27\/diego-ribas-sofre-pressao-para-deixar-o-flamengo-apos-polemica\/","og_locale":"pt_BR","og_type":"article","og_title":"Diego Ribas sofre press\u00e3o para deixar o Flamengo ap\u00f3s pol\u00eamica","og_description":"A paci\u00eancia da torcida do Flamengo parece estar se esgotando depois de mais uma atitude que gerou repercuss\u00e3o negativa no Flamengo. Na tarde de hoje (27), os adeptos do clube subiram a hashtag \u201c#ForaDiegoRibas\u201d no Twitter em rep\u00fadio \u00e0 postura do jogador contra o jornalista Ven\u00ea Casagrande. O epis\u00f3dio relatado aconteceu na manh\u00e3 de ontem [&hellip;]","og_url":"https:\/\/www.gaveanews.com\/index.php\/2022\/04\/27\/diego-ribas-sofre-pressao-para-deixar-o-flamengo-apos-polemica\/","og_site_name":"G\u00e1vea News","article_publisher":"https:\/\/facebook.com\/gaveaNews\/","article_published_time":"2022-04-28T01:42:10+00:00","og_image":[{"width":799,"height":533,"url":"https:\/\/www.gaveanews.com\/wp-content\/uploads\/Diego-Ribas-em-acao-pelo-Flamengo-durante-a-partida-contra-o-ABC-pela-Copa-do-Brasil-da-temporada-de-2021.webp","type":"image\/jpeg"}],"author":"Equipe G\u00e1vea News","twitter_card":"summary_large_image","twitter_misc":{"Escrito por":"Equipe G\u00e1vea News","Est. tempo de leitura":"2 minutos"},"schema":{"@context":"https:\/\/schema.org","@graph":[{"@type":"NewsArticle","@id":"https:\/\/www.gaveanews.com\/index.php\/2022\/04\/27\/diego-ribas-sofre-pressao-para-deixar-o-flamengo-apos-polemica\/#article","isPartOf":{"@id":"https:\/\/www.gaveanews.com\/index.php\/2022\/04\/27\/diego-ribas-sofre-pressao-para-deixar-o-flamengo-apos-polemica\/"},"author":{"name":"Equipe G\u00e1vea News","@id":"https:\/\/www.gaveanews.com\/#\/schema\/person\/2ec14f73fb96be2caf28f91afb14749d"},"headline":"Diego Ribas sofre press\u00e3o para deixar o Flamengo ap\u00f3s pol\u00eamica","datePublished":"2022-04-28T01:42:10+00:00","mainEntityOfPage":{"@id":"https:\/\/www.gaveanews.com\/index.php\/2022\/04\/27\/diego-ribas-sofre-pressao-para-deixar-o-flamengo-apos-polemica\/"},"wordCount":288,"commentCount":0,"image":{"@id":"https:\/\/www.gaveanews.com\/index.php\/2022\/04\/27\/diego-ribas-sofre-pressao-para-deixar-o-flamengo-apos-polemica\/#primaryimage"},"thumbnailUrl":"https:\/\/www.gaveanews.com\/wp-content\/uploads\/Diego-Ribas-em-acao-pelo-Flamengo-durante-a-partida-contra-o-ABC-pela-Copa-do-Brasil-da-temporada-de-2021.webp","articleSection":["Negocia\u00e7\u00f5es"],"inLanguage":"pt-BR","potentialAction":[{"@type":"CommentAction","name":"Comment","target":["https:\/\/www.gaveanews.com\/index.php\/2022\/04\/27\/diego-ribas-sofre-pressao-para-deixar-o-flamengo-apos-polemica\/#respond"]}],"copyrightYear":"2022","copyrightHolder":{"@id":"https:\/\/www.gaveanews.com\/#organization"}},{"@type":"WebPage","@id":"https:\/\/www.gaveanews.com\/index.php\/2022\/04\/27\/diego-ribas-sofre-pressao-para-deixar-o-flamengo-apos-polemica\/","url":"https:\/\/www.gaveanews.com\/index.php\/2022\/04\/27\/diego-ribas-sofre-pressao-para-deixar-o-flamengo-apos-polemica\/","name":"Diego Ribas sofre press\u00e3o para deixar o Flamengo ap\u00f3s pol\u00eamica","isPartOf":{"@id":"https:\/\/www.gaveanews.com\/#website"},"primaryImageOfPage":{"@id":"https:\/\/www.gaveanews.com\/index.php\/2022\/04\/27\/diego-ribas-sofre-pressao-para-deixar-o-flamengo-apos-polemica\/#primaryimage"},"image":{"@id":"https:\/\/www.gaveanews.com\/index.php\/2022\/04\/27\/diego-ribas-sofre-pressao-para-deixar-o-flamengo-apos-polemica\/#primaryimage"},"thumbnailUrl":"https:\/\/www.gaveanews.com\/wp-content\/uploads\/Diego-Ribas-em-acao-pelo-Flamengo-durante-a-partida-contra-o-ABC-pela-Copa-do-Brasil-da-temporada-de-2021.webp","datePublished":"2022-04-28T01:42:10+00:00","author":{"@id":"https:\/\/www.gaveanews.com\/#\/schema\/person\/2ec14f73fb96be2caf28f91afb14749d"},"breadcrumb":{"@id":"https:\/\/www.gaveanews.com\/index.php\/2022\/04\/27\/diego-ribas-sofre-pressao-para-deixar-o-flamengo-apos-polemica\/#breadcrumb"},"inLanguage":"pt-BR","potentialAction":[{"@type":"ReadAction","target":["https:\/\/www.gaveanews.com\/index.php\/2022\/04\/27\/diego-ribas-sofre-pressao-para-deixar-o-flamengo-apos-polemica\/"]}]},{"@type":"ImageObject","inLanguage":"pt-BR","@id":"https:\/\/www.gaveanews.com\/index.php\/2022\/04\/27\/diego-ribas-sofre-pressao-para-deixar-o-flamengo-apos-polemica\/#primaryimage","url":"https:\/\/www.gaveanews.com\/wp-content\/uploads\/Diego-Ribas-em-acao-pelo-Flamengo-durante-a-partida-contra-o-ABC-pela-Copa-do-Brasil-da-temporada-de-2021.webp","contentUrl":"https:\/\/www.gaveanews.com\/wp-content\/uploads\/Diego-Ribas-em-acao-pelo-Flamengo-durante-a-partida-contra-o-ABC-pela-Copa-do-Brasil-da-temporada-de-2021.webp","width":799,"height":533,"caption":"Diego Ribas em a\u00e7\u00e3o pelo Flamengo durante a partida contra o ABC pela Copa do Brasil da temporada de 2021 (Foto: Alexandre Vidal\/Flamengo)"},{"@type":"BreadcrumbList","@id":"https:\/\/www.gaveanews.com\/index.php\/2022\/04\/27\/diego-ribas-sofre-pressao-para-deixar-o-flamengo-apos-polemica\/#breadcrumb","itemListElement":[{"@type":"ListItem","position":1,"name":"Home","item":"https:\/\/www.gaveanews.com\/"},{"@type":"ListItem","position":2,"name":"Diego Ribas sofre press\u00e3o para deixar o Flamengo ap\u00f3s pol\u00eamica"}]},{"@type":"WebSite","@id":"https:\/\/www.gaveanews.com\/#website","url":"https:\/\/www.gaveanews.com\/","name":"G\u00e1vea News","description":"Veja todas as not\u00edcias sobre o Flamengo: Contrata\u00e7\u00f5es, categorias de base, resultados das partidas, tabela de classifica\u00e7\u00e3o, pr\u00f3ximos jogos!","potentialAction":[{"@type":"SearchAction","target":{"@type":"EntryPoint","urlTemplate":"https:\/\/www.gaveanews.com\/?s={search_term_string}"},"query-input":{"@type":"PropertyValueSpecification","valueRequired":true,"valueName":"search_term_string"}}],"inLanguage":"pt-BR"},{"@type":"Person","@id":"https:\/\/www.gaveanews.com\/#\/schema\/person\/2ec14f73fb96be2caf28f91afb14749d","name":"Equipe G\u00e1vea News","image":{"@type":"ImageObject","inLanguage":"pt-BR","@id":"https:\/\/www.gaveanews.com\/#\/schema\/person\/image\/","url":"https:\/\/secure.gravatar.com\/avatar\/1e1956f1facbffd3f8fa53a326721950116b3b9dc9bd44939c01180fd4a745a9?s=96&d=mm&r=g","contentUrl":"https:\/\/secure.gravatar.com\/avatar\/1e1956f1facbffd3f8fa53a326721950116b3b9dc9bd44939c01180fd4a745a9?s=96&d=mm&r=g","caption":"Equipe G\u00e1vea News"}}]}},"_links":{"self":[{"href":"https:\/\/www.gaveanews.com\/index.php\/wp-json\/wp\/v2\/posts\/80752","targetHints":{"allow":["GET"]}}],"collection":[{"href":"https:\/\/www.gaveanews.com\/index.php\/wp-json\/wp\/v2\/posts"}],"about":[{"href":"https:\/\/www.gaveanews.com\/index.php\/wp-json\/wp\/v2\/types\/post"}],"author":[{"embeddable":true,"href":"https:\/\/www.gaveanews.com\/index.php\/wp-json\/wp\/v2\/users\/1"}],"replies":[{"embeddable":true,"href":"https:\/\/www.gaveanews.com\/index.php\/wp-json\/wp\/v2\/comments?post=80752"}],"version-history":[{"count":0,"href":"https:\/\/www.gaveanews.com\/index.php\/wp-json\/wp\/v2\/posts\/80752\/revisions"}],"wp:featuredmedia":[{"embeddable":true,"href":"https:\/\/www.gaveanews.com\/index.php\/wp-json\/wp\/v2\/media\/65013"}],"wp:attachment":[{"href":"https:\/\/www.gaveanews.com\/index.php\/wp-json\/wp\/v2\/media?parent=80752"}],"wp:term":[{"taxonomy":"category","embeddable":true,"href":"https:\/\/www.gaveanews.com\/index.php\/wp-json\/wp\/v2\/categories?post=80752"},{"taxonomy":"post_tag","embeddable":true,"href":"https:\/\/www.gaveanews.com\/index.php\/wp-json\/wp\/v2\/tags?post=80752"}],"curies":[{"name":"wp","href":"https:\/\/api.w.org\/{rel}","templated":true}]}}