{"id":80804,"date":"2022-04-28T17:02:39","date_gmt":"2022-04-28T20:02:39","guid":{"rendered":"https:\/\/www.gaveanews.com\/?p=80804"},"modified":"2024-04-06T23:05:57","modified_gmt":"2024-04-07T02:05:57","slug":"mauro-cezar-cobra-punicao-para-diego-ribas-nao-e-dono-do-flamengo","status":"publish","type":"post","link":"https:\/\/www.gaveanews.com\/index.php\/2022\/04\/28\/mauro-cezar-cobra-punicao-para-diego-ribas-nao-e-dono-do-flamengo\/","title":{"rendered":"Mauro Cezar cobra puni\u00e7\u00e3o para Diego Ribas: \u201cN\u00e3o \u00e9 dono do Flamengo\u201d"},"content":{"rendered":"<p>Durante o programa Bate Pronto, da Jovem Pan, Mauro Cezar Pereira repudiou a atitude de Diego Ribas com Ven\u00ea Casagrande. Presente no Ninho do Urubu para entrevistar Thiago Maia, o jornalista foi surpreendido pelo camisa 10, que ironizou o profissionalismo do rep\u00f3rter ao utilizar o termo \u201chomem das meias palavras\u201d, situa\u00e7\u00e3o que causou um constrangimento n\u00edtido no local.<\/p>\n<p>Diante disso, Mauro Cezar acredita que Diego merece ser punido pelo Flamengo. Isso porque o meia invadiu um local que n\u00e3o foi chamado e tomou uma atitude que transmite uma imagem de bagun\u00e7a no clube.<\/p>\n<p>\u201cOs dirigentes do Flamengo tem obriga\u00e7\u00e3o de tomar uma medida com o Diego. Ele n\u00e3o \u00e9 dono do Flamengo. N\u00e3o tem o direito de abordar um profissional, por mais que ele n\u00e3o goste do cara. Ele faria isso na Juventus, Atl\u00e9tico de Madrid, Wolfsburg, Werder Bremen, Fenerbah\u00e7e? Tenho d\u00favidas. \u00c9 uma insubordina\u00e7\u00e3o, falta de hierarquia\u2026 \u00c9 uma bagun\u00e7a\u201d, disse.<\/p>\n<p>Se aprofundando na pol\u00eamica, Mauro Cezar apontou que Diego Ribas deveria ter tido uma postura mais reservada. Sendo assim, o comportamento indicado para o momento seria convidar o jornalista para uma sala reservada e ter uma conversa franca sobre o trabalho do comunicador, algo que n\u00e3o foi feito.<\/p>\n<p>\u201cEle poderia ter pedido \u00e0 assessoria de imprensa: \u2018Faz a gentileza, eu quero conversar com ele. Falar com ele particularmente\u2019. De repente, se resolve o problema ou n\u00e3o, mas ele fala na cara do sujeito. Ele exp\u00f4s o Flamengo e o clube tem que tomar uma medida. \u00c9 um absurdo o que o Diego fez. Ele pode at\u00e9 ter motivos para n\u00e3o gostar do rep\u00f3rter, mas a forma est\u00e1 errada! Quando ele faz isso em p\u00fablico, fica a imagem de bagun\u00e7a. Ele entrou em uma sala que n\u00e3o foi convidado, faz um v\u00eddeo, causa um constrangimento e para os profissionais do clube. Um atleta acertar as contas ali, \u00e9 bizarro. O Flamengo tem a obriga\u00e7\u00e3o de fazer uma coisa, o que eu n\u00e3o sei!\u201d, completou.<\/p>\n<p>Retirado de: Torcedores<\/p>\n","protected":false},"excerpt":{"rendered":"<p>Durante o programa Bate Pronto, da Jovem Pan, Mauro Cezar Pereira repudiou a atitude de Diego Ribas com Ven\u00ea Casagrande. Presente no Ninho do Urubu para entrevistar Thiago Maia, o jornalista foi surpreendido pelo camisa 10, que ironizou o profissionalismo do rep\u00f3rter ao utilizar o termo \u201chomem das meias palavras\u201d, situa\u00e7\u00e3o que causou um constrangimento [&hellip;]<\/p>\n","protected":false},"author":1,"featured_media":71613,"comment_status":"open","ping_status":"closed","sticky":false,"template":"","format":"standard","meta":{"footnotes":""},"categories":[47],"tags":[170],"class_list":["post-80804","post","type-post","status-publish","format-standard","has-post-thumbnail","hentry","category-destaques","tag-mauro-cezar-pereira"],"yoast_head":"<!-- This site is optimized with the Yoast SEO Premium plugin v24.2 (Yoast SEO v26.9) - https:\/\/yoast.com\/product\/yoast-seo-premium-wordpress\/ -->\n<title>Mauro Cezar cobra puni\u00e7\u00e3o para Diego Ribas: \u201cN\u00e3o \u00e9 dono do Flamengo\u201d<\/title>\n<meta name=\"robots\" content=\"index, follow, max-snippet:-1, max-image-preview:large, max-video-preview:-1\" \/>\n<link rel=\"canonical\" href=\"https:\/\/www.gaveanews.com\/index.php\/2022\/04\/28\/mauro-cezar-cobra-punicao-para-diego-ribas-nao-e-dono-do-flamengo\/\" \/>\n<meta property=\"og:locale\" content=\"pt_BR\" \/>\n<meta property=\"og:type\" content=\"article\" \/>\n<meta property=\"og:title\" content=\"Mauro Cezar cobra puni\u00e7\u00e3o para Diego Ribas: \u201cN\u00e3o \u00e9 dono do Flamengo\u201d\" \/>\n<meta property=\"og:description\" content=\"Durante o programa Bate Pronto, da Jovem Pan, Mauro Cezar Pereira repudiou a atitude de Diego Ribas com Ven\u00ea Casagrande. Presente no Ninho do Urubu para entrevistar Thiago Maia, o jornalista foi surpreendido pelo camisa 10, que ironizou o profissionalismo do rep\u00f3rter ao utilizar o termo \u201chomem das meias palavras\u201d, situa\u00e7\u00e3o que causou um constrangimento [&hellip;]\" \/>\n<meta property=\"og:url\" content=\"https:\/\/www.gaveanews.com\/index.php\/2022\/04\/28\/mauro-cezar-cobra-punicao-para-diego-ribas-nao-e-dono-do-flamengo\/\" \/>\n<meta property=\"og:site_name\" content=\"G\u00e1vea News\" \/>\n<meta property=\"article:publisher\" content=\"https:\/\/facebook.com\/gaveaNews\/\" \/>\n<meta property=\"article:published_time\" content=\"2022-04-28T20:02:39+00:00\" \/>\n<meta property=\"article:modified_time\" content=\"2024-04-07T02:05:57+00:00\" \/>\n<meta property=\"og:image\" content=\"https:\/\/www.gaveanews.com\/wp-content\/uploads\/Diego-Ribas-durante-o-jogo-entre-Flamengo-e-Bahia-pelo-Campeonato-Brasileiro-de-2021.webp\" \/>\n\t<meta property=\"og:image:width\" content=\"800\" \/>\n\t<meta property=\"og:image:height\" content=\"532\" \/>\n\t<meta property=\"og:image:type\" content=\"image\/jpeg\" \/>\n<meta name=\"author\" content=\"Equipe G\u00e1vea News\" \/>\n<meta name=\"twitter:card\" content=\"summary_large_image\" \/>\n<meta name=\"twitter:label1\" content=\"Escrito por\" \/>\n\t<meta name=\"twitter:data1\" content=\"Equipe G\u00e1vea News\" \/>\n\t<meta name=\"twitter:label2\" content=\"Est. tempo de leitura\" \/>\n\t<meta name=\"twitter:data2\" content=\"2 minutos\" \/>\n<script type=\"application\/ld+json\" class=\"yoast-schema-graph\">{\"@context\":\"https:\/\/schema.org\",\"@graph\":[{\"@type\":\"NewsArticle\",\"@id\":\"https:\/\/www.gaveanews.com\/index.php\/2022\/04\/28\/mauro-cezar-cobra-punicao-para-diego-ribas-nao-e-dono-do-flamengo\/#article\",\"isPartOf\":{\"@id\":\"https:\/\/www.gaveanews.com\/index.php\/2022\/04\/28\/mauro-cezar-cobra-punicao-para-diego-ribas-nao-e-dono-do-flamengo\/\"},\"author\":{\"name\":\"Equipe G\u00e1vea News\",\"@id\":\"https:\/\/www.gaveanews.com\/#\/schema\/person\/2ec14f73fb96be2caf28f91afb14749d\"},\"headline\":\"Mauro Cezar cobra puni\u00e7\u00e3o para Diego Ribas: \u201cN\u00e3o \u00e9 dono do Flamengo\u201d\",\"datePublished\":\"2022-04-28T20:02:39+00:00\",\"dateModified\":\"2024-04-07T02:05:57+00:00\",\"mainEntityOfPage\":{\"@id\":\"https:\/\/www.gaveanews.com\/index.php\/2022\/04\/28\/mauro-cezar-cobra-punicao-para-diego-ribas-nao-e-dono-do-flamengo\/\"},\"wordCount\":360,\"commentCount\":0,\"image\":{\"@id\":\"https:\/\/www.gaveanews.com\/index.php\/2022\/04\/28\/mauro-cezar-cobra-punicao-para-diego-ribas-nao-e-dono-do-flamengo\/#primaryimage\"},\"thumbnailUrl\":\"https:\/\/www.gaveanews.com\/wp-content\/uploads\/Diego-Ribas-durante-o-jogo-entre-Flamengo-e-Bahia-pelo-Campeonato-Brasileiro-de-2021.webp\",\"keywords\":[\"Mauro Cezar Pereira\"],\"articleSection\":[\"Destaques\"],\"inLanguage\":\"pt-BR\",\"potentialAction\":[{\"@type\":\"CommentAction\",\"name\":\"Comment\",\"target\":[\"https:\/\/www.gaveanews.com\/index.php\/2022\/04\/28\/mauro-cezar-cobra-punicao-para-diego-ribas-nao-e-dono-do-flamengo\/#respond\"]}],\"copyrightYear\":\"2022\",\"copyrightHolder\":{\"@id\":\"https:\/\/www.gaveanews.com\/#organization\"}},{\"@type\":\"WebPage\",\"@id\":\"https:\/\/www.gaveanews.com\/index.php\/2022\/04\/28\/mauro-cezar-cobra-punicao-para-diego-ribas-nao-e-dono-do-flamengo\/\",\"url\":\"https:\/\/www.gaveanews.com\/index.php\/2022\/04\/28\/mauro-cezar-cobra-punicao-para-diego-ribas-nao-e-dono-do-flamengo\/\",\"name\":\"Mauro Cezar cobra puni\u00e7\u00e3o para Diego Ribas: \u201cN\u00e3o \u00e9 dono do Flamengo\u201d\",\"isPartOf\":{\"@id\":\"https:\/\/www.gaveanews.com\/#website\"},\"primaryImageOfPage\":{\"@id\":\"https:\/\/www.gaveanews.com\/index.php\/2022\/04\/28\/mauro-cezar-cobra-punicao-para-diego-ribas-nao-e-dono-do-flamengo\/#primaryimage\"},\"image\":{\"@id\":\"https:\/\/www.gaveanews.com\/index.php\/2022\/04\/28\/mauro-cezar-cobra-punicao-para-diego-ribas-nao-e-dono-do-flamengo\/#primaryimage\"},\"thumbnailUrl\":\"https:\/\/www.gaveanews.com\/wp-content\/uploads\/Diego-Ribas-durante-o-jogo-entre-Flamengo-e-Bahia-pelo-Campeonato-Brasileiro-de-2021.webp\",\"datePublished\":\"2022-04-28T20:02:39+00:00\",\"dateModified\":\"2024-04-07T02:05:57+00:00\",\"author\":{\"@id\":\"https:\/\/www.gaveanews.com\/#\/schema\/person\/2ec14f73fb96be2caf28f91afb14749d\"},\"breadcrumb\":{\"@id\":\"https:\/\/www.gaveanews.com\/index.php\/2022\/04\/28\/mauro-cezar-cobra-punicao-para-diego-ribas-nao-e-dono-do-flamengo\/#breadcrumb\"},\"inLanguage\":\"pt-BR\",\"potentialAction\":[{\"@type\":\"ReadAction\",\"target\":[\"https:\/\/www.gaveanews.com\/index.php\/2022\/04\/28\/mauro-cezar-cobra-punicao-para-diego-ribas-nao-e-dono-do-flamengo\/\"]}]},{\"@type\":\"ImageObject\",\"inLanguage\":\"pt-BR\",\"@id\":\"https:\/\/www.gaveanews.com\/index.php\/2022\/04\/28\/mauro-cezar-cobra-punicao-para-diego-ribas-nao-e-dono-do-flamengo\/#primaryimage\",\"url\":\"https:\/\/www.gaveanews.com\/wp-content\/uploads\/Diego-Ribas-durante-o-jogo-entre-Flamengo-e-Bahia-pelo-Campeonato-Brasileiro-de-2021.webp\",\"contentUrl\":\"https:\/\/www.gaveanews.com\/wp-content\/uploads\/Diego-Ribas-durante-o-jogo-entre-Flamengo-e-Bahia-pelo-Campeonato-Brasileiro-de-2021.webp\",\"width\":800,\"height\":532,\"caption\":\"Diego Ribas durante o jogo entre Flamengo e Bahia pelo Campeonato Brasileiro de 2021 (Foto: Alexandre Vidal\/Flamengo)\"},{\"@type\":\"BreadcrumbList\",\"@id\":\"https:\/\/www.gaveanews.com\/index.php\/2022\/04\/28\/mauro-cezar-cobra-punicao-para-diego-ribas-nao-e-dono-do-flamengo\/#breadcrumb\",\"itemListElement\":[{\"@type\":\"ListItem\",\"position\":1,\"name\":\"Home\",\"item\":\"https:\/\/www.gaveanews.com\/\"},{\"@type\":\"ListItem\",\"position\":2,\"name\":\"Mauro Cezar cobra puni\u00e7\u00e3o para Diego Ribas: \u201cN\u00e3o \u00e9 dono do Flamengo\u201d\"}]},{\"@type\":\"WebSite\",\"@id\":\"https:\/\/www.gaveanews.com\/#website\",\"url\":\"https:\/\/www.gaveanews.com\/\",\"name\":\"G\u00e1vea News\",\"description\":\"Veja todas as not\u00edcias sobre o Flamengo: Contrata\u00e7\u00f5es, categorias de base, resultados das partidas, tabela de classifica\u00e7\u00e3o, pr\u00f3ximos jogos!\",\"potentialAction\":[{\"@type\":\"SearchAction\",\"target\":{\"@type\":\"EntryPoint\",\"urlTemplate\":\"https:\/\/www.gaveanews.com\/?s={search_term_string}\"},\"query-input\":{\"@type\":\"PropertyValueSpecification\",\"valueRequired\":true,\"valueName\":\"search_term_string\"}}],\"inLanguage\":\"pt-BR\"},{\"@type\":\"Person\",\"@id\":\"https:\/\/www.gaveanews.com\/#\/schema\/person\/2ec14f73fb96be2caf28f91afb14749d\",\"name\":\"Equipe G\u00e1vea News\",\"image\":{\"@type\":\"ImageObject\",\"inLanguage\":\"pt-BR\",\"@id\":\"https:\/\/www.gaveanews.com\/#\/schema\/person\/image\/\",\"url\":\"https:\/\/secure.gravatar.com\/avatar\/1e1956f1facbffd3f8fa53a326721950116b3b9dc9bd44939c01180fd4a745a9?s=96&d=mm&r=g\",\"contentUrl\":\"https:\/\/secure.gravatar.com\/avatar\/1e1956f1facbffd3f8fa53a326721950116b3b9dc9bd44939c01180fd4a745a9?s=96&d=mm&r=g\",\"caption\":\"Equipe G\u00e1vea News\"}}]}<\/script>\n<!-- \/ Yoast SEO Premium plugin. -->","yoast_head_json":{"title":"Mauro Cezar cobra puni\u00e7\u00e3o para Diego Ribas: \u201cN\u00e3o \u00e9 dono do Flamengo\u201d","robots":{"index":"index","follow":"follow","max-snippet":"max-snippet:-1","max-image-preview":"max-image-preview:large","max-video-preview":"max-video-preview:-1"},"canonical":"https:\/\/www.gaveanews.com\/index.php\/2022\/04\/28\/mauro-cezar-cobra-punicao-para-diego-ribas-nao-e-dono-do-flamengo\/","og_locale":"pt_BR","og_type":"article","og_title":"Mauro Cezar cobra puni\u00e7\u00e3o para Diego Ribas: \u201cN\u00e3o \u00e9 dono do Flamengo\u201d","og_description":"Durante o programa Bate Pronto, da Jovem Pan, Mauro Cezar Pereira repudiou a atitude de Diego Ribas com Ven\u00ea Casagrande. Presente no Ninho do Urubu para entrevistar Thiago Maia, o jornalista foi surpreendido pelo camisa 10, que ironizou o profissionalismo do rep\u00f3rter ao utilizar o termo \u201chomem das meias palavras\u201d, situa\u00e7\u00e3o que causou um constrangimento [&hellip;]","og_url":"https:\/\/www.gaveanews.com\/index.php\/2022\/04\/28\/mauro-cezar-cobra-punicao-para-diego-ribas-nao-e-dono-do-flamengo\/","og_site_name":"G\u00e1vea News","article_publisher":"https:\/\/facebook.com\/gaveaNews\/","article_published_time":"2022-04-28T20:02:39+00:00","article_modified_time":"2024-04-07T02:05:57+00:00","og_image":[{"width":800,"height":532,"url":"https:\/\/www.gaveanews.com\/wp-content\/uploads\/Diego-Ribas-durante-o-jogo-entre-Flamengo-e-Bahia-pelo-Campeonato-Brasileiro-de-2021.webp","type":"image\/jpeg"}],"author":"Equipe G\u00e1vea News","twitter_card":"summary_large_image","twitter_misc":{"Escrito por":"Equipe G\u00e1vea News","Est. tempo de leitura":"2 minutos"},"schema":{"@context":"https:\/\/schema.org","@graph":[{"@type":"NewsArticle","@id":"https:\/\/www.gaveanews.com\/index.php\/2022\/04\/28\/mauro-cezar-cobra-punicao-para-diego-ribas-nao-e-dono-do-flamengo\/#article","isPartOf":{"@id":"https:\/\/www.gaveanews.com\/index.php\/2022\/04\/28\/mauro-cezar-cobra-punicao-para-diego-ribas-nao-e-dono-do-flamengo\/"},"author":{"name":"Equipe G\u00e1vea News","@id":"https:\/\/www.gaveanews.com\/#\/schema\/person\/2ec14f73fb96be2caf28f91afb14749d"},"headline":"Mauro Cezar cobra puni\u00e7\u00e3o para Diego Ribas: \u201cN\u00e3o \u00e9 dono do Flamengo\u201d","datePublished":"2022-04-28T20:02:39+00:00","dateModified":"2024-04-07T02:05:57+00:00","mainEntityOfPage":{"@id":"https:\/\/www.gaveanews.com\/index.php\/2022\/04\/28\/mauro-cezar-cobra-punicao-para-diego-ribas-nao-e-dono-do-flamengo\/"},"wordCount":360,"commentCount":0,"image":{"@id":"https:\/\/www.gaveanews.com\/index.php\/2022\/04\/28\/mauro-cezar-cobra-punicao-para-diego-ribas-nao-e-dono-do-flamengo\/#primaryimage"},"thumbnailUrl":"https:\/\/www.gaveanews.com\/wp-content\/uploads\/Diego-Ribas-durante-o-jogo-entre-Flamengo-e-Bahia-pelo-Campeonato-Brasileiro-de-2021.webp","keywords":["Mauro Cezar Pereira"],"articleSection":["Destaques"],"inLanguage":"pt-BR","potentialAction":[{"@type":"CommentAction","name":"Comment","target":["https:\/\/www.gaveanews.com\/index.php\/2022\/04\/28\/mauro-cezar-cobra-punicao-para-diego-ribas-nao-e-dono-do-flamengo\/#respond"]}],"copyrightYear":"2022","copyrightHolder":{"@id":"https:\/\/www.gaveanews.com\/#organization"}},{"@type":"WebPage","@id":"https:\/\/www.gaveanews.com\/index.php\/2022\/04\/28\/mauro-cezar-cobra-punicao-para-diego-ribas-nao-e-dono-do-flamengo\/","url":"https:\/\/www.gaveanews.com\/index.php\/2022\/04\/28\/mauro-cezar-cobra-punicao-para-diego-ribas-nao-e-dono-do-flamengo\/","name":"Mauro Cezar cobra puni\u00e7\u00e3o para Diego Ribas: \u201cN\u00e3o \u00e9 dono do Flamengo\u201d","isPartOf":{"@id":"https:\/\/www.gaveanews.com\/#website"},"primaryImageOfPage":{"@id":"https:\/\/www.gaveanews.com\/index.php\/2022\/04\/28\/mauro-cezar-cobra-punicao-para-diego-ribas-nao-e-dono-do-flamengo\/#primaryimage"},"image":{"@id":"https:\/\/www.gaveanews.com\/index.php\/2022\/04\/28\/mauro-cezar-cobra-punicao-para-diego-ribas-nao-e-dono-do-flamengo\/#primaryimage"},"thumbnailUrl":"https:\/\/www.gaveanews.com\/wp-content\/uploads\/Diego-Ribas-durante-o-jogo-entre-Flamengo-e-Bahia-pelo-Campeonato-Brasileiro-de-2021.webp","datePublished":"2022-04-28T20:02:39+00:00","dateModified":"2024-04-07T02:05:57+00:00","author":{"@id":"https:\/\/www.gaveanews.com\/#\/schema\/person\/2ec14f73fb96be2caf28f91afb14749d"},"breadcrumb":{"@id":"https:\/\/www.gaveanews.com\/index.php\/2022\/04\/28\/mauro-cezar-cobra-punicao-para-diego-ribas-nao-e-dono-do-flamengo\/#breadcrumb"},"inLanguage":"pt-BR","potentialAction":[{"@type":"ReadAction","target":["https:\/\/www.gaveanews.com\/index.php\/2022\/04\/28\/mauro-cezar-cobra-punicao-para-diego-ribas-nao-e-dono-do-flamengo\/"]}]},{"@type":"ImageObject","inLanguage":"pt-BR","@id":"https:\/\/www.gaveanews.com\/index.php\/2022\/04\/28\/mauro-cezar-cobra-punicao-para-diego-ribas-nao-e-dono-do-flamengo\/#primaryimage","url":"https:\/\/www.gaveanews.com\/wp-content\/uploads\/Diego-Ribas-durante-o-jogo-entre-Flamengo-e-Bahia-pelo-Campeonato-Brasileiro-de-2021.webp","contentUrl":"https:\/\/www.gaveanews.com\/wp-content\/uploads\/Diego-Ribas-durante-o-jogo-entre-Flamengo-e-Bahia-pelo-Campeonato-Brasileiro-de-2021.webp","width":800,"height":532,"caption":"Diego Ribas durante o jogo entre Flamengo e Bahia pelo Campeonato Brasileiro de 2021 (Foto: Alexandre Vidal\/Flamengo)"},{"@type":"BreadcrumbList","@id":"https:\/\/www.gaveanews.com\/index.php\/2022\/04\/28\/mauro-cezar-cobra-punicao-para-diego-ribas-nao-e-dono-do-flamengo\/#breadcrumb","itemListElement":[{"@type":"ListItem","position":1,"name":"Home","item":"https:\/\/www.gaveanews.com\/"},{"@type":"ListItem","position":2,"name":"Mauro Cezar cobra puni\u00e7\u00e3o para Diego Ribas: \u201cN\u00e3o \u00e9 dono do Flamengo\u201d"}]},{"@type":"WebSite","@id":"https:\/\/www.gaveanews.com\/#website","url":"https:\/\/www.gaveanews.com\/","name":"G\u00e1vea News","description":"Veja todas as not\u00edcias sobre o Flamengo: Contrata\u00e7\u00f5es, categorias de base, resultados das partidas, tabela de classifica\u00e7\u00e3o, pr\u00f3ximos jogos!","potentialAction":[{"@type":"SearchAction","target":{"@type":"EntryPoint","urlTemplate":"https:\/\/www.gaveanews.com\/?s={search_term_string}"},"query-input":{"@type":"PropertyValueSpecification","valueRequired":true,"valueName":"search_term_string"}}],"inLanguage":"pt-BR"},{"@type":"Person","@id":"https:\/\/www.gaveanews.com\/#\/schema\/person\/2ec14f73fb96be2caf28f91afb14749d","name":"Equipe G\u00e1vea News","image":{"@type":"ImageObject","inLanguage":"pt-BR","@id":"https:\/\/www.gaveanews.com\/#\/schema\/person\/image\/","url":"https:\/\/secure.gravatar.com\/avatar\/1e1956f1facbffd3f8fa53a326721950116b3b9dc9bd44939c01180fd4a745a9?s=96&d=mm&r=g","contentUrl":"https:\/\/secure.gravatar.com\/avatar\/1e1956f1facbffd3f8fa53a326721950116b3b9dc9bd44939c01180fd4a745a9?s=96&d=mm&r=g","caption":"Equipe G\u00e1vea News"}}]}},"_links":{"self":[{"href":"https:\/\/www.gaveanews.com\/index.php\/wp-json\/wp\/v2\/posts\/80804","targetHints":{"allow":["GET"]}}],"collection":[{"href":"https:\/\/www.gaveanews.com\/index.php\/wp-json\/wp\/v2\/posts"}],"about":[{"href":"https:\/\/www.gaveanews.com\/index.php\/wp-json\/wp\/v2\/types\/post"}],"author":[{"embeddable":true,"href":"https:\/\/www.gaveanews.com\/index.php\/wp-json\/wp\/v2\/users\/1"}],"replies":[{"embeddable":true,"href":"https:\/\/www.gaveanews.com\/index.php\/wp-json\/wp\/v2\/comments?post=80804"}],"version-history":[{"count":1,"href":"https:\/\/www.gaveanews.com\/index.php\/wp-json\/wp\/v2\/posts\/80804\/revisions"}],"predecessor-version":[{"id":134662,"href":"https:\/\/www.gaveanews.com\/index.php\/wp-json\/wp\/v2\/posts\/80804\/revisions\/134662"}],"wp:featuredmedia":[{"embeddable":true,"href":"https:\/\/www.gaveanews.com\/index.php\/wp-json\/wp\/v2\/media\/71613"}],"wp:attachment":[{"href":"https:\/\/www.gaveanews.com\/index.php\/wp-json\/wp\/v2\/media?parent=80804"}],"wp:term":[{"taxonomy":"category","embeddable":true,"href":"https:\/\/www.gaveanews.com\/index.php\/wp-json\/wp\/v2\/categories?post=80804"},{"taxonomy":"post_tag","embeddable":true,"href":"https:\/\/www.gaveanews.com\/index.php\/wp-json\/wp\/v2\/tags?post=80804"}],"curies":[{"name":"wp","href":"https:\/\/api.w.org\/{rel}","templated":true}]}}