{"id":80832,"date":"2022-04-29T07:44:50","date_gmt":"2022-04-29T10:44:50","guid":{"rendered":"https:\/\/www.gaveanews.com\/?p=80832"},"modified":"2022-04-29T07:44:50","modified_gmt":"2022-04-29T10:44:50","slug":"paulo-sousa-fala-sobre-a-defesa-do-time-do-flamengo","status":"publish","type":"post","link":"https:\/\/www.gaveanews.com\/index.php\/2022\/04\/29\/paulo-sousa-fala-sobre-a-defesa-do-time-do-flamengo\/","title":{"rendered":"Paulo Sousa fala sobre a defesa do time do Flamengo"},"content":{"rendered":"<p>O Flamengo venceu mais uma pela Copa Libertadores e manteve a invencibilidade na competi\u00e7\u00e3o. Dessa vez, a vit\u00f3ria veio em cima da Universidad Cat\u00f3lica, por 3 a 2, em Santiago, no Chile. Contudo, o fato da equipe ter sofrido dois gols chamou a aten\u00e7\u00e3o de quem acompanhou a partida. Sendo assim, Paulo Sousa abordou a fragilidade defensiva da equipe em coletiva de imprensa ap\u00f3s o triunfo.<\/p>\n<p>\u201cPara defendermos bem precisamos ter mais a posse de bola. Todos os momentos que tivemos momentos de transi\u00e7\u00f5es, ou seja, defendemos bem e podemos contra-atacar, tivemos espa\u00e7o e pudemos ter feito mais gols e ter desmotivado o nosso advers\u00e1rio. Dessa forma, ter\u00edamos um jogo mais tranquilo. Precisamos melhorar a ideia de sermos mais intensos na partida, al\u00e9m de termos uma maior clareza nos conceitos, em situa\u00e7\u00f5es de criar tri\u00e2ngulos, de coberturas e de arma nossas jogadas mais r\u00e1pido de forma a potencializar o nosso um contra um\u201d, analisou o treinador.<\/p>\n<p>&nbsp;<\/p>\n<p>Al\u00e9m disso, o treinador portugu\u00eas tamb\u00e9m falou sobre a grande partida do zagueiro Pablo, sobre a escolha de retirar Jo\u00e3o Gomes no in\u00edcio do segundo tempo e sobre o desgaste f\u00edsico da equipe.<\/p>\n<h4><strong>Pablo\u00a0<\/strong><\/h4>\n<p>\u201cA grande capacidade que o Pablo dar a equipe em duelos a\u00e9reos e defensivos \u00e9 muito grande. J\u00e1 em termos ofensivos, j\u00e1 trabalhamos com ele desde que tivemos o primeiro contado no Bordeaux, da Fran\u00e7a. Claro que s\u00e3o colegas completamente diferentes e um time completamente diferente. Contudo, \u00e9 um jogador muito importante para n\u00f3s e ir\u00e1 evoluir ainda mais no decorrer dos jogos\u201d.<\/p>\n<h4><strong>Jo\u00e3o Gomes\u00a0<\/strong><\/h4>\n<p>\u201cDentro do nosso jogo \u00e9 preciso ter muita intensidade f\u00edsica. Temos que lembrar que o Jo\u00e3o vem de partidas com grandes minutos dentro de campo. Logo, o atleta teve recentemente grande desgaste f\u00edsico e chegou a se queixar de dores musculares. Sendo assim, optamos por substituir o atleta logo no in\u00edcio do segundo tempo, por entendermos que precis\u00e1vamos de mais frescura e intensidade\u201d.<\/p>\n<h4><strong>Desgaste f\u00edsico<\/strong><\/h4>\n<p>\u201cO Everton Ribeiro vem sentindo fortes dores musculares na panturrilha e por isso saiu mais cedo. Por outro lado, o Arrascaeta teve uma leve contus\u00e3o no musculo recentemente, ou seja, vem passando por dificuldade. A equipe precisa dele, mas precisamos seguir usando o atleta com cuidado\u201d.<\/p>\n<h4><strong>Partida contra a Universidad Cat\u00f3lica\u00a0<\/strong><\/h4>\n<p>\u201cHoje sofremos um pouco, faltou ter um pouco mais de intensidade, sobretudo em termos individuais e coletivos. Contudo, precisamos entender o contexto do n\u00famero de jogos em sequ\u00eancia e de termos enfrentado um grande advers\u00e1rio fora de casa. A conquista de hoje foi grande, enfrentamos um advers\u00e1rio que n\u00e3o \u00e9 f\u00e1cil e tenho certeza que a vit\u00f3ria dar\u00e1 progresso no nosso avan\u00e7o como equipe\u201d.<\/p>\n<p>Retirado de: Di\u00e1rio do Fla<\/p>\n","protected":false},"excerpt":{"rendered":"<p>O Flamengo venceu mais uma pela Copa Libertadores e manteve a invencibilidade na competi\u00e7\u00e3o. Dessa vez, a vit\u00f3ria veio em cima da Universidad Cat\u00f3lica, por 3 a 2, em Santiago, no Chile. Contudo, o fato da equipe ter sofrido dois gols chamou a aten\u00e7\u00e3o de quem acompanhou a partida. Sendo assim, Paulo Sousa abordou a [&hellip;]<\/p>\n","protected":false},"author":1,"featured_media":80456,"comment_status":"open","ping_status":"closed","sticky":false,"template":"","format":"standard","meta":{"footnotes":""},"categories":[1],"tags":[],"class_list":["post-80832","post","type-post","status-publish","format-standard","has-post-thumbnail","hentry","category-flamengo"],"yoast_head":"<!-- This site is optimized with the Yoast SEO Premium plugin v24.2 (Yoast SEO v26.9) - https:\/\/yoast.com\/product\/yoast-seo-premium-wordpress\/ -->\n<title>Paulo Sousa fala sobre a defesa do time do Flamengo<\/title>\n<meta name=\"robots\" content=\"index, follow, max-snippet:-1, max-image-preview:large, max-video-preview:-1\" \/>\n<link rel=\"canonical\" href=\"https:\/\/www.gaveanews.com\/index.php\/2022\/04\/29\/paulo-sousa-fala-sobre-a-defesa-do-time-do-flamengo\/\" \/>\n<meta property=\"og:locale\" content=\"pt_BR\" \/>\n<meta property=\"og:type\" content=\"article\" \/>\n<meta property=\"og:title\" content=\"Paulo Sousa fala sobre a defesa do time do Flamengo\" \/>\n<meta property=\"og:description\" content=\"O Flamengo venceu mais uma pela Copa Libertadores e manteve a invencibilidade na competi\u00e7\u00e3o. Dessa vez, a vit\u00f3ria veio em cima da Universidad Cat\u00f3lica, por 3 a 2, em Santiago, no Chile. Contudo, o fato da equipe ter sofrido dois gols chamou a aten\u00e7\u00e3o de quem acompanhou a partida. Sendo assim, Paulo Sousa abordou a [&hellip;]\" \/>\n<meta property=\"og:url\" content=\"https:\/\/www.gaveanews.com\/index.php\/2022\/04\/29\/paulo-sousa-fala-sobre-a-defesa-do-time-do-flamengo\/\" \/>\n<meta property=\"og:site_name\" content=\"G\u00e1vea News\" \/>\n<meta property=\"article:publisher\" content=\"https:\/\/facebook.com\/gaveaNews\/\" \/>\n<meta property=\"article:published_time\" content=\"2022-04-29T10:44:50+00:00\" \/>\n<meta property=\"og:image\" content=\"https:\/\/www.gaveanews.com\/wp-content\/uploads\/Paulo-Sousa-comanda-o-time-do-Flamengo-contra-o-Palmeiras-em-jogo-do-Brasileirao.webp\" \/>\n\t<meta property=\"og:image:width\" content=\"800\" \/>\n\t<meta property=\"og:image:height\" content=\"532\" \/>\n\t<meta property=\"og:image:type\" content=\"image\/jpeg\" \/>\n<meta name=\"author\" content=\"Equipe G\u00e1vea News\" \/>\n<meta name=\"twitter:card\" content=\"summary_large_image\" \/>\n<meta name=\"twitter:label1\" content=\"Escrito por\" \/>\n\t<meta name=\"twitter:data1\" content=\"Equipe G\u00e1vea News\" \/>\n\t<meta name=\"twitter:label2\" content=\"Est. tempo de leitura\" \/>\n\t<meta name=\"twitter:data2\" content=\"3 minutos\" \/>\n<script type=\"application\/ld+json\" class=\"yoast-schema-graph\">{\"@context\":\"https:\/\/schema.org\",\"@graph\":[{\"@type\":\"NewsArticle\",\"@id\":\"https:\/\/www.gaveanews.com\/index.php\/2022\/04\/29\/paulo-sousa-fala-sobre-a-defesa-do-time-do-flamengo\/#article\",\"isPartOf\":{\"@id\":\"https:\/\/www.gaveanews.com\/index.php\/2022\/04\/29\/paulo-sousa-fala-sobre-a-defesa-do-time-do-flamengo\/\"},\"author\":{\"name\":\"Equipe G\u00e1vea News\",\"@id\":\"https:\/\/www.gaveanews.com\/#\/schema\/person\/2ec14f73fb96be2caf28f91afb14749d\"},\"headline\":\"Paulo Sousa fala sobre a defesa do time do Flamengo\",\"datePublished\":\"2022-04-29T10:44:50+00:00\",\"mainEntityOfPage\":{\"@id\":\"https:\/\/www.gaveanews.com\/index.php\/2022\/04\/29\/paulo-sousa-fala-sobre-a-defesa-do-time-do-flamengo\/\"},\"wordCount\":486,\"commentCount\":0,\"image\":{\"@id\":\"https:\/\/www.gaveanews.com\/index.php\/2022\/04\/29\/paulo-sousa-fala-sobre-a-defesa-do-time-do-flamengo\/#primaryimage\"},\"thumbnailUrl\":\"https:\/\/www.gaveanews.com\/wp-content\/uploads\/Paulo-Sousa-comanda-o-time-do-Flamengo-contra-o-Palmeiras-em-jogo-do-Brasileirao.webp\",\"articleSection\":[\"Flamengo\"],\"inLanguage\":\"pt-BR\",\"potentialAction\":[{\"@type\":\"CommentAction\",\"name\":\"Comment\",\"target\":[\"https:\/\/www.gaveanews.com\/index.php\/2022\/04\/29\/paulo-sousa-fala-sobre-a-defesa-do-time-do-flamengo\/#respond\"]}],\"copyrightYear\":\"2022\",\"copyrightHolder\":{\"@id\":\"https:\/\/www.gaveanews.com\/#organization\"}},{\"@type\":\"WebPage\",\"@id\":\"https:\/\/www.gaveanews.com\/index.php\/2022\/04\/29\/paulo-sousa-fala-sobre-a-defesa-do-time-do-flamengo\/\",\"url\":\"https:\/\/www.gaveanews.com\/index.php\/2022\/04\/29\/paulo-sousa-fala-sobre-a-defesa-do-time-do-flamengo\/\",\"name\":\"Paulo Sousa fala sobre a defesa do time do Flamengo\",\"isPartOf\":{\"@id\":\"https:\/\/www.gaveanews.com\/#website\"},\"primaryImageOfPage\":{\"@id\":\"https:\/\/www.gaveanews.com\/index.php\/2022\/04\/29\/paulo-sousa-fala-sobre-a-defesa-do-time-do-flamengo\/#primaryimage\"},\"image\":{\"@id\":\"https:\/\/www.gaveanews.com\/index.php\/2022\/04\/29\/paulo-sousa-fala-sobre-a-defesa-do-time-do-flamengo\/#primaryimage\"},\"thumbnailUrl\":\"https:\/\/www.gaveanews.com\/wp-content\/uploads\/Paulo-Sousa-comanda-o-time-do-Flamengo-contra-o-Palmeiras-em-jogo-do-Brasileirao.webp\",\"datePublished\":\"2022-04-29T10:44:50+00:00\",\"author\":{\"@id\":\"https:\/\/www.gaveanews.com\/#\/schema\/person\/2ec14f73fb96be2caf28f91afb14749d\"},\"breadcrumb\":{\"@id\":\"https:\/\/www.gaveanews.com\/index.php\/2022\/04\/29\/paulo-sousa-fala-sobre-a-defesa-do-time-do-flamengo\/#breadcrumb\"},\"inLanguage\":\"pt-BR\",\"potentialAction\":[{\"@type\":\"ReadAction\",\"target\":[\"https:\/\/www.gaveanews.com\/index.php\/2022\/04\/29\/paulo-sousa-fala-sobre-a-defesa-do-time-do-flamengo\/\"]}]},{\"@type\":\"ImageObject\",\"inLanguage\":\"pt-BR\",\"@id\":\"https:\/\/www.gaveanews.com\/index.php\/2022\/04\/29\/paulo-sousa-fala-sobre-a-defesa-do-time-do-flamengo\/#primaryimage\",\"url\":\"https:\/\/www.gaveanews.com\/wp-content\/uploads\/Paulo-Sousa-comanda-o-time-do-Flamengo-contra-o-Palmeiras-em-jogo-do-Brasileirao.webp\",\"contentUrl\":\"https:\/\/www.gaveanews.com\/wp-content\/uploads\/Paulo-Sousa-comanda-o-time-do-Flamengo-contra-o-Palmeiras-em-jogo-do-Brasileirao.webp\",\"width\":800,\"height\":532,\"caption\":\"Paulo Sousa comanda o time do Flamengo contra o Palmeiras em jogo do Brasileir\u00e3o (Foto: Marcelo Cortes\/Flamengo)\"},{\"@type\":\"BreadcrumbList\",\"@id\":\"https:\/\/www.gaveanews.com\/index.php\/2022\/04\/29\/paulo-sousa-fala-sobre-a-defesa-do-time-do-flamengo\/#breadcrumb\",\"itemListElement\":[{\"@type\":\"ListItem\",\"position\":1,\"name\":\"Home\",\"item\":\"https:\/\/www.gaveanews.com\/\"},{\"@type\":\"ListItem\",\"position\":2,\"name\":\"Paulo Sousa fala sobre a defesa do time do Flamengo\"}]},{\"@type\":\"WebSite\",\"@id\":\"https:\/\/www.gaveanews.com\/#website\",\"url\":\"https:\/\/www.gaveanews.com\/\",\"name\":\"G\u00e1vea News\",\"description\":\"Veja todas as not\u00edcias sobre o Flamengo: Contrata\u00e7\u00f5es, categorias de base, resultados das partidas, tabela de classifica\u00e7\u00e3o, pr\u00f3ximos jogos!\",\"potentialAction\":[{\"@type\":\"SearchAction\",\"target\":{\"@type\":\"EntryPoint\",\"urlTemplate\":\"https:\/\/www.gaveanews.com\/?s={search_term_string}\"},\"query-input\":{\"@type\":\"PropertyValueSpecification\",\"valueRequired\":true,\"valueName\":\"search_term_string\"}}],\"inLanguage\":\"pt-BR\"},{\"@type\":\"Person\",\"@id\":\"https:\/\/www.gaveanews.com\/#\/schema\/person\/2ec14f73fb96be2caf28f91afb14749d\",\"name\":\"Equipe G\u00e1vea News\",\"image\":{\"@type\":\"ImageObject\",\"inLanguage\":\"pt-BR\",\"@id\":\"https:\/\/www.gaveanews.com\/#\/schema\/person\/image\/\",\"url\":\"https:\/\/secure.gravatar.com\/avatar\/1e1956f1facbffd3f8fa53a326721950116b3b9dc9bd44939c01180fd4a745a9?s=96&d=mm&r=g\",\"contentUrl\":\"https:\/\/secure.gravatar.com\/avatar\/1e1956f1facbffd3f8fa53a326721950116b3b9dc9bd44939c01180fd4a745a9?s=96&d=mm&r=g\",\"caption\":\"Equipe G\u00e1vea News\"}}]}<\/script>\n<!-- \/ Yoast SEO Premium plugin. -->","yoast_head_json":{"title":"Paulo Sousa fala sobre a defesa do time do Flamengo","robots":{"index":"index","follow":"follow","max-snippet":"max-snippet:-1","max-image-preview":"max-image-preview:large","max-video-preview":"max-video-preview:-1"},"canonical":"https:\/\/www.gaveanews.com\/index.php\/2022\/04\/29\/paulo-sousa-fala-sobre-a-defesa-do-time-do-flamengo\/","og_locale":"pt_BR","og_type":"article","og_title":"Paulo Sousa fala sobre a defesa do time do Flamengo","og_description":"O Flamengo venceu mais uma pela Copa Libertadores e manteve a invencibilidade na competi\u00e7\u00e3o. Dessa vez, a vit\u00f3ria veio em cima da Universidad Cat\u00f3lica, por 3 a 2, em Santiago, no Chile. Contudo, o fato da equipe ter sofrido dois gols chamou a aten\u00e7\u00e3o de quem acompanhou a partida. Sendo assim, Paulo Sousa abordou a [&hellip;]","og_url":"https:\/\/www.gaveanews.com\/index.php\/2022\/04\/29\/paulo-sousa-fala-sobre-a-defesa-do-time-do-flamengo\/","og_site_name":"G\u00e1vea News","article_publisher":"https:\/\/facebook.com\/gaveaNews\/","article_published_time":"2022-04-29T10:44:50+00:00","og_image":[{"width":800,"height":532,"url":"https:\/\/www.gaveanews.com\/wp-content\/uploads\/Paulo-Sousa-comanda-o-time-do-Flamengo-contra-o-Palmeiras-em-jogo-do-Brasileirao.webp","type":"image\/jpeg"}],"author":"Equipe G\u00e1vea News","twitter_card":"summary_large_image","twitter_misc":{"Escrito por":"Equipe G\u00e1vea News","Est. tempo de leitura":"3 minutos"},"schema":{"@context":"https:\/\/schema.org","@graph":[{"@type":"NewsArticle","@id":"https:\/\/www.gaveanews.com\/index.php\/2022\/04\/29\/paulo-sousa-fala-sobre-a-defesa-do-time-do-flamengo\/#article","isPartOf":{"@id":"https:\/\/www.gaveanews.com\/index.php\/2022\/04\/29\/paulo-sousa-fala-sobre-a-defesa-do-time-do-flamengo\/"},"author":{"name":"Equipe G\u00e1vea News","@id":"https:\/\/www.gaveanews.com\/#\/schema\/person\/2ec14f73fb96be2caf28f91afb14749d"},"headline":"Paulo Sousa fala sobre a defesa do time do Flamengo","datePublished":"2022-04-29T10:44:50+00:00","mainEntityOfPage":{"@id":"https:\/\/www.gaveanews.com\/index.php\/2022\/04\/29\/paulo-sousa-fala-sobre-a-defesa-do-time-do-flamengo\/"},"wordCount":486,"commentCount":0,"image":{"@id":"https:\/\/www.gaveanews.com\/index.php\/2022\/04\/29\/paulo-sousa-fala-sobre-a-defesa-do-time-do-flamengo\/#primaryimage"},"thumbnailUrl":"https:\/\/www.gaveanews.com\/wp-content\/uploads\/Paulo-Sousa-comanda-o-time-do-Flamengo-contra-o-Palmeiras-em-jogo-do-Brasileirao.webp","articleSection":["Flamengo"],"inLanguage":"pt-BR","potentialAction":[{"@type":"CommentAction","name":"Comment","target":["https:\/\/www.gaveanews.com\/index.php\/2022\/04\/29\/paulo-sousa-fala-sobre-a-defesa-do-time-do-flamengo\/#respond"]}],"copyrightYear":"2022","copyrightHolder":{"@id":"https:\/\/www.gaveanews.com\/#organization"}},{"@type":"WebPage","@id":"https:\/\/www.gaveanews.com\/index.php\/2022\/04\/29\/paulo-sousa-fala-sobre-a-defesa-do-time-do-flamengo\/","url":"https:\/\/www.gaveanews.com\/index.php\/2022\/04\/29\/paulo-sousa-fala-sobre-a-defesa-do-time-do-flamengo\/","name":"Paulo Sousa fala sobre a defesa do time do Flamengo","isPartOf":{"@id":"https:\/\/www.gaveanews.com\/#website"},"primaryImageOfPage":{"@id":"https:\/\/www.gaveanews.com\/index.php\/2022\/04\/29\/paulo-sousa-fala-sobre-a-defesa-do-time-do-flamengo\/#primaryimage"},"image":{"@id":"https:\/\/www.gaveanews.com\/index.php\/2022\/04\/29\/paulo-sousa-fala-sobre-a-defesa-do-time-do-flamengo\/#primaryimage"},"thumbnailUrl":"https:\/\/www.gaveanews.com\/wp-content\/uploads\/Paulo-Sousa-comanda-o-time-do-Flamengo-contra-o-Palmeiras-em-jogo-do-Brasileirao.webp","datePublished":"2022-04-29T10:44:50+00:00","author":{"@id":"https:\/\/www.gaveanews.com\/#\/schema\/person\/2ec14f73fb96be2caf28f91afb14749d"},"breadcrumb":{"@id":"https:\/\/www.gaveanews.com\/index.php\/2022\/04\/29\/paulo-sousa-fala-sobre-a-defesa-do-time-do-flamengo\/#breadcrumb"},"inLanguage":"pt-BR","potentialAction":[{"@type":"ReadAction","target":["https:\/\/www.gaveanews.com\/index.php\/2022\/04\/29\/paulo-sousa-fala-sobre-a-defesa-do-time-do-flamengo\/"]}]},{"@type":"ImageObject","inLanguage":"pt-BR","@id":"https:\/\/www.gaveanews.com\/index.php\/2022\/04\/29\/paulo-sousa-fala-sobre-a-defesa-do-time-do-flamengo\/#primaryimage","url":"https:\/\/www.gaveanews.com\/wp-content\/uploads\/Paulo-Sousa-comanda-o-time-do-Flamengo-contra-o-Palmeiras-em-jogo-do-Brasileirao.webp","contentUrl":"https:\/\/www.gaveanews.com\/wp-content\/uploads\/Paulo-Sousa-comanda-o-time-do-Flamengo-contra-o-Palmeiras-em-jogo-do-Brasileirao.webp","width":800,"height":532,"caption":"Paulo Sousa comanda o time do Flamengo contra o Palmeiras em jogo do Brasileir\u00e3o (Foto: Marcelo Cortes\/Flamengo)"},{"@type":"BreadcrumbList","@id":"https:\/\/www.gaveanews.com\/index.php\/2022\/04\/29\/paulo-sousa-fala-sobre-a-defesa-do-time-do-flamengo\/#breadcrumb","itemListElement":[{"@type":"ListItem","position":1,"name":"Home","item":"https:\/\/www.gaveanews.com\/"},{"@type":"ListItem","position":2,"name":"Paulo Sousa fala sobre a defesa do time do Flamengo"}]},{"@type":"WebSite","@id":"https:\/\/www.gaveanews.com\/#website","url":"https:\/\/www.gaveanews.com\/","name":"G\u00e1vea News","description":"Veja todas as not\u00edcias sobre o Flamengo: Contrata\u00e7\u00f5es, categorias de base, resultados das partidas, tabela de classifica\u00e7\u00e3o, pr\u00f3ximos jogos!","potentialAction":[{"@type":"SearchAction","target":{"@type":"EntryPoint","urlTemplate":"https:\/\/www.gaveanews.com\/?s={search_term_string}"},"query-input":{"@type":"PropertyValueSpecification","valueRequired":true,"valueName":"search_term_string"}}],"inLanguage":"pt-BR"},{"@type":"Person","@id":"https:\/\/www.gaveanews.com\/#\/schema\/person\/2ec14f73fb96be2caf28f91afb14749d","name":"Equipe G\u00e1vea News","image":{"@type":"ImageObject","inLanguage":"pt-BR","@id":"https:\/\/www.gaveanews.com\/#\/schema\/person\/image\/","url":"https:\/\/secure.gravatar.com\/avatar\/1e1956f1facbffd3f8fa53a326721950116b3b9dc9bd44939c01180fd4a745a9?s=96&d=mm&r=g","contentUrl":"https:\/\/secure.gravatar.com\/avatar\/1e1956f1facbffd3f8fa53a326721950116b3b9dc9bd44939c01180fd4a745a9?s=96&d=mm&r=g","caption":"Equipe G\u00e1vea News"}}]}},"_links":{"self":[{"href":"https:\/\/www.gaveanews.com\/index.php\/wp-json\/wp\/v2\/posts\/80832","targetHints":{"allow":["GET"]}}],"collection":[{"href":"https:\/\/www.gaveanews.com\/index.php\/wp-json\/wp\/v2\/posts"}],"about":[{"href":"https:\/\/www.gaveanews.com\/index.php\/wp-json\/wp\/v2\/types\/post"}],"author":[{"embeddable":true,"href":"https:\/\/www.gaveanews.com\/index.php\/wp-json\/wp\/v2\/users\/1"}],"replies":[{"embeddable":true,"href":"https:\/\/www.gaveanews.com\/index.php\/wp-json\/wp\/v2\/comments?post=80832"}],"version-history":[{"count":0,"href":"https:\/\/www.gaveanews.com\/index.php\/wp-json\/wp\/v2\/posts\/80832\/revisions"}],"wp:featuredmedia":[{"embeddable":true,"href":"https:\/\/www.gaveanews.com\/index.php\/wp-json\/wp\/v2\/media\/80456"}],"wp:attachment":[{"href":"https:\/\/www.gaveanews.com\/index.php\/wp-json\/wp\/v2\/media?parent=80832"}],"wp:term":[{"taxonomy":"category","embeddable":true,"href":"https:\/\/www.gaveanews.com\/index.php\/wp-json\/wp\/v2\/categories?post=80832"},{"taxonomy":"post_tag","embeddable":true,"href":"https:\/\/www.gaveanews.com\/index.php\/wp-json\/wp\/v2\/tags?post=80832"}],"curies":[{"name":"wp","href":"https:\/\/api.w.org\/{rel}","templated":true}]}}