{"id":80840,"date":"2022-04-29T11:24:25","date_gmt":"2022-04-29T14:24:25","guid":{"rendered":"https:\/\/www.gaveanews.com\/?p=80840"},"modified":"2022-04-29T11:24:25","modified_gmt":"2022-04-29T14:24:25","slug":"absurdo-crianca-e-idoso-da-torcida-do-flamengo-sao-agredidos-por-torcedores-da-catolica","status":"publish","type":"post","link":"https:\/\/www.gaveanews.com\/index.php\/2022\/04\/29\/absurdo-crianca-e-idoso-da-torcida-do-flamengo-sao-agredidos-por-torcedores-da-catolica\/","title":{"rendered":"Absurdo! Crian\u00e7a e idoso da torcida do Flamengo s\u00e3o agredidos por torcedores da Cat\u00f3lica"},"content":{"rendered":"<p>A partida do Flamengo contra a Universidad Cat\u00f3lica foi um show de horrores. Apesar de voltar para o Brasil com os tr\u00eas pontos, o Rubro-Negro retorna para casa com cenas lament\u00e1veis da noite passada.<\/p>\n<p>Enquanto as equipes se enfrentavam dentro das quatro linhas, as arquibancadas foram marcadas por epis\u00f3dios criminosos dos chilenos. Al\u00e9m de jogar muito papel no campo para atrapalhar o jogo, parte da torcida da Cat\u00f3lica agiu agressivamente contra a torcida rubro-negra.<\/p>\n<p>Um dos gestos est\u00e1 mostrado acima, onde um homem imita um macaco e faz gestos sexuais para a torcida visitante. Al\u00e9m disso, <a href=\"https:\/\/www.gaveanews.com\/index.php\/2022\/04\/28\/flamengo-cobra-medidas-da-conmebol\/\">o pr\u00f3prio Flamengo divulgou v\u00eddeos que mostram objetos como sinalizadores acesos, pedras e vidros de bebida sendo arremessados contra a torcida do Flamengo.<\/a><\/p>\n<p>As atitudes trouxeram consequ\u00eancias lament\u00e1veis aos flamenguistas presentes. Em imagem divulgada pela jornalista Raisa Simplicio, \u00e9 poss\u00edvel ver um idoso com a cabe\u00e7a sangrando ap\u00f3s ter sido atingido por c\u00e1psulas de sinalizadores.<\/p>\n<p>Um outro epis\u00f3dio foi registrado pelo jornalista Gabriel Reis, onde ele mostra uma crian\u00e7a que foi atingida tamb\u00e9m na cabe\u00e7a com uma pedra arremessada por torcedores dos donos da casa.<\/p>\n<p>At\u00e9 o momento, a Conmebol n\u00e3o se manifestou sobre o caso. A Universidad Cat\u00f3lica, por sua vez, emitiu um comunicado e pediu para aqueles que possuem registros do ocorrido os enviem para o e-mail informado. O clube ainda afirmou que trabalhar\u00e1 para a identifica\u00e7\u00e3o dos autores e aplicar duras san\u00e7\u00f5es, avaliando tamb\u00e9m a apresenta\u00e7\u00e3o de den\u00fancias criminais.<\/p>\n<h2>Confira as publica\u00e7\u00f5es:<\/h2>\n<blockquote class=\"twitter-tweet\" data-width=\"550\" data-dnt=\"true\">\n<p lang=\"pt\" dir=\"ltr\">Um idoso, que estava na torcida do <a href=\"https:\/\/twitter.com\/hashtag\/Flamengo?src=hash&amp;ref_src=twsrc%5Etfw\">#Flamengo<\/a>, foi atingido por capsulas de sinalizadores e ficou ferido durante o jogo Cat\u00f3lica x Flamengo. Relatos de que a pol\u00edcia e os carabineros foram completamente omissos <a href=\"https:\/\/twitter.com\/CONMEBOL?ref_src=twsrc%5Etfw\">@CONMEBOL<\/a> <a href=\"https:\/\/twitter.com\/LibertadoresBR?ref_src=twsrc%5Etfw\">@LibertadoresBR<\/a> ?? <\/p>\n<p>\ud83d\udcf8 Alex Ferreira <a href=\"https:\/\/t.co\/qIMGmyt2tz\">pic.twitter.com\/qIMGmyt2tz<\/a><\/p>\n<p>&mdash; Raisa Simplicio (@simpraisa) <a href=\"https:\/\/twitter.com\/simpraisa\/status\/1519848794803814400?ref_src=twsrc%5Etfw\">April 29, 2022<\/a><\/p><\/blockquote>\n<p><script async src=\"https:\/\/platform.twitter.com\/widgets.js\" charset=\"utf-8\"><\/script><\/p>\n<blockquote class=\"twitter-tweet\" data-width=\"550\" data-dnt=\"true\">\n<p lang=\"pt\" dir=\"ltr\">Infelizmente, uma crian\u00e7a atingida pela torcida do Cat\u00f3lica e nada foi feito! Pol\u00edcia demorou a chegar e o menino acabou ferido e traumatizado, por ir num est\u00e1dio torcer! Vergonha! <a href=\"https:\/\/twitter.com\/hashtag\/Libertadores?src=hash&amp;ref_src=twsrc%5Etfw\">#Libertadores<\/a> <a href=\"https:\/\/twitter.com\/hashtag\/CRF?src=hash&amp;ref_src=twsrc%5Etfw\">#CRF<\/a> <a href=\"https:\/\/twitter.com\/hashtag\/Flamengo?src=hash&amp;ref_src=twsrc%5Etfw\">#Flamengo<\/a> <a href=\"https:\/\/t.co\/KurEpUWDQG\">pic.twitter.com\/KurEpUWDQG<\/a><\/p>\n<p>&mdash; TROPA DO PAPA! VIDEOS E FOTOS! (@ATropaRN) <a href=\"https:\/\/twitter.com\/ATropaRN\/status\/1519835465993629699?ref_src=twsrc%5Etfw\">April 29, 2022<\/a><\/p><\/blockquote>\n<p><script async src=\"https:\/\/platform.twitter.com\/widgets.js\" charset=\"utf-8\"><\/script><\/p>\n","protected":false},"excerpt":{"rendered":"<p>A partida do Flamengo contra a Universidad Cat\u00f3lica foi um show de horrores. Apesar de voltar para o Brasil com os tr\u00eas pontos, o Rubro-Negro retorna para casa com cenas lament\u00e1veis da noite passada. Enquanto as equipes se enfrentavam dentro das quatro linhas, as arquibancadas foram marcadas por epis\u00f3dios criminosos dos chilenos. Al\u00e9m de jogar [&hellip;]<\/p>\n","protected":false},"author":4,"featured_media":80842,"comment_status":"open","ping_status":"closed","sticky":false,"template":"","format":"standard","meta":{"footnotes":""},"categories":[40],"tags":[],"class_list":["post-80840","post","type-post","status-publish","format-standard","has-post-thumbnail","hentry","category-video"],"yoast_head":"<!-- This site is optimized with the Yoast SEO Premium plugin v24.2 (Yoast SEO v26.9) - https:\/\/yoast.com\/product\/yoast-seo-premium-wordpress\/ -->\n<title>Crian\u00e7a e idoso da torcida do Flamengo s\u00e3o agredidos por torcedores da Cat\u00f3lica<\/title>\n<meta name=\"robots\" content=\"index, follow, max-snippet:-1, max-image-preview:large, max-video-preview:-1\" \/>\n<link rel=\"canonical\" href=\"https:\/\/www.gaveanews.com\/index.php\/2022\/04\/29\/absurdo-crianca-e-idoso-da-torcida-do-flamengo-sao-agredidos-por-torcedores-da-catolica\/\" \/>\n<meta property=\"og:locale\" content=\"pt_BR\" \/>\n<meta property=\"og:type\" content=\"article\" \/>\n<meta property=\"og:title\" content=\"Absurdo! Crian\u00e7a e idoso da torcida do Flamengo s\u00e3o agredidos por torcedores da Cat\u00f3lica\" \/>\n<meta property=\"og:description\" content=\"A partida do Flamengo contra a Universidad Cat\u00f3lica foi um show de horrores. Apesar de voltar para o Brasil com os tr\u00eas pontos, o Rubro-Negro retorna para casa com cenas lament\u00e1veis da noite passada. Enquanto as equipes se enfrentavam dentro das quatro linhas, as arquibancadas foram marcadas por epis\u00f3dios criminosos dos chilenos. Al\u00e9m de jogar [&hellip;]\" \/>\n<meta property=\"og:url\" content=\"https:\/\/www.gaveanews.com\/index.php\/2022\/04\/29\/absurdo-crianca-e-idoso-da-torcida-do-flamengo-sao-agredidos-por-torcedores-da-catolica\/\" \/>\n<meta property=\"og:site_name\" content=\"G\u00e1vea News\" \/>\n<meta property=\"article:publisher\" content=\"https:\/\/facebook.com\/gaveaNews\/\" \/>\n<meta property=\"article:published_time\" content=\"2022-04-29T14:24:25+00:00\" \/>\n<meta property=\"og:image\" content=\"https:\/\/www.gaveanews.com\/wp-content\/uploads\/Torcedor-da-Universidad-Catolica-faz-gestos-recistas-direcionados-a-torcedores-do-Flamengo.webp\" \/>\n\t<meta property=\"og:image:width\" content=\"984\" \/>\n\t<meta property=\"og:image:height\" content=\"824\" \/>\n\t<meta property=\"og:image:type\" content=\"image\/jpeg\" \/>\n<meta name=\"author\" content=\"Let\u00edcia Gerheim\" \/>\n<meta name=\"twitter:card\" content=\"summary_large_image\" \/>\n<meta name=\"twitter:label1\" content=\"Escrito por\" \/>\n\t<meta name=\"twitter:data1\" content=\"Let\u00edcia Gerheim\" \/>\n\t<meta name=\"twitter:label2\" content=\"Est. tempo de leitura\" \/>\n\t<meta name=\"twitter:data2\" content=\"2 minutos\" \/>\n<script type=\"application\/ld+json\" class=\"yoast-schema-graph\">{\"@context\":\"https:\/\/schema.org\",\"@graph\":[{\"@type\":\"NewsArticle\",\"@id\":\"https:\/\/www.gaveanews.com\/index.php\/2022\/04\/29\/absurdo-crianca-e-idoso-da-torcida-do-flamengo-sao-agredidos-por-torcedores-da-catolica\/#article\",\"isPartOf\":{\"@id\":\"https:\/\/www.gaveanews.com\/index.php\/2022\/04\/29\/absurdo-crianca-e-idoso-da-torcida-do-flamengo-sao-agredidos-por-torcedores-da-catolica\/\"},\"author\":{\"name\":\"Let\u00edcia Gerheim\",\"@id\":\"https:\/\/www.gaveanews.com\/#\/schema\/person\/714c67050b836198af2450ba1c142a67\"},\"headline\":\"Absurdo! Crian\u00e7a e idoso da torcida do Flamengo s\u00e3o agredidos por torcedores da Cat\u00f3lica\",\"datePublished\":\"2022-04-29T14:24:25+00:00\",\"mainEntityOfPage\":{\"@id\":\"https:\/\/www.gaveanews.com\/index.php\/2022\/04\/29\/absurdo-crianca-e-idoso-da-torcida-do-flamengo-sao-agredidos-por-torcedores-da-catolica\/\"},\"wordCount\":305,\"commentCount\":0,\"image\":{\"@id\":\"https:\/\/www.gaveanews.com\/index.php\/2022\/04\/29\/absurdo-crianca-e-idoso-da-torcida-do-flamengo-sao-agredidos-por-torcedores-da-catolica\/#primaryimage\"},\"thumbnailUrl\":\"https:\/\/www.gaveanews.com\/wp-content\/uploads\/Torcedor-da-Universidad-Catolica-faz-gestos-recistas-direcionados-a-torcedores-do-Flamengo.webp\",\"articleSection\":[\"V\u00eddeos\"],\"inLanguage\":\"pt-BR\",\"potentialAction\":[{\"@type\":\"CommentAction\",\"name\":\"Comment\",\"target\":[\"https:\/\/www.gaveanews.com\/index.php\/2022\/04\/29\/absurdo-crianca-e-idoso-da-torcida-do-flamengo-sao-agredidos-por-torcedores-da-catolica\/#respond\"]}],\"copyrightYear\":\"2022\",\"copyrightHolder\":{\"@id\":\"https:\/\/www.gaveanews.com\/#organization\"}},{\"@type\":\"WebPage\",\"@id\":\"https:\/\/www.gaveanews.com\/index.php\/2022\/04\/29\/absurdo-crianca-e-idoso-da-torcida-do-flamengo-sao-agredidos-por-torcedores-da-catolica\/\",\"url\":\"https:\/\/www.gaveanews.com\/index.php\/2022\/04\/29\/absurdo-crianca-e-idoso-da-torcida-do-flamengo-sao-agredidos-por-torcedores-da-catolica\/\",\"name\":\"Crian\u00e7a e idoso da torcida do Flamengo s\u00e3o agredidos por torcedores da Cat\u00f3lica\",\"isPartOf\":{\"@id\":\"https:\/\/www.gaveanews.com\/#website\"},\"primaryImageOfPage\":{\"@id\":\"https:\/\/www.gaveanews.com\/index.php\/2022\/04\/29\/absurdo-crianca-e-idoso-da-torcida-do-flamengo-sao-agredidos-por-torcedores-da-catolica\/#primaryimage\"},\"image\":{\"@id\":\"https:\/\/www.gaveanews.com\/index.php\/2022\/04\/29\/absurdo-crianca-e-idoso-da-torcida-do-flamengo-sao-agredidos-por-torcedores-da-catolica\/#primaryimage\"},\"thumbnailUrl\":\"https:\/\/www.gaveanews.com\/wp-content\/uploads\/Torcedor-da-Universidad-Catolica-faz-gestos-recistas-direcionados-a-torcedores-do-Flamengo.webp\",\"datePublished\":\"2022-04-29T14:24:25+00:00\",\"author\":{\"@id\":\"https:\/\/www.gaveanews.com\/#\/schema\/person\/714c67050b836198af2450ba1c142a67\"},\"breadcrumb\":{\"@id\":\"https:\/\/www.gaveanews.com\/index.php\/2022\/04\/29\/absurdo-crianca-e-idoso-da-torcida-do-flamengo-sao-agredidos-por-torcedores-da-catolica\/#breadcrumb\"},\"inLanguage\":\"pt-BR\",\"potentialAction\":[{\"@type\":\"ReadAction\",\"target\":[\"https:\/\/www.gaveanews.com\/index.php\/2022\/04\/29\/absurdo-crianca-e-idoso-da-torcida-do-flamengo-sao-agredidos-por-torcedores-da-catolica\/\"]}]},{\"@type\":\"ImageObject\",\"inLanguage\":\"pt-BR\",\"@id\":\"https:\/\/www.gaveanews.com\/index.php\/2022\/04\/29\/absurdo-crianca-e-idoso-da-torcida-do-flamengo-sao-agredidos-por-torcedores-da-catolica\/#primaryimage\",\"url\":\"https:\/\/www.gaveanews.com\/wp-content\/uploads\/Torcedor-da-Universidad-Catolica-faz-gestos-recistas-direcionados-a-torcedores-do-Flamengo.webp\",\"contentUrl\":\"https:\/\/www.gaveanews.com\/wp-content\/uploads\/Torcedor-da-Universidad-Catolica-faz-gestos-recistas-direcionados-a-torcedores-do-Flamengo.webp\",\"width\":984,\"height\":824,\"caption\":\"Torcedor da Universidad Cat\u00f3lica faz gestos racistas direcionados a torcedores do Flamengo (Foto: Reprodu\u00e7\u00e3o\/Twitter)\"},{\"@type\":\"BreadcrumbList\",\"@id\":\"https:\/\/www.gaveanews.com\/index.php\/2022\/04\/29\/absurdo-crianca-e-idoso-da-torcida-do-flamengo-sao-agredidos-por-torcedores-da-catolica\/#breadcrumb\",\"itemListElement\":[{\"@type\":\"ListItem\",\"position\":1,\"name\":\"Home\",\"item\":\"https:\/\/www.gaveanews.com\/\"},{\"@type\":\"ListItem\",\"position\":2,\"name\":\"Absurdo! Crian\u00e7a e idoso da torcida do Flamengo s\u00e3o agredidos por torcedores da Cat\u00f3lica\"}]},{\"@type\":\"WebSite\",\"@id\":\"https:\/\/www.gaveanews.com\/#website\",\"url\":\"https:\/\/www.gaveanews.com\/\",\"name\":\"G\u00e1vea News\",\"description\":\"Veja todas as not\u00edcias sobre o Flamengo: Contrata\u00e7\u00f5es, categorias de base, resultados das partidas, tabela de classifica\u00e7\u00e3o, pr\u00f3ximos jogos!\",\"potentialAction\":[{\"@type\":\"SearchAction\",\"target\":{\"@type\":\"EntryPoint\",\"urlTemplate\":\"https:\/\/www.gaveanews.com\/?s={search_term_string}\"},\"query-input\":{\"@type\":\"PropertyValueSpecification\",\"valueRequired\":true,\"valueName\":\"search_term_string\"}}],\"inLanguage\":\"pt-BR\"},{\"@type\":\"Person\",\"@id\":\"https:\/\/www.gaveanews.com\/#\/schema\/person\/714c67050b836198af2450ba1c142a67\",\"name\":\"Let\u00edcia Gerheim\",\"image\":{\"@type\":\"ImageObject\",\"inLanguage\":\"pt-BR\",\"@id\":\"https:\/\/www.gaveanews.com\/#\/schema\/person\/image\/\",\"url\":\"https:\/\/secure.gravatar.com\/avatar\/60734739c50fcebfbac509e2a826ccd0ff405c019bc73aab9354f19ecad1dcb4?s=96&d=mm&r=g\",\"contentUrl\":\"https:\/\/secure.gravatar.com\/avatar\/60734739c50fcebfbac509e2a826ccd0ff405c019bc73aab9354f19ecad1dcb4?s=96&d=mm&r=g\",\"caption\":\"Let\u00edcia Gerheim\"}}]}<\/script>\n<!-- \/ Yoast SEO Premium plugin. -->","yoast_head_json":{"title":"Crian\u00e7a e idoso da torcida do Flamengo s\u00e3o agredidos por torcedores da Cat\u00f3lica","robots":{"index":"index","follow":"follow","max-snippet":"max-snippet:-1","max-image-preview":"max-image-preview:large","max-video-preview":"max-video-preview:-1"},"canonical":"https:\/\/www.gaveanews.com\/index.php\/2022\/04\/29\/absurdo-crianca-e-idoso-da-torcida-do-flamengo-sao-agredidos-por-torcedores-da-catolica\/","og_locale":"pt_BR","og_type":"article","og_title":"Absurdo! Crian\u00e7a e idoso da torcida do Flamengo s\u00e3o agredidos por torcedores da Cat\u00f3lica","og_description":"A partida do Flamengo contra a Universidad Cat\u00f3lica foi um show de horrores. Apesar de voltar para o Brasil com os tr\u00eas pontos, o Rubro-Negro retorna para casa com cenas lament\u00e1veis da noite passada. Enquanto as equipes se enfrentavam dentro das quatro linhas, as arquibancadas foram marcadas por epis\u00f3dios criminosos dos chilenos. Al\u00e9m de jogar [&hellip;]","og_url":"https:\/\/www.gaveanews.com\/index.php\/2022\/04\/29\/absurdo-crianca-e-idoso-da-torcida-do-flamengo-sao-agredidos-por-torcedores-da-catolica\/","og_site_name":"G\u00e1vea News","article_publisher":"https:\/\/facebook.com\/gaveaNews\/","article_published_time":"2022-04-29T14:24:25+00:00","og_image":[{"width":984,"height":824,"url":"https:\/\/www.gaveanews.com\/wp-content\/uploads\/Torcedor-da-Universidad-Catolica-faz-gestos-recistas-direcionados-a-torcedores-do-Flamengo.webp","type":"image\/jpeg"}],"author":"Let\u00edcia Gerheim","twitter_card":"summary_large_image","twitter_misc":{"Escrito por":"Let\u00edcia Gerheim","Est. tempo de leitura":"2 minutos"},"schema":{"@context":"https:\/\/schema.org","@graph":[{"@type":"NewsArticle","@id":"https:\/\/www.gaveanews.com\/index.php\/2022\/04\/29\/absurdo-crianca-e-idoso-da-torcida-do-flamengo-sao-agredidos-por-torcedores-da-catolica\/#article","isPartOf":{"@id":"https:\/\/www.gaveanews.com\/index.php\/2022\/04\/29\/absurdo-crianca-e-idoso-da-torcida-do-flamengo-sao-agredidos-por-torcedores-da-catolica\/"},"author":{"name":"Let\u00edcia Gerheim","@id":"https:\/\/www.gaveanews.com\/#\/schema\/person\/714c67050b836198af2450ba1c142a67"},"headline":"Absurdo! Crian\u00e7a e idoso da torcida do Flamengo s\u00e3o agredidos por torcedores da Cat\u00f3lica","datePublished":"2022-04-29T14:24:25+00:00","mainEntityOfPage":{"@id":"https:\/\/www.gaveanews.com\/index.php\/2022\/04\/29\/absurdo-crianca-e-idoso-da-torcida-do-flamengo-sao-agredidos-por-torcedores-da-catolica\/"},"wordCount":305,"commentCount":0,"image":{"@id":"https:\/\/www.gaveanews.com\/index.php\/2022\/04\/29\/absurdo-crianca-e-idoso-da-torcida-do-flamengo-sao-agredidos-por-torcedores-da-catolica\/#primaryimage"},"thumbnailUrl":"https:\/\/www.gaveanews.com\/wp-content\/uploads\/Torcedor-da-Universidad-Catolica-faz-gestos-recistas-direcionados-a-torcedores-do-Flamengo.webp","articleSection":["V\u00eddeos"],"inLanguage":"pt-BR","potentialAction":[{"@type":"CommentAction","name":"Comment","target":["https:\/\/www.gaveanews.com\/index.php\/2022\/04\/29\/absurdo-crianca-e-idoso-da-torcida-do-flamengo-sao-agredidos-por-torcedores-da-catolica\/#respond"]}],"copyrightYear":"2022","copyrightHolder":{"@id":"https:\/\/www.gaveanews.com\/#organization"}},{"@type":"WebPage","@id":"https:\/\/www.gaveanews.com\/index.php\/2022\/04\/29\/absurdo-crianca-e-idoso-da-torcida-do-flamengo-sao-agredidos-por-torcedores-da-catolica\/","url":"https:\/\/www.gaveanews.com\/index.php\/2022\/04\/29\/absurdo-crianca-e-idoso-da-torcida-do-flamengo-sao-agredidos-por-torcedores-da-catolica\/","name":"Crian\u00e7a e idoso da torcida do Flamengo s\u00e3o agredidos por torcedores da Cat\u00f3lica","isPartOf":{"@id":"https:\/\/www.gaveanews.com\/#website"},"primaryImageOfPage":{"@id":"https:\/\/www.gaveanews.com\/index.php\/2022\/04\/29\/absurdo-crianca-e-idoso-da-torcida-do-flamengo-sao-agredidos-por-torcedores-da-catolica\/#primaryimage"},"image":{"@id":"https:\/\/www.gaveanews.com\/index.php\/2022\/04\/29\/absurdo-crianca-e-idoso-da-torcida-do-flamengo-sao-agredidos-por-torcedores-da-catolica\/#primaryimage"},"thumbnailUrl":"https:\/\/www.gaveanews.com\/wp-content\/uploads\/Torcedor-da-Universidad-Catolica-faz-gestos-recistas-direcionados-a-torcedores-do-Flamengo.webp","datePublished":"2022-04-29T14:24:25+00:00","author":{"@id":"https:\/\/www.gaveanews.com\/#\/schema\/person\/714c67050b836198af2450ba1c142a67"},"breadcrumb":{"@id":"https:\/\/www.gaveanews.com\/index.php\/2022\/04\/29\/absurdo-crianca-e-idoso-da-torcida-do-flamengo-sao-agredidos-por-torcedores-da-catolica\/#breadcrumb"},"inLanguage":"pt-BR","potentialAction":[{"@type":"ReadAction","target":["https:\/\/www.gaveanews.com\/index.php\/2022\/04\/29\/absurdo-crianca-e-idoso-da-torcida-do-flamengo-sao-agredidos-por-torcedores-da-catolica\/"]}]},{"@type":"ImageObject","inLanguage":"pt-BR","@id":"https:\/\/www.gaveanews.com\/index.php\/2022\/04\/29\/absurdo-crianca-e-idoso-da-torcida-do-flamengo-sao-agredidos-por-torcedores-da-catolica\/#primaryimage","url":"https:\/\/www.gaveanews.com\/wp-content\/uploads\/Torcedor-da-Universidad-Catolica-faz-gestos-recistas-direcionados-a-torcedores-do-Flamengo.webp","contentUrl":"https:\/\/www.gaveanews.com\/wp-content\/uploads\/Torcedor-da-Universidad-Catolica-faz-gestos-recistas-direcionados-a-torcedores-do-Flamengo.webp","width":984,"height":824,"caption":"Torcedor da Universidad Cat\u00f3lica faz gestos racistas direcionados a torcedores do Flamengo (Foto: Reprodu\u00e7\u00e3o\/Twitter)"},{"@type":"BreadcrumbList","@id":"https:\/\/www.gaveanews.com\/index.php\/2022\/04\/29\/absurdo-crianca-e-idoso-da-torcida-do-flamengo-sao-agredidos-por-torcedores-da-catolica\/#breadcrumb","itemListElement":[{"@type":"ListItem","position":1,"name":"Home","item":"https:\/\/www.gaveanews.com\/"},{"@type":"ListItem","position":2,"name":"Absurdo! Crian\u00e7a e idoso da torcida do Flamengo s\u00e3o agredidos por torcedores da Cat\u00f3lica"}]},{"@type":"WebSite","@id":"https:\/\/www.gaveanews.com\/#website","url":"https:\/\/www.gaveanews.com\/","name":"G\u00e1vea News","description":"Veja todas as not\u00edcias sobre o Flamengo: Contrata\u00e7\u00f5es, categorias de base, resultados das partidas, tabela de classifica\u00e7\u00e3o, pr\u00f3ximos jogos!","potentialAction":[{"@type":"SearchAction","target":{"@type":"EntryPoint","urlTemplate":"https:\/\/www.gaveanews.com\/?s={search_term_string}"},"query-input":{"@type":"PropertyValueSpecification","valueRequired":true,"valueName":"search_term_string"}}],"inLanguage":"pt-BR"},{"@type":"Person","@id":"https:\/\/www.gaveanews.com\/#\/schema\/person\/714c67050b836198af2450ba1c142a67","name":"Let\u00edcia Gerheim","image":{"@type":"ImageObject","inLanguage":"pt-BR","@id":"https:\/\/www.gaveanews.com\/#\/schema\/person\/image\/","url":"https:\/\/secure.gravatar.com\/avatar\/60734739c50fcebfbac509e2a826ccd0ff405c019bc73aab9354f19ecad1dcb4?s=96&d=mm&r=g","contentUrl":"https:\/\/secure.gravatar.com\/avatar\/60734739c50fcebfbac509e2a826ccd0ff405c019bc73aab9354f19ecad1dcb4?s=96&d=mm&r=g","caption":"Let\u00edcia Gerheim"}}]}},"_links":{"self":[{"href":"https:\/\/www.gaveanews.com\/index.php\/wp-json\/wp\/v2\/posts\/80840","targetHints":{"allow":["GET"]}}],"collection":[{"href":"https:\/\/www.gaveanews.com\/index.php\/wp-json\/wp\/v2\/posts"}],"about":[{"href":"https:\/\/www.gaveanews.com\/index.php\/wp-json\/wp\/v2\/types\/post"}],"author":[{"embeddable":true,"href":"https:\/\/www.gaveanews.com\/index.php\/wp-json\/wp\/v2\/users\/4"}],"replies":[{"embeddable":true,"href":"https:\/\/www.gaveanews.com\/index.php\/wp-json\/wp\/v2\/comments?post=80840"}],"version-history":[{"count":0,"href":"https:\/\/www.gaveanews.com\/index.php\/wp-json\/wp\/v2\/posts\/80840\/revisions"}],"wp:featuredmedia":[{"embeddable":true,"href":"https:\/\/www.gaveanews.com\/index.php\/wp-json\/wp\/v2\/media\/80842"}],"wp:attachment":[{"href":"https:\/\/www.gaveanews.com\/index.php\/wp-json\/wp\/v2\/media?parent=80840"}],"wp:term":[{"taxonomy":"category","embeddable":true,"href":"https:\/\/www.gaveanews.com\/index.php\/wp-json\/wp\/v2\/categories?post=80840"},{"taxonomy":"post_tag","embeddable":true,"href":"https:\/\/www.gaveanews.com\/index.php\/wp-json\/wp\/v2\/tags?post=80840"}],"curies":[{"name":"wp","href":"https:\/\/api.w.org\/{rel}","templated":true}]}}