{"id":80845,"date":"2022-04-29T12:33:45","date_gmt":"2022-04-29T15:33:45","guid":{"rendered":"https:\/\/www.gaveanews.com\/?p=80845"},"modified":"2022-04-29T12:33:45","modified_gmt":"2022-04-29T15:33:45","slug":"hugo-souza-se-revolta-com-atos-racistas-e-agressoes-contra-torcida-do-flamengo","status":"publish","type":"post","link":"https:\/\/www.gaveanews.com\/index.php\/2022\/04\/29\/hugo-souza-se-revolta-com-atos-racistas-e-agressoes-contra-torcida-do-flamengo\/","title":{"rendered":"Hugo Souza se revolta com atos racistas e agress\u00f5es contra torcida do Flamengo"},"content":{"rendered":"<p>Na \u00faltima quinta-feira (28), o Flamengo enfrentou a Universidad Cat\u00f3lica pela 3\u00aa rodada da fase de grupos da Libertadores. O time voltou para casa com os tr\u00eas pontos mantendo 100% de aproveitamento at\u00e9 agora. No entanto, parte das principais not\u00edcias do duelo n\u00e3o tratam dos acontecimentos dentro das quatro linhas.<\/p>\n<ul>\n<li><a href=\"https:\/\/www.gaveanews.com\/index.php\/2022\/04\/28\/veja-a-tabela-do-grupo-h-da-libertadores-apos-o-jogo-do-flamengo\/\">Veja a tabela de classifica\u00e7\u00e3o do grupo H da Libertadores ap\u00f3s a 3\u00aa rodada.<\/a><\/li>\n<\/ul>\n<p>Ainda no decorrer da partida, foi poss\u00edvel ver ataques de torcedores da Universidad Cat\u00f3lica contra a torcida rubro-negra nas arquibancadas. Ap\u00f3s o confronto, o Flamengo se manifestou nas redes sociais pedindo provid\u00eancias da Conmebol sobre os acontecimentos.<\/p>\n<ul>\n<li><a href=\"https:\/\/www.gaveanews.com\/index.php\/2022\/04\/28\/flamengo-cobra-medidas-da-conmebol\/\">Flamengo cobra posicionamento e puni\u00e7\u00f5es a Conmebol ap\u00f3s agress\u00f5es e atos racistas.<\/a><\/li>\n<\/ul>\n<p>Al\u00e9m do clube, Hugo Souza tamb\u00e9m se posicionou incisivamente sobre os epis\u00f3dios violentos de racismo dos chilenos contra os brasileiros. Em seu perfil do Twitter, o goleiro tamb\u00e9m cobrou provid\u00eancias das autoridades sobre os crimes.<\/p>\n<h2>Confira a publica\u00e7\u00e3o:<\/h2>\n<blockquote class=\"twitter-tweet\" data-width=\"550\" data-dnt=\"true\">\n<p lang=\"und\" dir=\"ltr\">E a\u00ed <a href=\"https:\/\/twitter.com\/CONMEBOL?ref_src=twsrc%5Etfw\">@CONMEBOL<\/a> ??<\/p>\n<p>&mdash; Hugo Souza (@Hugo99_) <a href=\"https:\/\/twitter.com\/Hugo99_\/status\/1519880636160483333?ref_src=twsrc%5Etfw\">April 29, 2022<\/a><\/p><\/blockquote>\n<p><script async src=\"https:\/\/platform.twitter.com\/widgets.js\" charset=\"utf-8\"><\/script><\/p>\n<p>Depois de presenciar estas cenas lament\u00e1veis, o Flamengo retornou ao Brasil na madrugada desta sexta-feira (29) para iniciar as prepara\u00e7\u00f5es visando o jogo do final de semana.<\/p>\n<p>No domingo (01), a equipe enfrenta o Altos no jogo de ida pela terceira fase da Copa do Brasil. O confronto acontecer\u00e1 \u00e0s 18h (hor\u00e1rio de Bras\u00edlia), no Est\u00e1dio Albert\u00e3o, em Teresina.<\/p>\n<ul>\n<li><a href=\"https:\/\/www.gaveanews.com\/index.php\/2022\/04\/28\/flamengo-pode-poupar-titulares-na-copa-do-brasil\/\">Flamengo pode poupar jogadores na partida contra o Altos.<\/a><\/li>\n<\/ul>\n","protected":false},"excerpt":{"rendered":"<p>Na \u00faltima quinta-feira (28), o Flamengo enfrentou a Universidad Cat\u00f3lica pela 3\u00aa rodada da fase de grupos da Libertadores. O time voltou para casa com os tr\u00eas pontos mantendo 100% de aproveitamento at\u00e9 agora. No entanto, parte das principais not\u00edcias do duelo n\u00e3o tratam dos acontecimentos dentro das quatro linhas. Veja a tabela de classifica\u00e7\u00e3o [&hellip;]<\/p>\n","protected":false},"author":4,"featured_media":76707,"comment_status":"open","ping_status":"closed","sticky":false,"template":"","format":"standard","meta":{"footnotes":""},"categories":[1],"tags":[],"class_list":["post-80845","post","type-post","status-publish","format-standard","has-post-thumbnail","hentry","category-flamengo"],"yoast_head":"<!-- This site is optimized with the Yoast SEO Premium plugin v24.2 (Yoast SEO v26.9) - https:\/\/yoast.com\/product\/yoast-seo-premium-wordpress\/ -->\n<title>Hugo Souza se revolta com atos racistas e agress\u00f5es contra torcida do Flamengo<\/title>\n<meta name=\"robots\" content=\"index, follow, max-snippet:-1, max-image-preview:large, max-video-preview:-1\" \/>\n<link rel=\"canonical\" href=\"https:\/\/www.gaveanews.com\/index.php\/2022\/04\/29\/hugo-souza-se-revolta-com-atos-racistas-e-agressoes-contra-torcida-do-flamengo\/\" \/>\n<meta property=\"og:locale\" content=\"pt_BR\" \/>\n<meta property=\"og:type\" content=\"article\" \/>\n<meta property=\"og:title\" content=\"Hugo Souza se revolta com atos racistas e agress\u00f5es contra torcida do Flamengo\" \/>\n<meta property=\"og:description\" content=\"Na \u00faltima quinta-feira (28), o Flamengo enfrentou a Universidad Cat\u00f3lica pela 3\u00aa rodada da fase de grupos da Libertadores. O time voltou para casa com os tr\u00eas pontos mantendo 100% de aproveitamento at\u00e9 agora. No entanto, parte das principais not\u00edcias do duelo n\u00e3o tratam dos acontecimentos dentro das quatro linhas. Veja a tabela de classifica\u00e7\u00e3o [&hellip;]\" \/>\n<meta property=\"og:url\" content=\"https:\/\/www.gaveanews.com\/index.php\/2022\/04\/29\/hugo-souza-se-revolta-com-atos-racistas-e-agressoes-contra-torcida-do-flamengo\/\" \/>\n<meta property=\"og:site_name\" content=\"G\u00e1vea News\" \/>\n<meta property=\"article:publisher\" content=\"https:\/\/facebook.com\/gaveaNews\/\" \/>\n<meta property=\"article:published_time\" content=\"2022-04-29T15:33:45+00:00\" \/>\n<meta property=\"og:image\" content=\"https:\/\/www.gaveanews.com\/wp-content\/uploads\/Hugo-Souza-em-acao-pelo-Flamengo-contra-o-Nova-Iguacu-pela-Taca-Guanabara.webp\" \/>\n\t<meta property=\"og:image:width\" content=\"800\" \/>\n\t<meta property=\"og:image:height\" content=\"533\" \/>\n\t<meta property=\"og:image:type\" content=\"image\/jpeg\" \/>\n<meta name=\"author\" content=\"Let\u00edcia Gerheim\" \/>\n<meta name=\"twitter:card\" content=\"summary_large_image\" \/>\n<meta name=\"twitter:label1\" content=\"Escrito por\" \/>\n\t<meta name=\"twitter:data1\" content=\"Let\u00edcia Gerheim\" \/>\n\t<meta name=\"twitter:label2\" content=\"Est. tempo de leitura\" \/>\n\t<meta name=\"twitter:data2\" content=\"2 minutos\" \/>\n<script type=\"application\/ld+json\" class=\"yoast-schema-graph\">{\"@context\":\"https:\/\/schema.org\",\"@graph\":[{\"@type\":\"NewsArticle\",\"@id\":\"https:\/\/www.gaveanews.com\/index.php\/2022\/04\/29\/hugo-souza-se-revolta-com-atos-racistas-e-agressoes-contra-torcida-do-flamengo\/#article\",\"isPartOf\":{\"@id\":\"https:\/\/www.gaveanews.com\/index.php\/2022\/04\/29\/hugo-souza-se-revolta-com-atos-racistas-e-agressoes-contra-torcida-do-flamengo\/\"},\"author\":{\"name\":\"Let\u00edcia Gerheim\",\"@id\":\"https:\/\/www.gaveanews.com\/#\/schema\/person\/714c67050b836198af2450ba1c142a67\"},\"headline\":\"Hugo Souza se revolta com atos racistas e agress\u00f5es contra torcida do Flamengo\",\"datePublished\":\"2022-04-29T15:33:45+00:00\",\"mainEntityOfPage\":{\"@id\":\"https:\/\/www.gaveanews.com\/index.php\/2022\/04\/29\/hugo-souza-se-revolta-com-atos-racistas-e-agressoes-contra-torcida-do-flamengo\/\"},\"wordCount\":257,\"commentCount\":0,\"image\":{\"@id\":\"https:\/\/www.gaveanews.com\/index.php\/2022\/04\/29\/hugo-souza-se-revolta-com-atos-racistas-e-agressoes-contra-torcida-do-flamengo\/#primaryimage\"},\"thumbnailUrl\":\"https:\/\/www.gaveanews.com\/wp-content\/uploads\/Hugo-Souza-em-acao-pelo-Flamengo-contra-o-Nova-Iguacu-pela-Taca-Guanabara.webp\",\"articleSection\":[\"Flamengo\"],\"inLanguage\":\"pt-BR\",\"potentialAction\":[{\"@type\":\"CommentAction\",\"name\":\"Comment\",\"target\":[\"https:\/\/www.gaveanews.com\/index.php\/2022\/04\/29\/hugo-souza-se-revolta-com-atos-racistas-e-agressoes-contra-torcida-do-flamengo\/#respond\"]}],\"copyrightYear\":\"2022\",\"copyrightHolder\":{\"@id\":\"https:\/\/www.gaveanews.com\/#organization\"}},{\"@type\":\"WebPage\",\"@id\":\"https:\/\/www.gaveanews.com\/index.php\/2022\/04\/29\/hugo-souza-se-revolta-com-atos-racistas-e-agressoes-contra-torcida-do-flamengo\/\",\"url\":\"https:\/\/www.gaveanews.com\/index.php\/2022\/04\/29\/hugo-souza-se-revolta-com-atos-racistas-e-agressoes-contra-torcida-do-flamengo\/\",\"name\":\"Hugo Souza se revolta com atos racistas e agress\u00f5es contra torcida do Flamengo\",\"isPartOf\":{\"@id\":\"https:\/\/www.gaveanews.com\/#website\"},\"primaryImageOfPage\":{\"@id\":\"https:\/\/www.gaveanews.com\/index.php\/2022\/04\/29\/hugo-souza-se-revolta-com-atos-racistas-e-agressoes-contra-torcida-do-flamengo\/#primaryimage\"},\"image\":{\"@id\":\"https:\/\/www.gaveanews.com\/index.php\/2022\/04\/29\/hugo-souza-se-revolta-com-atos-racistas-e-agressoes-contra-torcida-do-flamengo\/#primaryimage\"},\"thumbnailUrl\":\"https:\/\/www.gaveanews.com\/wp-content\/uploads\/Hugo-Souza-em-acao-pelo-Flamengo-contra-o-Nova-Iguacu-pela-Taca-Guanabara.webp\",\"datePublished\":\"2022-04-29T15:33:45+00:00\",\"author\":{\"@id\":\"https:\/\/www.gaveanews.com\/#\/schema\/person\/714c67050b836198af2450ba1c142a67\"},\"breadcrumb\":{\"@id\":\"https:\/\/www.gaveanews.com\/index.php\/2022\/04\/29\/hugo-souza-se-revolta-com-atos-racistas-e-agressoes-contra-torcida-do-flamengo\/#breadcrumb\"},\"inLanguage\":\"pt-BR\",\"potentialAction\":[{\"@type\":\"ReadAction\",\"target\":[\"https:\/\/www.gaveanews.com\/index.php\/2022\/04\/29\/hugo-souza-se-revolta-com-atos-racistas-e-agressoes-contra-torcida-do-flamengo\/\"]}]},{\"@type\":\"ImageObject\",\"inLanguage\":\"pt-BR\",\"@id\":\"https:\/\/www.gaveanews.com\/index.php\/2022\/04\/29\/hugo-souza-se-revolta-com-atos-racistas-e-agressoes-contra-torcida-do-flamengo\/#primaryimage\",\"url\":\"https:\/\/www.gaveanews.com\/wp-content\/uploads\/Hugo-Souza-em-acao-pelo-Flamengo-contra-o-Nova-Iguacu-pela-Taca-Guanabara.webp\",\"contentUrl\":\"https:\/\/www.gaveanews.com\/wp-content\/uploads\/Hugo-Souza-em-acao-pelo-Flamengo-contra-o-Nova-Iguacu-pela-Taca-Guanabara.webp\",\"width\":800,\"height\":533,\"caption\":\"Hugo Souza em a\u00e7\u00e3o pelo Flamengo contra o Nova Igua\u00e7u pela Ta\u00e7a Guanabara (Foto: Paula Reis\/Flamengo)\"},{\"@type\":\"BreadcrumbList\",\"@id\":\"https:\/\/www.gaveanews.com\/index.php\/2022\/04\/29\/hugo-souza-se-revolta-com-atos-racistas-e-agressoes-contra-torcida-do-flamengo\/#breadcrumb\",\"itemListElement\":[{\"@type\":\"ListItem\",\"position\":1,\"name\":\"Home\",\"item\":\"https:\/\/www.gaveanews.com\/\"},{\"@type\":\"ListItem\",\"position\":2,\"name\":\"Hugo Souza se revolta com atos racistas e agress\u00f5es contra torcida do Flamengo\"}]},{\"@type\":\"WebSite\",\"@id\":\"https:\/\/www.gaveanews.com\/#website\",\"url\":\"https:\/\/www.gaveanews.com\/\",\"name\":\"G\u00e1vea News\",\"description\":\"Veja todas as not\u00edcias sobre o Flamengo: Contrata\u00e7\u00f5es, categorias de base, resultados das partidas, tabela de classifica\u00e7\u00e3o, pr\u00f3ximos jogos!\",\"potentialAction\":[{\"@type\":\"SearchAction\",\"target\":{\"@type\":\"EntryPoint\",\"urlTemplate\":\"https:\/\/www.gaveanews.com\/?s={search_term_string}\"},\"query-input\":{\"@type\":\"PropertyValueSpecification\",\"valueRequired\":true,\"valueName\":\"search_term_string\"}}],\"inLanguage\":\"pt-BR\"},{\"@type\":\"Person\",\"@id\":\"https:\/\/www.gaveanews.com\/#\/schema\/person\/714c67050b836198af2450ba1c142a67\",\"name\":\"Let\u00edcia Gerheim\",\"image\":{\"@type\":\"ImageObject\",\"inLanguage\":\"pt-BR\",\"@id\":\"https:\/\/www.gaveanews.com\/#\/schema\/person\/image\/\",\"url\":\"https:\/\/secure.gravatar.com\/avatar\/60734739c50fcebfbac509e2a826ccd0ff405c019bc73aab9354f19ecad1dcb4?s=96&d=mm&r=g\",\"contentUrl\":\"https:\/\/secure.gravatar.com\/avatar\/60734739c50fcebfbac509e2a826ccd0ff405c019bc73aab9354f19ecad1dcb4?s=96&d=mm&r=g\",\"caption\":\"Let\u00edcia Gerheim\"}}]}<\/script>\n<!-- \/ Yoast SEO Premium plugin. -->","yoast_head_json":{"title":"Hugo Souza se revolta com atos racistas e agress\u00f5es contra torcida do Flamengo","robots":{"index":"index","follow":"follow","max-snippet":"max-snippet:-1","max-image-preview":"max-image-preview:large","max-video-preview":"max-video-preview:-1"},"canonical":"https:\/\/www.gaveanews.com\/index.php\/2022\/04\/29\/hugo-souza-se-revolta-com-atos-racistas-e-agressoes-contra-torcida-do-flamengo\/","og_locale":"pt_BR","og_type":"article","og_title":"Hugo Souza se revolta com atos racistas e agress\u00f5es contra torcida do Flamengo","og_description":"Na \u00faltima quinta-feira (28), o Flamengo enfrentou a Universidad Cat\u00f3lica pela 3\u00aa rodada da fase de grupos da Libertadores. O time voltou para casa com os tr\u00eas pontos mantendo 100% de aproveitamento at\u00e9 agora. No entanto, parte das principais not\u00edcias do duelo n\u00e3o tratam dos acontecimentos dentro das quatro linhas. Veja a tabela de classifica\u00e7\u00e3o [&hellip;]","og_url":"https:\/\/www.gaveanews.com\/index.php\/2022\/04\/29\/hugo-souza-se-revolta-com-atos-racistas-e-agressoes-contra-torcida-do-flamengo\/","og_site_name":"G\u00e1vea News","article_publisher":"https:\/\/facebook.com\/gaveaNews\/","article_published_time":"2022-04-29T15:33:45+00:00","og_image":[{"width":800,"height":533,"url":"https:\/\/www.gaveanews.com\/wp-content\/uploads\/Hugo-Souza-em-acao-pelo-Flamengo-contra-o-Nova-Iguacu-pela-Taca-Guanabara.webp","type":"image\/jpeg"}],"author":"Let\u00edcia Gerheim","twitter_card":"summary_large_image","twitter_misc":{"Escrito por":"Let\u00edcia Gerheim","Est. tempo de leitura":"2 minutos"},"schema":{"@context":"https:\/\/schema.org","@graph":[{"@type":"NewsArticle","@id":"https:\/\/www.gaveanews.com\/index.php\/2022\/04\/29\/hugo-souza-se-revolta-com-atos-racistas-e-agressoes-contra-torcida-do-flamengo\/#article","isPartOf":{"@id":"https:\/\/www.gaveanews.com\/index.php\/2022\/04\/29\/hugo-souza-se-revolta-com-atos-racistas-e-agressoes-contra-torcida-do-flamengo\/"},"author":{"name":"Let\u00edcia Gerheim","@id":"https:\/\/www.gaveanews.com\/#\/schema\/person\/714c67050b836198af2450ba1c142a67"},"headline":"Hugo Souza se revolta com atos racistas e agress\u00f5es contra torcida do Flamengo","datePublished":"2022-04-29T15:33:45+00:00","mainEntityOfPage":{"@id":"https:\/\/www.gaveanews.com\/index.php\/2022\/04\/29\/hugo-souza-se-revolta-com-atos-racistas-e-agressoes-contra-torcida-do-flamengo\/"},"wordCount":257,"commentCount":0,"image":{"@id":"https:\/\/www.gaveanews.com\/index.php\/2022\/04\/29\/hugo-souza-se-revolta-com-atos-racistas-e-agressoes-contra-torcida-do-flamengo\/#primaryimage"},"thumbnailUrl":"https:\/\/www.gaveanews.com\/wp-content\/uploads\/Hugo-Souza-em-acao-pelo-Flamengo-contra-o-Nova-Iguacu-pela-Taca-Guanabara.webp","articleSection":["Flamengo"],"inLanguage":"pt-BR","potentialAction":[{"@type":"CommentAction","name":"Comment","target":["https:\/\/www.gaveanews.com\/index.php\/2022\/04\/29\/hugo-souza-se-revolta-com-atos-racistas-e-agressoes-contra-torcida-do-flamengo\/#respond"]}],"copyrightYear":"2022","copyrightHolder":{"@id":"https:\/\/www.gaveanews.com\/#organization"}},{"@type":"WebPage","@id":"https:\/\/www.gaveanews.com\/index.php\/2022\/04\/29\/hugo-souza-se-revolta-com-atos-racistas-e-agressoes-contra-torcida-do-flamengo\/","url":"https:\/\/www.gaveanews.com\/index.php\/2022\/04\/29\/hugo-souza-se-revolta-com-atos-racistas-e-agressoes-contra-torcida-do-flamengo\/","name":"Hugo Souza se revolta com atos racistas e agress\u00f5es contra torcida do Flamengo","isPartOf":{"@id":"https:\/\/www.gaveanews.com\/#website"},"primaryImageOfPage":{"@id":"https:\/\/www.gaveanews.com\/index.php\/2022\/04\/29\/hugo-souza-se-revolta-com-atos-racistas-e-agressoes-contra-torcida-do-flamengo\/#primaryimage"},"image":{"@id":"https:\/\/www.gaveanews.com\/index.php\/2022\/04\/29\/hugo-souza-se-revolta-com-atos-racistas-e-agressoes-contra-torcida-do-flamengo\/#primaryimage"},"thumbnailUrl":"https:\/\/www.gaveanews.com\/wp-content\/uploads\/Hugo-Souza-em-acao-pelo-Flamengo-contra-o-Nova-Iguacu-pela-Taca-Guanabara.webp","datePublished":"2022-04-29T15:33:45+00:00","author":{"@id":"https:\/\/www.gaveanews.com\/#\/schema\/person\/714c67050b836198af2450ba1c142a67"},"breadcrumb":{"@id":"https:\/\/www.gaveanews.com\/index.php\/2022\/04\/29\/hugo-souza-se-revolta-com-atos-racistas-e-agressoes-contra-torcida-do-flamengo\/#breadcrumb"},"inLanguage":"pt-BR","potentialAction":[{"@type":"ReadAction","target":["https:\/\/www.gaveanews.com\/index.php\/2022\/04\/29\/hugo-souza-se-revolta-com-atos-racistas-e-agressoes-contra-torcida-do-flamengo\/"]}]},{"@type":"ImageObject","inLanguage":"pt-BR","@id":"https:\/\/www.gaveanews.com\/index.php\/2022\/04\/29\/hugo-souza-se-revolta-com-atos-racistas-e-agressoes-contra-torcida-do-flamengo\/#primaryimage","url":"https:\/\/www.gaveanews.com\/wp-content\/uploads\/Hugo-Souza-em-acao-pelo-Flamengo-contra-o-Nova-Iguacu-pela-Taca-Guanabara.webp","contentUrl":"https:\/\/www.gaveanews.com\/wp-content\/uploads\/Hugo-Souza-em-acao-pelo-Flamengo-contra-o-Nova-Iguacu-pela-Taca-Guanabara.webp","width":800,"height":533,"caption":"Hugo Souza em a\u00e7\u00e3o pelo Flamengo contra o Nova Igua\u00e7u pela Ta\u00e7a Guanabara (Foto: Paula Reis\/Flamengo)"},{"@type":"BreadcrumbList","@id":"https:\/\/www.gaveanews.com\/index.php\/2022\/04\/29\/hugo-souza-se-revolta-com-atos-racistas-e-agressoes-contra-torcida-do-flamengo\/#breadcrumb","itemListElement":[{"@type":"ListItem","position":1,"name":"Home","item":"https:\/\/www.gaveanews.com\/"},{"@type":"ListItem","position":2,"name":"Hugo Souza se revolta com atos racistas e agress\u00f5es contra torcida do Flamengo"}]},{"@type":"WebSite","@id":"https:\/\/www.gaveanews.com\/#website","url":"https:\/\/www.gaveanews.com\/","name":"G\u00e1vea News","description":"Veja todas as not\u00edcias sobre o Flamengo: Contrata\u00e7\u00f5es, categorias de base, resultados das partidas, tabela de classifica\u00e7\u00e3o, pr\u00f3ximos jogos!","potentialAction":[{"@type":"SearchAction","target":{"@type":"EntryPoint","urlTemplate":"https:\/\/www.gaveanews.com\/?s={search_term_string}"},"query-input":{"@type":"PropertyValueSpecification","valueRequired":true,"valueName":"search_term_string"}}],"inLanguage":"pt-BR"},{"@type":"Person","@id":"https:\/\/www.gaveanews.com\/#\/schema\/person\/714c67050b836198af2450ba1c142a67","name":"Let\u00edcia Gerheim","image":{"@type":"ImageObject","inLanguage":"pt-BR","@id":"https:\/\/www.gaveanews.com\/#\/schema\/person\/image\/","url":"https:\/\/secure.gravatar.com\/avatar\/60734739c50fcebfbac509e2a826ccd0ff405c019bc73aab9354f19ecad1dcb4?s=96&d=mm&r=g","contentUrl":"https:\/\/secure.gravatar.com\/avatar\/60734739c50fcebfbac509e2a826ccd0ff405c019bc73aab9354f19ecad1dcb4?s=96&d=mm&r=g","caption":"Let\u00edcia Gerheim"}}]}},"_links":{"self":[{"href":"https:\/\/www.gaveanews.com\/index.php\/wp-json\/wp\/v2\/posts\/80845","targetHints":{"allow":["GET"]}}],"collection":[{"href":"https:\/\/www.gaveanews.com\/index.php\/wp-json\/wp\/v2\/posts"}],"about":[{"href":"https:\/\/www.gaveanews.com\/index.php\/wp-json\/wp\/v2\/types\/post"}],"author":[{"embeddable":true,"href":"https:\/\/www.gaveanews.com\/index.php\/wp-json\/wp\/v2\/users\/4"}],"replies":[{"embeddable":true,"href":"https:\/\/www.gaveanews.com\/index.php\/wp-json\/wp\/v2\/comments?post=80845"}],"version-history":[{"count":0,"href":"https:\/\/www.gaveanews.com\/index.php\/wp-json\/wp\/v2\/posts\/80845\/revisions"}],"wp:featuredmedia":[{"embeddable":true,"href":"https:\/\/www.gaveanews.com\/index.php\/wp-json\/wp\/v2\/media\/76707"}],"wp:attachment":[{"href":"https:\/\/www.gaveanews.com\/index.php\/wp-json\/wp\/v2\/media?parent=80845"}],"wp:term":[{"taxonomy":"category","embeddable":true,"href":"https:\/\/www.gaveanews.com\/index.php\/wp-json\/wp\/v2\/categories?post=80845"},{"taxonomy":"post_tag","embeddable":true,"href":"https:\/\/www.gaveanews.com\/index.php\/wp-json\/wp\/v2\/tags?post=80845"}],"curies":[{"name":"wp","href":"https:\/\/api.w.org\/{rel}","templated":true}]}}