{"id":80854,"date":"2022-04-29T13:42:08","date_gmt":"2022-04-29T16:42:08","guid":{"rendered":"https:\/\/www.gaveanews.com\/?p=80854"},"modified":"2022-04-29T13:42:08","modified_gmt":"2022-04-29T16:42:08","slug":"na-mira-do-flamengo-arturo-vidal-pode-se-tornar-o-jogador-mais-bem-pago-do-brasil","status":"publish","type":"post","link":"https:\/\/www.gaveanews.com\/index.php\/2022\/04\/29\/na-mira-do-flamengo-arturo-vidal-pode-se-tornar-o-jogador-mais-bem-pago-do-brasil\/","title":{"rendered":"Na mira do Flamengo, Arturo Vidal pode se tornar o jogador mais bem pago do Brasil"},"content":{"rendered":"<p>Sonho da torcida do Flamengo, Arturo Vidal pode fazer o desejo se tornar realidade. De acordo com o jornal La Tercera, a chegada do chileno ao clube carioca vem tomando corpo.<\/p>\n<p>Com contrato at\u00e9 junho de 2023 com a Inter de Mil\u00e3o, o volante n\u00e3o deve renovar e pode sair j\u00e1 na pr\u00f3xima janela de transfer\u00eancias, ficando livre para fechar com uma nova equipe. E \u00e9 a\u00ed que o Flamengo entra na jogada. Segundo o ve\u00edculo, o Rubro-Negro planeja tornar a estrela a mais bem paga do futebol brasileiro.<\/p>\n<p>De acordo com o jornal chileno, a oferta salarial do clube da G\u00e1vea para a estrela da sele\u00e7\u00e3o do Chile seria na casa de 5 milh\u00f5es de d\u00f3lares por ano, cerca de R$ 24 milh\u00f5es, o que daria R$ 2 milh\u00f5es por m\u00eas. O contrato seria de duas temporadas, com op\u00e7\u00e3o de renova\u00e7\u00e3o por mais uma.<\/p>\n<p>No entanto, o Flamengo n\u00e3o est\u00e1 sozinho na jogada. De acordo com La Tercera, Vidal teria em m\u00e3os uma proposta do Al Rayyan, clube do Qatar em que joga James Rodr\u00edguez. Um regresso ao Colo-Colo tamb\u00e9m \u00e9 estudado.<\/p>\n<p>&#8220;Um dos grandes objetivos de Arturo Vidal \u00e9 conquistar a Libertadores. Esse foi um dos principais motivos para ouvir o Flamengo, time que est\u00e1 sempre na luta pelo t\u00edtulo. Al\u00e9m disso, ele adora a ideia de morar no Rio de Janeiro&#8221;, escreveu o ve\u00edculo.<\/p>\n<p>Em mais de uma oportunidade, Vidal j\u00e1 demonstrou a simpatia pelo clube carioca. Nas redes sociais, j\u00e1 postou foto vestindo o manto Rubro-Negro e, em outras ocasi\u00f5es, mostrou assistir as partidas do Flamengo.<\/p>\n<p>Revelado pelo Colo-Colo, o chileno rumou \u00e0 Europa na temporada 2007-08, onde atua desde ent\u00e3o. No Velho Continente, j\u00e1 defendeu as cores de Bayer Leverkusen, Juventus, Bayern de Munique, Barcelona e, atualmente, est\u00e1 na Inter de Mil\u00e3o.<\/p>\n<p>Pela Libertadores, sonho de consumo do chileno, o Flamengo venceu a Universidad Cat\u00f3lica na \u00faltima quinta-feira (28) e chegou aos nove pontos, ocupando a lideran\u00e7a disparada do grupo H. O pr\u00f3ximo compromisso do Rubro-Negro ser\u00e1 no dia 4 de maio, \u00e0s 19h, contra o Talleres, no Est\u00e1dio Mario Kempes, em C\u00f3rdoba. A partida ter\u00e1 transmiss\u00e3o ao vivo pela ESPN no Star+.<\/p>\n<p>Retirado de: ESPN<\/p>\n","protected":false},"excerpt":{"rendered":"<p>Sonho da torcida do Flamengo, Arturo Vidal pode fazer o desejo se tornar realidade. De acordo com o jornal La Tercera, a chegada do chileno ao clube carioca vem tomando corpo. Com contrato at\u00e9 junho de 2023 com a Inter de Mil\u00e3o, o volante n\u00e3o deve renovar e pode sair j\u00e1 na pr\u00f3xima janela de [&hellip;]<\/p>\n","protected":false},"author":1,"featured_media":64680,"comment_status":"open","ping_status":"closed","sticky":false,"template":"","format":"standard","meta":{"footnotes":""},"categories":[48],"tags":[],"class_list":["post-80854","post","type-post","status-publish","format-standard","has-post-thumbnail","hentry","category-negociacoes"],"yoast_head":"<!-- This site is optimized with the Yoast SEO Premium plugin v24.2 (Yoast SEO v26.9) - https:\/\/yoast.com\/product\/yoast-seo-premium-wordpress\/ -->\n<title>Na mira do Flamengo, Arturo Vidal pode se tornar o jogador mais bem pago do Brasil<\/title>\n<meta name=\"robots\" content=\"index, follow, max-snippet:-1, max-image-preview:large, max-video-preview:-1\" \/>\n<link rel=\"canonical\" href=\"https:\/\/www.gaveanews.com\/index.php\/2022\/04\/29\/na-mira-do-flamengo-arturo-vidal-pode-se-tornar-o-jogador-mais-bem-pago-do-brasil\/\" \/>\n<meta property=\"og:locale\" content=\"pt_BR\" \/>\n<meta property=\"og:type\" content=\"article\" \/>\n<meta property=\"og:title\" content=\"Na mira do Flamengo, Arturo Vidal pode se tornar o jogador mais bem pago do Brasil\" \/>\n<meta property=\"og:description\" content=\"Sonho da torcida do Flamengo, Arturo Vidal pode fazer o desejo se tornar realidade. De acordo com o jornal La Tercera, a chegada do chileno ao clube carioca vem tomando corpo. Com contrato at\u00e9 junho de 2023 com a Inter de Mil\u00e3o, o volante n\u00e3o deve renovar e pode sair j\u00e1 na pr\u00f3xima janela de [&hellip;]\" \/>\n<meta property=\"og:url\" content=\"https:\/\/www.gaveanews.com\/index.php\/2022\/04\/29\/na-mira-do-flamengo-arturo-vidal-pode-se-tornar-o-jogador-mais-bem-pago-do-brasil\/\" \/>\n<meta property=\"og:site_name\" content=\"G\u00e1vea News\" \/>\n<meta property=\"article:publisher\" content=\"https:\/\/facebook.com\/gaveaNews\/\" \/>\n<meta property=\"article:published_time\" content=\"2022-04-29T16:42:08+00:00\" \/>\n<meta property=\"og:image\" content=\"https:\/\/www.gaveanews.com\/wp-content\/uploads\/Arturo-Vidal-com-uniforme-da-Inter-de-Milao.webp\" \/>\n\t<meta property=\"og:image:width\" content=\"640\" \/>\n\t<meta property=\"og:image:height\" content=\"400\" \/>\n\t<meta property=\"og:image:type\" content=\"image\/jpeg\" \/>\n<meta name=\"author\" content=\"Equipe G\u00e1vea News\" \/>\n<meta name=\"twitter:card\" content=\"summary_large_image\" \/>\n<meta name=\"twitter:label1\" content=\"Escrito por\" \/>\n\t<meta name=\"twitter:data1\" content=\"Equipe G\u00e1vea News\" \/>\n\t<meta name=\"twitter:label2\" content=\"Est. tempo de leitura\" \/>\n\t<meta name=\"twitter:data2\" content=\"2 minutos\" \/>\n<script type=\"application\/ld+json\" class=\"yoast-schema-graph\">{\"@context\":\"https:\/\/schema.org\",\"@graph\":[{\"@type\":\"NewsArticle\",\"@id\":\"https:\/\/www.gaveanews.com\/index.php\/2022\/04\/29\/na-mira-do-flamengo-arturo-vidal-pode-se-tornar-o-jogador-mais-bem-pago-do-brasil\/#article\",\"isPartOf\":{\"@id\":\"https:\/\/www.gaveanews.com\/index.php\/2022\/04\/29\/na-mira-do-flamengo-arturo-vidal-pode-se-tornar-o-jogador-mais-bem-pago-do-brasil\/\"},\"author\":{\"name\":\"Equipe G\u00e1vea News\",\"@id\":\"https:\/\/www.gaveanews.com\/#\/schema\/person\/2ec14f73fb96be2caf28f91afb14749d\"},\"headline\":\"Na mira do Flamengo, Arturo Vidal pode se tornar o jogador mais bem pago do Brasil\",\"datePublished\":\"2022-04-29T16:42:08+00:00\",\"mainEntityOfPage\":{\"@id\":\"https:\/\/www.gaveanews.com\/index.php\/2022\/04\/29\/na-mira-do-flamengo-arturo-vidal-pode-se-tornar-o-jogador-mais-bem-pago-do-brasil\/\"},\"wordCount\":397,\"commentCount\":0,\"image\":{\"@id\":\"https:\/\/www.gaveanews.com\/index.php\/2022\/04\/29\/na-mira-do-flamengo-arturo-vidal-pode-se-tornar-o-jogador-mais-bem-pago-do-brasil\/#primaryimage\"},\"thumbnailUrl\":\"https:\/\/www.gaveanews.com\/wp-content\/uploads\/Arturo-Vidal-com-uniforme-da-Inter-de-Milao.webp\",\"articleSection\":[\"Negocia\u00e7\u00f5es\"],\"inLanguage\":\"pt-BR\",\"potentialAction\":[{\"@type\":\"CommentAction\",\"name\":\"Comment\",\"target\":[\"https:\/\/www.gaveanews.com\/index.php\/2022\/04\/29\/na-mira-do-flamengo-arturo-vidal-pode-se-tornar-o-jogador-mais-bem-pago-do-brasil\/#respond\"]}],\"copyrightYear\":\"2022\",\"copyrightHolder\":{\"@id\":\"https:\/\/www.gaveanews.com\/#organization\"}},{\"@type\":\"WebPage\",\"@id\":\"https:\/\/www.gaveanews.com\/index.php\/2022\/04\/29\/na-mira-do-flamengo-arturo-vidal-pode-se-tornar-o-jogador-mais-bem-pago-do-brasil\/\",\"url\":\"https:\/\/www.gaveanews.com\/index.php\/2022\/04\/29\/na-mira-do-flamengo-arturo-vidal-pode-se-tornar-o-jogador-mais-bem-pago-do-brasil\/\",\"name\":\"Na mira do Flamengo, Arturo Vidal pode se tornar o jogador mais bem pago do Brasil\",\"isPartOf\":{\"@id\":\"https:\/\/www.gaveanews.com\/#website\"},\"primaryImageOfPage\":{\"@id\":\"https:\/\/www.gaveanews.com\/index.php\/2022\/04\/29\/na-mira-do-flamengo-arturo-vidal-pode-se-tornar-o-jogador-mais-bem-pago-do-brasil\/#primaryimage\"},\"image\":{\"@id\":\"https:\/\/www.gaveanews.com\/index.php\/2022\/04\/29\/na-mira-do-flamengo-arturo-vidal-pode-se-tornar-o-jogador-mais-bem-pago-do-brasil\/#primaryimage\"},\"thumbnailUrl\":\"https:\/\/www.gaveanews.com\/wp-content\/uploads\/Arturo-Vidal-com-uniforme-da-Inter-de-Milao.webp\",\"datePublished\":\"2022-04-29T16:42:08+00:00\",\"author\":{\"@id\":\"https:\/\/www.gaveanews.com\/#\/schema\/person\/2ec14f73fb96be2caf28f91afb14749d\"},\"breadcrumb\":{\"@id\":\"https:\/\/www.gaveanews.com\/index.php\/2022\/04\/29\/na-mira-do-flamengo-arturo-vidal-pode-se-tornar-o-jogador-mais-bem-pago-do-brasil\/#breadcrumb\"},\"inLanguage\":\"pt-BR\",\"potentialAction\":[{\"@type\":\"ReadAction\",\"target\":[\"https:\/\/www.gaveanews.com\/index.php\/2022\/04\/29\/na-mira-do-flamengo-arturo-vidal-pode-se-tornar-o-jogador-mais-bem-pago-do-brasil\/\"]}]},{\"@type\":\"ImageObject\",\"inLanguage\":\"pt-BR\",\"@id\":\"https:\/\/www.gaveanews.com\/index.php\/2022\/04\/29\/na-mira-do-flamengo-arturo-vidal-pode-se-tornar-o-jogador-mais-bem-pago-do-brasil\/#primaryimage\",\"url\":\"https:\/\/www.gaveanews.com\/wp-content\/uploads\/Arturo-Vidal-com-uniforme-da-Inter-de-Milao.webp\",\"contentUrl\":\"https:\/\/www.gaveanews.com\/wp-content\/uploads\/Arturo-Vidal-com-uniforme-da-Inter-de-Milao.webp\",\"width\":640,\"height\":400,\"caption\":\"Arturo Vidal com uniforme da Inter de Mil\u00e3o (Foto: Divulga\u00e7\u00e3o\/Inter de Mil\u00e3o)\"},{\"@type\":\"BreadcrumbList\",\"@id\":\"https:\/\/www.gaveanews.com\/index.php\/2022\/04\/29\/na-mira-do-flamengo-arturo-vidal-pode-se-tornar-o-jogador-mais-bem-pago-do-brasil\/#breadcrumb\",\"itemListElement\":[{\"@type\":\"ListItem\",\"position\":1,\"name\":\"Home\",\"item\":\"https:\/\/www.gaveanews.com\/\"},{\"@type\":\"ListItem\",\"position\":2,\"name\":\"Na mira do Flamengo, Arturo Vidal pode se tornar o jogador mais bem pago do Brasil\"}]},{\"@type\":\"WebSite\",\"@id\":\"https:\/\/www.gaveanews.com\/#website\",\"url\":\"https:\/\/www.gaveanews.com\/\",\"name\":\"G\u00e1vea News\",\"description\":\"Veja todas as not\u00edcias sobre o Flamengo: Contrata\u00e7\u00f5es, categorias de base, resultados das partidas, tabela de classifica\u00e7\u00e3o, pr\u00f3ximos jogos!\",\"potentialAction\":[{\"@type\":\"SearchAction\",\"target\":{\"@type\":\"EntryPoint\",\"urlTemplate\":\"https:\/\/www.gaveanews.com\/?s={search_term_string}\"},\"query-input\":{\"@type\":\"PropertyValueSpecification\",\"valueRequired\":true,\"valueName\":\"search_term_string\"}}],\"inLanguage\":\"pt-BR\"},{\"@type\":\"Person\",\"@id\":\"https:\/\/www.gaveanews.com\/#\/schema\/person\/2ec14f73fb96be2caf28f91afb14749d\",\"name\":\"Equipe G\u00e1vea News\",\"image\":{\"@type\":\"ImageObject\",\"inLanguage\":\"pt-BR\",\"@id\":\"https:\/\/www.gaveanews.com\/#\/schema\/person\/image\/\",\"url\":\"https:\/\/secure.gravatar.com\/avatar\/1e1956f1facbffd3f8fa53a326721950116b3b9dc9bd44939c01180fd4a745a9?s=96&d=mm&r=g\",\"contentUrl\":\"https:\/\/secure.gravatar.com\/avatar\/1e1956f1facbffd3f8fa53a326721950116b3b9dc9bd44939c01180fd4a745a9?s=96&d=mm&r=g\",\"caption\":\"Equipe G\u00e1vea News\"}}]}<\/script>\n<!-- \/ Yoast SEO Premium plugin. -->","yoast_head_json":{"title":"Na mira do Flamengo, Arturo Vidal pode se tornar o jogador mais bem pago do Brasil","robots":{"index":"index","follow":"follow","max-snippet":"max-snippet:-1","max-image-preview":"max-image-preview:large","max-video-preview":"max-video-preview:-1"},"canonical":"https:\/\/www.gaveanews.com\/index.php\/2022\/04\/29\/na-mira-do-flamengo-arturo-vidal-pode-se-tornar-o-jogador-mais-bem-pago-do-brasil\/","og_locale":"pt_BR","og_type":"article","og_title":"Na mira do Flamengo, Arturo Vidal pode se tornar o jogador mais bem pago do Brasil","og_description":"Sonho da torcida do Flamengo, Arturo Vidal pode fazer o desejo se tornar realidade. De acordo com o jornal La Tercera, a chegada do chileno ao clube carioca vem tomando corpo. Com contrato at\u00e9 junho de 2023 com a Inter de Mil\u00e3o, o volante n\u00e3o deve renovar e pode sair j\u00e1 na pr\u00f3xima janela de [&hellip;]","og_url":"https:\/\/www.gaveanews.com\/index.php\/2022\/04\/29\/na-mira-do-flamengo-arturo-vidal-pode-se-tornar-o-jogador-mais-bem-pago-do-brasil\/","og_site_name":"G\u00e1vea News","article_publisher":"https:\/\/facebook.com\/gaveaNews\/","article_published_time":"2022-04-29T16:42:08+00:00","og_image":[{"width":640,"height":400,"url":"https:\/\/www.gaveanews.com\/wp-content\/uploads\/Arturo-Vidal-com-uniforme-da-Inter-de-Milao.webp","type":"image\/jpeg"}],"author":"Equipe G\u00e1vea News","twitter_card":"summary_large_image","twitter_misc":{"Escrito por":"Equipe G\u00e1vea News","Est. tempo de leitura":"2 minutos"},"schema":{"@context":"https:\/\/schema.org","@graph":[{"@type":"NewsArticle","@id":"https:\/\/www.gaveanews.com\/index.php\/2022\/04\/29\/na-mira-do-flamengo-arturo-vidal-pode-se-tornar-o-jogador-mais-bem-pago-do-brasil\/#article","isPartOf":{"@id":"https:\/\/www.gaveanews.com\/index.php\/2022\/04\/29\/na-mira-do-flamengo-arturo-vidal-pode-se-tornar-o-jogador-mais-bem-pago-do-brasil\/"},"author":{"name":"Equipe G\u00e1vea News","@id":"https:\/\/www.gaveanews.com\/#\/schema\/person\/2ec14f73fb96be2caf28f91afb14749d"},"headline":"Na mira do Flamengo, Arturo Vidal pode se tornar o jogador mais bem pago do Brasil","datePublished":"2022-04-29T16:42:08+00:00","mainEntityOfPage":{"@id":"https:\/\/www.gaveanews.com\/index.php\/2022\/04\/29\/na-mira-do-flamengo-arturo-vidal-pode-se-tornar-o-jogador-mais-bem-pago-do-brasil\/"},"wordCount":397,"commentCount":0,"image":{"@id":"https:\/\/www.gaveanews.com\/index.php\/2022\/04\/29\/na-mira-do-flamengo-arturo-vidal-pode-se-tornar-o-jogador-mais-bem-pago-do-brasil\/#primaryimage"},"thumbnailUrl":"https:\/\/www.gaveanews.com\/wp-content\/uploads\/Arturo-Vidal-com-uniforme-da-Inter-de-Milao.webp","articleSection":["Negocia\u00e7\u00f5es"],"inLanguage":"pt-BR","potentialAction":[{"@type":"CommentAction","name":"Comment","target":["https:\/\/www.gaveanews.com\/index.php\/2022\/04\/29\/na-mira-do-flamengo-arturo-vidal-pode-se-tornar-o-jogador-mais-bem-pago-do-brasil\/#respond"]}],"copyrightYear":"2022","copyrightHolder":{"@id":"https:\/\/www.gaveanews.com\/#organization"}},{"@type":"WebPage","@id":"https:\/\/www.gaveanews.com\/index.php\/2022\/04\/29\/na-mira-do-flamengo-arturo-vidal-pode-se-tornar-o-jogador-mais-bem-pago-do-brasil\/","url":"https:\/\/www.gaveanews.com\/index.php\/2022\/04\/29\/na-mira-do-flamengo-arturo-vidal-pode-se-tornar-o-jogador-mais-bem-pago-do-brasil\/","name":"Na mira do Flamengo, Arturo Vidal pode se tornar o jogador mais bem pago do Brasil","isPartOf":{"@id":"https:\/\/www.gaveanews.com\/#website"},"primaryImageOfPage":{"@id":"https:\/\/www.gaveanews.com\/index.php\/2022\/04\/29\/na-mira-do-flamengo-arturo-vidal-pode-se-tornar-o-jogador-mais-bem-pago-do-brasil\/#primaryimage"},"image":{"@id":"https:\/\/www.gaveanews.com\/index.php\/2022\/04\/29\/na-mira-do-flamengo-arturo-vidal-pode-se-tornar-o-jogador-mais-bem-pago-do-brasil\/#primaryimage"},"thumbnailUrl":"https:\/\/www.gaveanews.com\/wp-content\/uploads\/Arturo-Vidal-com-uniforme-da-Inter-de-Milao.webp","datePublished":"2022-04-29T16:42:08+00:00","author":{"@id":"https:\/\/www.gaveanews.com\/#\/schema\/person\/2ec14f73fb96be2caf28f91afb14749d"},"breadcrumb":{"@id":"https:\/\/www.gaveanews.com\/index.php\/2022\/04\/29\/na-mira-do-flamengo-arturo-vidal-pode-se-tornar-o-jogador-mais-bem-pago-do-brasil\/#breadcrumb"},"inLanguage":"pt-BR","potentialAction":[{"@type":"ReadAction","target":["https:\/\/www.gaveanews.com\/index.php\/2022\/04\/29\/na-mira-do-flamengo-arturo-vidal-pode-se-tornar-o-jogador-mais-bem-pago-do-brasil\/"]}]},{"@type":"ImageObject","inLanguage":"pt-BR","@id":"https:\/\/www.gaveanews.com\/index.php\/2022\/04\/29\/na-mira-do-flamengo-arturo-vidal-pode-se-tornar-o-jogador-mais-bem-pago-do-brasil\/#primaryimage","url":"https:\/\/www.gaveanews.com\/wp-content\/uploads\/Arturo-Vidal-com-uniforme-da-Inter-de-Milao.webp","contentUrl":"https:\/\/www.gaveanews.com\/wp-content\/uploads\/Arturo-Vidal-com-uniforme-da-Inter-de-Milao.webp","width":640,"height":400,"caption":"Arturo Vidal com uniforme da Inter de Mil\u00e3o (Foto: Divulga\u00e7\u00e3o\/Inter de Mil\u00e3o)"},{"@type":"BreadcrumbList","@id":"https:\/\/www.gaveanews.com\/index.php\/2022\/04\/29\/na-mira-do-flamengo-arturo-vidal-pode-se-tornar-o-jogador-mais-bem-pago-do-brasil\/#breadcrumb","itemListElement":[{"@type":"ListItem","position":1,"name":"Home","item":"https:\/\/www.gaveanews.com\/"},{"@type":"ListItem","position":2,"name":"Na mira do Flamengo, Arturo Vidal pode se tornar o jogador mais bem pago do Brasil"}]},{"@type":"WebSite","@id":"https:\/\/www.gaveanews.com\/#website","url":"https:\/\/www.gaveanews.com\/","name":"G\u00e1vea News","description":"Veja todas as not\u00edcias sobre o Flamengo: Contrata\u00e7\u00f5es, categorias de base, resultados das partidas, tabela de classifica\u00e7\u00e3o, pr\u00f3ximos jogos!","potentialAction":[{"@type":"SearchAction","target":{"@type":"EntryPoint","urlTemplate":"https:\/\/www.gaveanews.com\/?s={search_term_string}"},"query-input":{"@type":"PropertyValueSpecification","valueRequired":true,"valueName":"search_term_string"}}],"inLanguage":"pt-BR"},{"@type":"Person","@id":"https:\/\/www.gaveanews.com\/#\/schema\/person\/2ec14f73fb96be2caf28f91afb14749d","name":"Equipe G\u00e1vea News","image":{"@type":"ImageObject","inLanguage":"pt-BR","@id":"https:\/\/www.gaveanews.com\/#\/schema\/person\/image\/","url":"https:\/\/secure.gravatar.com\/avatar\/1e1956f1facbffd3f8fa53a326721950116b3b9dc9bd44939c01180fd4a745a9?s=96&d=mm&r=g","contentUrl":"https:\/\/secure.gravatar.com\/avatar\/1e1956f1facbffd3f8fa53a326721950116b3b9dc9bd44939c01180fd4a745a9?s=96&d=mm&r=g","caption":"Equipe G\u00e1vea News"}}]}},"_links":{"self":[{"href":"https:\/\/www.gaveanews.com\/index.php\/wp-json\/wp\/v2\/posts\/80854","targetHints":{"allow":["GET"]}}],"collection":[{"href":"https:\/\/www.gaveanews.com\/index.php\/wp-json\/wp\/v2\/posts"}],"about":[{"href":"https:\/\/www.gaveanews.com\/index.php\/wp-json\/wp\/v2\/types\/post"}],"author":[{"embeddable":true,"href":"https:\/\/www.gaveanews.com\/index.php\/wp-json\/wp\/v2\/users\/1"}],"replies":[{"embeddable":true,"href":"https:\/\/www.gaveanews.com\/index.php\/wp-json\/wp\/v2\/comments?post=80854"}],"version-history":[{"count":0,"href":"https:\/\/www.gaveanews.com\/index.php\/wp-json\/wp\/v2\/posts\/80854\/revisions"}],"wp:featuredmedia":[{"embeddable":true,"href":"https:\/\/www.gaveanews.com\/index.php\/wp-json\/wp\/v2\/media\/64680"}],"wp:attachment":[{"href":"https:\/\/www.gaveanews.com\/index.php\/wp-json\/wp\/v2\/media?parent=80854"}],"wp:term":[{"taxonomy":"category","embeddable":true,"href":"https:\/\/www.gaveanews.com\/index.php\/wp-json\/wp\/v2\/categories?post=80854"},{"taxonomy":"post_tag","embeddable":true,"href":"https:\/\/www.gaveanews.com\/index.php\/wp-json\/wp\/v2\/tags?post=80854"}],"curies":[{"name":"wp","href":"https:\/\/api.w.org\/{rel}","templated":true}]}}