{"id":81374,"date":"2022-05-09T23:29:54","date_gmt":"2022-05-10T02:29:54","guid":{"rendered":"https:\/\/www.gaveanews.com\/?p=81374"},"modified":"2022-05-09T23:29:54","modified_gmt":"2022-05-10T02:29:54","slug":"jorge-jesus-se-nao-fosse-a-pandemia-jamais-teria-saido-do-flamengo","status":"publish","type":"post","link":"https:\/\/www.gaveanews.com\/index.php\/2022\/05\/09\/jorge-jesus-se-nao-fosse-a-pandemia-jamais-teria-saido-do-flamengo\/","title":{"rendered":"Jorge Jesus: &#8220;Se n\u00e3o fosse a pandemia, jamais teria sa\u00eddo do Flamengo&#8221;"},"content":{"rendered":"<p>Na entrevista que deu ao programa da SporTV \u201cBem, Amigos\u2019 no in\u00edcio da semana passada \u2013 ainda no Brasil, ap\u00f3s os Desfiles das Escolas de Samba do Rio e antes do seu embarque para Portugal \u2013 Jorge Jesus disse que, se n\u00e3o fosse por causa da Covid, jamais teria deixado o Flamengo e aceitado a proposta do Benfica, no in\u00edcio do segundo semestre de 2020.<\/p>\n<p><em><strong>\u2014 Sa\u00ed, pois o mundo mudou por causa da pandemia. Cheguei a viajar para Portugal, de f\u00e9rias. Mas, quando voltei, a Covid continuava e ningu\u00e9m sabia bem o que era aquela doen\u00e7a. Ficava sozinho no hotel, o motorista do Flamengo levava minha comida, batia na porta do quarto e sa\u00eda. E minha fam\u00edlia estava em Portugal. Se n\u00e3o fosse por causa da pandemia, eu nunca teria sa\u00eddo.<\/strong><\/em><\/p>\n<p>Jorge Jesus disse que a sua passagem pelo Rubro-Negro foi o auge de sua carreira.<\/p>\n<p><em><strong>\u2014 Treinei v\u00e1rios clubes, tenho muitos t\u00edtulos, tive muito sucesso no maior clube de Portugal, o Benfica, onde ganhei muito. Mas o auge foi o Flamengo. Foi uma passagem hist\u00f3rica, n\u00e3o apenas pelo t\u00edtulo, mas na rela\u00e7\u00e3o com os jogadores. Nunca tive uma equipe em que estiv\u00e9ssemos t\u00e3o ligados. Os jogadores diziam que me amavam. Uma sintonia muito forte. O Flamengo foi a equipe mais forte que eu trabalhei.<\/strong><\/em><\/p>\n<p>Jesus disse que desde que deixou o Benfica j\u00e1 recebeu muitas propostas, incluindo duas sele\u00e7\u00f5es da Am\u00e9rica do Sul. E tamb\u00e9m uma do Everton, da Inglaterra.<\/p>\n<p><em><strong>\u2014 Estou habituado a ganhar t\u00edtulos, n\u00e3o apenas jogos. No Everton, apenas ganharia jogos. Tive propostas e n\u00e3o aceitei. Fechei algumas portas por isso. Mas no fim de maio vou ver<\/strong><\/em>, disse Jesus, que tem em m\u00e3os uma proposta da Turquia bem encaminhada.<\/p>\n<p>Sobre os contatos que Atl\u00e9tico e Corinthians fizeram com ele, Jesus comentou:<\/p>\n<p><em><strong>\u2014 Atl\u00e9tico e Corinthians conversaram comigo, sim. Mas nunca tive uma proposta oficial. S\u00e3o duas equipes grandes, mas eu n\u00e3o queria trabalhar naquele momento. Apenas a partir do fim de maio.<\/strong><\/em><\/p>\n<p>Retirado de: Jogada 10<\/p>\n","protected":false},"excerpt":{"rendered":"<p>Na entrevista que deu ao programa da SporTV \u201cBem, Amigos\u2019 no in\u00edcio da semana passada \u2013 ainda no Brasil, ap\u00f3s os Desfiles das Escolas de Samba do Rio e antes do seu embarque para Portugal \u2013 Jorge Jesus disse que, se n\u00e3o fosse por causa da Covid, jamais teria deixado o Flamengo e aceitado a [&hellip;]<\/p>\n","protected":false},"author":1,"featured_media":28886,"comment_status":"open","ping_status":"closed","sticky":false,"template":"","format":"standard","meta":{"footnotes":""},"categories":[47],"tags":[],"class_list":["post-81374","post","type-post","status-publish","format-standard","has-post-thumbnail","hentry","category-destaques"],"yoast_head":"<!-- This site is optimized with the Yoast SEO Premium plugin v24.2 (Yoast SEO v26.9) - https:\/\/yoast.com\/product\/yoast-seo-premium-wordpress\/ -->\n<title>Jorge Jesus: &quot;Se n\u00e3o fosse a pandemia, jamais teria sa\u00eddo do Flamengo&quot;<\/title>\n<meta name=\"robots\" content=\"index, follow, max-snippet:-1, max-image-preview:large, max-video-preview:-1\" \/>\n<link rel=\"canonical\" href=\"https:\/\/www.gaveanews.com\/index.php\/2022\/05\/09\/jorge-jesus-se-nao-fosse-a-pandemia-jamais-teria-saido-do-flamengo\/\" \/>\n<meta property=\"og:locale\" content=\"pt_BR\" \/>\n<meta property=\"og:type\" content=\"article\" \/>\n<meta property=\"og:title\" content=\"Jorge Jesus: &quot;Se n\u00e3o fosse a pandemia, jamais teria sa\u00eddo do Flamengo&quot;\" \/>\n<meta property=\"og:description\" content=\"Na entrevista que deu ao programa da SporTV \u201cBem, Amigos\u2019 no in\u00edcio da semana passada \u2013 ainda no Brasil, ap\u00f3s os Desfiles das Escolas de Samba do Rio e antes do seu embarque para Portugal \u2013 Jorge Jesus disse que, se n\u00e3o fosse por causa da Covid, jamais teria deixado o Flamengo e aceitado a [&hellip;]\" \/>\n<meta property=\"og:url\" content=\"https:\/\/www.gaveanews.com\/index.php\/2022\/05\/09\/jorge-jesus-se-nao-fosse-a-pandemia-jamais-teria-saido-do-flamengo\/\" \/>\n<meta property=\"og:site_name\" content=\"G\u00e1vea News\" \/>\n<meta property=\"article:publisher\" content=\"https:\/\/facebook.com\/gaveaNews\/\" \/>\n<meta property=\"article:published_time\" content=\"2022-05-10T02:29:54+00:00\" \/>\n<meta property=\"og:image\" content=\"https:\/\/www.gaveanews.com\/wp-content\/uploads\/Jorge-Jesus-durante-uma-partida-do-Flamengo.webp\" \/>\n\t<meta property=\"og:image:width\" content=\"900\" \/>\n\t<meta property=\"og:image:height\" content=\"600\" \/>\n\t<meta property=\"og:image:type\" content=\"image\/jpeg\" \/>\n<meta name=\"author\" content=\"Equipe G\u00e1vea News\" \/>\n<meta name=\"twitter:card\" content=\"summary_large_image\" \/>\n<meta name=\"twitter:label1\" content=\"Escrito por\" \/>\n\t<meta name=\"twitter:data1\" content=\"Equipe G\u00e1vea News\" \/>\n\t<meta name=\"twitter:label2\" content=\"Est. tempo de leitura\" \/>\n\t<meta name=\"twitter:data2\" content=\"2 minutos\" \/>\n<script type=\"application\/ld+json\" class=\"yoast-schema-graph\">{\"@context\":\"https:\/\/schema.org\",\"@graph\":[{\"@type\":\"NewsArticle\",\"@id\":\"https:\/\/www.gaveanews.com\/index.php\/2022\/05\/09\/jorge-jesus-se-nao-fosse-a-pandemia-jamais-teria-saido-do-flamengo\/#article\",\"isPartOf\":{\"@id\":\"https:\/\/www.gaveanews.com\/index.php\/2022\/05\/09\/jorge-jesus-se-nao-fosse-a-pandemia-jamais-teria-saido-do-flamengo\/\"},\"author\":{\"name\":\"Equipe G\u00e1vea News\",\"@id\":\"https:\/\/www.gaveanews.com\/#\/schema\/person\/2ec14f73fb96be2caf28f91afb14749d\"},\"headline\":\"Jorge Jesus: &#8220;Se n\u00e3o fosse a pandemia, jamais teria sa\u00eddo do Flamengo&#8221;\",\"datePublished\":\"2022-05-10T02:29:54+00:00\",\"mainEntityOfPage\":{\"@id\":\"https:\/\/www.gaveanews.com\/index.php\/2022\/05\/09\/jorge-jesus-se-nao-fosse-a-pandemia-jamais-teria-saido-do-flamengo\/\"},\"wordCount\":368,\"commentCount\":0,\"image\":{\"@id\":\"https:\/\/www.gaveanews.com\/index.php\/2022\/05\/09\/jorge-jesus-se-nao-fosse-a-pandemia-jamais-teria-saido-do-flamengo\/#primaryimage\"},\"thumbnailUrl\":\"https:\/\/www.gaveanews.com\/wp-content\/uploads\/Jorge-Jesus-durante-uma-partida-do-Flamengo.webp\",\"articleSection\":[\"Destaques\"],\"inLanguage\":\"pt-BR\",\"potentialAction\":[{\"@type\":\"CommentAction\",\"name\":\"Comment\",\"target\":[\"https:\/\/www.gaveanews.com\/index.php\/2022\/05\/09\/jorge-jesus-se-nao-fosse-a-pandemia-jamais-teria-saido-do-flamengo\/#respond\"]}],\"copyrightYear\":\"2022\",\"copyrightHolder\":{\"@id\":\"https:\/\/www.gaveanews.com\/#organization\"}},{\"@type\":\"WebPage\",\"@id\":\"https:\/\/www.gaveanews.com\/index.php\/2022\/05\/09\/jorge-jesus-se-nao-fosse-a-pandemia-jamais-teria-saido-do-flamengo\/\",\"url\":\"https:\/\/www.gaveanews.com\/index.php\/2022\/05\/09\/jorge-jesus-se-nao-fosse-a-pandemia-jamais-teria-saido-do-flamengo\/\",\"name\":\"Jorge Jesus: \\\"Se n\u00e3o fosse a pandemia, jamais teria sa\u00eddo do Flamengo\\\"\",\"isPartOf\":{\"@id\":\"https:\/\/www.gaveanews.com\/#website\"},\"primaryImageOfPage\":{\"@id\":\"https:\/\/www.gaveanews.com\/index.php\/2022\/05\/09\/jorge-jesus-se-nao-fosse-a-pandemia-jamais-teria-saido-do-flamengo\/#primaryimage\"},\"image\":{\"@id\":\"https:\/\/www.gaveanews.com\/index.php\/2022\/05\/09\/jorge-jesus-se-nao-fosse-a-pandemia-jamais-teria-saido-do-flamengo\/#primaryimage\"},\"thumbnailUrl\":\"https:\/\/www.gaveanews.com\/wp-content\/uploads\/Jorge-Jesus-durante-uma-partida-do-Flamengo.webp\",\"datePublished\":\"2022-05-10T02:29:54+00:00\",\"author\":{\"@id\":\"https:\/\/www.gaveanews.com\/#\/schema\/person\/2ec14f73fb96be2caf28f91afb14749d\"},\"breadcrumb\":{\"@id\":\"https:\/\/www.gaveanews.com\/index.php\/2022\/05\/09\/jorge-jesus-se-nao-fosse-a-pandemia-jamais-teria-saido-do-flamengo\/#breadcrumb\"},\"inLanguage\":\"pt-BR\",\"potentialAction\":[{\"@type\":\"ReadAction\",\"target\":[\"https:\/\/www.gaveanews.com\/index.php\/2022\/05\/09\/jorge-jesus-se-nao-fosse-a-pandemia-jamais-teria-saido-do-flamengo\/\"]}]},{\"@type\":\"ImageObject\",\"inLanguage\":\"pt-BR\",\"@id\":\"https:\/\/www.gaveanews.com\/index.php\/2022\/05\/09\/jorge-jesus-se-nao-fosse-a-pandemia-jamais-teria-saido-do-flamengo\/#primaryimage\",\"url\":\"https:\/\/www.gaveanews.com\/wp-content\/uploads\/Jorge-Jesus-durante-uma-partida-do-Flamengo.webp\",\"contentUrl\":\"https:\/\/www.gaveanews.com\/wp-content\/uploads\/Jorge-Jesus-durante-uma-partida-do-Flamengo.webp\",\"width\":900,\"height\":600,\"caption\":\"Jorge Jesus durante uma partida do Flamengo (Foto: Alexandre Vidal\/Flamengo)\"},{\"@type\":\"BreadcrumbList\",\"@id\":\"https:\/\/www.gaveanews.com\/index.php\/2022\/05\/09\/jorge-jesus-se-nao-fosse-a-pandemia-jamais-teria-saido-do-flamengo\/#breadcrumb\",\"itemListElement\":[{\"@type\":\"ListItem\",\"position\":1,\"name\":\"Home\",\"item\":\"https:\/\/www.gaveanews.com\/\"},{\"@type\":\"ListItem\",\"position\":2,\"name\":\"Jorge Jesus: &#8220;Se n\u00e3o fosse a pandemia, jamais teria sa\u00eddo do Flamengo&#8221;\"}]},{\"@type\":\"WebSite\",\"@id\":\"https:\/\/www.gaveanews.com\/#website\",\"url\":\"https:\/\/www.gaveanews.com\/\",\"name\":\"G\u00e1vea News\",\"description\":\"Veja todas as not\u00edcias sobre o Flamengo: Contrata\u00e7\u00f5es, categorias de base, resultados das partidas, tabela de classifica\u00e7\u00e3o, pr\u00f3ximos jogos!\",\"potentialAction\":[{\"@type\":\"SearchAction\",\"target\":{\"@type\":\"EntryPoint\",\"urlTemplate\":\"https:\/\/www.gaveanews.com\/?s={search_term_string}\"},\"query-input\":{\"@type\":\"PropertyValueSpecification\",\"valueRequired\":true,\"valueName\":\"search_term_string\"}}],\"inLanguage\":\"pt-BR\"},{\"@type\":\"Person\",\"@id\":\"https:\/\/www.gaveanews.com\/#\/schema\/person\/2ec14f73fb96be2caf28f91afb14749d\",\"name\":\"Equipe G\u00e1vea News\",\"image\":{\"@type\":\"ImageObject\",\"inLanguage\":\"pt-BR\",\"@id\":\"https:\/\/www.gaveanews.com\/#\/schema\/person\/image\/\",\"url\":\"https:\/\/secure.gravatar.com\/avatar\/1e1956f1facbffd3f8fa53a326721950116b3b9dc9bd44939c01180fd4a745a9?s=96&d=mm&r=g\",\"contentUrl\":\"https:\/\/secure.gravatar.com\/avatar\/1e1956f1facbffd3f8fa53a326721950116b3b9dc9bd44939c01180fd4a745a9?s=96&d=mm&r=g\",\"caption\":\"Equipe G\u00e1vea News\"}}]}<\/script>\n<!-- \/ Yoast SEO Premium plugin. -->","yoast_head_json":{"title":"Jorge Jesus: \"Se n\u00e3o fosse a pandemia, jamais teria sa\u00eddo do Flamengo\"","robots":{"index":"index","follow":"follow","max-snippet":"max-snippet:-1","max-image-preview":"max-image-preview:large","max-video-preview":"max-video-preview:-1"},"canonical":"https:\/\/www.gaveanews.com\/index.php\/2022\/05\/09\/jorge-jesus-se-nao-fosse-a-pandemia-jamais-teria-saido-do-flamengo\/","og_locale":"pt_BR","og_type":"article","og_title":"Jorge Jesus: \"Se n\u00e3o fosse a pandemia, jamais teria sa\u00eddo do Flamengo\"","og_description":"Na entrevista que deu ao programa da SporTV \u201cBem, Amigos\u2019 no in\u00edcio da semana passada \u2013 ainda no Brasil, ap\u00f3s os Desfiles das Escolas de Samba do Rio e antes do seu embarque para Portugal \u2013 Jorge Jesus disse que, se n\u00e3o fosse por causa da Covid, jamais teria deixado o Flamengo e aceitado a [&hellip;]","og_url":"https:\/\/www.gaveanews.com\/index.php\/2022\/05\/09\/jorge-jesus-se-nao-fosse-a-pandemia-jamais-teria-saido-do-flamengo\/","og_site_name":"G\u00e1vea News","article_publisher":"https:\/\/facebook.com\/gaveaNews\/","article_published_time":"2022-05-10T02:29:54+00:00","og_image":[{"width":900,"height":600,"url":"https:\/\/www.gaveanews.com\/wp-content\/uploads\/Jorge-Jesus-durante-uma-partida-do-Flamengo.webp","type":"image\/jpeg"}],"author":"Equipe G\u00e1vea News","twitter_card":"summary_large_image","twitter_misc":{"Escrito por":"Equipe G\u00e1vea News","Est. tempo de leitura":"2 minutos"},"schema":{"@context":"https:\/\/schema.org","@graph":[{"@type":"NewsArticle","@id":"https:\/\/www.gaveanews.com\/index.php\/2022\/05\/09\/jorge-jesus-se-nao-fosse-a-pandemia-jamais-teria-saido-do-flamengo\/#article","isPartOf":{"@id":"https:\/\/www.gaveanews.com\/index.php\/2022\/05\/09\/jorge-jesus-se-nao-fosse-a-pandemia-jamais-teria-saido-do-flamengo\/"},"author":{"name":"Equipe G\u00e1vea News","@id":"https:\/\/www.gaveanews.com\/#\/schema\/person\/2ec14f73fb96be2caf28f91afb14749d"},"headline":"Jorge Jesus: &#8220;Se n\u00e3o fosse a pandemia, jamais teria sa\u00eddo do Flamengo&#8221;","datePublished":"2022-05-10T02:29:54+00:00","mainEntityOfPage":{"@id":"https:\/\/www.gaveanews.com\/index.php\/2022\/05\/09\/jorge-jesus-se-nao-fosse-a-pandemia-jamais-teria-saido-do-flamengo\/"},"wordCount":368,"commentCount":0,"image":{"@id":"https:\/\/www.gaveanews.com\/index.php\/2022\/05\/09\/jorge-jesus-se-nao-fosse-a-pandemia-jamais-teria-saido-do-flamengo\/#primaryimage"},"thumbnailUrl":"https:\/\/www.gaveanews.com\/wp-content\/uploads\/Jorge-Jesus-durante-uma-partida-do-Flamengo.webp","articleSection":["Destaques"],"inLanguage":"pt-BR","potentialAction":[{"@type":"CommentAction","name":"Comment","target":["https:\/\/www.gaveanews.com\/index.php\/2022\/05\/09\/jorge-jesus-se-nao-fosse-a-pandemia-jamais-teria-saido-do-flamengo\/#respond"]}],"copyrightYear":"2022","copyrightHolder":{"@id":"https:\/\/www.gaveanews.com\/#organization"}},{"@type":"WebPage","@id":"https:\/\/www.gaveanews.com\/index.php\/2022\/05\/09\/jorge-jesus-se-nao-fosse-a-pandemia-jamais-teria-saido-do-flamengo\/","url":"https:\/\/www.gaveanews.com\/index.php\/2022\/05\/09\/jorge-jesus-se-nao-fosse-a-pandemia-jamais-teria-saido-do-flamengo\/","name":"Jorge Jesus: \"Se n\u00e3o fosse a pandemia, jamais teria sa\u00eddo do Flamengo\"","isPartOf":{"@id":"https:\/\/www.gaveanews.com\/#website"},"primaryImageOfPage":{"@id":"https:\/\/www.gaveanews.com\/index.php\/2022\/05\/09\/jorge-jesus-se-nao-fosse-a-pandemia-jamais-teria-saido-do-flamengo\/#primaryimage"},"image":{"@id":"https:\/\/www.gaveanews.com\/index.php\/2022\/05\/09\/jorge-jesus-se-nao-fosse-a-pandemia-jamais-teria-saido-do-flamengo\/#primaryimage"},"thumbnailUrl":"https:\/\/www.gaveanews.com\/wp-content\/uploads\/Jorge-Jesus-durante-uma-partida-do-Flamengo.webp","datePublished":"2022-05-10T02:29:54+00:00","author":{"@id":"https:\/\/www.gaveanews.com\/#\/schema\/person\/2ec14f73fb96be2caf28f91afb14749d"},"breadcrumb":{"@id":"https:\/\/www.gaveanews.com\/index.php\/2022\/05\/09\/jorge-jesus-se-nao-fosse-a-pandemia-jamais-teria-saido-do-flamengo\/#breadcrumb"},"inLanguage":"pt-BR","potentialAction":[{"@type":"ReadAction","target":["https:\/\/www.gaveanews.com\/index.php\/2022\/05\/09\/jorge-jesus-se-nao-fosse-a-pandemia-jamais-teria-saido-do-flamengo\/"]}]},{"@type":"ImageObject","inLanguage":"pt-BR","@id":"https:\/\/www.gaveanews.com\/index.php\/2022\/05\/09\/jorge-jesus-se-nao-fosse-a-pandemia-jamais-teria-saido-do-flamengo\/#primaryimage","url":"https:\/\/www.gaveanews.com\/wp-content\/uploads\/Jorge-Jesus-durante-uma-partida-do-Flamengo.webp","contentUrl":"https:\/\/www.gaveanews.com\/wp-content\/uploads\/Jorge-Jesus-durante-uma-partida-do-Flamengo.webp","width":900,"height":600,"caption":"Jorge Jesus durante uma partida do Flamengo (Foto: Alexandre Vidal\/Flamengo)"},{"@type":"BreadcrumbList","@id":"https:\/\/www.gaveanews.com\/index.php\/2022\/05\/09\/jorge-jesus-se-nao-fosse-a-pandemia-jamais-teria-saido-do-flamengo\/#breadcrumb","itemListElement":[{"@type":"ListItem","position":1,"name":"Home","item":"https:\/\/www.gaveanews.com\/"},{"@type":"ListItem","position":2,"name":"Jorge Jesus: &#8220;Se n\u00e3o fosse a pandemia, jamais teria sa\u00eddo do Flamengo&#8221;"}]},{"@type":"WebSite","@id":"https:\/\/www.gaveanews.com\/#website","url":"https:\/\/www.gaveanews.com\/","name":"G\u00e1vea News","description":"Veja todas as not\u00edcias sobre o Flamengo: Contrata\u00e7\u00f5es, categorias de base, resultados das partidas, tabela de classifica\u00e7\u00e3o, pr\u00f3ximos jogos!","potentialAction":[{"@type":"SearchAction","target":{"@type":"EntryPoint","urlTemplate":"https:\/\/www.gaveanews.com\/?s={search_term_string}"},"query-input":{"@type":"PropertyValueSpecification","valueRequired":true,"valueName":"search_term_string"}}],"inLanguage":"pt-BR"},{"@type":"Person","@id":"https:\/\/www.gaveanews.com\/#\/schema\/person\/2ec14f73fb96be2caf28f91afb14749d","name":"Equipe G\u00e1vea News","image":{"@type":"ImageObject","inLanguage":"pt-BR","@id":"https:\/\/www.gaveanews.com\/#\/schema\/person\/image\/","url":"https:\/\/secure.gravatar.com\/avatar\/1e1956f1facbffd3f8fa53a326721950116b3b9dc9bd44939c01180fd4a745a9?s=96&d=mm&r=g","contentUrl":"https:\/\/secure.gravatar.com\/avatar\/1e1956f1facbffd3f8fa53a326721950116b3b9dc9bd44939c01180fd4a745a9?s=96&d=mm&r=g","caption":"Equipe G\u00e1vea News"}}]}},"_links":{"self":[{"href":"https:\/\/www.gaveanews.com\/index.php\/wp-json\/wp\/v2\/posts\/81374","targetHints":{"allow":["GET"]}}],"collection":[{"href":"https:\/\/www.gaveanews.com\/index.php\/wp-json\/wp\/v2\/posts"}],"about":[{"href":"https:\/\/www.gaveanews.com\/index.php\/wp-json\/wp\/v2\/types\/post"}],"author":[{"embeddable":true,"href":"https:\/\/www.gaveanews.com\/index.php\/wp-json\/wp\/v2\/users\/1"}],"replies":[{"embeddable":true,"href":"https:\/\/www.gaveanews.com\/index.php\/wp-json\/wp\/v2\/comments?post=81374"}],"version-history":[{"count":0,"href":"https:\/\/www.gaveanews.com\/index.php\/wp-json\/wp\/v2\/posts\/81374\/revisions"}],"wp:featuredmedia":[{"embeddable":true,"href":"https:\/\/www.gaveanews.com\/index.php\/wp-json\/wp\/v2\/media\/28886"}],"wp:attachment":[{"href":"https:\/\/www.gaveanews.com\/index.php\/wp-json\/wp\/v2\/media?parent=81374"}],"wp:term":[{"taxonomy":"category","embeddable":true,"href":"https:\/\/www.gaveanews.com\/index.php\/wp-json\/wp\/v2\/categories?post=81374"},{"taxonomy":"post_tag","embeddable":true,"href":"https:\/\/www.gaveanews.com\/index.php\/wp-json\/wp\/v2\/tags?post=81374"}],"curies":[{"name":"wp","href":"https:\/\/api.w.org\/{rel}","templated":true}]}}