{"id":81376,"date":"2022-05-10T00:01:31","date_gmt":"2022-05-10T03:01:31","guid":{"rendered":"https:\/\/www.gaveanews.com\/?p=81376"},"modified":"2022-05-10T00:01:31","modified_gmt":"2022-05-10T03:01:31","slug":"rodolfo-landim-da-sua-opiniao-sobre-o-departamento-medico-do-flamengo","status":"publish","type":"post","link":"https:\/\/www.gaveanews.com\/index.php\/2022\/05\/10\/rodolfo-landim-da-sua-opiniao-sobre-o-departamento-medico-do-flamengo\/","title":{"rendered":"Rodolfo Landim d\u00e1 sua opini\u00e3o sobre o Departamento M\u00e9dico do Flamengo"},"content":{"rendered":"<p>O Departamento M\u00e9dico do Flamengo vem sendo um dos setores mais criticados pela torcida. Entretanto, em reuni\u00e3o do Conselho Deliberativo do clube realizada nesta segunda-feira (09\/05), na G\u00e1vea, o presidente Rodolfo Landim defendeu o setor.<\/p>\n<p>Na reuni\u00e3o, Landim elogiou o processo feito dentro do Ninho do Urubu. O mandat\u00e1rio tamb\u00e9m prometeu apresentar no pr\u00f3ximo encontro com os conselheiros um \u201cPower Point\u201d explicando processos, procedimentos e dados do departamento m\u00e9dico rubro-negro.<\/p>\n<p>As informa\u00e7\u00f5es s\u00e3o do rep\u00f3rter da ESPN Pedro Henrique Torre. Segundo o profissional, Rodolfo Landim tamb\u00e9m classificou o criticado DM como um setor de \u201calt\u00edssimo n\u00edvel\u201d.<\/p>\n<p>Vale destacar que, na temporada, vinte jogadores diferentes do Mais Querido j\u00e1 deixaram de ser relacionados para pelo menos uma partida por algum problema f\u00edsico. Inclusive, somente seis atletas n\u00e3o desfalcaram o time at\u00e9 aqui em pouco mais de tr\u00eas meses.<\/p>\n<p>Retirado de: Di\u00e1rio do Fla<\/p>\n","protected":false},"excerpt":{"rendered":"<p>O Departamento M\u00e9dico do Flamengo vem sendo um dos setores mais criticados pela torcida. Entretanto, em reuni\u00e3o do Conselho Deliberativo do clube realizada nesta segunda-feira (09\/05), na G\u00e1vea, o presidente Rodolfo Landim defendeu o setor. Na reuni\u00e3o, Landim elogiou o processo feito dentro do Ninho do Urubu. O mandat\u00e1rio tamb\u00e9m prometeu apresentar no pr\u00f3ximo encontro [&hellip;]<\/p>\n","protected":false},"author":1,"featured_media":64406,"comment_status":"open","ping_status":"closed","sticky":false,"template":"","format":"standard","meta":{"footnotes":""},"categories":[1],"tags":[],"class_list":["post-81376","post","type-post","status-publish","format-standard","has-post-thumbnail","hentry","category-flamengo"],"yoast_head":"<!-- This site is optimized with the Yoast SEO Premium plugin v24.2 (Yoast SEO v26.9) - https:\/\/yoast.com\/product\/yoast-seo-premium-wordpress\/ -->\n<title>Rodolfo Landim d\u00e1 sua opini\u00e3o sobre o Departamento M\u00e9dico do Flamengo<\/title>\n<meta name=\"robots\" content=\"index, follow, max-snippet:-1, max-image-preview:large, max-video-preview:-1\" \/>\n<link rel=\"canonical\" href=\"https:\/\/www.gaveanews.com\/index.php\/2022\/05\/10\/rodolfo-landim-da-sua-opiniao-sobre-o-departamento-medico-do-flamengo\/\" \/>\n<meta property=\"og:locale\" content=\"pt_BR\" \/>\n<meta property=\"og:type\" content=\"article\" \/>\n<meta property=\"og:title\" content=\"Rodolfo Landim d\u00e1 sua opini\u00e3o sobre o Departamento M\u00e9dico do Flamengo\" \/>\n<meta property=\"og:description\" content=\"O Departamento M\u00e9dico do Flamengo vem sendo um dos setores mais criticados pela torcida. Entretanto, em reuni\u00e3o do Conselho Deliberativo do clube realizada nesta segunda-feira (09\/05), na G\u00e1vea, o presidente Rodolfo Landim defendeu o setor. Na reuni\u00e3o, Landim elogiou o processo feito dentro do Ninho do Urubu. O mandat\u00e1rio tamb\u00e9m prometeu apresentar no pr\u00f3ximo encontro [&hellip;]\" \/>\n<meta property=\"og:url\" content=\"https:\/\/www.gaveanews.com\/index.php\/2022\/05\/10\/rodolfo-landim-da-sua-opiniao-sobre-o-departamento-medico-do-flamengo\/\" \/>\n<meta property=\"og:site_name\" content=\"G\u00e1vea News\" \/>\n<meta property=\"article:publisher\" content=\"https:\/\/facebook.com\/gaveaNews\/\" \/>\n<meta property=\"article:published_time\" content=\"2022-05-10T03:01:31+00:00\" \/>\n<meta property=\"og:image\" content=\"https:\/\/www.gaveanews.com\/wp-content\/uploads\/Rodolfo-Landim-em-entrevista-coletiva-no-Ninho-do-Urubu.webp\" \/>\n\t<meta property=\"og:image:width\" content=\"799\" \/>\n\t<meta property=\"og:image:height\" content=\"532\" \/>\n\t<meta property=\"og:image:type\" content=\"image\/jpeg\" \/>\n<meta name=\"author\" content=\"Equipe G\u00e1vea News\" \/>\n<meta name=\"twitter:card\" content=\"summary_large_image\" \/>\n<meta name=\"twitter:label1\" content=\"Escrito por\" \/>\n\t<meta name=\"twitter:data1\" content=\"Equipe G\u00e1vea News\" \/>\n\t<meta name=\"twitter:label2\" content=\"Est. tempo de leitura\" \/>\n\t<meta name=\"twitter:data2\" content=\"1 minuto\" \/>\n<script type=\"application\/ld+json\" class=\"yoast-schema-graph\">{\"@context\":\"https:\/\/schema.org\",\"@graph\":[{\"@type\":\"NewsArticle\",\"@id\":\"https:\/\/www.gaveanews.com\/index.php\/2022\/05\/10\/rodolfo-landim-da-sua-opiniao-sobre-o-departamento-medico-do-flamengo\/#article\",\"isPartOf\":{\"@id\":\"https:\/\/www.gaveanews.com\/index.php\/2022\/05\/10\/rodolfo-landim-da-sua-opiniao-sobre-o-departamento-medico-do-flamengo\/\"},\"author\":{\"name\":\"Equipe G\u00e1vea News\",\"@id\":\"https:\/\/www.gaveanews.com\/#\/schema\/person\/2ec14f73fb96be2caf28f91afb14749d\"},\"headline\":\"Rodolfo Landim d\u00e1 sua opini\u00e3o sobre o Departamento M\u00e9dico do Flamengo\",\"datePublished\":\"2022-05-10T03:01:31+00:00\",\"mainEntityOfPage\":{\"@id\":\"https:\/\/www.gaveanews.com\/index.php\/2022\/05\/10\/rodolfo-landim-da-sua-opiniao-sobre-o-departamento-medico-do-flamengo\/\"},\"wordCount\":172,\"commentCount\":0,\"image\":{\"@id\":\"https:\/\/www.gaveanews.com\/index.php\/2022\/05\/10\/rodolfo-landim-da-sua-opiniao-sobre-o-departamento-medico-do-flamengo\/#primaryimage\"},\"thumbnailUrl\":\"https:\/\/www.gaveanews.com\/wp-content\/uploads\/Rodolfo-Landim-em-entrevista-coletiva-no-Ninho-do-Urubu.webp\",\"articleSection\":[\"Flamengo\"],\"inLanguage\":\"pt-BR\",\"potentialAction\":[{\"@type\":\"CommentAction\",\"name\":\"Comment\",\"target\":[\"https:\/\/www.gaveanews.com\/index.php\/2022\/05\/10\/rodolfo-landim-da-sua-opiniao-sobre-o-departamento-medico-do-flamengo\/#respond\"]}],\"copyrightYear\":\"2022\",\"copyrightHolder\":{\"@id\":\"https:\/\/www.gaveanews.com\/#organization\"}},{\"@type\":\"WebPage\",\"@id\":\"https:\/\/www.gaveanews.com\/index.php\/2022\/05\/10\/rodolfo-landim-da-sua-opiniao-sobre-o-departamento-medico-do-flamengo\/\",\"url\":\"https:\/\/www.gaveanews.com\/index.php\/2022\/05\/10\/rodolfo-landim-da-sua-opiniao-sobre-o-departamento-medico-do-flamengo\/\",\"name\":\"Rodolfo Landim d\u00e1 sua opini\u00e3o sobre o Departamento M\u00e9dico do Flamengo\",\"isPartOf\":{\"@id\":\"https:\/\/www.gaveanews.com\/#website\"},\"primaryImageOfPage\":{\"@id\":\"https:\/\/www.gaveanews.com\/index.php\/2022\/05\/10\/rodolfo-landim-da-sua-opiniao-sobre-o-departamento-medico-do-flamengo\/#primaryimage\"},\"image\":{\"@id\":\"https:\/\/www.gaveanews.com\/index.php\/2022\/05\/10\/rodolfo-landim-da-sua-opiniao-sobre-o-departamento-medico-do-flamengo\/#primaryimage\"},\"thumbnailUrl\":\"https:\/\/www.gaveanews.com\/wp-content\/uploads\/Rodolfo-Landim-em-entrevista-coletiva-no-Ninho-do-Urubu.webp\",\"datePublished\":\"2022-05-10T03:01:31+00:00\",\"author\":{\"@id\":\"https:\/\/www.gaveanews.com\/#\/schema\/person\/2ec14f73fb96be2caf28f91afb14749d\"},\"breadcrumb\":{\"@id\":\"https:\/\/www.gaveanews.com\/index.php\/2022\/05\/10\/rodolfo-landim-da-sua-opiniao-sobre-o-departamento-medico-do-flamengo\/#breadcrumb\"},\"inLanguage\":\"pt-BR\",\"potentialAction\":[{\"@type\":\"ReadAction\",\"target\":[\"https:\/\/www.gaveanews.com\/index.php\/2022\/05\/10\/rodolfo-landim-da-sua-opiniao-sobre-o-departamento-medico-do-flamengo\/\"]}]},{\"@type\":\"ImageObject\",\"inLanguage\":\"pt-BR\",\"@id\":\"https:\/\/www.gaveanews.com\/index.php\/2022\/05\/10\/rodolfo-landim-da-sua-opiniao-sobre-o-departamento-medico-do-flamengo\/#primaryimage\",\"url\":\"https:\/\/www.gaveanews.com\/wp-content\/uploads\/Rodolfo-Landim-em-entrevista-coletiva-no-Ninho-do-Urubu.webp\",\"contentUrl\":\"https:\/\/www.gaveanews.com\/wp-content\/uploads\/Rodolfo-Landim-em-entrevista-coletiva-no-Ninho-do-Urubu.webp\",\"width\":799,\"height\":532,\"caption\":\"Rodolfo Landim em entrevista coletiva no Ninho do Urubu (Foto: Alexandre Vidal\/Flamengo)\"},{\"@type\":\"BreadcrumbList\",\"@id\":\"https:\/\/www.gaveanews.com\/index.php\/2022\/05\/10\/rodolfo-landim-da-sua-opiniao-sobre-o-departamento-medico-do-flamengo\/#breadcrumb\",\"itemListElement\":[{\"@type\":\"ListItem\",\"position\":1,\"name\":\"Home\",\"item\":\"https:\/\/www.gaveanews.com\/\"},{\"@type\":\"ListItem\",\"position\":2,\"name\":\"Rodolfo Landim d\u00e1 sua opini\u00e3o sobre o Departamento M\u00e9dico do Flamengo\"}]},{\"@type\":\"WebSite\",\"@id\":\"https:\/\/www.gaveanews.com\/#website\",\"url\":\"https:\/\/www.gaveanews.com\/\",\"name\":\"G\u00e1vea News\",\"description\":\"Veja todas as not\u00edcias sobre o Flamengo: Contrata\u00e7\u00f5es, categorias de base, resultados das partidas, tabela de classifica\u00e7\u00e3o, pr\u00f3ximos jogos!\",\"potentialAction\":[{\"@type\":\"SearchAction\",\"target\":{\"@type\":\"EntryPoint\",\"urlTemplate\":\"https:\/\/www.gaveanews.com\/?s={search_term_string}\"},\"query-input\":{\"@type\":\"PropertyValueSpecification\",\"valueRequired\":true,\"valueName\":\"search_term_string\"}}],\"inLanguage\":\"pt-BR\"},{\"@type\":\"Person\",\"@id\":\"https:\/\/www.gaveanews.com\/#\/schema\/person\/2ec14f73fb96be2caf28f91afb14749d\",\"name\":\"Equipe G\u00e1vea News\",\"image\":{\"@type\":\"ImageObject\",\"inLanguage\":\"pt-BR\",\"@id\":\"https:\/\/www.gaveanews.com\/#\/schema\/person\/image\/\",\"url\":\"https:\/\/secure.gravatar.com\/avatar\/1e1956f1facbffd3f8fa53a326721950116b3b9dc9bd44939c01180fd4a745a9?s=96&d=mm&r=g\",\"contentUrl\":\"https:\/\/secure.gravatar.com\/avatar\/1e1956f1facbffd3f8fa53a326721950116b3b9dc9bd44939c01180fd4a745a9?s=96&d=mm&r=g\",\"caption\":\"Equipe G\u00e1vea News\"}}]}<\/script>\n<!-- \/ Yoast SEO Premium plugin. -->","yoast_head_json":{"title":"Rodolfo Landim d\u00e1 sua opini\u00e3o sobre o Departamento M\u00e9dico do Flamengo","robots":{"index":"index","follow":"follow","max-snippet":"max-snippet:-1","max-image-preview":"max-image-preview:large","max-video-preview":"max-video-preview:-1"},"canonical":"https:\/\/www.gaveanews.com\/index.php\/2022\/05\/10\/rodolfo-landim-da-sua-opiniao-sobre-o-departamento-medico-do-flamengo\/","og_locale":"pt_BR","og_type":"article","og_title":"Rodolfo Landim d\u00e1 sua opini\u00e3o sobre o Departamento M\u00e9dico do Flamengo","og_description":"O Departamento M\u00e9dico do Flamengo vem sendo um dos setores mais criticados pela torcida. Entretanto, em reuni\u00e3o do Conselho Deliberativo do clube realizada nesta segunda-feira (09\/05), na G\u00e1vea, o presidente Rodolfo Landim defendeu o setor. Na reuni\u00e3o, Landim elogiou o processo feito dentro do Ninho do Urubu. O mandat\u00e1rio tamb\u00e9m prometeu apresentar no pr\u00f3ximo encontro [&hellip;]","og_url":"https:\/\/www.gaveanews.com\/index.php\/2022\/05\/10\/rodolfo-landim-da-sua-opiniao-sobre-o-departamento-medico-do-flamengo\/","og_site_name":"G\u00e1vea News","article_publisher":"https:\/\/facebook.com\/gaveaNews\/","article_published_time":"2022-05-10T03:01:31+00:00","og_image":[{"width":799,"height":532,"url":"https:\/\/www.gaveanews.com\/wp-content\/uploads\/Rodolfo-Landim-em-entrevista-coletiva-no-Ninho-do-Urubu.webp","type":"image\/jpeg"}],"author":"Equipe G\u00e1vea News","twitter_card":"summary_large_image","twitter_misc":{"Escrito por":"Equipe G\u00e1vea News","Est. tempo de leitura":"1 minuto"},"schema":{"@context":"https:\/\/schema.org","@graph":[{"@type":"NewsArticle","@id":"https:\/\/www.gaveanews.com\/index.php\/2022\/05\/10\/rodolfo-landim-da-sua-opiniao-sobre-o-departamento-medico-do-flamengo\/#article","isPartOf":{"@id":"https:\/\/www.gaveanews.com\/index.php\/2022\/05\/10\/rodolfo-landim-da-sua-opiniao-sobre-o-departamento-medico-do-flamengo\/"},"author":{"name":"Equipe G\u00e1vea News","@id":"https:\/\/www.gaveanews.com\/#\/schema\/person\/2ec14f73fb96be2caf28f91afb14749d"},"headline":"Rodolfo Landim d\u00e1 sua opini\u00e3o sobre o Departamento M\u00e9dico do Flamengo","datePublished":"2022-05-10T03:01:31+00:00","mainEntityOfPage":{"@id":"https:\/\/www.gaveanews.com\/index.php\/2022\/05\/10\/rodolfo-landim-da-sua-opiniao-sobre-o-departamento-medico-do-flamengo\/"},"wordCount":172,"commentCount":0,"image":{"@id":"https:\/\/www.gaveanews.com\/index.php\/2022\/05\/10\/rodolfo-landim-da-sua-opiniao-sobre-o-departamento-medico-do-flamengo\/#primaryimage"},"thumbnailUrl":"https:\/\/www.gaveanews.com\/wp-content\/uploads\/Rodolfo-Landim-em-entrevista-coletiva-no-Ninho-do-Urubu.webp","articleSection":["Flamengo"],"inLanguage":"pt-BR","potentialAction":[{"@type":"CommentAction","name":"Comment","target":["https:\/\/www.gaveanews.com\/index.php\/2022\/05\/10\/rodolfo-landim-da-sua-opiniao-sobre-o-departamento-medico-do-flamengo\/#respond"]}],"copyrightYear":"2022","copyrightHolder":{"@id":"https:\/\/www.gaveanews.com\/#organization"}},{"@type":"WebPage","@id":"https:\/\/www.gaveanews.com\/index.php\/2022\/05\/10\/rodolfo-landim-da-sua-opiniao-sobre-o-departamento-medico-do-flamengo\/","url":"https:\/\/www.gaveanews.com\/index.php\/2022\/05\/10\/rodolfo-landim-da-sua-opiniao-sobre-o-departamento-medico-do-flamengo\/","name":"Rodolfo Landim d\u00e1 sua opini\u00e3o sobre o Departamento M\u00e9dico do Flamengo","isPartOf":{"@id":"https:\/\/www.gaveanews.com\/#website"},"primaryImageOfPage":{"@id":"https:\/\/www.gaveanews.com\/index.php\/2022\/05\/10\/rodolfo-landim-da-sua-opiniao-sobre-o-departamento-medico-do-flamengo\/#primaryimage"},"image":{"@id":"https:\/\/www.gaveanews.com\/index.php\/2022\/05\/10\/rodolfo-landim-da-sua-opiniao-sobre-o-departamento-medico-do-flamengo\/#primaryimage"},"thumbnailUrl":"https:\/\/www.gaveanews.com\/wp-content\/uploads\/Rodolfo-Landim-em-entrevista-coletiva-no-Ninho-do-Urubu.webp","datePublished":"2022-05-10T03:01:31+00:00","author":{"@id":"https:\/\/www.gaveanews.com\/#\/schema\/person\/2ec14f73fb96be2caf28f91afb14749d"},"breadcrumb":{"@id":"https:\/\/www.gaveanews.com\/index.php\/2022\/05\/10\/rodolfo-landim-da-sua-opiniao-sobre-o-departamento-medico-do-flamengo\/#breadcrumb"},"inLanguage":"pt-BR","potentialAction":[{"@type":"ReadAction","target":["https:\/\/www.gaveanews.com\/index.php\/2022\/05\/10\/rodolfo-landim-da-sua-opiniao-sobre-o-departamento-medico-do-flamengo\/"]}]},{"@type":"ImageObject","inLanguage":"pt-BR","@id":"https:\/\/www.gaveanews.com\/index.php\/2022\/05\/10\/rodolfo-landim-da-sua-opiniao-sobre-o-departamento-medico-do-flamengo\/#primaryimage","url":"https:\/\/www.gaveanews.com\/wp-content\/uploads\/Rodolfo-Landim-em-entrevista-coletiva-no-Ninho-do-Urubu.webp","contentUrl":"https:\/\/www.gaveanews.com\/wp-content\/uploads\/Rodolfo-Landim-em-entrevista-coletiva-no-Ninho-do-Urubu.webp","width":799,"height":532,"caption":"Rodolfo Landim em entrevista coletiva no Ninho do Urubu (Foto: Alexandre Vidal\/Flamengo)"},{"@type":"BreadcrumbList","@id":"https:\/\/www.gaveanews.com\/index.php\/2022\/05\/10\/rodolfo-landim-da-sua-opiniao-sobre-o-departamento-medico-do-flamengo\/#breadcrumb","itemListElement":[{"@type":"ListItem","position":1,"name":"Home","item":"https:\/\/www.gaveanews.com\/"},{"@type":"ListItem","position":2,"name":"Rodolfo Landim d\u00e1 sua opini\u00e3o sobre o Departamento M\u00e9dico do Flamengo"}]},{"@type":"WebSite","@id":"https:\/\/www.gaveanews.com\/#website","url":"https:\/\/www.gaveanews.com\/","name":"G\u00e1vea News","description":"Veja todas as not\u00edcias sobre o Flamengo: Contrata\u00e7\u00f5es, categorias de base, resultados das partidas, tabela de classifica\u00e7\u00e3o, pr\u00f3ximos jogos!","potentialAction":[{"@type":"SearchAction","target":{"@type":"EntryPoint","urlTemplate":"https:\/\/www.gaveanews.com\/?s={search_term_string}"},"query-input":{"@type":"PropertyValueSpecification","valueRequired":true,"valueName":"search_term_string"}}],"inLanguage":"pt-BR"},{"@type":"Person","@id":"https:\/\/www.gaveanews.com\/#\/schema\/person\/2ec14f73fb96be2caf28f91afb14749d","name":"Equipe G\u00e1vea News","image":{"@type":"ImageObject","inLanguage":"pt-BR","@id":"https:\/\/www.gaveanews.com\/#\/schema\/person\/image\/","url":"https:\/\/secure.gravatar.com\/avatar\/1e1956f1facbffd3f8fa53a326721950116b3b9dc9bd44939c01180fd4a745a9?s=96&d=mm&r=g","contentUrl":"https:\/\/secure.gravatar.com\/avatar\/1e1956f1facbffd3f8fa53a326721950116b3b9dc9bd44939c01180fd4a745a9?s=96&d=mm&r=g","caption":"Equipe G\u00e1vea News"}}]}},"_links":{"self":[{"href":"https:\/\/www.gaveanews.com\/index.php\/wp-json\/wp\/v2\/posts\/81376","targetHints":{"allow":["GET"]}}],"collection":[{"href":"https:\/\/www.gaveanews.com\/index.php\/wp-json\/wp\/v2\/posts"}],"about":[{"href":"https:\/\/www.gaveanews.com\/index.php\/wp-json\/wp\/v2\/types\/post"}],"author":[{"embeddable":true,"href":"https:\/\/www.gaveanews.com\/index.php\/wp-json\/wp\/v2\/users\/1"}],"replies":[{"embeddable":true,"href":"https:\/\/www.gaveanews.com\/index.php\/wp-json\/wp\/v2\/comments?post=81376"}],"version-history":[{"count":0,"href":"https:\/\/www.gaveanews.com\/index.php\/wp-json\/wp\/v2\/posts\/81376\/revisions"}],"wp:featuredmedia":[{"embeddable":true,"href":"https:\/\/www.gaveanews.com\/index.php\/wp-json\/wp\/v2\/media\/64406"}],"wp:attachment":[{"href":"https:\/\/www.gaveanews.com\/index.php\/wp-json\/wp\/v2\/media?parent=81376"}],"wp:term":[{"taxonomy":"category","embeddable":true,"href":"https:\/\/www.gaveanews.com\/index.php\/wp-json\/wp\/v2\/categories?post=81376"},{"taxonomy":"post_tag","embeddable":true,"href":"https:\/\/www.gaveanews.com\/index.php\/wp-json\/wp\/v2\/tags?post=81376"}],"curies":[{"name":"wp","href":"https:\/\/api.w.org\/{rel}","templated":true}]}}