{"id":81378,"date":"2022-05-10T01:05:40","date_gmt":"2022-05-10T04:05:40","guid":{"rendered":"https:\/\/www.gaveanews.com\/?p=81378"},"modified":"2022-05-10T01:05:40","modified_gmt":"2022-05-10T04:05:40","slug":"rodrigo-caio-justifica-aparencia-assustadora-do-joelho-e-deixa-recado-para-torcida-do-flamengo","status":"publish","type":"post","link":"https:\/\/www.gaveanews.com\/index.php\/2022\/05\/10\/rodrigo-caio-justifica-aparencia-assustadora-do-joelho-e-deixa-recado-para-torcida-do-flamengo\/","title":{"rendered":"Rodrigo Caio justifica apar\u00eancia \u201cassustadora\u201d do joelho e deixa recado para torcida do Flamengo"},"content":{"rendered":"<p>Em entrevista \u00e0 KKPoker Brasil, Rodrigo Caio falou sobre a situa\u00e7\u00e3o do seu joelho direito, principal causa para o atual per\u00edodo de inatividade no Flamengo. Apesar da apar\u00eancia que causou uma grande repercuss\u00e3o entre a torcida rubro-negra, o zagueiro garantiu que a fisionomia no local n\u00e3o ocorreu por conta da infec\u00e7\u00e3o ap\u00f3s um procedimento cir\u00fargico.<\/p>\n<p>Diante disso, o aspecto assustador do joelho \u00e9 resultado de outra opera\u00e7\u00e3o, que ocorreu ainda na adolesc\u00eancia de Rodrigo Caio. Sendo assim, o visual virou motivo para brincadeira com um ex-companheiro de Flamengo.<\/p>\n<p>\u201cEu tive uma cirurgia aos 15 anos de idade onde eu tive que reconstruir toda a minha patela. Com o passar dos anos vai criando uma deformidade, vai mudando o formato. Ent\u00e3o, ele \u00e9 meio feio mesmo. \u00c9 a realidade dele. E com o tempo, essa deformidade vai aumentando. Eu tenho que conviver com isso.\u201d, disse.<\/p>\n<p>\u201cA gente brincava no Flamengo que o meu joelho \u00e9 do mesmo formato da testa do Ren\u00ea, que est\u00e1 no Internacional. Ali\u00e1s, quero mandar um abra\u00e7o para o Ren\u00ea, grande amigo.\u201d, completou.<\/p>\n<h2>Recado para a torcida do Flamengo<\/h2>\n<p>Sobre sua recupera\u00e7\u00e3o, Rodrigo Caio relatou o per\u00edodo de tratamento em que perdeu uma grande quantidade de massa muscular. Mesmo assim, sua sa\u00fade n\u00e3o foi afetada e o zagueiro do Flamengo vem intensificando os trabalhos para estrear na temporada sob o comando de Paulo Sousa.<\/p>\n<p>\u201cEle n\u00e3o tem como mudar, n\u00e3o vou fazer uma cirurgia pl\u00e1stica para mudar meu joelho. Est\u00e1 indo muito bem. Tive a infec\u00e7\u00e3o, ent\u00e3o parei tudo e perdi 8kg de massa muscular. Tive que recuperar tudo isso. Inclusive, uma das fotos que assustou as pessoas, foi tirada quando eu estava com a perna muito fina, minha perna murchou, ent\u00e3o chamou aten\u00e7\u00e3o. Minha musculatura estava fraca, mas ele est\u00e1 super saud\u00e1vel. Venho treinando forte para voltar a jogar. A todos os torcedores que gostam de mim, fiquem tranquilos. Meu joelho est\u00e1 muito bem. Agradecer o departamento m\u00e9dico do Flamengo, s\u00e3o pessoas que me ajudaram muito.\u201d, contou.<\/p>\n<p>Retirado de: Torcedores<\/p>\n","protected":false},"excerpt":{"rendered":"<p>Em entrevista \u00e0 KKPoker Brasil, Rodrigo Caio falou sobre a situa\u00e7\u00e3o do seu joelho direito, principal causa para o atual per\u00edodo de inatividade no Flamengo. Apesar da apar\u00eancia que causou uma grande repercuss\u00e3o entre a torcida rubro-negra, o zagueiro garantiu que a fisionomia no local n\u00e3o ocorreu por conta da infec\u00e7\u00e3o ap\u00f3s um procedimento cir\u00fargico. [&hellip;]<\/p>\n","protected":false},"author":1,"featured_media":69039,"comment_status":"open","ping_status":"closed","sticky":false,"template":"","format":"standard","meta":{"footnotes":""},"categories":[1],"tags":[],"class_list":["post-81378","post","type-post","status-publish","format-standard","has-post-thumbnail","hentry","category-flamengo"],"yoast_head":"<!-- This site is optimized with the Yoast SEO Premium plugin v24.2 (Yoast SEO v26.9) - https:\/\/yoast.com\/product\/yoast-seo-premium-wordpress\/ -->\n<title>Rodrigo Caio justifica apar\u00eancia \u201cassustadora\u201d do joelho e deixa recado para torcida do Flamengo<\/title>\n<meta name=\"robots\" content=\"index, follow, max-snippet:-1, max-image-preview:large, max-video-preview:-1\" \/>\n<link rel=\"canonical\" href=\"https:\/\/www.gaveanews.com\/index.php\/2022\/05\/10\/rodrigo-caio-justifica-aparencia-assustadora-do-joelho-e-deixa-recado-para-torcida-do-flamengo\/\" \/>\n<meta property=\"og:locale\" content=\"pt_BR\" \/>\n<meta property=\"og:type\" content=\"article\" \/>\n<meta property=\"og:title\" content=\"Rodrigo Caio justifica apar\u00eancia \u201cassustadora\u201d do joelho e deixa recado para torcida do Flamengo\" \/>\n<meta property=\"og:description\" content=\"Em entrevista \u00e0 KKPoker Brasil, Rodrigo Caio falou sobre a situa\u00e7\u00e3o do seu joelho direito, principal causa para o atual per\u00edodo de inatividade no Flamengo. Apesar da apar\u00eancia que causou uma grande repercuss\u00e3o entre a torcida rubro-negra, o zagueiro garantiu que a fisionomia no local n\u00e3o ocorreu por conta da infec\u00e7\u00e3o ap\u00f3s um procedimento cir\u00fargico. [&hellip;]\" \/>\n<meta property=\"og:url\" content=\"https:\/\/www.gaveanews.com\/index.php\/2022\/05\/10\/rodrigo-caio-justifica-aparencia-assustadora-do-joelho-e-deixa-recado-para-torcida-do-flamengo\/\" \/>\n<meta property=\"og:site_name\" content=\"G\u00e1vea News\" \/>\n<meta property=\"article:publisher\" content=\"https:\/\/facebook.com\/gaveaNews\/\" \/>\n<meta property=\"article:published_time\" content=\"2022-05-10T04:05:40+00:00\" \/>\n<meta property=\"og:image\" content=\"https:\/\/www.gaveanews.com\/wp-content\/uploads\/Rodrigo-Caio-em-acao-pelo-Flamengo-na-Libertadores-2021.webp\" \/>\n\t<meta property=\"og:image:width\" content=\"799\" \/>\n\t<meta property=\"og:image:height\" content=\"533\" \/>\n\t<meta property=\"og:image:type\" content=\"image\/jpeg\" \/>\n<meta name=\"author\" content=\"Equipe G\u00e1vea News\" \/>\n<meta name=\"twitter:card\" content=\"summary_large_image\" \/>\n<meta name=\"twitter:label1\" content=\"Escrito por\" \/>\n\t<meta name=\"twitter:data1\" content=\"Equipe G\u00e1vea News\" \/>\n\t<meta name=\"twitter:label2\" content=\"Est. tempo de leitura\" \/>\n\t<meta name=\"twitter:data2\" content=\"2 minutos\" \/>\n<script type=\"application\/ld+json\" class=\"yoast-schema-graph\">{\"@context\":\"https:\/\/schema.org\",\"@graph\":[{\"@type\":\"NewsArticle\",\"@id\":\"https:\/\/www.gaveanews.com\/index.php\/2022\/05\/10\/rodrigo-caio-justifica-aparencia-assustadora-do-joelho-e-deixa-recado-para-torcida-do-flamengo\/#article\",\"isPartOf\":{\"@id\":\"https:\/\/www.gaveanews.com\/index.php\/2022\/05\/10\/rodrigo-caio-justifica-aparencia-assustadora-do-joelho-e-deixa-recado-para-torcida-do-flamengo\/\"},\"author\":{\"name\":\"Equipe G\u00e1vea News\",\"@id\":\"https:\/\/www.gaveanews.com\/#\/schema\/person\/2ec14f73fb96be2caf28f91afb14749d\"},\"headline\":\"Rodrigo Caio justifica apar\u00eancia \u201cassustadora\u201d do joelho e deixa recado para torcida do Flamengo\",\"datePublished\":\"2022-05-10T04:05:40+00:00\",\"mainEntityOfPage\":{\"@id\":\"https:\/\/www.gaveanews.com\/index.php\/2022\/05\/10\/rodrigo-caio-justifica-aparencia-assustadora-do-joelho-e-deixa-recado-para-torcida-do-flamengo\/\"},\"wordCount\":370,\"commentCount\":0,\"image\":{\"@id\":\"https:\/\/www.gaveanews.com\/index.php\/2022\/05\/10\/rodrigo-caio-justifica-aparencia-assustadora-do-joelho-e-deixa-recado-para-torcida-do-flamengo\/#primaryimage\"},\"thumbnailUrl\":\"https:\/\/www.gaveanews.com\/wp-content\/uploads\/Rodrigo-Caio-em-acao-pelo-Flamengo-na-Libertadores-2021.webp\",\"articleSection\":[\"Flamengo\"],\"inLanguage\":\"pt-BR\",\"potentialAction\":[{\"@type\":\"CommentAction\",\"name\":\"Comment\",\"target\":[\"https:\/\/www.gaveanews.com\/index.php\/2022\/05\/10\/rodrigo-caio-justifica-aparencia-assustadora-do-joelho-e-deixa-recado-para-torcida-do-flamengo\/#respond\"]}],\"copyrightYear\":\"2022\",\"copyrightHolder\":{\"@id\":\"https:\/\/www.gaveanews.com\/#organization\"}},{\"@type\":\"WebPage\",\"@id\":\"https:\/\/www.gaveanews.com\/index.php\/2022\/05\/10\/rodrigo-caio-justifica-aparencia-assustadora-do-joelho-e-deixa-recado-para-torcida-do-flamengo\/\",\"url\":\"https:\/\/www.gaveanews.com\/index.php\/2022\/05\/10\/rodrigo-caio-justifica-aparencia-assustadora-do-joelho-e-deixa-recado-para-torcida-do-flamengo\/\",\"name\":\"Rodrigo Caio justifica apar\u00eancia \u201cassustadora\u201d do joelho e deixa recado para torcida do Flamengo\",\"isPartOf\":{\"@id\":\"https:\/\/www.gaveanews.com\/#website\"},\"primaryImageOfPage\":{\"@id\":\"https:\/\/www.gaveanews.com\/index.php\/2022\/05\/10\/rodrigo-caio-justifica-aparencia-assustadora-do-joelho-e-deixa-recado-para-torcida-do-flamengo\/#primaryimage\"},\"image\":{\"@id\":\"https:\/\/www.gaveanews.com\/index.php\/2022\/05\/10\/rodrigo-caio-justifica-aparencia-assustadora-do-joelho-e-deixa-recado-para-torcida-do-flamengo\/#primaryimage\"},\"thumbnailUrl\":\"https:\/\/www.gaveanews.com\/wp-content\/uploads\/Rodrigo-Caio-em-acao-pelo-Flamengo-na-Libertadores-2021.webp\",\"datePublished\":\"2022-05-10T04:05:40+00:00\",\"author\":{\"@id\":\"https:\/\/www.gaveanews.com\/#\/schema\/person\/2ec14f73fb96be2caf28f91afb14749d\"},\"breadcrumb\":{\"@id\":\"https:\/\/www.gaveanews.com\/index.php\/2022\/05\/10\/rodrigo-caio-justifica-aparencia-assustadora-do-joelho-e-deixa-recado-para-torcida-do-flamengo\/#breadcrumb\"},\"inLanguage\":\"pt-BR\",\"potentialAction\":[{\"@type\":\"ReadAction\",\"target\":[\"https:\/\/www.gaveanews.com\/index.php\/2022\/05\/10\/rodrigo-caio-justifica-aparencia-assustadora-do-joelho-e-deixa-recado-para-torcida-do-flamengo\/\"]}]},{\"@type\":\"ImageObject\",\"inLanguage\":\"pt-BR\",\"@id\":\"https:\/\/www.gaveanews.com\/index.php\/2022\/05\/10\/rodrigo-caio-justifica-aparencia-assustadora-do-joelho-e-deixa-recado-para-torcida-do-flamengo\/#primaryimage\",\"url\":\"https:\/\/www.gaveanews.com\/wp-content\/uploads\/Rodrigo-Caio-em-acao-pelo-Flamengo-na-Libertadores-2021.webp\",\"contentUrl\":\"https:\/\/www.gaveanews.com\/wp-content\/uploads\/Rodrigo-Caio-em-acao-pelo-Flamengo-na-Libertadores-2021.webp\",\"width\":799,\"height\":533,\"caption\":\"Rodrigo Caio em a\u00e7\u00e3o pelo Flamengo na Libertadores 2021 (Foto: Gilvan de Souza\/Flamengo)\"},{\"@type\":\"BreadcrumbList\",\"@id\":\"https:\/\/www.gaveanews.com\/index.php\/2022\/05\/10\/rodrigo-caio-justifica-aparencia-assustadora-do-joelho-e-deixa-recado-para-torcida-do-flamengo\/#breadcrumb\",\"itemListElement\":[{\"@type\":\"ListItem\",\"position\":1,\"name\":\"Home\",\"item\":\"https:\/\/www.gaveanews.com\/\"},{\"@type\":\"ListItem\",\"position\":2,\"name\":\"Rodrigo Caio justifica apar\u00eancia \u201cassustadora\u201d do joelho e deixa recado para torcida do Flamengo\"}]},{\"@type\":\"WebSite\",\"@id\":\"https:\/\/www.gaveanews.com\/#website\",\"url\":\"https:\/\/www.gaveanews.com\/\",\"name\":\"G\u00e1vea News\",\"description\":\"Veja todas as not\u00edcias sobre o Flamengo: Contrata\u00e7\u00f5es, categorias de base, resultados das partidas, tabela de classifica\u00e7\u00e3o, pr\u00f3ximos jogos!\",\"potentialAction\":[{\"@type\":\"SearchAction\",\"target\":{\"@type\":\"EntryPoint\",\"urlTemplate\":\"https:\/\/www.gaveanews.com\/?s={search_term_string}\"},\"query-input\":{\"@type\":\"PropertyValueSpecification\",\"valueRequired\":true,\"valueName\":\"search_term_string\"}}],\"inLanguage\":\"pt-BR\"},{\"@type\":\"Person\",\"@id\":\"https:\/\/www.gaveanews.com\/#\/schema\/person\/2ec14f73fb96be2caf28f91afb14749d\",\"name\":\"Equipe G\u00e1vea News\",\"image\":{\"@type\":\"ImageObject\",\"inLanguage\":\"pt-BR\",\"@id\":\"https:\/\/www.gaveanews.com\/#\/schema\/person\/image\/\",\"url\":\"https:\/\/secure.gravatar.com\/avatar\/1e1956f1facbffd3f8fa53a326721950116b3b9dc9bd44939c01180fd4a745a9?s=96&d=mm&r=g\",\"contentUrl\":\"https:\/\/secure.gravatar.com\/avatar\/1e1956f1facbffd3f8fa53a326721950116b3b9dc9bd44939c01180fd4a745a9?s=96&d=mm&r=g\",\"caption\":\"Equipe G\u00e1vea News\"}}]}<\/script>\n<!-- \/ Yoast SEO Premium plugin. -->","yoast_head_json":{"title":"Rodrigo Caio justifica apar\u00eancia \u201cassustadora\u201d do joelho e deixa recado para torcida do Flamengo","robots":{"index":"index","follow":"follow","max-snippet":"max-snippet:-1","max-image-preview":"max-image-preview:large","max-video-preview":"max-video-preview:-1"},"canonical":"https:\/\/www.gaveanews.com\/index.php\/2022\/05\/10\/rodrigo-caio-justifica-aparencia-assustadora-do-joelho-e-deixa-recado-para-torcida-do-flamengo\/","og_locale":"pt_BR","og_type":"article","og_title":"Rodrigo Caio justifica apar\u00eancia \u201cassustadora\u201d do joelho e deixa recado para torcida do Flamengo","og_description":"Em entrevista \u00e0 KKPoker Brasil, Rodrigo Caio falou sobre a situa\u00e7\u00e3o do seu joelho direito, principal causa para o atual per\u00edodo de inatividade no Flamengo. Apesar da apar\u00eancia que causou uma grande repercuss\u00e3o entre a torcida rubro-negra, o zagueiro garantiu que a fisionomia no local n\u00e3o ocorreu por conta da infec\u00e7\u00e3o ap\u00f3s um procedimento cir\u00fargico. [&hellip;]","og_url":"https:\/\/www.gaveanews.com\/index.php\/2022\/05\/10\/rodrigo-caio-justifica-aparencia-assustadora-do-joelho-e-deixa-recado-para-torcida-do-flamengo\/","og_site_name":"G\u00e1vea News","article_publisher":"https:\/\/facebook.com\/gaveaNews\/","article_published_time":"2022-05-10T04:05:40+00:00","og_image":[{"width":799,"height":533,"url":"https:\/\/www.gaveanews.com\/wp-content\/uploads\/Rodrigo-Caio-em-acao-pelo-Flamengo-na-Libertadores-2021.webp","type":"image\/jpeg"}],"author":"Equipe G\u00e1vea News","twitter_card":"summary_large_image","twitter_misc":{"Escrito por":"Equipe G\u00e1vea News","Est. tempo de leitura":"2 minutos"},"schema":{"@context":"https:\/\/schema.org","@graph":[{"@type":"NewsArticle","@id":"https:\/\/www.gaveanews.com\/index.php\/2022\/05\/10\/rodrigo-caio-justifica-aparencia-assustadora-do-joelho-e-deixa-recado-para-torcida-do-flamengo\/#article","isPartOf":{"@id":"https:\/\/www.gaveanews.com\/index.php\/2022\/05\/10\/rodrigo-caio-justifica-aparencia-assustadora-do-joelho-e-deixa-recado-para-torcida-do-flamengo\/"},"author":{"name":"Equipe G\u00e1vea News","@id":"https:\/\/www.gaveanews.com\/#\/schema\/person\/2ec14f73fb96be2caf28f91afb14749d"},"headline":"Rodrigo Caio justifica apar\u00eancia \u201cassustadora\u201d do joelho e deixa recado para torcida do Flamengo","datePublished":"2022-05-10T04:05:40+00:00","mainEntityOfPage":{"@id":"https:\/\/www.gaveanews.com\/index.php\/2022\/05\/10\/rodrigo-caio-justifica-aparencia-assustadora-do-joelho-e-deixa-recado-para-torcida-do-flamengo\/"},"wordCount":370,"commentCount":0,"image":{"@id":"https:\/\/www.gaveanews.com\/index.php\/2022\/05\/10\/rodrigo-caio-justifica-aparencia-assustadora-do-joelho-e-deixa-recado-para-torcida-do-flamengo\/#primaryimage"},"thumbnailUrl":"https:\/\/www.gaveanews.com\/wp-content\/uploads\/Rodrigo-Caio-em-acao-pelo-Flamengo-na-Libertadores-2021.webp","articleSection":["Flamengo"],"inLanguage":"pt-BR","potentialAction":[{"@type":"CommentAction","name":"Comment","target":["https:\/\/www.gaveanews.com\/index.php\/2022\/05\/10\/rodrigo-caio-justifica-aparencia-assustadora-do-joelho-e-deixa-recado-para-torcida-do-flamengo\/#respond"]}],"copyrightYear":"2022","copyrightHolder":{"@id":"https:\/\/www.gaveanews.com\/#organization"}},{"@type":"WebPage","@id":"https:\/\/www.gaveanews.com\/index.php\/2022\/05\/10\/rodrigo-caio-justifica-aparencia-assustadora-do-joelho-e-deixa-recado-para-torcida-do-flamengo\/","url":"https:\/\/www.gaveanews.com\/index.php\/2022\/05\/10\/rodrigo-caio-justifica-aparencia-assustadora-do-joelho-e-deixa-recado-para-torcida-do-flamengo\/","name":"Rodrigo Caio justifica apar\u00eancia \u201cassustadora\u201d do joelho e deixa recado para torcida do Flamengo","isPartOf":{"@id":"https:\/\/www.gaveanews.com\/#website"},"primaryImageOfPage":{"@id":"https:\/\/www.gaveanews.com\/index.php\/2022\/05\/10\/rodrigo-caio-justifica-aparencia-assustadora-do-joelho-e-deixa-recado-para-torcida-do-flamengo\/#primaryimage"},"image":{"@id":"https:\/\/www.gaveanews.com\/index.php\/2022\/05\/10\/rodrigo-caio-justifica-aparencia-assustadora-do-joelho-e-deixa-recado-para-torcida-do-flamengo\/#primaryimage"},"thumbnailUrl":"https:\/\/www.gaveanews.com\/wp-content\/uploads\/Rodrigo-Caio-em-acao-pelo-Flamengo-na-Libertadores-2021.webp","datePublished":"2022-05-10T04:05:40+00:00","author":{"@id":"https:\/\/www.gaveanews.com\/#\/schema\/person\/2ec14f73fb96be2caf28f91afb14749d"},"breadcrumb":{"@id":"https:\/\/www.gaveanews.com\/index.php\/2022\/05\/10\/rodrigo-caio-justifica-aparencia-assustadora-do-joelho-e-deixa-recado-para-torcida-do-flamengo\/#breadcrumb"},"inLanguage":"pt-BR","potentialAction":[{"@type":"ReadAction","target":["https:\/\/www.gaveanews.com\/index.php\/2022\/05\/10\/rodrigo-caio-justifica-aparencia-assustadora-do-joelho-e-deixa-recado-para-torcida-do-flamengo\/"]}]},{"@type":"ImageObject","inLanguage":"pt-BR","@id":"https:\/\/www.gaveanews.com\/index.php\/2022\/05\/10\/rodrigo-caio-justifica-aparencia-assustadora-do-joelho-e-deixa-recado-para-torcida-do-flamengo\/#primaryimage","url":"https:\/\/www.gaveanews.com\/wp-content\/uploads\/Rodrigo-Caio-em-acao-pelo-Flamengo-na-Libertadores-2021.webp","contentUrl":"https:\/\/www.gaveanews.com\/wp-content\/uploads\/Rodrigo-Caio-em-acao-pelo-Flamengo-na-Libertadores-2021.webp","width":799,"height":533,"caption":"Rodrigo Caio em a\u00e7\u00e3o pelo Flamengo na Libertadores 2021 (Foto: Gilvan de Souza\/Flamengo)"},{"@type":"BreadcrumbList","@id":"https:\/\/www.gaveanews.com\/index.php\/2022\/05\/10\/rodrigo-caio-justifica-aparencia-assustadora-do-joelho-e-deixa-recado-para-torcida-do-flamengo\/#breadcrumb","itemListElement":[{"@type":"ListItem","position":1,"name":"Home","item":"https:\/\/www.gaveanews.com\/"},{"@type":"ListItem","position":2,"name":"Rodrigo Caio justifica apar\u00eancia \u201cassustadora\u201d do joelho e deixa recado para torcida do Flamengo"}]},{"@type":"WebSite","@id":"https:\/\/www.gaveanews.com\/#website","url":"https:\/\/www.gaveanews.com\/","name":"G\u00e1vea News","description":"Veja todas as not\u00edcias sobre o Flamengo: Contrata\u00e7\u00f5es, categorias de base, resultados das partidas, tabela de classifica\u00e7\u00e3o, pr\u00f3ximos jogos!","potentialAction":[{"@type":"SearchAction","target":{"@type":"EntryPoint","urlTemplate":"https:\/\/www.gaveanews.com\/?s={search_term_string}"},"query-input":{"@type":"PropertyValueSpecification","valueRequired":true,"valueName":"search_term_string"}}],"inLanguage":"pt-BR"},{"@type":"Person","@id":"https:\/\/www.gaveanews.com\/#\/schema\/person\/2ec14f73fb96be2caf28f91afb14749d","name":"Equipe G\u00e1vea News","image":{"@type":"ImageObject","inLanguage":"pt-BR","@id":"https:\/\/www.gaveanews.com\/#\/schema\/person\/image\/","url":"https:\/\/secure.gravatar.com\/avatar\/1e1956f1facbffd3f8fa53a326721950116b3b9dc9bd44939c01180fd4a745a9?s=96&d=mm&r=g","contentUrl":"https:\/\/secure.gravatar.com\/avatar\/1e1956f1facbffd3f8fa53a326721950116b3b9dc9bd44939c01180fd4a745a9?s=96&d=mm&r=g","caption":"Equipe G\u00e1vea News"}}]}},"_links":{"self":[{"href":"https:\/\/www.gaveanews.com\/index.php\/wp-json\/wp\/v2\/posts\/81378","targetHints":{"allow":["GET"]}}],"collection":[{"href":"https:\/\/www.gaveanews.com\/index.php\/wp-json\/wp\/v2\/posts"}],"about":[{"href":"https:\/\/www.gaveanews.com\/index.php\/wp-json\/wp\/v2\/types\/post"}],"author":[{"embeddable":true,"href":"https:\/\/www.gaveanews.com\/index.php\/wp-json\/wp\/v2\/users\/1"}],"replies":[{"embeddable":true,"href":"https:\/\/www.gaveanews.com\/index.php\/wp-json\/wp\/v2\/comments?post=81378"}],"version-history":[{"count":0,"href":"https:\/\/www.gaveanews.com\/index.php\/wp-json\/wp\/v2\/posts\/81378\/revisions"}],"wp:featuredmedia":[{"embeddable":true,"href":"https:\/\/www.gaveanews.com\/index.php\/wp-json\/wp\/v2\/media\/69039"}],"wp:attachment":[{"href":"https:\/\/www.gaveanews.com\/index.php\/wp-json\/wp\/v2\/media?parent=81378"}],"wp:term":[{"taxonomy":"category","embeddable":true,"href":"https:\/\/www.gaveanews.com\/index.php\/wp-json\/wp\/v2\/categories?post=81378"},{"taxonomy":"post_tag","embeddable":true,"href":"https:\/\/www.gaveanews.com\/index.php\/wp-json\/wp\/v2\/tags?post=81378"}],"curies":[{"name":"wp","href":"https:\/\/api.w.org\/{rel}","templated":true}]}}