{"id":81380,"date":"2022-05-10T01:41:02","date_gmt":"2022-05-10T04:41:02","guid":{"rendered":"https:\/\/www.gaveanews.com\/?p=81380"},"modified":"2022-05-10T01:41:02","modified_gmt":"2022-05-10T04:41:02","slug":"jornalista-cobra-saida-de-hugo-do-time-titular-do-flamengo","status":"publish","type":"post","link":"https:\/\/www.gaveanews.com\/index.php\/2022\/05\/10\/jornalista-cobra-saida-de-hugo-do-time-titular-do-flamengo\/","title":{"rendered":"Jornalista cobra sa\u00edda de Hugo do time titular do Flamengo"},"content":{"rendered":"<p>A derrota do Flamengo para o Botafogo teve contribui\u00e7\u00e3o negativa do goleiro Hugo Souza. Durante o podcast \u201cPosse de Bola\u201d, do UOL Esporte, Juca Kfouri analisou o duelo. Ele garantiu que o Rubro-Negro jogou melhor que seu rival, mas destacou que Hugo Souza n\u00e3o pode ocupar o posto de titular.<\/p>\n<p>Rec\u00e9m-contratado, o goleiro Santos se machucou e por isso Paulo Sousa optou em escalar Hugo ao inv\u00e9s de Hugo Alves. No entanto, o jornalista v\u00ea o momento como aceit\u00e1vel para fazer a troca, j\u00e1 que o jovem constantemente vem falhando, mesmo com boas partidas.<\/p>\n<p>\u201cO Flamengo jogou melhor que o Botafogo e fez um bom jogo, apesar da falha do Hugo. Eu at\u00e9 errei no meu blog pq disse que n\u00e3o conseguia entender porque o Santos \u00e9 contratado e n\u00e3o joga. Depois eu vi que ele estava machucado. N\u00e3o \u00e9 poss\u00edvel que o Hugo permane\u00e7a como titular do Flamengo com as falhas que tem demonstrado\u201d, disse.<\/p>\n<p>Por sua vez, Paulo Sousa defendeu Hugo e disse que Santos n\u00e3o est\u00e1 em condi\u00e7\u00f5es para ser titular do Flamengo. Sendo assim, garantiu que o jovem ser\u00e1 titular contra o Altos, pela Copa do Brasil.<\/p>\n<p>\u201cSantos vai precisar de mais tempo para jogar. De forma que fique confiante para defender. Temos v\u00e1rios goleiros e quem estiver pronto ir\u00e1 jogar. O Hugo ir\u00e1 jogar\u201d, afirmou.<\/p>\n<p>Retirado de: Mercado do Futebol<\/p>\n","protected":false},"excerpt":{"rendered":"<p>A derrota do Flamengo para o Botafogo teve contribui\u00e7\u00e3o negativa do goleiro Hugo Souza. Durante o podcast \u201cPosse de Bola\u201d, do UOL Esporte, Juca Kfouri analisou o duelo. Ele garantiu que o Rubro-Negro jogou melhor que seu rival, mas destacou que Hugo Souza n\u00e3o pode ocupar o posto de titular. Rec\u00e9m-contratado, o goleiro Santos se [&hellip;]<\/p>\n","protected":false},"author":1,"featured_media":71633,"comment_status":"open","ping_status":"closed","sticky":false,"template":"","format":"standard","meta":{"footnotes":""},"categories":[1],"tags":[],"class_list":["post-81380","post","type-post","status-publish","format-standard","has-post-thumbnail","hentry","category-flamengo"],"yoast_head":"<!-- This site is optimized with the Yoast SEO Premium plugin v24.2 (Yoast SEO v26.9) - https:\/\/yoast.com\/product\/yoast-seo-premium-wordpress\/ -->\n<title>Jornalista cobra sa\u00edda de Hugo do time titular do Flamengo<\/title>\n<meta name=\"robots\" content=\"index, follow, max-snippet:-1, max-image-preview:large, max-video-preview:-1\" \/>\n<link rel=\"canonical\" href=\"https:\/\/www.gaveanews.com\/index.php\/2022\/05\/10\/jornalista-cobra-saida-de-hugo-do-time-titular-do-flamengo\/\" \/>\n<meta property=\"og:locale\" content=\"pt_BR\" \/>\n<meta property=\"og:type\" content=\"article\" \/>\n<meta property=\"og:title\" content=\"Jornalista cobra sa\u00edda de Hugo do time titular do Flamengo\" \/>\n<meta property=\"og:description\" content=\"A derrota do Flamengo para o Botafogo teve contribui\u00e7\u00e3o negativa do goleiro Hugo Souza. Durante o podcast \u201cPosse de Bola\u201d, do UOL Esporte, Juca Kfouri analisou o duelo. Ele garantiu que o Rubro-Negro jogou melhor que seu rival, mas destacou que Hugo Souza n\u00e3o pode ocupar o posto de titular. Rec\u00e9m-contratado, o goleiro Santos se [&hellip;]\" \/>\n<meta property=\"og:url\" content=\"https:\/\/www.gaveanews.com\/index.php\/2022\/05\/10\/jornalista-cobra-saida-de-hugo-do-time-titular-do-flamengo\/\" \/>\n<meta property=\"og:site_name\" content=\"G\u00e1vea News\" \/>\n<meta property=\"article:publisher\" content=\"https:\/\/facebook.com\/gaveaNews\/\" \/>\n<meta property=\"article:published_time\" content=\"2022-05-10T04:41:02+00:00\" \/>\n<meta property=\"og:image\" content=\"https:\/\/www.gaveanews.com\/wp-content\/uploads\/Hugo-Souza-em-acao-pelo-Flamengo-contra-o-Bahia-pelo-Brasileirao-2021.webp\" \/>\n\t<meta property=\"og:image:width\" content=\"800\" \/>\n\t<meta property=\"og:image:height\" content=\"533\" \/>\n\t<meta property=\"og:image:type\" content=\"image\/jpeg\" \/>\n<meta name=\"author\" content=\"Equipe G\u00e1vea News\" \/>\n<meta name=\"twitter:card\" content=\"summary_large_image\" \/>\n<meta name=\"twitter:label1\" content=\"Escrito por\" \/>\n\t<meta name=\"twitter:data1\" content=\"Equipe G\u00e1vea News\" \/>\n\t<meta name=\"twitter:label2\" content=\"Est. tempo de leitura\" \/>\n\t<meta name=\"twitter:data2\" content=\"2 minutos\" \/>\n<script type=\"application\/ld+json\" class=\"yoast-schema-graph\">{\"@context\":\"https:\/\/schema.org\",\"@graph\":[{\"@type\":\"NewsArticle\",\"@id\":\"https:\/\/www.gaveanews.com\/index.php\/2022\/05\/10\/jornalista-cobra-saida-de-hugo-do-time-titular-do-flamengo\/#article\",\"isPartOf\":{\"@id\":\"https:\/\/www.gaveanews.com\/index.php\/2022\/05\/10\/jornalista-cobra-saida-de-hugo-do-time-titular-do-flamengo\/\"},\"author\":{\"name\":\"Equipe G\u00e1vea News\",\"@id\":\"https:\/\/www.gaveanews.com\/#\/schema\/person\/2ec14f73fb96be2caf28f91afb14749d\"},\"headline\":\"Jornalista cobra sa\u00edda de Hugo do time titular do Flamengo\",\"datePublished\":\"2022-05-10T04:41:02+00:00\",\"mainEntityOfPage\":{\"@id\":\"https:\/\/www.gaveanews.com\/index.php\/2022\/05\/10\/jornalista-cobra-saida-de-hugo-do-time-titular-do-flamengo\/\"},\"wordCount\":247,\"commentCount\":0,\"image\":{\"@id\":\"https:\/\/www.gaveanews.com\/index.php\/2022\/05\/10\/jornalista-cobra-saida-de-hugo-do-time-titular-do-flamengo\/#primaryimage\"},\"thumbnailUrl\":\"https:\/\/www.gaveanews.com\/wp-content\/uploads\/Hugo-Souza-em-acao-pelo-Flamengo-contra-o-Bahia-pelo-Brasileirao-2021.webp\",\"articleSection\":[\"Flamengo\"],\"inLanguage\":\"pt-BR\",\"potentialAction\":[{\"@type\":\"CommentAction\",\"name\":\"Comment\",\"target\":[\"https:\/\/www.gaveanews.com\/index.php\/2022\/05\/10\/jornalista-cobra-saida-de-hugo-do-time-titular-do-flamengo\/#respond\"]}],\"copyrightYear\":\"2022\",\"copyrightHolder\":{\"@id\":\"https:\/\/www.gaveanews.com\/#organization\"}},{\"@type\":\"WebPage\",\"@id\":\"https:\/\/www.gaveanews.com\/index.php\/2022\/05\/10\/jornalista-cobra-saida-de-hugo-do-time-titular-do-flamengo\/\",\"url\":\"https:\/\/www.gaveanews.com\/index.php\/2022\/05\/10\/jornalista-cobra-saida-de-hugo-do-time-titular-do-flamengo\/\",\"name\":\"Jornalista cobra sa\u00edda de Hugo do time titular do Flamengo\",\"isPartOf\":{\"@id\":\"https:\/\/www.gaveanews.com\/#website\"},\"primaryImageOfPage\":{\"@id\":\"https:\/\/www.gaveanews.com\/index.php\/2022\/05\/10\/jornalista-cobra-saida-de-hugo-do-time-titular-do-flamengo\/#primaryimage\"},\"image\":{\"@id\":\"https:\/\/www.gaveanews.com\/index.php\/2022\/05\/10\/jornalista-cobra-saida-de-hugo-do-time-titular-do-flamengo\/#primaryimage\"},\"thumbnailUrl\":\"https:\/\/www.gaveanews.com\/wp-content\/uploads\/Hugo-Souza-em-acao-pelo-Flamengo-contra-o-Bahia-pelo-Brasileirao-2021.webp\",\"datePublished\":\"2022-05-10T04:41:02+00:00\",\"author\":{\"@id\":\"https:\/\/www.gaveanews.com\/#\/schema\/person\/2ec14f73fb96be2caf28f91afb14749d\"},\"breadcrumb\":{\"@id\":\"https:\/\/www.gaveanews.com\/index.php\/2022\/05\/10\/jornalista-cobra-saida-de-hugo-do-time-titular-do-flamengo\/#breadcrumb\"},\"inLanguage\":\"pt-BR\",\"potentialAction\":[{\"@type\":\"ReadAction\",\"target\":[\"https:\/\/www.gaveanews.com\/index.php\/2022\/05\/10\/jornalista-cobra-saida-de-hugo-do-time-titular-do-flamengo\/\"]}]},{\"@type\":\"ImageObject\",\"inLanguage\":\"pt-BR\",\"@id\":\"https:\/\/www.gaveanews.com\/index.php\/2022\/05\/10\/jornalista-cobra-saida-de-hugo-do-time-titular-do-flamengo\/#primaryimage\",\"url\":\"https:\/\/www.gaveanews.com\/wp-content\/uploads\/Hugo-Souza-em-acao-pelo-Flamengo-contra-o-Bahia-pelo-Brasileirao-2021.webp\",\"contentUrl\":\"https:\/\/www.gaveanews.com\/wp-content\/uploads\/Hugo-Souza-em-acao-pelo-Flamengo-contra-o-Bahia-pelo-Brasileirao-2021.webp\",\"width\":800,\"height\":533,\"caption\":\"Hugo Souza em a\u00e7\u00e3o pelo Flamengo contra o Bahia pelo Brasileir\u00e3o 2021 (Foto: Marcelo Cortes\/Flamengo)\"},{\"@type\":\"BreadcrumbList\",\"@id\":\"https:\/\/www.gaveanews.com\/index.php\/2022\/05\/10\/jornalista-cobra-saida-de-hugo-do-time-titular-do-flamengo\/#breadcrumb\",\"itemListElement\":[{\"@type\":\"ListItem\",\"position\":1,\"name\":\"Home\",\"item\":\"https:\/\/www.gaveanews.com\/\"},{\"@type\":\"ListItem\",\"position\":2,\"name\":\"Jornalista cobra sa\u00edda de Hugo do time titular do Flamengo\"}]},{\"@type\":\"WebSite\",\"@id\":\"https:\/\/www.gaveanews.com\/#website\",\"url\":\"https:\/\/www.gaveanews.com\/\",\"name\":\"G\u00e1vea News\",\"description\":\"Veja todas as not\u00edcias sobre o Flamengo: Contrata\u00e7\u00f5es, categorias de base, resultados das partidas, tabela de classifica\u00e7\u00e3o, pr\u00f3ximos jogos!\",\"potentialAction\":[{\"@type\":\"SearchAction\",\"target\":{\"@type\":\"EntryPoint\",\"urlTemplate\":\"https:\/\/www.gaveanews.com\/?s={search_term_string}\"},\"query-input\":{\"@type\":\"PropertyValueSpecification\",\"valueRequired\":true,\"valueName\":\"search_term_string\"}}],\"inLanguage\":\"pt-BR\"},{\"@type\":\"Person\",\"@id\":\"https:\/\/www.gaveanews.com\/#\/schema\/person\/2ec14f73fb96be2caf28f91afb14749d\",\"name\":\"Equipe G\u00e1vea News\",\"image\":{\"@type\":\"ImageObject\",\"inLanguage\":\"pt-BR\",\"@id\":\"https:\/\/www.gaveanews.com\/#\/schema\/person\/image\/\",\"url\":\"https:\/\/secure.gravatar.com\/avatar\/1e1956f1facbffd3f8fa53a326721950116b3b9dc9bd44939c01180fd4a745a9?s=96&d=mm&r=g\",\"contentUrl\":\"https:\/\/secure.gravatar.com\/avatar\/1e1956f1facbffd3f8fa53a326721950116b3b9dc9bd44939c01180fd4a745a9?s=96&d=mm&r=g\",\"caption\":\"Equipe G\u00e1vea News\"}}]}<\/script>\n<!-- \/ Yoast SEO Premium plugin. -->","yoast_head_json":{"title":"Jornalista cobra sa\u00edda de Hugo do time titular do Flamengo","robots":{"index":"index","follow":"follow","max-snippet":"max-snippet:-1","max-image-preview":"max-image-preview:large","max-video-preview":"max-video-preview:-1"},"canonical":"https:\/\/www.gaveanews.com\/index.php\/2022\/05\/10\/jornalista-cobra-saida-de-hugo-do-time-titular-do-flamengo\/","og_locale":"pt_BR","og_type":"article","og_title":"Jornalista cobra sa\u00edda de Hugo do time titular do Flamengo","og_description":"A derrota do Flamengo para o Botafogo teve contribui\u00e7\u00e3o negativa do goleiro Hugo Souza. Durante o podcast \u201cPosse de Bola\u201d, do UOL Esporte, Juca Kfouri analisou o duelo. Ele garantiu que o Rubro-Negro jogou melhor que seu rival, mas destacou que Hugo Souza n\u00e3o pode ocupar o posto de titular. Rec\u00e9m-contratado, o goleiro Santos se [&hellip;]","og_url":"https:\/\/www.gaveanews.com\/index.php\/2022\/05\/10\/jornalista-cobra-saida-de-hugo-do-time-titular-do-flamengo\/","og_site_name":"G\u00e1vea News","article_publisher":"https:\/\/facebook.com\/gaveaNews\/","article_published_time":"2022-05-10T04:41:02+00:00","og_image":[{"width":800,"height":533,"url":"https:\/\/www.gaveanews.com\/wp-content\/uploads\/Hugo-Souza-em-acao-pelo-Flamengo-contra-o-Bahia-pelo-Brasileirao-2021.webp","type":"image\/jpeg"}],"author":"Equipe G\u00e1vea News","twitter_card":"summary_large_image","twitter_misc":{"Escrito por":"Equipe G\u00e1vea News","Est. tempo de leitura":"2 minutos"},"schema":{"@context":"https:\/\/schema.org","@graph":[{"@type":"NewsArticle","@id":"https:\/\/www.gaveanews.com\/index.php\/2022\/05\/10\/jornalista-cobra-saida-de-hugo-do-time-titular-do-flamengo\/#article","isPartOf":{"@id":"https:\/\/www.gaveanews.com\/index.php\/2022\/05\/10\/jornalista-cobra-saida-de-hugo-do-time-titular-do-flamengo\/"},"author":{"name":"Equipe G\u00e1vea News","@id":"https:\/\/www.gaveanews.com\/#\/schema\/person\/2ec14f73fb96be2caf28f91afb14749d"},"headline":"Jornalista cobra sa\u00edda de Hugo do time titular do Flamengo","datePublished":"2022-05-10T04:41:02+00:00","mainEntityOfPage":{"@id":"https:\/\/www.gaveanews.com\/index.php\/2022\/05\/10\/jornalista-cobra-saida-de-hugo-do-time-titular-do-flamengo\/"},"wordCount":247,"commentCount":0,"image":{"@id":"https:\/\/www.gaveanews.com\/index.php\/2022\/05\/10\/jornalista-cobra-saida-de-hugo-do-time-titular-do-flamengo\/#primaryimage"},"thumbnailUrl":"https:\/\/www.gaveanews.com\/wp-content\/uploads\/Hugo-Souza-em-acao-pelo-Flamengo-contra-o-Bahia-pelo-Brasileirao-2021.webp","articleSection":["Flamengo"],"inLanguage":"pt-BR","potentialAction":[{"@type":"CommentAction","name":"Comment","target":["https:\/\/www.gaveanews.com\/index.php\/2022\/05\/10\/jornalista-cobra-saida-de-hugo-do-time-titular-do-flamengo\/#respond"]}],"copyrightYear":"2022","copyrightHolder":{"@id":"https:\/\/www.gaveanews.com\/#organization"}},{"@type":"WebPage","@id":"https:\/\/www.gaveanews.com\/index.php\/2022\/05\/10\/jornalista-cobra-saida-de-hugo-do-time-titular-do-flamengo\/","url":"https:\/\/www.gaveanews.com\/index.php\/2022\/05\/10\/jornalista-cobra-saida-de-hugo-do-time-titular-do-flamengo\/","name":"Jornalista cobra sa\u00edda de Hugo do time titular do Flamengo","isPartOf":{"@id":"https:\/\/www.gaveanews.com\/#website"},"primaryImageOfPage":{"@id":"https:\/\/www.gaveanews.com\/index.php\/2022\/05\/10\/jornalista-cobra-saida-de-hugo-do-time-titular-do-flamengo\/#primaryimage"},"image":{"@id":"https:\/\/www.gaveanews.com\/index.php\/2022\/05\/10\/jornalista-cobra-saida-de-hugo-do-time-titular-do-flamengo\/#primaryimage"},"thumbnailUrl":"https:\/\/www.gaveanews.com\/wp-content\/uploads\/Hugo-Souza-em-acao-pelo-Flamengo-contra-o-Bahia-pelo-Brasileirao-2021.webp","datePublished":"2022-05-10T04:41:02+00:00","author":{"@id":"https:\/\/www.gaveanews.com\/#\/schema\/person\/2ec14f73fb96be2caf28f91afb14749d"},"breadcrumb":{"@id":"https:\/\/www.gaveanews.com\/index.php\/2022\/05\/10\/jornalista-cobra-saida-de-hugo-do-time-titular-do-flamengo\/#breadcrumb"},"inLanguage":"pt-BR","potentialAction":[{"@type":"ReadAction","target":["https:\/\/www.gaveanews.com\/index.php\/2022\/05\/10\/jornalista-cobra-saida-de-hugo-do-time-titular-do-flamengo\/"]}]},{"@type":"ImageObject","inLanguage":"pt-BR","@id":"https:\/\/www.gaveanews.com\/index.php\/2022\/05\/10\/jornalista-cobra-saida-de-hugo-do-time-titular-do-flamengo\/#primaryimage","url":"https:\/\/www.gaveanews.com\/wp-content\/uploads\/Hugo-Souza-em-acao-pelo-Flamengo-contra-o-Bahia-pelo-Brasileirao-2021.webp","contentUrl":"https:\/\/www.gaveanews.com\/wp-content\/uploads\/Hugo-Souza-em-acao-pelo-Flamengo-contra-o-Bahia-pelo-Brasileirao-2021.webp","width":800,"height":533,"caption":"Hugo Souza em a\u00e7\u00e3o pelo Flamengo contra o Bahia pelo Brasileir\u00e3o 2021 (Foto: Marcelo Cortes\/Flamengo)"},{"@type":"BreadcrumbList","@id":"https:\/\/www.gaveanews.com\/index.php\/2022\/05\/10\/jornalista-cobra-saida-de-hugo-do-time-titular-do-flamengo\/#breadcrumb","itemListElement":[{"@type":"ListItem","position":1,"name":"Home","item":"https:\/\/www.gaveanews.com\/"},{"@type":"ListItem","position":2,"name":"Jornalista cobra sa\u00edda de Hugo do time titular do Flamengo"}]},{"@type":"WebSite","@id":"https:\/\/www.gaveanews.com\/#website","url":"https:\/\/www.gaveanews.com\/","name":"G\u00e1vea News","description":"Veja todas as not\u00edcias sobre o Flamengo: Contrata\u00e7\u00f5es, categorias de base, resultados das partidas, tabela de classifica\u00e7\u00e3o, pr\u00f3ximos jogos!","potentialAction":[{"@type":"SearchAction","target":{"@type":"EntryPoint","urlTemplate":"https:\/\/www.gaveanews.com\/?s={search_term_string}"},"query-input":{"@type":"PropertyValueSpecification","valueRequired":true,"valueName":"search_term_string"}}],"inLanguage":"pt-BR"},{"@type":"Person","@id":"https:\/\/www.gaveanews.com\/#\/schema\/person\/2ec14f73fb96be2caf28f91afb14749d","name":"Equipe G\u00e1vea News","image":{"@type":"ImageObject","inLanguage":"pt-BR","@id":"https:\/\/www.gaveanews.com\/#\/schema\/person\/image\/","url":"https:\/\/secure.gravatar.com\/avatar\/1e1956f1facbffd3f8fa53a326721950116b3b9dc9bd44939c01180fd4a745a9?s=96&d=mm&r=g","contentUrl":"https:\/\/secure.gravatar.com\/avatar\/1e1956f1facbffd3f8fa53a326721950116b3b9dc9bd44939c01180fd4a745a9?s=96&d=mm&r=g","caption":"Equipe G\u00e1vea News"}}]}},"_links":{"self":[{"href":"https:\/\/www.gaveanews.com\/index.php\/wp-json\/wp\/v2\/posts\/81380","targetHints":{"allow":["GET"]}}],"collection":[{"href":"https:\/\/www.gaveanews.com\/index.php\/wp-json\/wp\/v2\/posts"}],"about":[{"href":"https:\/\/www.gaveanews.com\/index.php\/wp-json\/wp\/v2\/types\/post"}],"author":[{"embeddable":true,"href":"https:\/\/www.gaveanews.com\/index.php\/wp-json\/wp\/v2\/users\/1"}],"replies":[{"embeddable":true,"href":"https:\/\/www.gaveanews.com\/index.php\/wp-json\/wp\/v2\/comments?post=81380"}],"version-history":[{"count":0,"href":"https:\/\/www.gaveanews.com\/index.php\/wp-json\/wp\/v2\/posts\/81380\/revisions"}],"wp:featuredmedia":[{"embeddable":true,"href":"https:\/\/www.gaveanews.com\/index.php\/wp-json\/wp\/v2\/media\/71633"}],"wp:attachment":[{"href":"https:\/\/www.gaveanews.com\/index.php\/wp-json\/wp\/v2\/media?parent=81380"}],"wp:term":[{"taxonomy":"category","embeddable":true,"href":"https:\/\/www.gaveanews.com\/index.php\/wp-json\/wp\/v2\/categories?post=81380"},{"taxonomy":"post_tag","embeddable":true,"href":"https:\/\/www.gaveanews.com\/index.php\/wp-json\/wp\/v2\/tags?post=81380"}],"curies":[{"name":"wp","href":"https:\/\/api.w.org\/{rel}","templated":true}]}}