{"id":81382,"date":"2022-05-10T06:55:10","date_gmt":"2022-05-10T09:55:10","guid":{"rendered":"https:\/\/www.gaveanews.com\/?p=81382"},"modified":"2022-05-10T06:55:10","modified_gmt":"2022-05-10T09:55:10","slug":"atacante-do-botafogo-rebate-provocacao-de-gabigol-do-flamengo","status":"publish","type":"post","link":"https:\/\/www.gaveanews.com\/index.php\/2022\/05\/10\/atacante-do-botafogo-rebate-provocacao-de-gabigol-do-flamengo\/","title":{"rendered":"Atacante do Botafogo rebate provoca\u00e7\u00e3o de Gabigol, do Flamengo"},"content":{"rendered":"<p>A provoca\u00e7\u00e3o de Gabigol no cl\u00e1ssico contra o Botafogo foi respondida nesta segunda-feira pelo atacante Erison, que apesar de n\u00e3o querer entrar em pol\u00eamica, alfinetou o atacante do Meng\u00e3o ap\u00f3s o jogo do final de semana. A declara\u00e7\u00e3o aconteceu nesta segunda (9), no programa \u201cT\u00e1 na \u00c1rea\u201c, do SporTV\u201d.<\/p>\n<p>Quem ri por \u00faltimo, ri melhor. Foi assim que Erison devolveu a provoca\u00e7\u00e3o de Gabigol, que simulou o \u201cchoror\u00f4\u201d durante o gol anulado, no cl\u00e1ssico. O Flamengo acabou perdendo por 1 a 0 para o Botafogo com gol do atacante alvinegro. A declara\u00e7\u00e3o aconteceu nesta segunda (9), no programa \u201cT\u00e1 na \u00c1rea\u201c, do SporTV\u201d.<\/p>\n<p>\u201cProcuro sempre dar meu m\u00e1ximo, independente se for cl\u00e1ssico ou n\u00e3o. Gosto de estar muito concentrado para poder ajudar meus companheiros com gols ou ajudando na marca\u00e7\u00e3o. A provoca\u00e7\u00e3o \u00e9 normal, mas como se diz, o mundo d\u00e1 voltas (risos). No final de tudo, quem acabou saindo feliz foi a gente\u201d, disse Erison\u201d, afirmou.<\/p>\n<p>Sem entrar em pol\u00eamicas, o jogador do Botafogo falou sobre a import\u00e2ncia do t\u00e9cnico Luis Castro no comando da equipe e todas as novidades que ele trouxe para o neg\u00f3cio.<\/p>\n<p>\u201cO mister e a comiss\u00e3o dele s\u00e3o muito importantes para os jogadores, eles t\u00eam tirado o m\u00e1ximo de n\u00f3s a cada treino e jogo. Ele imp\u00f5e muito a parte f\u00edsica, intensidade, press\u00e3o, isso tudo nos ajuda dentro de campo e nos favorece em grande parte dos jogos, para pressionar l\u00e1 frente, roubar a bola e tentar fazer o gol\u201d, finalizou.<\/p>\n<h2>Pr\u00f3ximo jogo do Flamengo<\/h2>\n<p>O Cear\u00e1 promete tomar atitude radical com torcedores do Rubro-Negro Carioca em jogo do Brasileir\u00e3o Ap\u00f3s derrota no cl\u00e1ssico contra o Botafogo, o Flamengo buscar\u00e1 a recupera\u00e7\u00e3o no Brasileir\u00e3o no pr\u00f3ximo s\u00e1bado (14) e ter\u00e1 forte apoio de seus torcedores na Arena Castel\u00e3o, em Fortaleza (CE), local da partida.<\/p>\n<p>O Rubro-Negro anunciou que todos os ingresso colocados \u00e0 disposi\u00e7\u00e3o pelo Voz\u00e3o j\u00e1 foram comercializados. No entanto, o time nordestino informou que, caso torcedores do Rubro-Negro sejam identificados fora do setor destinado ao clube carioca, ser\u00e3o retirados do est\u00e1dio.<\/p>\n<p>Retirado de: Torcedores<\/p>\n","protected":false},"excerpt":{"rendered":"<p>A provoca\u00e7\u00e3o de Gabigol no cl\u00e1ssico contra o Botafogo foi respondida nesta segunda-feira pelo atacante Erison, que apesar de n\u00e3o querer entrar em pol\u00eamica, alfinetou o atacante do Meng\u00e3o ap\u00f3s o jogo do final de semana. A declara\u00e7\u00e3o aconteceu nesta segunda (9), no programa \u201cT\u00e1 na \u00c1rea\u201c, do SporTV\u201d. Quem ri por \u00faltimo, ri melhor. [&hellip;]<\/p>\n","protected":false},"author":1,"featured_media":77306,"comment_status":"open","ping_status":"closed","sticky":false,"template":"","format":"standard","meta":{"footnotes":""},"categories":[1],"tags":[],"class_list":["post-81382","post","type-post","status-publish","format-standard","has-post-thumbnail","hentry","category-flamengo"],"yoast_head":"<!-- This site is optimized with the Yoast SEO Premium plugin v24.2 (Yoast SEO v26.9) - https:\/\/yoast.com\/product\/yoast-seo-premium-wordpress\/ -->\n<title>Atacante do Botafogo rebate provoca\u00e7\u00e3o de Gabigol, do Flamengo<\/title>\n<meta name=\"robots\" content=\"index, follow, max-snippet:-1, max-image-preview:large, max-video-preview:-1\" \/>\n<link rel=\"canonical\" href=\"https:\/\/www.gaveanews.com\/index.php\/2022\/05\/10\/atacante-do-botafogo-rebate-provocacao-de-gabigol-do-flamengo\/\" \/>\n<meta property=\"og:locale\" content=\"pt_BR\" \/>\n<meta property=\"og:type\" content=\"article\" \/>\n<meta property=\"og:title\" content=\"Atacante do Botafogo rebate provoca\u00e7\u00e3o de Gabigol, do Flamengo\" \/>\n<meta property=\"og:description\" content=\"A provoca\u00e7\u00e3o de Gabigol no cl\u00e1ssico contra o Botafogo foi respondida nesta segunda-feira pelo atacante Erison, que apesar de n\u00e3o querer entrar em pol\u00eamica, alfinetou o atacante do Meng\u00e3o ap\u00f3s o jogo do final de semana. A declara\u00e7\u00e3o aconteceu nesta segunda (9), no programa \u201cT\u00e1 na \u00c1rea\u201c, do SporTV\u201d. Quem ri por \u00faltimo, ri melhor. [&hellip;]\" \/>\n<meta property=\"og:url\" content=\"https:\/\/www.gaveanews.com\/index.php\/2022\/05\/10\/atacante-do-botafogo-rebate-provocacao-de-gabigol-do-flamengo\/\" \/>\n<meta property=\"og:site_name\" content=\"G\u00e1vea News\" \/>\n<meta property=\"article:publisher\" content=\"https:\/\/facebook.com\/gaveaNews\/\" \/>\n<meta property=\"article:published_time\" content=\"2022-05-10T09:55:10+00:00\" \/>\n<meta property=\"og:image\" content=\"https:\/\/www.gaveanews.com\/wp-content\/uploads\/Paulo-Sousa-passa-instrucoes-a-Gabigol-na-beira-do-campo-no-classico-contra-o-Botafogo.webp\" \/>\n\t<meta property=\"og:image:width\" content=\"800\" \/>\n\t<meta property=\"og:image:height\" content=\"534\" \/>\n\t<meta property=\"og:image:type\" content=\"image\/jpeg\" \/>\n<meta name=\"author\" content=\"Equipe G\u00e1vea News\" \/>\n<meta name=\"twitter:card\" content=\"summary_large_image\" \/>\n<meta name=\"twitter:label1\" content=\"Escrito por\" \/>\n\t<meta name=\"twitter:data1\" content=\"Equipe G\u00e1vea News\" \/>\n\t<meta name=\"twitter:label2\" content=\"Est. tempo de leitura\" \/>\n\t<meta name=\"twitter:data2\" content=\"2 minutos\" \/>\n<script type=\"application\/ld+json\" class=\"yoast-schema-graph\">{\"@context\":\"https:\/\/schema.org\",\"@graph\":[{\"@type\":\"NewsArticle\",\"@id\":\"https:\/\/www.gaveanews.com\/index.php\/2022\/05\/10\/atacante-do-botafogo-rebate-provocacao-de-gabigol-do-flamengo\/#article\",\"isPartOf\":{\"@id\":\"https:\/\/www.gaveanews.com\/index.php\/2022\/05\/10\/atacante-do-botafogo-rebate-provocacao-de-gabigol-do-flamengo\/\"},\"author\":{\"name\":\"Equipe G\u00e1vea News\",\"@id\":\"https:\/\/www.gaveanews.com\/#\/schema\/person\/2ec14f73fb96be2caf28f91afb14749d\"},\"headline\":\"Atacante do Botafogo rebate provoca\u00e7\u00e3o de Gabigol, do Flamengo\",\"datePublished\":\"2022-05-10T09:55:10+00:00\",\"mainEntityOfPage\":{\"@id\":\"https:\/\/www.gaveanews.com\/index.php\/2022\/05\/10\/atacante-do-botafogo-rebate-provocacao-de-gabigol-do-flamengo\/\"},\"wordCount\":385,\"commentCount\":0,\"image\":{\"@id\":\"https:\/\/www.gaveanews.com\/index.php\/2022\/05\/10\/atacante-do-botafogo-rebate-provocacao-de-gabigol-do-flamengo\/#primaryimage\"},\"thumbnailUrl\":\"https:\/\/www.gaveanews.com\/wp-content\/uploads\/Paulo-Sousa-passa-instrucoes-a-Gabigol-na-beira-do-campo-no-classico-contra-o-Botafogo.webp\",\"articleSection\":[\"Flamengo\"],\"inLanguage\":\"pt-BR\",\"potentialAction\":[{\"@type\":\"CommentAction\",\"name\":\"Comment\",\"target\":[\"https:\/\/www.gaveanews.com\/index.php\/2022\/05\/10\/atacante-do-botafogo-rebate-provocacao-de-gabigol-do-flamengo\/#respond\"]}],\"copyrightYear\":\"2022\",\"copyrightHolder\":{\"@id\":\"https:\/\/www.gaveanews.com\/#organization\"}},{\"@type\":\"WebPage\",\"@id\":\"https:\/\/www.gaveanews.com\/index.php\/2022\/05\/10\/atacante-do-botafogo-rebate-provocacao-de-gabigol-do-flamengo\/\",\"url\":\"https:\/\/www.gaveanews.com\/index.php\/2022\/05\/10\/atacante-do-botafogo-rebate-provocacao-de-gabigol-do-flamengo\/\",\"name\":\"Atacante do Botafogo rebate provoca\u00e7\u00e3o de Gabigol, do Flamengo\",\"isPartOf\":{\"@id\":\"https:\/\/www.gaveanews.com\/#website\"},\"primaryImageOfPage\":{\"@id\":\"https:\/\/www.gaveanews.com\/index.php\/2022\/05\/10\/atacante-do-botafogo-rebate-provocacao-de-gabigol-do-flamengo\/#primaryimage\"},\"image\":{\"@id\":\"https:\/\/www.gaveanews.com\/index.php\/2022\/05\/10\/atacante-do-botafogo-rebate-provocacao-de-gabigol-do-flamengo\/#primaryimage\"},\"thumbnailUrl\":\"https:\/\/www.gaveanews.com\/wp-content\/uploads\/Paulo-Sousa-passa-instrucoes-a-Gabigol-na-beira-do-campo-no-classico-contra-o-Botafogo.webp\",\"datePublished\":\"2022-05-10T09:55:10+00:00\",\"author\":{\"@id\":\"https:\/\/www.gaveanews.com\/#\/schema\/person\/2ec14f73fb96be2caf28f91afb14749d\"},\"breadcrumb\":{\"@id\":\"https:\/\/www.gaveanews.com\/index.php\/2022\/05\/10\/atacante-do-botafogo-rebate-provocacao-de-gabigol-do-flamengo\/#breadcrumb\"},\"inLanguage\":\"pt-BR\",\"potentialAction\":[{\"@type\":\"ReadAction\",\"target\":[\"https:\/\/www.gaveanews.com\/index.php\/2022\/05\/10\/atacante-do-botafogo-rebate-provocacao-de-gabigol-do-flamengo\/\"]}]},{\"@type\":\"ImageObject\",\"inLanguage\":\"pt-BR\",\"@id\":\"https:\/\/www.gaveanews.com\/index.php\/2022\/05\/10\/atacante-do-botafogo-rebate-provocacao-de-gabigol-do-flamengo\/#primaryimage\",\"url\":\"https:\/\/www.gaveanews.com\/wp-content\/uploads\/Paulo-Sousa-passa-instrucoes-a-Gabigol-na-beira-do-campo-no-classico-contra-o-Botafogo.webp\",\"contentUrl\":\"https:\/\/www.gaveanews.com\/wp-content\/uploads\/Paulo-Sousa-passa-instrucoes-a-Gabigol-na-beira-do-campo-no-classico-contra-o-Botafogo.webp\",\"width\":800,\"height\":534,\"caption\":\"Paulo Sousa passa instru\u00e7\u00f5es a Gabigol na beira do campo no cl\u00e1ssico contra o Botafogo (Foto: Marcelo Cortes\/Flamengo)\"},{\"@type\":\"BreadcrumbList\",\"@id\":\"https:\/\/www.gaveanews.com\/index.php\/2022\/05\/10\/atacante-do-botafogo-rebate-provocacao-de-gabigol-do-flamengo\/#breadcrumb\",\"itemListElement\":[{\"@type\":\"ListItem\",\"position\":1,\"name\":\"Home\",\"item\":\"https:\/\/www.gaveanews.com\/\"},{\"@type\":\"ListItem\",\"position\":2,\"name\":\"Atacante do Botafogo rebate provoca\u00e7\u00e3o de Gabigol, do Flamengo\"}]},{\"@type\":\"WebSite\",\"@id\":\"https:\/\/www.gaveanews.com\/#website\",\"url\":\"https:\/\/www.gaveanews.com\/\",\"name\":\"G\u00e1vea News\",\"description\":\"Veja todas as not\u00edcias sobre o Flamengo: Contrata\u00e7\u00f5es, categorias de base, resultados das partidas, tabela de classifica\u00e7\u00e3o, pr\u00f3ximos jogos!\",\"potentialAction\":[{\"@type\":\"SearchAction\",\"target\":{\"@type\":\"EntryPoint\",\"urlTemplate\":\"https:\/\/www.gaveanews.com\/?s={search_term_string}\"},\"query-input\":{\"@type\":\"PropertyValueSpecification\",\"valueRequired\":true,\"valueName\":\"search_term_string\"}}],\"inLanguage\":\"pt-BR\"},{\"@type\":\"Person\",\"@id\":\"https:\/\/www.gaveanews.com\/#\/schema\/person\/2ec14f73fb96be2caf28f91afb14749d\",\"name\":\"Equipe G\u00e1vea News\",\"image\":{\"@type\":\"ImageObject\",\"inLanguage\":\"pt-BR\",\"@id\":\"https:\/\/www.gaveanews.com\/#\/schema\/person\/image\/\",\"url\":\"https:\/\/secure.gravatar.com\/avatar\/1e1956f1facbffd3f8fa53a326721950116b3b9dc9bd44939c01180fd4a745a9?s=96&d=mm&r=g\",\"contentUrl\":\"https:\/\/secure.gravatar.com\/avatar\/1e1956f1facbffd3f8fa53a326721950116b3b9dc9bd44939c01180fd4a745a9?s=96&d=mm&r=g\",\"caption\":\"Equipe G\u00e1vea News\"}}]}<\/script>\n<!-- \/ Yoast SEO Premium plugin. -->","yoast_head_json":{"title":"Atacante do Botafogo rebate provoca\u00e7\u00e3o de Gabigol, do Flamengo","robots":{"index":"index","follow":"follow","max-snippet":"max-snippet:-1","max-image-preview":"max-image-preview:large","max-video-preview":"max-video-preview:-1"},"canonical":"https:\/\/www.gaveanews.com\/index.php\/2022\/05\/10\/atacante-do-botafogo-rebate-provocacao-de-gabigol-do-flamengo\/","og_locale":"pt_BR","og_type":"article","og_title":"Atacante do Botafogo rebate provoca\u00e7\u00e3o de Gabigol, do Flamengo","og_description":"A provoca\u00e7\u00e3o de Gabigol no cl\u00e1ssico contra o Botafogo foi respondida nesta segunda-feira pelo atacante Erison, que apesar de n\u00e3o querer entrar em pol\u00eamica, alfinetou o atacante do Meng\u00e3o ap\u00f3s o jogo do final de semana. A declara\u00e7\u00e3o aconteceu nesta segunda (9), no programa \u201cT\u00e1 na \u00c1rea\u201c, do SporTV\u201d. Quem ri por \u00faltimo, ri melhor. [&hellip;]","og_url":"https:\/\/www.gaveanews.com\/index.php\/2022\/05\/10\/atacante-do-botafogo-rebate-provocacao-de-gabigol-do-flamengo\/","og_site_name":"G\u00e1vea News","article_publisher":"https:\/\/facebook.com\/gaveaNews\/","article_published_time":"2022-05-10T09:55:10+00:00","og_image":[{"width":800,"height":534,"url":"https:\/\/www.gaveanews.com\/wp-content\/uploads\/Paulo-Sousa-passa-instrucoes-a-Gabigol-na-beira-do-campo-no-classico-contra-o-Botafogo.webp","type":"image\/jpeg"}],"author":"Equipe G\u00e1vea News","twitter_card":"summary_large_image","twitter_misc":{"Escrito por":"Equipe G\u00e1vea News","Est. tempo de leitura":"2 minutos"},"schema":{"@context":"https:\/\/schema.org","@graph":[{"@type":"NewsArticle","@id":"https:\/\/www.gaveanews.com\/index.php\/2022\/05\/10\/atacante-do-botafogo-rebate-provocacao-de-gabigol-do-flamengo\/#article","isPartOf":{"@id":"https:\/\/www.gaveanews.com\/index.php\/2022\/05\/10\/atacante-do-botafogo-rebate-provocacao-de-gabigol-do-flamengo\/"},"author":{"name":"Equipe G\u00e1vea News","@id":"https:\/\/www.gaveanews.com\/#\/schema\/person\/2ec14f73fb96be2caf28f91afb14749d"},"headline":"Atacante do Botafogo rebate provoca\u00e7\u00e3o de Gabigol, do Flamengo","datePublished":"2022-05-10T09:55:10+00:00","mainEntityOfPage":{"@id":"https:\/\/www.gaveanews.com\/index.php\/2022\/05\/10\/atacante-do-botafogo-rebate-provocacao-de-gabigol-do-flamengo\/"},"wordCount":385,"commentCount":0,"image":{"@id":"https:\/\/www.gaveanews.com\/index.php\/2022\/05\/10\/atacante-do-botafogo-rebate-provocacao-de-gabigol-do-flamengo\/#primaryimage"},"thumbnailUrl":"https:\/\/www.gaveanews.com\/wp-content\/uploads\/Paulo-Sousa-passa-instrucoes-a-Gabigol-na-beira-do-campo-no-classico-contra-o-Botafogo.webp","articleSection":["Flamengo"],"inLanguage":"pt-BR","potentialAction":[{"@type":"CommentAction","name":"Comment","target":["https:\/\/www.gaveanews.com\/index.php\/2022\/05\/10\/atacante-do-botafogo-rebate-provocacao-de-gabigol-do-flamengo\/#respond"]}],"copyrightYear":"2022","copyrightHolder":{"@id":"https:\/\/www.gaveanews.com\/#organization"}},{"@type":"WebPage","@id":"https:\/\/www.gaveanews.com\/index.php\/2022\/05\/10\/atacante-do-botafogo-rebate-provocacao-de-gabigol-do-flamengo\/","url":"https:\/\/www.gaveanews.com\/index.php\/2022\/05\/10\/atacante-do-botafogo-rebate-provocacao-de-gabigol-do-flamengo\/","name":"Atacante do Botafogo rebate provoca\u00e7\u00e3o de Gabigol, do Flamengo","isPartOf":{"@id":"https:\/\/www.gaveanews.com\/#website"},"primaryImageOfPage":{"@id":"https:\/\/www.gaveanews.com\/index.php\/2022\/05\/10\/atacante-do-botafogo-rebate-provocacao-de-gabigol-do-flamengo\/#primaryimage"},"image":{"@id":"https:\/\/www.gaveanews.com\/index.php\/2022\/05\/10\/atacante-do-botafogo-rebate-provocacao-de-gabigol-do-flamengo\/#primaryimage"},"thumbnailUrl":"https:\/\/www.gaveanews.com\/wp-content\/uploads\/Paulo-Sousa-passa-instrucoes-a-Gabigol-na-beira-do-campo-no-classico-contra-o-Botafogo.webp","datePublished":"2022-05-10T09:55:10+00:00","author":{"@id":"https:\/\/www.gaveanews.com\/#\/schema\/person\/2ec14f73fb96be2caf28f91afb14749d"},"breadcrumb":{"@id":"https:\/\/www.gaveanews.com\/index.php\/2022\/05\/10\/atacante-do-botafogo-rebate-provocacao-de-gabigol-do-flamengo\/#breadcrumb"},"inLanguage":"pt-BR","potentialAction":[{"@type":"ReadAction","target":["https:\/\/www.gaveanews.com\/index.php\/2022\/05\/10\/atacante-do-botafogo-rebate-provocacao-de-gabigol-do-flamengo\/"]}]},{"@type":"ImageObject","inLanguage":"pt-BR","@id":"https:\/\/www.gaveanews.com\/index.php\/2022\/05\/10\/atacante-do-botafogo-rebate-provocacao-de-gabigol-do-flamengo\/#primaryimage","url":"https:\/\/www.gaveanews.com\/wp-content\/uploads\/Paulo-Sousa-passa-instrucoes-a-Gabigol-na-beira-do-campo-no-classico-contra-o-Botafogo.webp","contentUrl":"https:\/\/www.gaveanews.com\/wp-content\/uploads\/Paulo-Sousa-passa-instrucoes-a-Gabigol-na-beira-do-campo-no-classico-contra-o-Botafogo.webp","width":800,"height":534,"caption":"Paulo Sousa passa instru\u00e7\u00f5es a Gabigol na beira do campo no cl\u00e1ssico contra o Botafogo (Foto: Marcelo Cortes\/Flamengo)"},{"@type":"BreadcrumbList","@id":"https:\/\/www.gaveanews.com\/index.php\/2022\/05\/10\/atacante-do-botafogo-rebate-provocacao-de-gabigol-do-flamengo\/#breadcrumb","itemListElement":[{"@type":"ListItem","position":1,"name":"Home","item":"https:\/\/www.gaveanews.com\/"},{"@type":"ListItem","position":2,"name":"Atacante do Botafogo rebate provoca\u00e7\u00e3o de Gabigol, do Flamengo"}]},{"@type":"WebSite","@id":"https:\/\/www.gaveanews.com\/#website","url":"https:\/\/www.gaveanews.com\/","name":"G\u00e1vea News","description":"Veja todas as not\u00edcias sobre o Flamengo: Contrata\u00e7\u00f5es, categorias de base, resultados das partidas, tabela de classifica\u00e7\u00e3o, pr\u00f3ximos jogos!","potentialAction":[{"@type":"SearchAction","target":{"@type":"EntryPoint","urlTemplate":"https:\/\/www.gaveanews.com\/?s={search_term_string}"},"query-input":{"@type":"PropertyValueSpecification","valueRequired":true,"valueName":"search_term_string"}}],"inLanguage":"pt-BR"},{"@type":"Person","@id":"https:\/\/www.gaveanews.com\/#\/schema\/person\/2ec14f73fb96be2caf28f91afb14749d","name":"Equipe G\u00e1vea News","image":{"@type":"ImageObject","inLanguage":"pt-BR","@id":"https:\/\/www.gaveanews.com\/#\/schema\/person\/image\/","url":"https:\/\/secure.gravatar.com\/avatar\/1e1956f1facbffd3f8fa53a326721950116b3b9dc9bd44939c01180fd4a745a9?s=96&d=mm&r=g","contentUrl":"https:\/\/secure.gravatar.com\/avatar\/1e1956f1facbffd3f8fa53a326721950116b3b9dc9bd44939c01180fd4a745a9?s=96&d=mm&r=g","caption":"Equipe G\u00e1vea News"}}]}},"_links":{"self":[{"href":"https:\/\/www.gaveanews.com\/index.php\/wp-json\/wp\/v2\/posts\/81382","targetHints":{"allow":["GET"]}}],"collection":[{"href":"https:\/\/www.gaveanews.com\/index.php\/wp-json\/wp\/v2\/posts"}],"about":[{"href":"https:\/\/www.gaveanews.com\/index.php\/wp-json\/wp\/v2\/types\/post"}],"author":[{"embeddable":true,"href":"https:\/\/www.gaveanews.com\/index.php\/wp-json\/wp\/v2\/users\/1"}],"replies":[{"embeddable":true,"href":"https:\/\/www.gaveanews.com\/index.php\/wp-json\/wp\/v2\/comments?post=81382"}],"version-history":[{"count":0,"href":"https:\/\/www.gaveanews.com\/index.php\/wp-json\/wp\/v2\/posts\/81382\/revisions"}],"wp:featuredmedia":[{"embeddable":true,"href":"https:\/\/www.gaveanews.com\/index.php\/wp-json\/wp\/v2\/media\/77306"}],"wp:attachment":[{"href":"https:\/\/www.gaveanews.com\/index.php\/wp-json\/wp\/v2\/media?parent=81382"}],"wp:term":[{"taxonomy":"category","embeddable":true,"href":"https:\/\/www.gaveanews.com\/index.php\/wp-json\/wp\/v2\/categories?post=81382"},{"taxonomy":"post_tag","embeddable":true,"href":"https:\/\/www.gaveanews.com\/index.php\/wp-json\/wp\/v2\/tags?post=81382"}],"curies":[{"name":"wp","href":"https:\/\/api.w.org\/{rel}","templated":true}]}}