{"id":81583,"date":"2022-05-14T15:25:21","date_gmt":"2022-05-14T18:25:21","guid":{"rendered":"https:\/\/www.gaveanews.com\/?p=81583"},"modified":"2022-05-14T15:31:57","modified_gmt":"2022-05-14T18:31:57","slug":"saiu-veja-a-escalacao-oficial-do-flamengo-para-o-jogo-contra-o-ceara-2","status":"publish","type":"post","link":"https:\/\/www.gaveanews.com\/index.php\/2022\/05\/14\/saiu-veja-a-escalacao-oficial-do-flamengo-para-o-jogo-contra-o-ceara-2\/","title":{"rendered":"Saiu! Veja a escala\u00e7\u00e3o oficial do Flamengo para o jogo contra o Cear\u00e1"},"content":{"rendered":"<p style=\"text-align: left\">Nesta tarde, \u00e0s 16h30 (hor\u00e1rio de Bras\u00edlia), Flamengo e Cear\u00e1 se enfrentam pela 6\u00aa rodada do Campeonato Brasileiro. O palco do duelo ser\u00e1 a Arena Castel\u00e3o, em Fortaleza, capital cearense.<\/p>\n<p>Estagnado com 5 pontos na competi\u00e7\u00e3o at\u00e9 agora, o Meng\u00e3o busca surpreender os donos da casa e pontuar na partida. Com a bola prestes a rolar, o <a href=\"http:\/\/gaveanews.com\">GaveaNews.com<\/a> preparou um resumo com as principais informa\u00e7\u00f5es do embate.<\/p>\n<h2>Transmiss\u00e3o:<\/h2>\n<p>Marcado em data e hor\u00e1rio alternativos, o confronto ser\u00e1 transmitido somente pelo canal Premiere.<\/p>\n<h2>Retrospecto:<\/h2>\n<p>Na temporada passada, o Flamengo levou a melhor em apenas um dos encontros entre as equipes. No primeiro turno do Brasileir\u00e3o, o Rubro-Negro venceu o Voz\u00e3o por 2 x 1, mas acabou empatando em 1 x 1 no segundo turno.<\/p>\n<h2>Desfalques:<\/h2>\n<ul>\n<li>Filipe Lu\u00eds\u00a0(les\u00e3o na panturrilha);<\/li>\n<li>Santos (les\u00e3o na coxa);<\/li>\n<li>Fabr\u00edcio Bruno (les\u00e3o no p\u00e9 esquerdo);<\/li>\n<li>Matheus Fran\u00e7a (fratura na perna direita);<\/li>\n<li>Gustavo Henrique (transi\u00e7\u00e3o);<\/li>\n<li>Vitinho (transi\u00e7\u00e3o);<\/li>\n<li>Diego Alves\u00a0(pubalgia);<\/li>\n<li>Thiago Maia (liberado para tratar de quest\u00f5es pessoais).<\/li>\n<\/ul>\n<h2>Pendurados:<\/h2>\n<ul>\n<li>Gabigol;<\/li>\n<li>Jo\u00e3o Gomes.<\/li>\n<\/ul>\n<h2>Escala\u00e7\u00e3o:<\/h2>\n<p>Hugo; Isla, Pablo, David Luiz e Ayrton Lucas; Ar\u00e3o, Jo\u00e3o Gomes, Arrascaeta e \u00c9verton Ribeiro; Bruno Henrique e Gabigol.<\/p>\n<h2>Banco de reservas:<\/h2>\n<p>Matheus Cunha, Rodinei, Rodrigo Caio, Matheuzinho, L\u00e9o Pereira, Marcos Paulo, Andreas, Diego, L\u00e1zaro, Marinho, Victor Hugo e Pedro.<\/p>\n<h2>Arbitragem:<\/h2>\n<ul>\n<li>\u00c1rbitro: Luiz Flavio de Oliveira &#8211; SP (FIFA)<\/li>\n<li>\u00c1rbitro Assistente 1: Alex Ang Ribeiro &#8211; SP<\/li>\n<li>\u00c1rbitro Assistente 2: Daniel Paulo Ziolli &#8211; SP<\/li>\n<li>Quarto \u00c1rbitro: Adriano Barros Carneiro &#8211; CE<\/li>\n<li>VAR: Rodrigo Guarizo Ferreira do Amaral &#8211; SP (VAR-FIFA)<\/li>\n<\/ul>\n<h2>Pr\u00f3ximo compromisso:<\/h2>\n<p>Em seguida, o Flamengo volta ao Rio de Janeiro para receber a Universidad Cat\u00f3lica pela pen\u00faltima rodada da fase de grupos da Libertadores. O confronto marcar\u00e1 o retorno do Meng\u00e3o no Maracan\u00e3, que ser\u00e1 o palco do duelo de ter\u00e7a-feira (17), \u00e0s 21h30 (hor\u00e1rio de Bras\u00edlia).<\/p>\n","protected":false},"excerpt":{"rendered":"<p>Nesta tarde, \u00e0s 16h30 (hor\u00e1rio de Bras\u00edlia), Flamengo e Cear\u00e1 se enfrentam pela 6\u00aa rodada do Campeonato Brasileiro. O palco do duelo ser\u00e1 a Arena Castel\u00e3o, em Fortaleza, capital cearense. Estagnado com 5 pontos na competi\u00e7\u00e3o at\u00e9 agora, o Meng\u00e3o busca surpreender os donos da casa e pontuar na partida. Com a bola prestes a [&hellip;]<\/p>\n","protected":false},"author":4,"featured_media":30000,"comment_status":"open","ping_status":"closed","sticky":false,"template":"","format":"standard","meta":{"footnotes":""},"categories":[1],"tags":[],"class_list":["post-81583","post","type-post","status-publish","format-standard","has-post-thumbnail","hentry","category-flamengo"],"yoast_head":"<!-- This site is optimized with the Yoast SEO Premium plugin v24.2 (Yoast SEO v26.9) - https:\/\/yoast.com\/product\/yoast-seo-premium-wordpress\/ -->\n<title>Saiu! Veja a escala\u00e7\u00e3o oficial do Flamengo para o jogo contra o Cear\u00e1<\/title>\n<meta name=\"robots\" content=\"index, follow, max-snippet:-1, max-image-preview:large, max-video-preview:-1\" \/>\n<link rel=\"canonical\" href=\"https:\/\/www.gaveanews.com\/index.php\/2022\/05\/14\/saiu-veja-a-escalacao-oficial-do-flamengo-para-o-jogo-contra-o-ceara-2\/\" \/>\n<meta property=\"og:locale\" content=\"pt_BR\" \/>\n<meta property=\"og:type\" content=\"article\" \/>\n<meta property=\"og:title\" content=\"Saiu! Veja a escala\u00e7\u00e3o oficial do Flamengo para o jogo contra o Cear\u00e1\" \/>\n<meta property=\"og:description\" content=\"Nesta tarde, \u00e0s 16h30 (hor\u00e1rio de Bras\u00edlia), Flamengo e Cear\u00e1 se enfrentam pela 6\u00aa rodada do Campeonato Brasileiro. O palco do duelo ser\u00e1 a Arena Castel\u00e3o, em Fortaleza, capital cearense. Estagnado com 5 pontos na competi\u00e7\u00e3o at\u00e9 agora, o Meng\u00e3o busca surpreender os donos da casa e pontuar na partida. Com a bola prestes a [&hellip;]\" \/>\n<meta property=\"og:url\" content=\"https:\/\/www.gaveanews.com\/index.php\/2022\/05\/14\/saiu-veja-a-escalacao-oficial-do-flamengo-para-o-jogo-contra-o-ceara-2\/\" \/>\n<meta property=\"og:site_name\" content=\"G\u00e1vea News\" \/>\n<meta property=\"article:publisher\" content=\"https:\/\/facebook.com\/gaveaNews\/\" \/>\n<meta property=\"article:published_time\" content=\"2022-05-14T18:25:21+00:00\" \/>\n<meta property=\"article:modified_time\" content=\"2022-05-14T18:31:57+00:00\" \/>\n<meta property=\"og:image\" content=\"https:\/\/www.gaveanews.com\/wp-content\/uploads\/Escalacao-oficial-do-Flamengo.webp\" \/>\n\t<meta property=\"og:image:width\" content=\"1\" \/>\n\t<meta property=\"og:image:height\" content=\"1\" \/>\n\t<meta property=\"og:image:type\" content=\"image\/jpeg\" \/>\n<meta name=\"author\" content=\"Let\u00edcia Gerheim\" \/>\n<meta name=\"twitter:card\" content=\"summary_large_image\" \/>\n<meta name=\"twitter:label1\" content=\"Escrito por\" \/>\n\t<meta name=\"twitter:data1\" content=\"Let\u00edcia Gerheim\" \/>\n\t<meta name=\"twitter:label2\" content=\"Est. tempo de leitura\" \/>\n\t<meta name=\"twitter:data2\" content=\"2 minutos\" \/>\n<script type=\"application\/ld+json\" class=\"yoast-schema-graph\">{\"@context\":\"https:\/\/schema.org\",\"@graph\":[{\"@type\":\"NewsArticle\",\"@id\":\"https:\/\/www.gaveanews.com\/index.php\/2022\/05\/14\/saiu-veja-a-escalacao-oficial-do-flamengo-para-o-jogo-contra-o-ceara-2\/#article\",\"isPartOf\":{\"@id\":\"https:\/\/www.gaveanews.com\/index.php\/2022\/05\/14\/saiu-veja-a-escalacao-oficial-do-flamengo-para-o-jogo-contra-o-ceara-2\/\"},\"author\":{\"name\":\"Let\u00edcia Gerheim\",\"@id\":\"https:\/\/www.gaveanews.com\/#\/schema\/person\/714c67050b836198af2450ba1c142a67\"},\"headline\":\"Saiu! Veja a escala\u00e7\u00e3o oficial do Flamengo para o jogo contra o Cear\u00e1\",\"datePublished\":\"2022-05-14T18:25:21+00:00\",\"dateModified\":\"2022-05-14T18:31:57+00:00\",\"mainEntityOfPage\":{\"@id\":\"https:\/\/www.gaveanews.com\/index.php\/2022\/05\/14\/saiu-veja-a-escalacao-oficial-do-flamengo-para-o-jogo-contra-o-ceara-2\/\"},\"wordCount\":333,\"commentCount\":0,\"image\":{\"@id\":\"https:\/\/www.gaveanews.com\/index.php\/2022\/05\/14\/saiu-veja-a-escalacao-oficial-do-flamengo-para-o-jogo-contra-o-ceara-2\/#primaryimage\"},\"thumbnailUrl\":\"https:\/\/www.gaveanews.com\/wp-content\/uploads\/Escalacao-oficial-do-Flamengo.webp\",\"articleSection\":[\"Flamengo\"],\"inLanguage\":\"pt-BR\",\"potentialAction\":[{\"@type\":\"CommentAction\",\"name\":\"Comment\",\"target\":[\"https:\/\/www.gaveanews.com\/index.php\/2022\/05\/14\/saiu-veja-a-escalacao-oficial-do-flamengo-para-o-jogo-contra-o-ceara-2\/#respond\"]}],\"copyrightYear\":\"2022\",\"copyrightHolder\":{\"@id\":\"https:\/\/www.gaveanews.com\/#organization\"}},{\"@type\":\"WebPage\",\"@id\":\"https:\/\/www.gaveanews.com\/index.php\/2022\/05\/14\/saiu-veja-a-escalacao-oficial-do-flamengo-para-o-jogo-contra-o-ceara-2\/\",\"url\":\"https:\/\/www.gaveanews.com\/index.php\/2022\/05\/14\/saiu-veja-a-escalacao-oficial-do-flamengo-para-o-jogo-contra-o-ceara-2\/\",\"name\":\"Saiu! Veja a escala\u00e7\u00e3o oficial do Flamengo para o jogo contra o Cear\u00e1\",\"isPartOf\":{\"@id\":\"https:\/\/www.gaveanews.com\/#website\"},\"primaryImageOfPage\":{\"@id\":\"https:\/\/www.gaveanews.com\/index.php\/2022\/05\/14\/saiu-veja-a-escalacao-oficial-do-flamengo-para-o-jogo-contra-o-ceara-2\/#primaryimage\"},\"image\":{\"@id\":\"https:\/\/www.gaveanews.com\/index.php\/2022\/05\/14\/saiu-veja-a-escalacao-oficial-do-flamengo-para-o-jogo-contra-o-ceara-2\/#primaryimage\"},\"thumbnailUrl\":\"https:\/\/www.gaveanews.com\/wp-content\/uploads\/Escalacao-oficial-do-Flamengo.webp\",\"datePublished\":\"2022-05-14T18:25:21+00:00\",\"dateModified\":\"2022-05-14T18:31:57+00:00\",\"author\":{\"@id\":\"https:\/\/www.gaveanews.com\/#\/schema\/person\/714c67050b836198af2450ba1c142a67\"},\"breadcrumb\":{\"@id\":\"https:\/\/www.gaveanews.com\/index.php\/2022\/05\/14\/saiu-veja-a-escalacao-oficial-do-flamengo-para-o-jogo-contra-o-ceara-2\/#breadcrumb\"},\"inLanguage\":\"pt-BR\",\"potentialAction\":[{\"@type\":\"ReadAction\",\"target\":[\"https:\/\/www.gaveanews.com\/index.php\/2022\/05\/14\/saiu-veja-a-escalacao-oficial-do-flamengo-para-o-jogo-contra-o-ceara-2\/\"]}]},{\"@type\":\"ImageObject\",\"inLanguage\":\"pt-BR\",\"@id\":\"https:\/\/www.gaveanews.com\/index.php\/2022\/05\/14\/saiu-veja-a-escalacao-oficial-do-flamengo-para-o-jogo-contra-o-ceara-2\/#primaryimage\",\"url\":\"https:\/\/www.gaveanews.com\/wp-content\/uploads\/Escalacao-oficial-do-Flamengo.webp\",\"contentUrl\":\"https:\/\/www.gaveanews.com\/wp-content\/uploads\/Escalacao-oficial-do-Flamengo.webp\",\"caption\":\"Confira a escala\u00e7\u00e3o oficial do Flamengo (Ilustra\u00e7\u00e3o: Editoria de Arte\/GaveaNews.com)\"},{\"@type\":\"BreadcrumbList\",\"@id\":\"https:\/\/www.gaveanews.com\/index.php\/2022\/05\/14\/saiu-veja-a-escalacao-oficial-do-flamengo-para-o-jogo-contra-o-ceara-2\/#breadcrumb\",\"itemListElement\":[{\"@type\":\"ListItem\",\"position\":1,\"name\":\"Home\",\"item\":\"https:\/\/www.gaveanews.com\/\"},{\"@type\":\"ListItem\",\"position\":2,\"name\":\"Saiu! Veja a escala\u00e7\u00e3o oficial do Flamengo para o jogo contra o Cear\u00e1\"}]},{\"@type\":\"WebSite\",\"@id\":\"https:\/\/www.gaveanews.com\/#website\",\"url\":\"https:\/\/www.gaveanews.com\/\",\"name\":\"G\u00e1vea News\",\"description\":\"Veja todas as not\u00edcias sobre o Flamengo: Contrata\u00e7\u00f5es, categorias de base, resultados das partidas, tabela de classifica\u00e7\u00e3o, pr\u00f3ximos jogos!\",\"potentialAction\":[{\"@type\":\"SearchAction\",\"target\":{\"@type\":\"EntryPoint\",\"urlTemplate\":\"https:\/\/www.gaveanews.com\/?s={search_term_string}\"},\"query-input\":{\"@type\":\"PropertyValueSpecification\",\"valueRequired\":true,\"valueName\":\"search_term_string\"}}],\"inLanguage\":\"pt-BR\"},{\"@type\":\"Person\",\"@id\":\"https:\/\/www.gaveanews.com\/#\/schema\/person\/714c67050b836198af2450ba1c142a67\",\"name\":\"Let\u00edcia Gerheim\",\"image\":{\"@type\":\"ImageObject\",\"inLanguage\":\"pt-BR\",\"@id\":\"https:\/\/www.gaveanews.com\/#\/schema\/person\/image\/\",\"url\":\"https:\/\/secure.gravatar.com\/avatar\/60734739c50fcebfbac509e2a826ccd0ff405c019bc73aab9354f19ecad1dcb4?s=96&d=mm&r=g\",\"contentUrl\":\"https:\/\/secure.gravatar.com\/avatar\/60734739c50fcebfbac509e2a826ccd0ff405c019bc73aab9354f19ecad1dcb4?s=96&d=mm&r=g\",\"caption\":\"Let\u00edcia Gerheim\"}}]}<\/script>\n<!-- \/ Yoast SEO Premium plugin. -->","yoast_head_json":{"title":"Saiu! Veja a escala\u00e7\u00e3o oficial do Flamengo para o jogo contra o Cear\u00e1","robots":{"index":"index","follow":"follow","max-snippet":"max-snippet:-1","max-image-preview":"max-image-preview:large","max-video-preview":"max-video-preview:-1"},"canonical":"https:\/\/www.gaveanews.com\/index.php\/2022\/05\/14\/saiu-veja-a-escalacao-oficial-do-flamengo-para-o-jogo-contra-o-ceara-2\/","og_locale":"pt_BR","og_type":"article","og_title":"Saiu! Veja a escala\u00e7\u00e3o oficial do Flamengo para o jogo contra o Cear\u00e1","og_description":"Nesta tarde, \u00e0s 16h30 (hor\u00e1rio de Bras\u00edlia), Flamengo e Cear\u00e1 se enfrentam pela 6\u00aa rodada do Campeonato Brasileiro. O palco do duelo ser\u00e1 a Arena Castel\u00e3o, em Fortaleza, capital cearense. Estagnado com 5 pontos na competi\u00e7\u00e3o at\u00e9 agora, o Meng\u00e3o busca surpreender os donos da casa e pontuar na partida. Com a bola prestes a [&hellip;]","og_url":"https:\/\/www.gaveanews.com\/index.php\/2022\/05\/14\/saiu-veja-a-escalacao-oficial-do-flamengo-para-o-jogo-contra-o-ceara-2\/","og_site_name":"G\u00e1vea News","article_publisher":"https:\/\/facebook.com\/gaveaNews\/","article_published_time":"2022-05-14T18:25:21+00:00","article_modified_time":"2022-05-14T18:31:57+00:00","og_image":[{"url":"https:\/\/www.gaveanews.com\/wp-content\/uploads\/Escalacao-oficial-do-Flamengo.webp","width":1,"height":1,"type":"image\/jpeg"}],"author":"Let\u00edcia Gerheim","twitter_card":"summary_large_image","twitter_misc":{"Escrito por":"Let\u00edcia Gerheim","Est. tempo de leitura":"2 minutos"},"schema":{"@context":"https:\/\/schema.org","@graph":[{"@type":"NewsArticle","@id":"https:\/\/www.gaveanews.com\/index.php\/2022\/05\/14\/saiu-veja-a-escalacao-oficial-do-flamengo-para-o-jogo-contra-o-ceara-2\/#article","isPartOf":{"@id":"https:\/\/www.gaveanews.com\/index.php\/2022\/05\/14\/saiu-veja-a-escalacao-oficial-do-flamengo-para-o-jogo-contra-o-ceara-2\/"},"author":{"name":"Let\u00edcia Gerheim","@id":"https:\/\/www.gaveanews.com\/#\/schema\/person\/714c67050b836198af2450ba1c142a67"},"headline":"Saiu! Veja a escala\u00e7\u00e3o oficial do Flamengo para o jogo contra o Cear\u00e1","datePublished":"2022-05-14T18:25:21+00:00","dateModified":"2022-05-14T18:31:57+00:00","mainEntityOfPage":{"@id":"https:\/\/www.gaveanews.com\/index.php\/2022\/05\/14\/saiu-veja-a-escalacao-oficial-do-flamengo-para-o-jogo-contra-o-ceara-2\/"},"wordCount":333,"commentCount":0,"image":{"@id":"https:\/\/www.gaveanews.com\/index.php\/2022\/05\/14\/saiu-veja-a-escalacao-oficial-do-flamengo-para-o-jogo-contra-o-ceara-2\/#primaryimage"},"thumbnailUrl":"https:\/\/www.gaveanews.com\/wp-content\/uploads\/Escalacao-oficial-do-Flamengo.webp","articleSection":["Flamengo"],"inLanguage":"pt-BR","potentialAction":[{"@type":"CommentAction","name":"Comment","target":["https:\/\/www.gaveanews.com\/index.php\/2022\/05\/14\/saiu-veja-a-escalacao-oficial-do-flamengo-para-o-jogo-contra-o-ceara-2\/#respond"]}],"copyrightYear":"2022","copyrightHolder":{"@id":"https:\/\/www.gaveanews.com\/#organization"}},{"@type":"WebPage","@id":"https:\/\/www.gaveanews.com\/index.php\/2022\/05\/14\/saiu-veja-a-escalacao-oficial-do-flamengo-para-o-jogo-contra-o-ceara-2\/","url":"https:\/\/www.gaveanews.com\/index.php\/2022\/05\/14\/saiu-veja-a-escalacao-oficial-do-flamengo-para-o-jogo-contra-o-ceara-2\/","name":"Saiu! Veja a escala\u00e7\u00e3o oficial do Flamengo para o jogo contra o Cear\u00e1","isPartOf":{"@id":"https:\/\/www.gaveanews.com\/#website"},"primaryImageOfPage":{"@id":"https:\/\/www.gaveanews.com\/index.php\/2022\/05\/14\/saiu-veja-a-escalacao-oficial-do-flamengo-para-o-jogo-contra-o-ceara-2\/#primaryimage"},"image":{"@id":"https:\/\/www.gaveanews.com\/index.php\/2022\/05\/14\/saiu-veja-a-escalacao-oficial-do-flamengo-para-o-jogo-contra-o-ceara-2\/#primaryimage"},"thumbnailUrl":"https:\/\/www.gaveanews.com\/wp-content\/uploads\/Escalacao-oficial-do-Flamengo.webp","datePublished":"2022-05-14T18:25:21+00:00","dateModified":"2022-05-14T18:31:57+00:00","author":{"@id":"https:\/\/www.gaveanews.com\/#\/schema\/person\/714c67050b836198af2450ba1c142a67"},"breadcrumb":{"@id":"https:\/\/www.gaveanews.com\/index.php\/2022\/05\/14\/saiu-veja-a-escalacao-oficial-do-flamengo-para-o-jogo-contra-o-ceara-2\/#breadcrumb"},"inLanguage":"pt-BR","potentialAction":[{"@type":"ReadAction","target":["https:\/\/www.gaveanews.com\/index.php\/2022\/05\/14\/saiu-veja-a-escalacao-oficial-do-flamengo-para-o-jogo-contra-o-ceara-2\/"]}]},{"@type":"ImageObject","inLanguage":"pt-BR","@id":"https:\/\/www.gaveanews.com\/index.php\/2022\/05\/14\/saiu-veja-a-escalacao-oficial-do-flamengo-para-o-jogo-contra-o-ceara-2\/#primaryimage","url":"https:\/\/www.gaveanews.com\/wp-content\/uploads\/Escalacao-oficial-do-Flamengo.webp","contentUrl":"https:\/\/www.gaveanews.com\/wp-content\/uploads\/Escalacao-oficial-do-Flamengo.webp","caption":"Confira a escala\u00e7\u00e3o oficial do Flamengo (Ilustra\u00e7\u00e3o: Editoria de Arte\/GaveaNews.com)"},{"@type":"BreadcrumbList","@id":"https:\/\/www.gaveanews.com\/index.php\/2022\/05\/14\/saiu-veja-a-escalacao-oficial-do-flamengo-para-o-jogo-contra-o-ceara-2\/#breadcrumb","itemListElement":[{"@type":"ListItem","position":1,"name":"Home","item":"https:\/\/www.gaveanews.com\/"},{"@type":"ListItem","position":2,"name":"Saiu! Veja a escala\u00e7\u00e3o oficial do Flamengo para o jogo contra o Cear\u00e1"}]},{"@type":"WebSite","@id":"https:\/\/www.gaveanews.com\/#website","url":"https:\/\/www.gaveanews.com\/","name":"G\u00e1vea News","description":"Veja todas as not\u00edcias sobre o Flamengo: Contrata\u00e7\u00f5es, categorias de base, resultados das partidas, tabela de classifica\u00e7\u00e3o, pr\u00f3ximos jogos!","potentialAction":[{"@type":"SearchAction","target":{"@type":"EntryPoint","urlTemplate":"https:\/\/www.gaveanews.com\/?s={search_term_string}"},"query-input":{"@type":"PropertyValueSpecification","valueRequired":true,"valueName":"search_term_string"}}],"inLanguage":"pt-BR"},{"@type":"Person","@id":"https:\/\/www.gaveanews.com\/#\/schema\/person\/714c67050b836198af2450ba1c142a67","name":"Let\u00edcia Gerheim","image":{"@type":"ImageObject","inLanguage":"pt-BR","@id":"https:\/\/www.gaveanews.com\/#\/schema\/person\/image\/","url":"https:\/\/secure.gravatar.com\/avatar\/60734739c50fcebfbac509e2a826ccd0ff405c019bc73aab9354f19ecad1dcb4?s=96&d=mm&r=g","contentUrl":"https:\/\/secure.gravatar.com\/avatar\/60734739c50fcebfbac509e2a826ccd0ff405c019bc73aab9354f19ecad1dcb4?s=96&d=mm&r=g","caption":"Let\u00edcia Gerheim"}}]}},"_links":{"self":[{"href":"https:\/\/www.gaveanews.com\/index.php\/wp-json\/wp\/v2\/posts\/81583","targetHints":{"allow":["GET"]}}],"collection":[{"href":"https:\/\/www.gaveanews.com\/index.php\/wp-json\/wp\/v2\/posts"}],"about":[{"href":"https:\/\/www.gaveanews.com\/index.php\/wp-json\/wp\/v2\/types\/post"}],"author":[{"embeddable":true,"href":"https:\/\/www.gaveanews.com\/index.php\/wp-json\/wp\/v2\/users\/4"}],"replies":[{"embeddable":true,"href":"https:\/\/www.gaveanews.com\/index.php\/wp-json\/wp\/v2\/comments?post=81583"}],"version-history":[{"count":0,"href":"https:\/\/www.gaveanews.com\/index.php\/wp-json\/wp\/v2\/posts\/81583\/revisions"}],"wp:featuredmedia":[{"embeddable":true,"href":"https:\/\/www.gaveanews.com\/index.php\/wp-json\/wp\/v2\/media\/30000"}],"wp:attachment":[{"href":"https:\/\/www.gaveanews.com\/index.php\/wp-json\/wp\/v2\/media?parent=81583"}],"wp:term":[{"taxonomy":"category","embeddable":true,"href":"https:\/\/www.gaveanews.com\/index.php\/wp-json\/wp\/v2\/categories?post=81583"},{"taxonomy":"post_tag","embeddable":true,"href":"https:\/\/www.gaveanews.com\/index.php\/wp-json\/wp\/v2\/tags?post=81583"}],"curies":[{"name":"wp","href":"https:\/\/api.w.org\/{rel}","templated":true}]}}