{"id":81598,"date":"2022-05-14T19:15:22","date_gmt":"2022-05-14T22:15:22","guid":{"rendered":"https:\/\/www.gaveanews.com\/?p=81598"},"modified":"2022-05-14T19:15:22","modified_gmt":"2022-05-14T22:15:22","slug":"zagueiro-pablo-da-sua-opiniao-sobre-a-atual-situacao-do-flamengo","status":"publish","type":"post","link":"https:\/\/www.gaveanews.com\/index.php\/2022\/05\/14\/zagueiro-pablo-da-sua-opiniao-sobre-a-atual-situacao-do-flamengo\/","title":{"rendered":"Zagueiro Pablo d\u00e1 sua opini\u00e3o sobre a atual situa\u00e7\u00e3o do Flamengo"},"content":{"rendered":"<p>Titular no empate em 2 a 2 com o Cear\u00e1, no Castel\u00e3o, o zagueiro Pablo falou sobre a dificuldade do Flamengo em manter o desempenho e o controle do jogo na etapa final, quando o time da casa ensaiou uma press\u00e3o e marcou o gol de empate no fim. De acordo com o defensor, h\u00e1 ajustes a serem feitos na equipe de Paulo Sousa.<\/p>\n<p><em><strong>\u2014 \u00c9 sempre dif\u00edcil jogar aqui, o clima \u00e9 muito quente e o Cear\u00e1 tem uma equipe qualificada, com uma intensidade muito grande. Infelizmente, tomamos gol no finalzinho. Vamos continuar trabalhando, temos que acertar o que estamos errando para seguirmos mais forte no Campeonato Brasileiro<\/strong><\/em> &#8211; afirmou ao Premiere.<\/p>\n<p>Al\u00e9m do resultado frustrante, o time deixou o campo com uma preocupa\u00e7\u00e3o: Rodrigo Caio, que est\u00e1 voltando \u00e0 equipe ap\u00f3s cirurgia no joelho direito, entrou na segunda etapa, mas deixou a partida com muitas dores em um dos tornozelos, ap\u00f3s dividida com advers\u00e1rio. Pablo falou sobre o assunto.<\/p>\n<p><em><strong>\u2014 Ele falou que deu um estalo no tornozelo, mas n\u00e3o temos como saber muito agora. \u00c9 um cara que j\u00e1 passou por uma situa\u00e7\u00e3o dif\u00edcil no clube, vamos orar para que n\u00e3o seja nada mais grave<\/strong><\/em> &#8211; comentou.<\/p>\n<p>Retirado de: Lance<\/p>\n","protected":false},"excerpt":{"rendered":"<p>Titular no empate em 2 a 2 com o Cear\u00e1, no Castel\u00e3o, o zagueiro Pablo falou sobre a dificuldade do Flamengo em manter o desempenho e o controle do jogo na etapa final, quando o time da casa ensaiou uma press\u00e3o e marcou o gol de empate no fim. De acordo com o defensor, h\u00e1 [&hellip;]<\/p>\n","protected":false},"author":1,"featured_media":80516,"comment_status":"open","ping_status":"closed","sticky":false,"template":"","format":"standard","meta":{"footnotes":""},"categories":[1],"tags":[],"class_list":["post-81598","post","type-post","status-publish","format-standard","has-post-thumbnail","hentry","category-flamengo"],"yoast_head":"<!-- This site is optimized with the Yoast SEO Premium plugin v24.2 (Yoast SEO v26.9) - https:\/\/yoast.com\/product\/yoast-seo-premium-wordpress\/ -->\n<title>Zagueiro Pablo d\u00e1 sua opini\u00e3o sobre a atual situa\u00e7\u00e3o do Flamengo<\/title>\n<meta name=\"robots\" content=\"index, follow, max-snippet:-1, max-image-preview:large, max-video-preview:-1\" \/>\n<link rel=\"canonical\" href=\"https:\/\/www.gaveanews.com\/index.php\/2022\/05\/14\/zagueiro-pablo-da-sua-opiniao-sobre-a-atual-situacao-do-flamengo\/\" \/>\n<meta property=\"og:locale\" content=\"pt_BR\" \/>\n<meta property=\"og:type\" content=\"article\" \/>\n<meta property=\"og:title\" content=\"Zagueiro Pablo d\u00e1 sua opini\u00e3o sobre a atual situa\u00e7\u00e3o do Flamengo\" \/>\n<meta property=\"og:description\" content=\"Titular no empate em 2 a 2 com o Cear\u00e1, no Castel\u00e3o, o zagueiro Pablo falou sobre a dificuldade do Flamengo em manter o desempenho e o controle do jogo na etapa final, quando o time da casa ensaiou uma press\u00e3o e marcou o gol de empate no fim. De acordo com o defensor, h\u00e1 [&hellip;]\" \/>\n<meta property=\"og:url\" content=\"https:\/\/www.gaveanews.com\/index.php\/2022\/05\/14\/zagueiro-pablo-da-sua-opiniao-sobre-a-atual-situacao-do-flamengo\/\" \/>\n<meta property=\"og:site_name\" content=\"G\u00e1vea News\" \/>\n<meta property=\"article:publisher\" content=\"https:\/\/facebook.com\/gaveaNews\/\" \/>\n<meta property=\"article:published_time\" content=\"2022-05-14T22:15:22+00:00\" \/>\n<meta property=\"og:image\" content=\"https:\/\/www.gaveanews.com\/wp-content\/uploads\/Pablo-em-acao-pelo-Flamengo-durante-a-partida-contra-o-Athletico-no-Campeonato-Brasileiro-de-2022.webp\" \/>\n\t<meta property=\"og:image:width\" content=\"799\" \/>\n\t<meta property=\"og:image:height\" content=\"534\" \/>\n\t<meta property=\"og:image:type\" content=\"image\/jpeg\" \/>\n<meta name=\"author\" content=\"Equipe G\u00e1vea News\" \/>\n<meta name=\"twitter:card\" content=\"summary_large_image\" \/>\n<meta name=\"twitter:label1\" content=\"Escrito por\" \/>\n\t<meta name=\"twitter:data1\" content=\"Equipe G\u00e1vea News\" \/>\n\t<meta name=\"twitter:label2\" content=\"Est. tempo de leitura\" \/>\n\t<meta name=\"twitter:data2\" content=\"2 minutos\" \/>\n<script type=\"application\/ld+json\" class=\"yoast-schema-graph\">{\"@context\":\"https:\/\/schema.org\",\"@graph\":[{\"@type\":\"NewsArticle\",\"@id\":\"https:\/\/www.gaveanews.com\/index.php\/2022\/05\/14\/zagueiro-pablo-da-sua-opiniao-sobre-a-atual-situacao-do-flamengo\/#article\",\"isPartOf\":{\"@id\":\"https:\/\/www.gaveanews.com\/index.php\/2022\/05\/14\/zagueiro-pablo-da-sua-opiniao-sobre-a-atual-situacao-do-flamengo\/\"},\"author\":{\"name\":\"Equipe G\u00e1vea News\",\"@id\":\"https:\/\/www.gaveanews.com\/#\/schema\/person\/2ec14f73fb96be2caf28f91afb14749d\"},\"headline\":\"Zagueiro Pablo d\u00e1 sua opini\u00e3o sobre a atual situa\u00e7\u00e3o do Flamengo\",\"datePublished\":\"2022-05-14T22:15:22+00:00\",\"mainEntityOfPage\":{\"@id\":\"https:\/\/www.gaveanews.com\/index.php\/2022\/05\/14\/zagueiro-pablo-da-sua-opiniao-sobre-a-atual-situacao-do-flamengo\/\"},\"wordCount\":220,\"commentCount\":0,\"image\":{\"@id\":\"https:\/\/www.gaveanews.com\/index.php\/2022\/05\/14\/zagueiro-pablo-da-sua-opiniao-sobre-a-atual-situacao-do-flamengo\/#primaryimage\"},\"thumbnailUrl\":\"https:\/\/www.gaveanews.com\/wp-content\/uploads\/Pablo-em-acao-pelo-Flamengo-durante-a-partida-contra-o-Athletico-no-Campeonato-Brasileiro-de-2022.webp\",\"articleSection\":[\"Flamengo\"],\"inLanguage\":\"pt-BR\",\"potentialAction\":[{\"@type\":\"CommentAction\",\"name\":\"Comment\",\"target\":[\"https:\/\/www.gaveanews.com\/index.php\/2022\/05\/14\/zagueiro-pablo-da-sua-opiniao-sobre-a-atual-situacao-do-flamengo\/#respond\"]}],\"copyrightYear\":\"2022\",\"copyrightHolder\":{\"@id\":\"https:\/\/www.gaveanews.com\/#organization\"}},{\"@type\":\"WebPage\",\"@id\":\"https:\/\/www.gaveanews.com\/index.php\/2022\/05\/14\/zagueiro-pablo-da-sua-opiniao-sobre-a-atual-situacao-do-flamengo\/\",\"url\":\"https:\/\/www.gaveanews.com\/index.php\/2022\/05\/14\/zagueiro-pablo-da-sua-opiniao-sobre-a-atual-situacao-do-flamengo\/\",\"name\":\"Zagueiro Pablo d\u00e1 sua opini\u00e3o sobre a atual situa\u00e7\u00e3o do Flamengo\",\"isPartOf\":{\"@id\":\"https:\/\/www.gaveanews.com\/#website\"},\"primaryImageOfPage\":{\"@id\":\"https:\/\/www.gaveanews.com\/index.php\/2022\/05\/14\/zagueiro-pablo-da-sua-opiniao-sobre-a-atual-situacao-do-flamengo\/#primaryimage\"},\"image\":{\"@id\":\"https:\/\/www.gaveanews.com\/index.php\/2022\/05\/14\/zagueiro-pablo-da-sua-opiniao-sobre-a-atual-situacao-do-flamengo\/#primaryimage\"},\"thumbnailUrl\":\"https:\/\/www.gaveanews.com\/wp-content\/uploads\/Pablo-em-acao-pelo-Flamengo-durante-a-partida-contra-o-Athletico-no-Campeonato-Brasileiro-de-2022.webp\",\"datePublished\":\"2022-05-14T22:15:22+00:00\",\"author\":{\"@id\":\"https:\/\/www.gaveanews.com\/#\/schema\/person\/2ec14f73fb96be2caf28f91afb14749d\"},\"breadcrumb\":{\"@id\":\"https:\/\/www.gaveanews.com\/index.php\/2022\/05\/14\/zagueiro-pablo-da-sua-opiniao-sobre-a-atual-situacao-do-flamengo\/#breadcrumb\"},\"inLanguage\":\"pt-BR\",\"potentialAction\":[{\"@type\":\"ReadAction\",\"target\":[\"https:\/\/www.gaveanews.com\/index.php\/2022\/05\/14\/zagueiro-pablo-da-sua-opiniao-sobre-a-atual-situacao-do-flamengo\/\"]}]},{\"@type\":\"ImageObject\",\"inLanguage\":\"pt-BR\",\"@id\":\"https:\/\/www.gaveanews.com\/index.php\/2022\/05\/14\/zagueiro-pablo-da-sua-opiniao-sobre-a-atual-situacao-do-flamengo\/#primaryimage\",\"url\":\"https:\/\/www.gaveanews.com\/wp-content\/uploads\/Pablo-em-acao-pelo-Flamengo-durante-a-partida-contra-o-Athletico-no-Campeonato-Brasileiro-de-2022.webp\",\"contentUrl\":\"https:\/\/www.gaveanews.com\/wp-content\/uploads\/Pablo-em-acao-pelo-Flamengo-durante-a-partida-contra-o-Athletico-no-Campeonato-Brasileiro-de-2022.webp\",\"width\":799,\"height\":534,\"caption\":\"Pablo em a\u00e7\u00e3o pelo Flamengo durante a partida contra o Athletico no Campeonato Brasileiro de 2022 (Foto: Marcelo Cortes\/Flamengo)\"},{\"@type\":\"BreadcrumbList\",\"@id\":\"https:\/\/www.gaveanews.com\/index.php\/2022\/05\/14\/zagueiro-pablo-da-sua-opiniao-sobre-a-atual-situacao-do-flamengo\/#breadcrumb\",\"itemListElement\":[{\"@type\":\"ListItem\",\"position\":1,\"name\":\"Home\",\"item\":\"https:\/\/www.gaveanews.com\/\"},{\"@type\":\"ListItem\",\"position\":2,\"name\":\"Zagueiro Pablo d\u00e1 sua opini\u00e3o sobre a atual situa\u00e7\u00e3o do Flamengo\"}]},{\"@type\":\"WebSite\",\"@id\":\"https:\/\/www.gaveanews.com\/#website\",\"url\":\"https:\/\/www.gaveanews.com\/\",\"name\":\"G\u00e1vea News\",\"description\":\"Veja todas as not\u00edcias sobre o Flamengo: Contrata\u00e7\u00f5es, categorias de base, resultados das partidas, tabela de classifica\u00e7\u00e3o, pr\u00f3ximos jogos!\",\"potentialAction\":[{\"@type\":\"SearchAction\",\"target\":{\"@type\":\"EntryPoint\",\"urlTemplate\":\"https:\/\/www.gaveanews.com\/?s={search_term_string}\"},\"query-input\":{\"@type\":\"PropertyValueSpecification\",\"valueRequired\":true,\"valueName\":\"search_term_string\"}}],\"inLanguage\":\"pt-BR\"},{\"@type\":\"Person\",\"@id\":\"https:\/\/www.gaveanews.com\/#\/schema\/person\/2ec14f73fb96be2caf28f91afb14749d\",\"name\":\"Equipe G\u00e1vea News\",\"image\":{\"@type\":\"ImageObject\",\"inLanguage\":\"pt-BR\",\"@id\":\"https:\/\/www.gaveanews.com\/#\/schema\/person\/image\/\",\"url\":\"https:\/\/secure.gravatar.com\/avatar\/1e1956f1facbffd3f8fa53a326721950116b3b9dc9bd44939c01180fd4a745a9?s=96&d=mm&r=g\",\"contentUrl\":\"https:\/\/secure.gravatar.com\/avatar\/1e1956f1facbffd3f8fa53a326721950116b3b9dc9bd44939c01180fd4a745a9?s=96&d=mm&r=g\",\"caption\":\"Equipe G\u00e1vea News\"}}]}<\/script>\n<!-- \/ Yoast SEO Premium plugin. -->","yoast_head_json":{"title":"Zagueiro Pablo d\u00e1 sua opini\u00e3o sobre a atual situa\u00e7\u00e3o do Flamengo","robots":{"index":"index","follow":"follow","max-snippet":"max-snippet:-1","max-image-preview":"max-image-preview:large","max-video-preview":"max-video-preview:-1"},"canonical":"https:\/\/www.gaveanews.com\/index.php\/2022\/05\/14\/zagueiro-pablo-da-sua-opiniao-sobre-a-atual-situacao-do-flamengo\/","og_locale":"pt_BR","og_type":"article","og_title":"Zagueiro Pablo d\u00e1 sua opini\u00e3o sobre a atual situa\u00e7\u00e3o do Flamengo","og_description":"Titular no empate em 2 a 2 com o Cear\u00e1, no Castel\u00e3o, o zagueiro Pablo falou sobre a dificuldade do Flamengo em manter o desempenho e o controle do jogo na etapa final, quando o time da casa ensaiou uma press\u00e3o e marcou o gol de empate no fim. De acordo com o defensor, h\u00e1 [&hellip;]","og_url":"https:\/\/www.gaveanews.com\/index.php\/2022\/05\/14\/zagueiro-pablo-da-sua-opiniao-sobre-a-atual-situacao-do-flamengo\/","og_site_name":"G\u00e1vea News","article_publisher":"https:\/\/facebook.com\/gaveaNews\/","article_published_time":"2022-05-14T22:15:22+00:00","og_image":[{"width":799,"height":534,"url":"https:\/\/www.gaveanews.com\/wp-content\/uploads\/Pablo-em-acao-pelo-Flamengo-durante-a-partida-contra-o-Athletico-no-Campeonato-Brasileiro-de-2022.webp","type":"image\/jpeg"}],"author":"Equipe G\u00e1vea News","twitter_card":"summary_large_image","twitter_misc":{"Escrito por":"Equipe G\u00e1vea News","Est. tempo de leitura":"2 minutos"},"schema":{"@context":"https:\/\/schema.org","@graph":[{"@type":"NewsArticle","@id":"https:\/\/www.gaveanews.com\/index.php\/2022\/05\/14\/zagueiro-pablo-da-sua-opiniao-sobre-a-atual-situacao-do-flamengo\/#article","isPartOf":{"@id":"https:\/\/www.gaveanews.com\/index.php\/2022\/05\/14\/zagueiro-pablo-da-sua-opiniao-sobre-a-atual-situacao-do-flamengo\/"},"author":{"name":"Equipe G\u00e1vea News","@id":"https:\/\/www.gaveanews.com\/#\/schema\/person\/2ec14f73fb96be2caf28f91afb14749d"},"headline":"Zagueiro Pablo d\u00e1 sua opini\u00e3o sobre a atual situa\u00e7\u00e3o do Flamengo","datePublished":"2022-05-14T22:15:22+00:00","mainEntityOfPage":{"@id":"https:\/\/www.gaveanews.com\/index.php\/2022\/05\/14\/zagueiro-pablo-da-sua-opiniao-sobre-a-atual-situacao-do-flamengo\/"},"wordCount":220,"commentCount":0,"image":{"@id":"https:\/\/www.gaveanews.com\/index.php\/2022\/05\/14\/zagueiro-pablo-da-sua-opiniao-sobre-a-atual-situacao-do-flamengo\/#primaryimage"},"thumbnailUrl":"https:\/\/www.gaveanews.com\/wp-content\/uploads\/Pablo-em-acao-pelo-Flamengo-durante-a-partida-contra-o-Athletico-no-Campeonato-Brasileiro-de-2022.webp","articleSection":["Flamengo"],"inLanguage":"pt-BR","potentialAction":[{"@type":"CommentAction","name":"Comment","target":["https:\/\/www.gaveanews.com\/index.php\/2022\/05\/14\/zagueiro-pablo-da-sua-opiniao-sobre-a-atual-situacao-do-flamengo\/#respond"]}],"copyrightYear":"2022","copyrightHolder":{"@id":"https:\/\/www.gaveanews.com\/#organization"}},{"@type":"WebPage","@id":"https:\/\/www.gaveanews.com\/index.php\/2022\/05\/14\/zagueiro-pablo-da-sua-opiniao-sobre-a-atual-situacao-do-flamengo\/","url":"https:\/\/www.gaveanews.com\/index.php\/2022\/05\/14\/zagueiro-pablo-da-sua-opiniao-sobre-a-atual-situacao-do-flamengo\/","name":"Zagueiro Pablo d\u00e1 sua opini\u00e3o sobre a atual situa\u00e7\u00e3o do Flamengo","isPartOf":{"@id":"https:\/\/www.gaveanews.com\/#website"},"primaryImageOfPage":{"@id":"https:\/\/www.gaveanews.com\/index.php\/2022\/05\/14\/zagueiro-pablo-da-sua-opiniao-sobre-a-atual-situacao-do-flamengo\/#primaryimage"},"image":{"@id":"https:\/\/www.gaveanews.com\/index.php\/2022\/05\/14\/zagueiro-pablo-da-sua-opiniao-sobre-a-atual-situacao-do-flamengo\/#primaryimage"},"thumbnailUrl":"https:\/\/www.gaveanews.com\/wp-content\/uploads\/Pablo-em-acao-pelo-Flamengo-durante-a-partida-contra-o-Athletico-no-Campeonato-Brasileiro-de-2022.webp","datePublished":"2022-05-14T22:15:22+00:00","author":{"@id":"https:\/\/www.gaveanews.com\/#\/schema\/person\/2ec14f73fb96be2caf28f91afb14749d"},"breadcrumb":{"@id":"https:\/\/www.gaveanews.com\/index.php\/2022\/05\/14\/zagueiro-pablo-da-sua-opiniao-sobre-a-atual-situacao-do-flamengo\/#breadcrumb"},"inLanguage":"pt-BR","potentialAction":[{"@type":"ReadAction","target":["https:\/\/www.gaveanews.com\/index.php\/2022\/05\/14\/zagueiro-pablo-da-sua-opiniao-sobre-a-atual-situacao-do-flamengo\/"]}]},{"@type":"ImageObject","inLanguage":"pt-BR","@id":"https:\/\/www.gaveanews.com\/index.php\/2022\/05\/14\/zagueiro-pablo-da-sua-opiniao-sobre-a-atual-situacao-do-flamengo\/#primaryimage","url":"https:\/\/www.gaveanews.com\/wp-content\/uploads\/Pablo-em-acao-pelo-Flamengo-durante-a-partida-contra-o-Athletico-no-Campeonato-Brasileiro-de-2022.webp","contentUrl":"https:\/\/www.gaveanews.com\/wp-content\/uploads\/Pablo-em-acao-pelo-Flamengo-durante-a-partida-contra-o-Athletico-no-Campeonato-Brasileiro-de-2022.webp","width":799,"height":534,"caption":"Pablo em a\u00e7\u00e3o pelo Flamengo durante a partida contra o Athletico no Campeonato Brasileiro de 2022 (Foto: Marcelo Cortes\/Flamengo)"},{"@type":"BreadcrumbList","@id":"https:\/\/www.gaveanews.com\/index.php\/2022\/05\/14\/zagueiro-pablo-da-sua-opiniao-sobre-a-atual-situacao-do-flamengo\/#breadcrumb","itemListElement":[{"@type":"ListItem","position":1,"name":"Home","item":"https:\/\/www.gaveanews.com\/"},{"@type":"ListItem","position":2,"name":"Zagueiro Pablo d\u00e1 sua opini\u00e3o sobre a atual situa\u00e7\u00e3o do Flamengo"}]},{"@type":"WebSite","@id":"https:\/\/www.gaveanews.com\/#website","url":"https:\/\/www.gaveanews.com\/","name":"G\u00e1vea News","description":"Veja todas as not\u00edcias sobre o Flamengo: Contrata\u00e7\u00f5es, categorias de base, resultados das partidas, tabela de classifica\u00e7\u00e3o, pr\u00f3ximos jogos!","potentialAction":[{"@type":"SearchAction","target":{"@type":"EntryPoint","urlTemplate":"https:\/\/www.gaveanews.com\/?s={search_term_string}"},"query-input":{"@type":"PropertyValueSpecification","valueRequired":true,"valueName":"search_term_string"}}],"inLanguage":"pt-BR"},{"@type":"Person","@id":"https:\/\/www.gaveanews.com\/#\/schema\/person\/2ec14f73fb96be2caf28f91afb14749d","name":"Equipe G\u00e1vea News","image":{"@type":"ImageObject","inLanguage":"pt-BR","@id":"https:\/\/www.gaveanews.com\/#\/schema\/person\/image\/","url":"https:\/\/secure.gravatar.com\/avatar\/1e1956f1facbffd3f8fa53a326721950116b3b9dc9bd44939c01180fd4a745a9?s=96&d=mm&r=g","contentUrl":"https:\/\/secure.gravatar.com\/avatar\/1e1956f1facbffd3f8fa53a326721950116b3b9dc9bd44939c01180fd4a745a9?s=96&d=mm&r=g","caption":"Equipe G\u00e1vea News"}}]}},"_links":{"self":[{"href":"https:\/\/www.gaveanews.com\/index.php\/wp-json\/wp\/v2\/posts\/81598","targetHints":{"allow":["GET"]}}],"collection":[{"href":"https:\/\/www.gaveanews.com\/index.php\/wp-json\/wp\/v2\/posts"}],"about":[{"href":"https:\/\/www.gaveanews.com\/index.php\/wp-json\/wp\/v2\/types\/post"}],"author":[{"embeddable":true,"href":"https:\/\/www.gaveanews.com\/index.php\/wp-json\/wp\/v2\/users\/1"}],"replies":[{"embeddable":true,"href":"https:\/\/www.gaveanews.com\/index.php\/wp-json\/wp\/v2\/comments?post=81598"}],"version-history":[{"count":0,"href":"https:\/\/www.gaveanews.com\/index.php\/wp-json\/wp\/v2\/posts\/81598\/revisions"}],"wp:featuredmedia":[{"embeddable":true,"href":"https:\/\/www.gaveanews.com\/index.php\/wp-json\/wp\/v2\/media\/80516"}],"wp:attachment":[{"href":"https:\/\/www.gaveanews.com\/index.php\/wp-json\/wp\/v2\/media?parent=81598"}],"wp:term":[{"taxonomy":"category","embeddable":true,"href":"https:\/\/www.gaveanews.com\/index.php\/wp-json\/wp\/v2\/categories?post=81598"},{"taxonomy":"post_tag","embeddable":true,"href":"https:\/\/www.gaveanews.com\/index.php\/wp-json\/wp\/v2\/tags?post=81598"}],"curies":[{"name":"wp","href":"https:\/\/api.w.org\/{rel}","templated":true}]}}