{"id":81623,"date":"2022-05-15T15:17:16","date_gmt":"2022-05-15T18:17:16","guid":{"rendered":"https:\/\/www.gaveanews.com\/?p=81623"},"modified":"2024-04-07T09:29:52","modified_gmt":"2024-04-07T12:29:52","slug":"nao-tem-que-trocar-so-o-paulo-sousa-mas-o-departamento-de-futebol-como-um-todo","status":"publish","type":"post","link":"https:\/\/www.gaveanews.com\/index.php\/2022\/05\/15\/nao-tem-que-trocar-so-o-paulo-sousa-mas-o-departamento-de-futebol-como-um-todo\/","title":{"rendered":"&#8220;N\u00e3o tem que trocar s\u00f3 o Paulo Sousa, mas o departamento de futebol como um todo&#8221;"},"content":{"rendered":"<p>O Flamengo tem vivido um caos dentro e fora do campo. Os torcedores est\u00e3o insatisfeitos com o elenco, Paulo Sousa e a diretoria. Na partida contra o Altos-PI, em Volta Redonda, Rodolfo Landim e Marcos Braz foram os principais alvos das cr\u00edticas da Na\u00e7\u00e3o Rubro-Negra. No desembarque em Fortaleza, para enfrentar o Cear\u00e1, flamenguistas jogaram pipoca em Marcos Braz e Bruno Spindel. O presidente n\u00e3o acompanhou a delega\u00e7\u00e3o nesta partida.<\/p>\n<p>Dentro de campo, a equipe parecia que iria dar um al\u00edvio para o torcedor, o Mais Querido vencia o Cear\u00e1, mas tomou o empate aos 45 minutos do segundo tempo, em mais uma falha de Hugo Souza, azedando ainda mais a rela\u00e7\u00e3o. Na \u2018Live do Flamengo\u2019, do portal \u201cUOL\u201d, Andr\u00e9 Rocha e Renato Maur\u00edcio Prado responsabilizaram a m\u00e1 administra\u00e7\u00e3o interna e seus gestores como principais culpados.<\/p>\n<p>\u2014 <em><strong>O departamento de futebol do Flamengo virou uma coisa de compadre. O supervisor \u00e9 primo do BAP, o Tannure s\u00f3 contrata gente que trabalha no consult\u00f3rio dele ou \u00e9 do c\u00edrculo de amizade dele. \u00c9 duro<\/strong><\/em>, afirmou RMP, referindo-se ao m\u00e9dico do Flamengo, Dr. M\u00e1rcio Tannure.<\/p>\n<p>\u2014 <em><strong>N\u00e3o vejo perspectiva a n\u00e3o ser que o Landim tivesse a coragem de come\u00e7ar a reestrutura\u00e7\u00e3o pelo departamento de futebol. Sai Braz, Spindel, Juan, Fabinho, todo mundo. O Braz transformou o Spindel em executivo de futebol, ele \u00e9 bom de finan\u00e7as, e no entanto ele \u00e9 atualmente o executivo de futebol do Flamengo, \u00e9 uma piada<\/strong><\/em>, acrescentou.<\/p>\n<p>\u2014 <em><strong>A\u00ed eu concordo que a culpa n\u00e3o \u00e9 do Paulo Sousa, n\u00e3o tem que trocar s\u00f3 o Paulo Sousa, mas o departamento de futebol como um todo<\/strong><\/em>, completou RMP.<\/p>\n<p>Andr\u00e9 Rocha criticou Bruno Spindel e Marcos Braz pela contrata\u00e7\u00e3o de Paulo Sousa. Para o jornalista, o treinador n\u00e3o tem compet\u00eancia para comandar o elenco rubro-negro.<\/p>\n<p><em><strong>\u2014 O Paulo Sousa n\u00e3o tem curr\u00edculo para estar ali, ent\u00e3o o erro foi do Braz e Spindel, que contrataram. Fica tudo em cima dele, se \u00e9 um cara com estofo j\u00e1 tinha dado um esporro nesses jogadores para fazer as coisas acontecerem. O cara n\u00e3o tem estofo para isso, deram uma responsabilidade para ele que talvez nem os jogadores acreditem, porque a carreira dele \u00e9 nota 5. Essa tarefa de reestrutura\u00e7\u00e3o n\u00e3o era para o Paulo Sousa.<\/strong><\/em><\/p>\n<p>\u2014 <em><strong>\u00c9 um clube com uma administra\u00e7\u00e3o mais politiqueira do que t\u00e9cnica. O Braz come\u00e7ou a descartar todo o trabalho cient\u00edfico, dizendo que n\u00e3o tinha necessidade, a\u00ed bota l\u00e1 o amigo dele na prepara\u00e7\u00e3o f\u00edsica, faz um monte de arranjo pol\u00edtico. O organograma do Flamengo \u00e9 uma zona, um grande penduricalho, cabide de emprego, gente com curr\u00edculo mais que question\u00e1vel. O Flamengo contrata jogador caro e fica dependendo da boa fase dos jogadores<\/strong><\/em>, opinou Rocha.<\/p>\n<p>Retirado de: Di\u00e1rio do Fla<\/p>\n","protected":false},"excerpt":{"rendered":"<p>O Flamengo tem vivido um caos dentro e fora do campo. Os torcedores est\u00e3o insatisfeitos com o elenco, Paulo Sousa e a diretoria. Na partida contra o Altos-PI, em Volta Redonda, Rodolfo Landim e Marcos Braz foram os principais alvos das cr\u00edticas da Na\u00e7\u00e3o Rubro-Negra. No desembarque em Fortaleza, para enfrentar o Cear\u00e1, flamenguistas jogaram [&hellip;]<\/p>\n","protected":false},"author":1,"featured_media":64406,"comment_status":"open","ping_status":"closed","sticky":false,"template":"","format":"standard","meta":{"footnotes":""},"categories":[47],"tags":[205],"class_list":["post-81623","post","type-post","status-publish","format-standard","has-post-thumbnail","hentry","category-destaques","tag-paulo-manuel-carvalho-sousa"],"yoast_head":"<!-- This site is optimized with the Yoast SEO Premium plugin v24.2 (Yoast SEO v26.9) - https:\/\/yoast.com\/product\/yoast-seo-premium-wordpress\/ -->\n<title>&quot;N\u00e3o tem que trocar s\u00f3 o Paulo Sousa, mas o departamento de futebol como um todo&quot;<\/title>\n<meta name=\"robots\" content=\"index, follow, max-snippet:-1, max-image-preview:large, max-video-preview:-1\" \/>\n<link rel=\"canonical\" href=\"https:\/\/www.gaveanews.com\/index.php\/2022\/05\/15\/nao-tem-que-trocar-so-o-paulo-sousa-mas-o-departamento-de-futebol-como-um-todo\/\" \/>\n<meta property=\"og:locale\" content=\"pt_BR\" \/>\n<meta property=\"og:type\" content=\"article\" \/>\n<meta property=\"og:title\" content=\"&quot;N\u00e3o tem que trocar s\u00f3 o Paulo Sousa, mas o departamento de futebol como um todo&quot;\" \/>\n<meta property=\"og:description\" content=\"O Flamengo tem vivido um caos dentro e fora do campo. Os torcedores est\u00e3o insatisfeitos com o elenco, Paulo Sousa e a diretoria. Na partida contra o Altos-PI, em Volta Redonda, Rodolfo Landim e Marcos Braz foram os principais alvos das cr\u00edticas da Na\u00e7\u00e3o Rubro-Negra. No desembarque em Fortaleza, para enfrentar o Cear\u00e1, flamenguistas jogaram [&hellip;]\" \/>\n<meta property=\"og:url\" content=\"https:\/\/www.gaveanews.com\/index.php\/2022\/05\/15\/nao-tem-que-trocar-so-o-paulo-sousa-mas-o-departamento-de-futebol-como-um-todo\/\" \/>\n<meta property=\"og:site_name\" content=\"G\u00e1vea News\" \/>\n<meta property=\"article:publisher\" content=\"https:\/\/facebook.com\/gaveaNews\/\" \/>\n<meta property=\"article:published_time\" content=\"2022-05-15T18:17:16+00:00\" \/>\n<meta property=\"article:modified_time\" content=\"2024-04-07T12:29:52+00:00\" \/>\n<meta property=\"og:image\" content=\"https:\/\/www.gaveanews.com\/wp-content\/uploads\/Rodolfo-Landim-em-entrevista-coletiva-no-Ninho-do-Urubu.webp\" \/>\n\t<meta property=\"og:image:width\" content=\"799\" \/>\n\t<meta property=\"og:image:height\" content=\"532\" \/>\n\t<meta property=\"og:image:type\" content=\"image\/jpeg\" \/>\n<meta name=\"author\" content=\"Equipe G\u00e1vea News\" \/>\n<meta name=\"twitter:card\" content=\"summary_large_image\" \/>\n<meta name=\"twitter:label1\" content=\"Escrito por\" \/>\n\t<meta name=\"twitter:data1\" content=\"Equipe G\u00e1vea News\" \/>\n\t<meta name=\"twitter:label2\" content=\"Est. tempo de leitura\" \/>\n\t<meta name=\"twitter:data2\" content=\"2 minutos\" \/>\n<script type=\"application\/ld+json\" class=\"yoast-schema-graph\">{\"@context\":\"https:\/\/schema.org\",\"@graph\":[{\"@type\":\"NewsArticle\",\"@id\":\"https:\/\/www.gaveanews.com\/index.php\/2022\/05\/15\/nao-tem-que-trocar-so-o-paulo-sousa-mas-o-departamento-de-futebol-como-um-todo\/#article\",\"isPartOf\":{\"@id\":\"https:\/\/www.gaveanews.com\/index.php\/2022\/05\/15\/nao-tem-que-trocar-so-o-paulo-sousa-mas-o-departamento-de-futebol-como-um-todo\/\"},\"author\":{\"name\":\"Equipe G\u00e1vea News\",\"@id\":\"https:\/\/www.gaveanews.com\/#\/schema\/person\/2ec14f73fb96be2caf28f91afb14749d\"},\"headline\":\"&#8220;N\u00e3o tem que trocar s\u00f3 o Paulo Sousa, mas o departamento de futebol como um todo&#8221;\",\"datePublished\":\"2022-05-15T18:17:16+00:00\",\"dateModified\":\"2024-04-07T12:29:52+00:00\",\"mainEntityOfPage\":{\"@id\":\"https:\/\/www.gaveanews.com\/index.php\/2022\/05\/15\/nao-tem-que-trocar-so-o-paulo-sousa-mas-o-departamento-de-futebol-como-um-todo\/\"},\"wordCount\":494,\"commentCount\":0,\"image\":{\"@id\":\"https:\/\/www.gaveanews.com\/index.php\/2022\/05\/15\/nao-tem-que-trocar-so-o-paulo-sousa-mas-o-departamento-de-futebol-como-um-todo\/#primaryimage\"},\"thumbnailUrl\":\"https:\/\/www.gaveanews.com\/wp-content\/uploads\/Rodolfo-Landim-em-entrevista-coletiva-no-Ninho-do-Urubu.webp\",\"keywords\":[\"Paulo Manuel Carvalho Sousa\"],\"articleSection\":[\"Destaques\"],\"inLanguage\":\"pt-BR\",\"potentialAction\":[{\"@type\":\"CommentAction\",\"name\":\"Comment\",\"target\":[\"https:\/\/www.gaveanews.com\/index.php\/2022\/05\/15\/nao-tem-que-trocar-so-o-paulo-sousa-mas-o-departamento-de-futebol-como-um-todo\/#respond\"]}],\"copyrightYear\":\"2022\",\"copyrightHolder\":{\"@id\":\"https:\/\/www.gaveanews.com\/#organization\"}},{\"@type\":\"WebPage\",\"@id\":\"https:\/\/www.gaveanews.com\/index.php\/2022\/05\/15\/nao-tem-que-trocar-so-o-paulo-sousa-mas-o-departamento-de-futebol-como-um-todo\/\",\"url\":\"https:\/\/www.gaveanews.com\/index.php\/2022\/05\/15\/nao-tem-que-trocar-so-o-paulo-sousa-mas-o-departamento-de-futebol-como-um-todo\/\",\"name\":\"\\\"N\u00e3o tem que trocar s\u00f3 o Paulo Sousa, mas o departamento de futebol como um todo\\\"\",\"isPartOf\":{\"@id\":\"https:\/\/www.gaveanews.com\/#website\"},\"primaryImageOfPage\":{\"@id\":\"https:\/\/www.gaveanews.com\/index.php\/2022\/05\/15\/nao-tem-que-trocar-so-o-paulo-sousa-mas-o-departamento-de-futebol-como-um-todo\/#primaryimage\"},\"image\":{\"@id\":\"https:\/\/www.gaveanews.com\/index.php\/2022\/05\/15\/nao-tem-que-trocar-so-o-paulo-sousa-mas-o-departamento-de-futebol-como-um-todo\/#primaryimage\"},\"thumbnailUrl\":\"https:\/\/www.gaveanews.com\/wp-content\/uploads\/Rodolfo-Landim-em-entrevista-coletiva-no-Ninho-do-Urubu.webp\",\"datePublished\":\"2022-05-15T18:17:16+00:00\",\"dateModified\":\"2024-04-07T12:29:52+00:00\",\"author\":{\"@id\":\"https:\/\/www.gaveanews.com\/#\/schema\/person\/2ec14f73fb96be2caf28f91afb14749d\"},\"breadcrumb\":{\"@id\":\"https:\/\/www.gaveanews.com\/index.php\/2022\/05\/15\/nao-tem-que-trocar-so-o-paulo-sousa-mas-o-departamento-de-futebol-como-um-todo\/#breadcrumb\"},\"inLanguage\":\"pt-BR\",\"potentialAction\":[{\"@type\":\"ReadAction\",\"target\":[\"https:\/\/www.gaveanews.com\/index.php\/2022\/05\/15\/nao-tem-que-trocar-so-o-paulo-sousa-mas-o-departamento-de-futebol-como-um-todo\/\"]}]},{\"@type\":\"ImageObject\",\"inLanguage\":\"pt-BR\",\"@id\":\"https:\/\/www.gaveanews.com\/index.php\/2022\/05\/15\/nao-tem-que-trocar-so-o-paulo-sousa-mas-o-departamento-de-futebol-como-um-todo\/#primaryimage\",\"url\":\"https:\/\/www.gaveanews.com\/wp-content\/uploads\/Rodolfo-Landim-em-entrevista-coletiva-no-Ninho-do-Urubu.webp\",\"contentUrl\":\"https:\/\/www.gaveanews.com\/wp-content\/uploads\/Rodolfo-Landim-em-entrevista-coletiva-no-Ninho-do-Urubu.webp\",\"width\":799,\"height\":532,\"caption\":\"Rodolfo Landim em entrevista coletiva no Ninho do Urubu (Foto: Alexandre Vidal\/Flamengo)\"},{\"@type\":\"BreadcrumbList\",\"@id\":\"https:\/\/www.gaveanews.com\/index.php\/2022\/05\/15\/nao-tem-que-trocar-so-o-paulo-sousa-mas-o-departamento-de-futebol-como-um-todo\/#breadcrumb\",\"itemListElement\":[{\"@type\":\"ListItem\",\"position\":1,\"name\":\"Home\",\"item\":\"https:\/\/www.gaveanews.com\/\"},{\"@type\":\"ListItem\",\"position\":2,\"name\":\"&#8220;N\u00e3o tem que trocar s\u00f3 o Paulo Sousa, mas o departamento de futebol como um todo&#8221;\"}]},{\"@type\":\"WebSite\",\"@id\":\"https:\/\/www.gaveanews.com\/#website\",\"url\":\"https:\/\/www.gaveanews.com\/\",\"name\":\"G\u00e1vea News\",\"description\":\"Veja todas as not\u00edcias sobre o Flamengo: Contrata\u00e7\u00f5es, categorias de base, resultados das partidas, tabela de classifica\u00e7\u00e3o, pr\u00f3ximos jogos!\",\"potentialAction\":[{\"@type\":\"SearchAction\",\"target\":{\"@type\":\"EntryPoint\",\"urlTemplate\":\"https:\/\/www.gaveanews.com\/?s={search_term_string}\"},\"query-input\":{\"@type\":\"PropertyValueSpecification\",\"valueRequired\":true,\"valueName\":\"search_term_string\"}}],\"inLanguage\":\"pt-BR\"},{\"@type\":\"Person\",\"@id\":\"https:\/\/www.gaveanews.com\/#\/schema\/person\/2ec14f73fb96be2caf28f91afb14749d\",\"name\":\"Equipe G\u00e1vea News\",\"image\":{\"@type\":\"ImageObject\",\"inLanguage\":\"pt-BR\",\"@id\":\"https:\/\/www.gaveanews.com\/#\/schema\/person\/image\/\",\"url\":\"https:\/\/secure.gravatar.com\/avatar\/1e1956f1facbffd3f8fa53a326721950116b3b9dc9bd44939c01180fd4a745a9?s=96&d=mm&r=g\",\"contentUrl\":\"https:\/\/secure.gravatar.com\/avatar\/1e1956f1facbffd3f8fa53a326721950116b3b9dc9bd44939c01180fd4a745a9?s=96&d=mm&r=g\",\"caption\":\"Equipe G\u00e1vea News\"}}]}<\/script>\n<!-- \/ Yoast SEO Premium plugin. -->","yoast_head_json":{"title":"\"N\u00e3o tem que trocar s\u00f3 o Paulo Sousa, mas o departamento de futebol como um todo\"","robots":{"index":"index","follow":"follow","max-snippet":"max-snippet:-1","max-image-preview":"max-image-preview:large","max-video-preview":"max-video-preview:-1"},"canonical":"https:\/\/www.gaveanews.com\/index.php\/2022\/05\/15\/nao-tem-que-trocar-so-o-paulo-sousa-mas-o-departamento-de-futebol-como-um-todo\/","og_locale":"pt_BR","og_type":"article","og_title":"\"N\u00e3o tem que trocar s\u00f3 o Paulo Sousa, mas o departamento de futebol como um todo\"","og_description":"O Flamengo tem vivido um caos dentro e fora do campo. Os torcedores est\u00e3o insatisfeitos com o elenco, Paulo Sousa e a diretoria. Na partida contra o Altos-PI, em Volta Redonda, Rodolfo Landim e Marcos Braz foram os principais alvos das cr\u00edticas da Na\u00e7\u00e3o Rubro-Negra. No desembarque em Fortaleza, para enfrentar o Cear\u00e1, flamenguistas jogaram [&hellip;]","og_url":"https:\/\/www.gaveanews.com\/index.php\/2022\/05\/15\/nao-tem-que-trocar-so-o-paulo-sousa-mas-o-departamento-de-futebol-como-um-todo\/","og_site_name":"G\u00e1vea News","article_publisher":"https:\/\/facebook.com\/gaveaNews\/","article_published_time":"2022-05-15T18:17:16+00:00","article_modified_time":"2024-04-07T12:29:52+00:00","og_image":[{"width":799,"height":532,"url":"https:\/\/www.gaveanews.com\/wp-content\/uploads\/Rodolfo-Landim-em-entrevista-coletiva-no-Ninho-do-Urubu.webp","type":"image\/jpeg"}],"author":"Equipe G\u00e1vea News","twitter_card":"summary_large_image","twitter_misc":{"Escrito por":"Equipe G\u00e1vea News","Est. tempo de leitura":"2 minutos"},"schema":{"@context":"https:\/\/schema.org","@graph":[{"@type":"NewsArticle","@id":"https:\/\/www.gaveanews.com\/index.php\/2022\/05\/15\/nao-tem-que-trocar-so-o-paulo-sousa-mas-o-departamento-de-futebol-como-um-todo\/#article","isPartOf":{"@id":"https:\/\/www.gaveanews.com\/index.php\/2022\/05\/15\/nao-tem-que-trocar-so-o-paulo-sousa-mas-o-departamento-de-futebol-como-um-todo\/"},"author":{"name":"Equipe G\u00e1vea News","@id":"https:\/\/www.gaveanews.com\/#\/schema\/person\/2ec14f73fb96be2caf28f91afb14749d"},"headline":"&#8220;N\u00e3o tem que trocar s\u00f3 o Paulo Sousa, mas o departamento de futebol como um todo&#8221;","datePublished":"2022-05-15T18:17:16+00:00","dateModified":"2024-04-07T12:29:52+00:00","mainEntityOfPage":{"@id":"https:\/\/www.gaveanews.com\/index.php\/2022\/05\/15\/nao-tem-que-trocar-so-o-paulo-sousa-mas-o-departamento-de-futebol-como-um-todo\/"},"wordCount":494,"commentCount":0,"image":{"@id":"https:\/\/www.gaveanews.com\/index.php\/2022\/05\/15\/nao-tem-que-trocar-so-o-paulo-sousa-mas-o-departamento-de-futebol-como-um-todo\/#primaryimage"},"thumbnailUrl":"https:\/\/www.gaveanews.com\/wp-content\/uploads\/Rodolfo-Landim-em-entrevista-coletiva-no-Ninho-do-Urubu.webp","keywords":["Paulo Manuel Carvalho Sousa"],"articleSection":["Destaques"],"inLanguage":"pt-BR","potentialAction":[{"@type":"CommentAction","name":"Comment","target":["https:\/\/www.gaveanews.com\/index.php\/2022\/05\/15\/nao-tem-que-trocar-so-o-paulo-sousa-mas-o-departamento-de-futebol-como-um-todo\/#respond"]}],"copyrightYear":"2022","copyrightHolder":{"@id":"https:\/\/www.gaveanews.com\/#organization"}},{"@type":"WebPage","@id":"https:\/\/www.gaveanews.com\/index.php\/2022\/05\/15\/nao-tem-que-trocar-so-o-paulo-sousa-mas-o-departamento-de-futebol-como-um-todo\/","url":"https:\/\/www.gaveanews.com\/index.php\/2022\/05\/15\/nao-tem-que-trocar-so-o-paulo-sousa-mas-o-departamento-de-futebol-como-um-todo\/","name":"\"N\u00e3o tem que trocar s\u00f3 o Paulo Sousa, mas o departamento de futebol como um todo\"","isPartOf":{"@id":"https:\/\/www.gaveanews.com\/#website"},"primaryImageOfPage":{"@id":"https:\/\/www.gaveanews.com\/index.php\/2022\/05\/15\/nao-tem-que-trocar-so-o-paulo-sousa-mas-o-departamento-de-futebol-como-um-todo\/#primaryimage"},"image":{"@id":"https:\/\/www.gaveanews.com\/index.php\/2022\/05\/15\/nao-tem-que-trocar-so-o-paulo-sousa-mas-o-departamento-de-futebol-como-um-todo\/#primaryimage"},"thumbnailUrl":"https:\/\/www.gaveanews.com\/wp-content\/uploads\/Rodolfo-Landim-em-entrevista-coletiva-no-Ninho-do-Urubu.webp","datePublished":"2022-05-15T18:17:16+00:00","dateModified":"2024-04-07T12:29:52+00:00","author":{"@id":"https:\/\/www.gaveanews.com\/#\/schema\/person\/2ec14f73fb96be2caf28f91afb14749d"},"breadcrumb":{"@id":"https:\/\/www.gaveanews.com\/index.php\/2022\/05\/15\/nao-tem-que-trocar-so-o-paulo-sousa-mas-o-departamento-de-futebol-como-um-todo\/#breadcrumb"},"inLanguage":"pt-BR","potentialAction":[{"@type":"ReadAction","target":["https:\/\/www.gaveanews.com\/index.php\/2022\/05\/15\/nao-tem-que-trocar-so-o-paulo-sousa-mas-o-departamento-de-futebol-como-um-todo\/"]}]},{"@type":"ImageObject","inLanguage":"pt-BR","@id":"https:\/\/www.gaveanews.com\/index.php\/2022\/05\/15\/nao-tem-que-trocar-so-o-paulo-sousa-mas-o-departamento-de-futebol-como-um-todo\/#primaryimage","url":"https:\/\/www.gaveanews.com\/wp-content\/uploads\/Rodolfo-Landim-em-entrevista-coletiva-no-Ninho-do-Urubu.webp","contentUrl":"https:\/\/www.gaveanews.com\/wp-content\/uploads\/Rodolfo-Landim-em-entrevista-coletiva-no-Ninho-do-Urubu.webp","width":799,"height":532,"caption":"Rodolfo Landim em entrevista coletiva no Ninho do Urubu (Foto: Alexandre Vidal\/Flamengo)"},{"@type":"BreadcrumbList","@id":"https:\/\/www.gaveanews.com\/index.php\/2022\/05\/15\/nao-tem-que-trocar-so-o-paulo-sousa-mas-o-departamento-de-futebol-como-um-todo\/#breadcrumb","itemListElement":[{"@type":"ListItem","position":1,"name":"Home","item":"https:\/\/www.gaveanews.com\/"},{"@type":"ListItem","position":2,"name":"&#8220;N\u00e3o tem que trocar s\u00f3 o Paulo Sousa, mas o departamento de futebol como um todo&#8221;"}]},{"@type":"WebSite","@id":"https:\/\/www.gaveanews.com\/#website","url":"https:\/\/www.gaveanews.com\/","name":"G\u00e1vea News","description":"Veja todas as not\u00edcias sobre o Flamengo: Contrata\u00e7\u00f5es, categorias de base, resultados das partidas, tabela de classifica\u00e7\u00e3o, pr\u00f3ximos jogos!","potentialAction":[{"@type":"SearchAction","target":{"@type":"EntryPoint","urlTemplate":"https:\/\/www.gaveanews.com\/?s={search_term_string}"},"query-input":{"@type":"PropertyValueSpecification","valueRequired":true,"valueName":"search_term_string"}}],"inLanguage":"pt-BR"},{"@type":"Person","@id":"https:\/\/www.gaveanews.com\/#\/schema\/person\/2ec14f73fb96be2caf28f91afb14749d","name":"Equipe G\u00e1vea News","image":{"@type":"ImageObject","inLanguage":"pt-BR","@id":"https:\/\/www.gaveanews.com\/#\/schema\/person\/image\/","url":"https:\/\/secure.gravatar.com\/avatar\/1e1956f1facbffd3f8fa53a326721950116b3b9dc9bd44939c01180fd4a745a9?s=96&d=mm&r=g","contentUrl":"https:\/\/secure.gravatar.com\/avatar\/1e1956f1facbffd3f8fa53a326721950116b3b9dc9bd44939c01180fd4a745a9?s=96&d=mm&r=g","caption":"Equipe G\u00e1vea News"}}]}},"_links":{"self":[{"href":"https:\/\/www.gaveanews.com\/index.php\/wp-json\/wp\/v2\/posts\/81623","targetHints":{"allow":["GET"]}}],"collection":[{"href":"https:\/\/www.gaveanews.com\/index.php\/wp-json\/wp\/v2\/posts"}],"about":[{"href":"https:\/\/www.gaveanews.com\/index.php\/wp-json\/wp\/v2\/types\/post"}],"author":[{"embeddable":true,"href":"https:\/\/www.gaveanews.com\/index.php\/wp-json\/wp\/v2\/users\/1"}],"replies":[{"embeddable":true,"href":"https:\/\/www.gaveanews.com\/index.php\/wp-json\/wp\/v2\/comments?post=81623"}],"version-history":[{"count":1,"href":"https:\/\/www.gaveanews.com\/index.php\/wp-json\/wp\/v2\/posts\/81623\/revisions"}],"predecessor-version":[{"id":136951,"href":"https:\/\/www.gaveanews.com\/index.php\/wp-json\/wp\/v2\/posts\/81623\/revisions\/136951"}],"wp:featuredmedia":[{"embeddable":true,"href":"https:\/\/www.gaveanews.com\/index.php\/wp-json\/wp\/v2\/media\/64406"}],"wp:attachment":[{"href":"https:\/\/www.gaveanews.com\/index.php\/wp-json\/wp\/v2\/media?parent=81623"}],"wp:term":[{"taxonomy":"category","embeddable":true,"href":"https:\/\/www.gaveanews.com\/index.php\/wp-json\/wp\/v2\/categories?post=81623"},{"taxonomy":"post_tag","embeddable":true,"href":"https:\/\/www.gaveanews.com\/index.php\/wp-json\/wp\/v2\/tags?post=81623"}],"curies":[{"name":"wp","href":"https:\/\/api.w.org\/{rel}","templated":true}]}}