{"id":81704,"date":"2022-05-17T08:37:55","date_gmt":"2022-05-17T11:37:55","guid":{"rendered":"https:\/\/www.gaveanews.com\/?p=81704"},"modified":"2022-05-17T09:04:05","modified_gmt":"2022-05-17T12:04:05","slug":"treinador-argentino-e-bem-avaliado-pela-diretoria-do-flamengo","status":"publish","type":"post","link":"https:\/\/www.gaveanews.com\/index.php\/2022\/05\/17\/treinador-argentino-e-bem-avaliado-pela-diretoria-do-flamengo\/","title":{"rendered":"Treinador argentino \u00e9 bem avaliado pela diretoria do Flamengo"},"content":{"rendered":"\n<p>O t\u00e9cnico Paulo Sousa est\u00e1 balan\u00e7ando no cargo do Flamengo e, mesmo que a diretoria d\u00ea respaldo ao portugu\u00eas, avalia poss\u00edveis nomes no mercado para substitu\u00ed-lo. E de acordo com o portal Torcedores.com, os nomes mais falados s\u00e3o de Jorge Jesus e Cuca. No entanto, um treinador com passagem recente pelo futebol brasileiro tamb\u00e9m \u00e9 discutido internamente: o do argentino Eduardo Coudet, ex-Internacional.<\/p>\n\n\n\n<p>Atualmente no Celta de Vigo, da Espanha, ele \u00e9 considerado um plano C da diretoria pela complexidade do neg\u00f3cio, j\u00e1 que \u00e9 o \u00fanico nome que n\u00e3o est\u00e1 livre no mercado. Vale destacar que Coudet renovou com recentemente com o Celta at\u00e9 julho de 2024.<\/p>\n\n\n\n<p>Vale ressaltar que na \u00faltima semana, o treinador argentino foi cogitado para substituir o uruguaio Mart\u00edn Lasarte no comando da sele\u00e7\u00e3o chilena, demonstrando estar valorizado no mercado.<\/p>\n\n\n\n<figure class=\"wp-block-image size-large\"><img decoding=\"async\" src=\"https:\/\/www.flaresenha.com\/wp-content\/uploads\/2022\/05\/eduardo-coudet.webp\" alt=\"\"\/><figcaption>Eduardo Coudet<\/figcaption><\/figure>\n\n\n\n<h2 class=\"wp-block-heading\" id=\"h-jorge-jesus\"><strong>Jorge Jesus<\/strong><\/h2>\n\n\n\n<p>De acordo com pessoas pr\u00f3ximas ao mandat\u00e1rio rubro-negro consultadas pelo Torcedores.com, a rela\u00e7\u00e3o entre Rodolfo Landim e Jorge Jesus n\u00e3o est\u00e1 mais ruim como algumas pessoas andam propagando nos bastidores do clube.<\/p>\n\n\n\n<p>Tanto que o presidente j\u00e1 at\u00e9 considera a possibilidade de se sentar \u00e0 mesa para uma eventual negocia\u00e7\u00e3o. Como parece pouco disposto a fechar com o Fenerbah\u00e7e, da Turquia, Jorge Jesus poderia optar por aceitar uma oferta mais baixa para voltar a comandar o Flamengo.<\/p>\n\n\n\n<h2 class=\"wp-block-heading\"><strong>Cuca<\/strong><\/h2>\n\n\n\n<p>Com passagem pelo Flamengo em 2005 e 2009, Cuca atualmente est\u00e1 desempregado desde que pediu demiss\u00e3o do Atl\u00e9tico-MG. Nos \u00faltimos dias seu nome passou a ser comentado nos bastidores da G\u00e1vea.<\/p>\n\n\n\n<p>Internamente, h\u00e1 o consenso de que Cuca \u00e9 o treinador brasileiro que mais se assemelha ao estilo de trabalho de Jorge Jesus. Al\u00e9m disso, os t\u00edtulos conquistados por Atl\u00e9tico-MG e Palmeiras o credencia para um poss\u00edvel retorno ao clube carioca.<\/p>\n\n\n\n<p>Apesar de n\u00e3o falar publicamente, o treinador vem se dedicando aos estudos a fim de voltar ao mercado no come\u00e7o de 2023. O maior objetivo do treinador \u00e9 assumir o lugar de Tite na sele\u00e7\u00e3o brasileira ap\u00f3s a Copa do Mundo do Catar.<\/p>\n\n\n\n<p>Enquanto isso n\u00e3o acontece, Cuca tem viagem marcada para a Europa. Al\u00e9m de fazer o curso de treinado da UEFA, ele ir\u00e1 conhecer a estrutura de equipes da B\u00e9lgica, Espanha, Fran\u00e7a, Inglaterra, It\u00e1lia e Portugal.<\/p>\n\n\n\n<p>Por ora, Cuca, que venceu o Campeonato Brasileiro de 2016 e 2021, n\u00e3o pretende voltar a trabalhar. De acordo com pessoas pr\u00f3ximas ao seu estafe, o treinador poderia repensar sua condi\u00e7\u00e3o caso viesse a receber uma proposta do Flamengo.<\/p>\n\n\n\n<p>Retirado de: Mercado do Futebol<a href=\"http:\/\/www.facebook.com\/sharer.php?u=https%3A%2F%2Fwww.flaresenha.com%2F2022%2F05%2Fnome-de-eduardo-coudet-e-bem-avaliado-pela-diretoria-do-flamengo.html\"><\/a><\/p>\n","protected":false},"excerpt":{"rendered":"<p>O t\u00e9cnico Paulo Sousa est\u00e1 balan\u00e7ando no cargo do Flamengo e, mesmo que a diretoria d\u00ea respaldo ao portugu\u00eas, avalia poss\u00edveis nomes no mercado para substitu\u00ed-lo. E de acordo com o portal Torcedores.com, os nomes mais falados s\u00e3o de Jorge Jesus e Cuca. No entanto, um treinador com passagem recente pelo futebol brasileiro tamb\u00e9m \u00e9 [&hellip;]<\/p>\n","protected":false},"author":1,"featured_media":78521,"comment_status":"open","ping_status":"closed","sticky":false,"template":"","format":"standard","meta":{"footnotes":""},"categories":[48],"tags":[],"class_list":["post-81704","post","type-post","status-publish","format-standard","has-post-thumbnail","hentry","category-negociacoes"],"yoast_head":"<!-- This site is optimized with the Yoast SEO Premium plugin v24.2 (Yoast SEO v26.9) - https:\/\/yoast.com\/product\/yoast-seo-premium-wordpress\/ -->\n<title>Treinador argentino \u00e9 bem avaliado pela diretoria do Flamengo<\/title>\n<meta name=\"robots\" content=\"index, follow, max-snippet:-1, max-image-preview:large, max-video-preview:-1\" \/>\n<link rel=\"canonical\" href=\"https:\/\/www.gaveanews.com\/index.php\/2022\/05\/17\/treinador-argentino-e-bem-avaliado-pela-diretoria-do-flamengo\/\" \/>\n<meta property=\"og:locale\" content=\"pt_BR\" \/>\n<meta property=\"og:type\" content=\"article\" \/>\n<meta property=\"og:title\" content=\"Treinador argentino \u00e9 bem avaliado pela diretoria do Flamengo\" \/>\n<meta property=\"og:description\" content=\"O t\u00e9cnico Paulo Sousa est\u00e1 balan\u00e7ando no cargo do Flamengo e, mesmo que a diretoria d\u00ea respaldo ao portugu\u00eas, avalia poss\u00edveis nomes no mercado para substitu\u00ed-lo. E de acordo com o portal Torcedores.com, os nomes mais falados s\u00e3o de Jorge Jesus e Cuca. No entanto, um treinador com passagem recente pelo futebol brasileiro tamb\u00e9m \u00e9 [&hellip;]\" \/>\n<meta property=\"og:url\" content=\"https:\/\/www.gaveanews.com\/index.php\/2022\/05\/17\/treinador-argentino-e-bem-avaliado-pela-diretoria-do-flamengo\/\" \/>\n<meta property=\"og:site_name\" content=\"G\u00e1vea News\" \/>\n<meta property=\"article:publisher\" content=\"https:\/\/facebook.com\/gaveaNews\/\" \/>\n<meta property=\"article:published_time\" content=\"2022-05-17T11:37:55+00:00\" \/>\n<meta property=\"article:modified_time\" content=\"2022-05-17T12:04:05+00:00\" \/>\n<meta property=\"og:image\" content=\"https:\/\/www.gaveanews.com\/wp-content\/uploads\/Marcos-Braz-em-entrevista-coletiva-do-Flamengo-no-Ninho-do-Urubu.webp\" \/>\n\t<meta property=\"og:image:width\" content=\"799\" \/>\n\t<meta property=\"og:image:height\" content=\"533\" \/>\n\t<meta property=\"og:image:type\" content=\"image\/jpeg\" \/>\n<meta name=\"author\" content=\"Equipe G\u00e1vea News\" \/>\n<meta name=\"twitter:card\" content=\"summary_large_image\" \/>\n<meta name=\"twitter:label1\" content=\"Escrito por\" \/>\n\t<meta name=\"twitter:data1\" content=\"Equipe G\u00e1vea News\" \/>\n\t<meta name=\"twitter:label2\" content=\"Est. tempo de leitura\" \/>\n\t<meta name=\"twitter:data2\" content=\"3 minutos\" \/>\n<script type=\"application\/ld+json\" class=\"yoast-schema-graph\">{\"@context\":\"https:\/\/schema.org\",\"@graph\":[{\"@type\":\"NewsArticle\",\"@id\":\"https:\/\/www.gaveanews.com\/index.php\/2022\/05\/17\/treinador-argentino-e-bem-avaliado-pela-diretoria-do-flamengo\/#article\",\"isPartOf\":{\"@id\":\"https:\/\/www.gaveanews.com\/index.php\/2022\/05\/17\/treinador-argentino-e-bem-avaliado-pela-diretoria-do-flamengo\/\"},\"author\":{\"name\":\"Equipe G\u00e1vea News\",\"@id\":\"https:\/\/www.gaveanews.com\/#\/schema\/person\/2ec14f73fb96be2caf28f91afb14749d\"},\"headline\":\"Treinador argentino \u00e9 bem avaliado pela diretoria do Flamengo\",\"datePublished\":\"2022-05-17T11:37:55+00:00\",\"dateModified\":\"2022-05-17T12:04:05+00:00\",\"mainEntityOfPage\":{\"@id\":\"https:\/\/www.gaveanews.com\/index.php\/2022\/05\/17\/treinador-argentino-e-bem-avaliado-pela-diretoria-do-flamengo\/\"},\"wordCount\":444,\"commentCount\":0,\"image\":{\"@id\":\"https:\/\/www.gaveanews.com\/index.php\/2022\/05\/17\/treinador-argentino-e-bem-avaliado-pela-diretoria-do-flamengo\/#primaryimage\"},\"thumbnailUrl\":\"https:\/\/www.gaveanews.com\/wp-content\/uploads\/Marcos-Braz-em-entrevista-coletiva-do-Flamengo-no-Ninho-do-Urubu.webp\",\"articleSection\":[\"Negocia\u00e7\u00f5es\"],\"inLanguage\":\"pt-BR\",\"potentialAction\":[{\"@type\":\"CommentAction\",\"name\":\"Comment\",\"target\":[\"https:\/\/www.gaveanews.com\/index.php\/2022\/05\/17\/treinador-argentino-e-bem-avaliado-pela-diretoria-do-flamengo\/#respond\"]}],\"copyrightYear\":\"2022\",\"copyrightHolder\":{\"@id\":\"https:\/\/www.gaveanews.com\/#organization\"}},{\"@type\":\"WebPage\",\"@id\":\"https:\/\/www.gaveanews.com\/index.php\/2022\/05\/17\/treinador-argentino-e-bem-avaliado-pela-diretoria-do-flamengo\/\",\"url\":\"https:\/\/www.gaveanews.com\/index.php\/2022\/05\/17\/treinador-argentino-e-bem-avaliado-pela-diretoria-do-flamengo\/\",\"name\":\"Treinador argentino \u00e9 bem avaliado pela diretoria do Flamengo\",\"isPartOf\":{\"@id\":\"https:\/\/www.gaveanews.com\/#website\"},\"primaryImageOfPage\":{\"@id\":\"https:\/\/www.gaveanews.com\/index.php\/2022\/05\/17\/treinador-argentino-e-bem-avaliado-pela-diretoria-do-flamengo\/#primaryimage\"},\"image\":{\"@id\":\"https:\/\/www.gaveanews.com\/index.php\/2022\/05\/17\/treinador-argentino-e-bem-avaliado-pela-diretoria-do-flamengo\/#primaryimage\"},\"thumbnailUrl\":\"https:\/\/www.gaveanews.com\/wp-content\/uploads\/Marcos-Braz-em-entrevista-coletiva-do-Flamengo-no-Ninho-do-Urubu.webp\",\"datePublished\":\"2022-05-17T11:37:55+00:00\",\"dateModified\":\"2022-05-17T12:04:05+00:00\",\"author\":{\"@id\":\"https:\/\/www.gaveanews.com\/#\/schema\/person\/2ec14f73fb96be2caf28f91afb14749d\"},\"breadcrumb\":{\"@id\":\"https:\/\/www.gaveanews.com\/index.php\/2022\/05\/17\/treinador-argentino-e-bem-avaliado-pela-diretoria-do-flamengo\/#breadcrumb\"},\"inLanguage\":\"pt-BR\",\"potentialAction\":[{\"@type\":\"ReadAction\",\"target\":[\"https:\/\/www.gaveanews.com\/index.php\/2022\/05\/17\/treinador-argentino-e-bem-avaliado-pela-diretoria-do-flamengo\/\"]}]},{\"@type\":\"ImageObject\",\"inLanguage\":\"pt-BR\",\"@id\":\"https:\/\/www.gaveanews.com\/index.php\/2022\/05\/17\/treinador-argentino-e-bem-avaliado-pela-diretoria-do-flamengo\/#primaryimage\",\"url\":\"https:\/\/www.gaveanews.com\/wp-content\/uploads\/Marcos-Braz-em-entrevista-coletiva-do-Flamengo-no-Ninho-do-Urubu.webp\",\"contentUrl\":\"https:\/\/www.gaveanews.com\/wp-content\/uploads\/Marcos-Braz-em-entrevista-coletiva-do-Flamengo-no-Ninho-do-Urubu.webp\",\"width\":799,\"height\":533,\"caption\":\"Marcos Braz em entrevista coletiva do Flamengo no Ninho do Urubu (Foto: Gilvan de Souza\/Flamengo)\"},{\"@type\":\"BreadcrumbList\",\"@id\":\"https:\/\/www.gaveanews.com\/index.php\/2022\/05\/17\/treinador-argentino-e-bem-avaliado-pela-diretoria-do-flamengo\/#breadcrumb\",\"itemListElement\":[{\"@type\":\"ListItem\",\"position\":1,\"name\":\"Home\",\"item\":\"https:\/\/www.gaveanews.com\/\"},{\"@type\":\"ListItem\",\"position\":2,\"name\":\"Treinador argentino \u00e9 bem avaliado pela diretoria do Flamengo\"}]},{\"@type\":\"WebSite\",\"@id\":\"https:\/\/www.gaveanews.com\/#website\",\"url\":\"https:\/\/www.gaveanews.com\/\",\"name\":\"G\u00e1vea News\",\"description\":\"Veja todas as not\u00edcias sobre o Flamengo: Contrata\u00e7\u00f5es, categorias de base, resultados das partidas, tabela de classifica\u00e7\u00e3o, pr\u00f3ximos jogos!\",\"potentialAction\":[{\"@type\":\"SearchAction\",\"target\":{\"@type\":\"EntryPoint\",\"urlTemplate\":\"https:\/\/www.gaveanews.com\/?s={search_term_string}\"},\"query-input\":{\"@type\":\"PropertyValueSpecification\",\"valueRequired\":true,\"valueName\":\"search_term_string\"}}],\"inLanguage\":\"pt-BR\"},{\"@type\":\"Person\",\"@id\":\"https:\/\/www.gaveanews.com\/#\/schema\/person\/2ec14f73fb96be2caf28f91afb14749d\",\"name\":\"Equipe G\u00e1vea News\",\"image\":{\"@type\":\"ImageObject\",\"inLanguage\":\"pt-BR\",\"@id\":\"https:\/\/www.gaveanews.com\/#\/schema\/person\/image\/\",\"url\":\"https:\/\/secure.gravatar.com\/avatar\/1e1956f1facbffd3f8fa53a326721950116b3b9dc9bd44939c01180fd4a745a9?s=96&d=mm&r=g\",\"contentUrl\":\"https:\/\/secure.gravatar.com\/avatar\/1e1956f1facbffd3f8fa53a326721950116b3b9dc9bd44939c01180fd4a745a9?s=96&d=mm&r=g\",\"caption\":\"Equipe G\u00e1vea News\"}}]}<\/script>\n<!-- \/ Yoast SEO Premium plugin. -->","yoast_head_json":{"title":"Treinador argentino \u00e9 bem avaliado pela diretoria do Flamengo","robots":{"index":"index","follow":"follow","max-snippet":"max-snippet:-1","max-image-preview":"max-image-preview:large","max-video-preview":"max-video-preview:-1"},"canonical":"https:\/\/www.gaveanews.com\/index.php\/2022\/05\/17\/treinador-argentino-e-bem-avaliado-pela-diretoria-do-flamengo\/","og_locale":"pt_BR","og_type":"article","og_title":"Treinador argentino \u00e9 bem avaliado pela diretoria do Flamengo","og_description":"O t\u00e9cnico Paulo Sousa est\u00e1 balan\u00e7ando no cargo do Flamengo e, mesmo que a diretoria d\u00ea respaldo ao portugu\u00eas, avalia poss\u00edveis nomes no mercado para substitu\u00ed-lo. E de acordo com o portal Torcedores.com, os nomes mais falados s\u00e3o de Jorge Jesus e Cuca. No entanto, um treinador com passagem recente pelo futebol brasileiro tamb\u00e9m \u00e9 [&hellip;]","og_url":"https:\/\/www.gaveanews.com\/index.php\/2022\/05\/17\/treinador-argentino-e-bem-avaliado-pela-diretoria-do-flamengo\/","og_site_name":"G\u00e1vea News","article_publisher":"https:\/\/facebook.com\/gaveaNews\/","article_published_time":"2022-05-17T11:37:55+00:00","article_modified_time":"2022-05-17T12:04:05+00:00","og_image":[{"width":799,"height":533,"url":"https:\/\/www.gaveanews.com\/wp-content\/uploads\/Marcos-Braz-em-entrevista-coletiva-do-Flamengo-no-Ninho-do-Urubu.webp","type":"image\/jpeg"}],"author":"Equipe G\u00e1vea News","twitter_card":"summary_large_image","twitter_misc":{"Escrito por":"Equipe G\u00e1vea News","Est. tempo de leitura":"3 minutos"},"schema":{"@context":"https:\/\/schema.org","@graph":[{"@type":"NewsArticle","@id":"https:\/\/www.gaveanews.com\/index.php\/2022\/05\/17\/treinador-argentino-e-bem-avaliado-pela-diretoria-do-flamengo\/#article","isPartOf":{"@id":"https:\/\/www.gaveanews.com\/index.php\/2022\/05\/17\/treinador-argentino-e-bem-avaliado-pela-diretoria-do-flamengo\/"},"author":{"name":"Equipe G\u00e1vea News","@id":"https:\/\/www.gaveanews.com\/#\/schema\/person\/2ec14f73fb96be2caf28f91afb14749d"},"headline":"Treinador argentino \u00e9 bem avaliado pela diretoria do Flamengo","datePublished":"2022-05-17T11:37:55+00:00","dateModified":"2022-05-17T12:04:05+00:00","mainEntityOfPage":{"@id":"https:\/\/www.gaveanews.com\/index.php\/2022\/05\/17\/treinador-argentino-e-bem-avaliado-pela-diretoria-do-flamengo\/"},"wordCount":444,"commentCount":0,"image":{"@id":"https:\/\/www.gaveanews.com\/index.php\/2022\/05\/17\/treinador-argentino-e-bem-avaliado-pela-diretoria-do-flamengo\/#primaryimage"},"thumbnailUrl":"https:\/\/www.gaveanews.com\/wp-content\/uploads\/Marcos-Braz-em-entrevista-coletiva-do-Flamengo-no-Ninho-do-Urubu.webp","articleSection":["Negocia\u00e7\u00f5es"],"inLanguage":"pt-BR","potentialAction":[{"@type":"CommentAction","name":"Comment","target":["https:\/\/www.gaveanews.com\/index.php\/2022\/05\/17\/treinador-argentino-e-bem-avaliado-pela-diretoria-do-flamengo\/#respond"]}],"copyrightYear":"2022","copyrightHolder":{"@id":"https:\/\/www.gaveanews.com\/#organization"}},{"@type":"WebPage","@id":"https:\/\/www.gaveanews.com\/index.php\/2022\/05\/17\/treinador-argentino-e-bem-avaliado-pela-diretoria-do-flamengo\/","url":"https:\/\/www.gaveanews.com\/index.php\/2022\/05\/17\/treinador-argentino-e-bem-avaliado-pela-diretoria-do-flamengo\/","name":"Treinador argentino \u00e9 bem avaliado pela diretoria do Flamengo","isPartOf":{"@id":"https:\/\/www.gaveanews.com\/#website"},"primaryImageOfPage":{"@id":"https:\/\/www.gaveanews.com\/index.php\/2022\/05\/17\/treinador-argentino-e-bem-avaliado-pela-diretoria-do-flamengo\/#primaryimage"},"image":{"@id":"https:\/\/www.gaveanews.com\/index.php\/2022\/05\/17\/treinador-argentino-e-bem-avaliado-pela-diretoria-do-flamengo\/#primaryimage"},"thumbnailUrl":"https:\/\/www.gaveanews.com\/wp-content\/uploads\/Marcos-Braz-em-entrevista-coletiva-do-Flamengo-no-Ninho-do-Urubu.webp","datePublished":"2022-05-17T11:37:55+00:00","dateModified":"2022-05-17T12:04:05+00:00","author":{"@id":"https:\/\/www.gaveanews.com\/#\/schema\/person\/2ec14f73fb96be2caf28f91afb14749d"},"breadcrumb":{"@id":"https:\/\/www.gaveanews.com\/index.php\/2022\/05\/17\/treinador-argentino-e-bem-avaliado-pela-diretoria-do-flamengo\/#breadcrumb"},"inLanguage":"pt-BR","potentialAction":[{"@type":"ReadAction","target":["https:\/\/www.gaveanews.com\/index.php\/2022\/05\/17\/treinador-argentino-e-bem-avaliado-pela-diretoria-do-flamengo\/"]}]},{"@type":"ImageObject","inLanguage":"pt-BR","@id":"https:\/\/www.gaveanews.com\/index.php\/2022\/05\/17\/treinador-argentino-e-bem-avaliado-pela-diretoria-do-flamengo\/#primaryimage","url":"https:\/\/www.gaveanews.com\/wp-content\/uploads\/Marcos-Braz-em-entrevista-coletiva-do-Flamengo-no-Ninho-do-Urubu.webp","contentUrl":"https:\/\/www.gaveanews.com\/wp-content\/uploads\/Marcos-Braz-em-entrevista-coletiva-do-Flamengo-no-Ninho-do-Urubu.webp","width":799,"height":533,"caption":"Marcos Braz em entrevista coletiva do Flamengo no Ninho do Urubu (Foto: Gilvan de Souza\/Flamengo)"},{"@type":"BreadcrumbList","@id":"https:\/\/www.gaveanews.com\/index.php\/2022\/05\/17\/treinador-argentino-e-bem-avaliado-pela-diretoria-do-flamengo\/#breadcrumb","itemListElement":[{"@type":"ListItem","position":1,"name":"Home","item":"https:\/\/www.gaveanews.com\/"},{"@type":"ListItem","position":2,"name":"Treinador argentino \u00e9 bem avaliado pela diretoria do Flamengo"}]},{"@type":"WebSite","@id":"https:\/\/www.gaveanews.com\/#website","url":"https:\/\/www.gaveanews.com\/","name":"G\u00e1vea News","description":"Veja todas as not\u00edcias sobre o Flamengo: Contrata\u00e7\u00f5es, categorias de base, resultados das partidas, tabela de classifica\u00e7\u00e3o, pr\u00f3ximos jogos!","potentialAction":[{"@type":"SearchAction","target":{"@type":"EntryPoint","urlTemplate":"https:\/\/www.gaveanews.com\/?s={search_term_string}"},"query-input":{"@type":"PropertyValueSpecification","valueRequired":true,"valueName":"search_term_string"}}],"inLanguage":"pt-BR"},{"@type":"Person","@id":"https:\/\/www.gaveanews.com\/#\/schema\/person\/2ec14f73fb96be2caf28f91afb14749d","name":"Equipe G\u00e1vea News","image":{"@type":"ImageObject","inLanguage":"pt-BR","@id":"https:\/\/www.gaveanews.com\/#\/schema\/person\/image\/","url":"https:\/\/secure.gravatar.com\/avatar\/1e1956f1facbffd3f8fa53a326721950116b3b9dc9bd44939c01180fd4a745a9?s=96&d=mm&r=g","contentUrl":"https:\/\/secure.gravatar.com\/avatar\/1e1956f1facbffd3f8fa53a326721950116b3b9dc9bd44939c01180fd4a745a9?s=96&d=mm&r=g","caption":"Equipe G\u00e1vea News"}}]}},"_links":{"self":[{"href":"https:\/\/www.gaveanews.com\/index.php\/wp-json\/wp\/v2\/posts\/81704","targetHints":{"allow":["GET"]}}],"collection":[{"href":"https:\/\/www.gaveanews.com\/index.php\/wp-json\/wp\/v2\/posts"}],"about":[{"href":"https:\/\/www.gaveanews.com\/index.php\/wp-json\/wp\/v2\/types\/post"}],"author":[{"embeddable":true,"href":"https:\/\/www.gaveanews.com\/index.php\/wp-json\/wp\/v2\/users\/1"}],"replies":[{"embeddable":true,"href":"https:\/\/www.gaveanews.com\/index.php\/wp-json\/wp\/v2\/comments?post=81704"}],"version-history":[{"count":0,"href":"https:\/\/www.gaveanews.com\/index.php\/wp-json\/wp\/v2\/posts\/81704\/revisions"}],"wp:featuredmedia":[{"embeddable":true,"href":"https:\/\/www.gaveanews.com\/index.php\/wp-json\/wp\/v2\/media\/78521"}],"wp:attachment":[{"href":"https:\/\/www.gaveanews.com\/index.php\/wp-json\/wp\/v2\/media?parent=81704"}],"wp:term":[{"taxonomy":"category","embeddable":true,"href":"https:\/\/www.gaveanews.com\/index.php\/wp-json\/wp\/v2\/categories?post=81704"},{"taxonomy":"post_tag","embeddable":true,"href":"https:\/\/www.gaveanews.com\/index.php\/wp-json\/wp\/v2\/tags?post=81704"}],"curies":[{"name":"wp","href":"https:\/\/api.w.org\/{rel}","templated":true}]}}