{"id":81709,"date":"2022-05-17T20:16:54","date_gmt":"2022-05-17T23:16:54","guid":{"rendered":"https:\/\/www.gaveanews.com\/?p=81709"},"modified":"2022-05-17T20:20:12","modified_gmt":"2022-05-17T23:20:12","slug":"saiu-veja-a-escalacao-oficial-do-flamengo-para-o-jogo-contra-a-universidad-catolica","status":"publish","type":"post","link":"https:\/\/www.gaveanews.com\/index.php\/2022\/05\/17\/saiu-veja-a-escalacao-oficial-do-flamengo-para-o-jogo-contra-a-universidad-catolica\/","title":{"rendered":"Saiu! Veja a escala\u00e7\u00e3o oficial do Flamengo para o jogo contra a Universidad Cat\u00f3lica"},"content":{"rendered":"\n<p>Nesta noite, o Flamengo enfrenta a Universidad Cat\u00f3lica pela 5\u00aa rodada da fase de grupos da Libertadores. O duelo acontecer\u00e1 \u00e0s 21h30 (hor\u00e1rio de Bras\u00edlia), no Maracan\u00e3, que recebe o Meng\u00e3o pela primeira vez ap\u00f3s a pausa para a implanta\u00e7\u00e3o da grama de inverno.<\/p>\n\n\n\n<p>Liderando o grupo H com 10 pontos, o Mais Querido ter\u00e1 a oportunidade de se classificar antecipadamente para as oitavas de final do torneio continental. Isso tudo, \u00e9 claro, al\u00e9m da press\u00e3o da torcida para que o elenco melhore seu desempenho. Neste contexto, o  <a href=\"http:\/\/gaveanews.com\">GaveaNews.com<\/a> preparou uma mat\u00e9ria com as principais informa\u00e7\u00f5es do jogo.<\/p>\n\n\n\n<h2 class=\"wp-block-heading\" id=\"h-transmissao\">Transmiss\u00e3o:<\/h2>\n\n\n\n<p>Nesta ocasi\u00e3o, a transmiss\u00e3o do evento ser\u00e1 feita na TV aberta pelo SBT, al\u00e9m de tamb\u00e9m ser disponibilizada pela Conmebol TV.<\/p>\n\n\n\n<h2 class=\"wp-block-heading\" id=\"h-retrospecto\">Retrospecto:<\/h2>\n\n\n\n<p>No primeiro turno da fase de grupos, o Flamengo venceu a equipe chilena por 3 x 2 em um jogo quente dentro das quatro linhas e com <a href=\"https:\/\/www.gaveanews.com\/index.php\/2022\/04\/29\/absurdo-crianca-e-idoso-da-torcida-do-flamengo-sao-agredidos-por-torcedores-da-catolica\/\">epis\u00f3dios lament\u00e1veis de torcedores da Cat\u00f3lica contra a torcida rubro-negra presente<\/a>.<\/p>\n\n\n\n<h2 class=\"wp-block-heading\" id=\"h-desfalques\">Desfalques:<\/h2>\n\n\n\n<ul class=\"wp-block-list\"><li>Filipe Lu\u00eds\u00a0(les\u00e3o na panturrilha);<\/li><li>Santos (les\u00e3o na coxa);<\/li><li>Fabr\u00edcio Bruno (les\u00e3o no p\u00e9 esquerdo);<\/li><li>Matheus Fran\u00e7a (fratura na perna direita);<\/li><li>Gustavo Henrique (transi\u00e7\u00e3o);<\/li><li>Vitinho (transi\u00e7\u00e3o);<\/li><li>Diego Alves\u00a0(pubalgia);<\/li><li>David Luiz (les\u00e3o na panturrilha direita).<\/li><\/ul>\n\n\n\n<h2 class=\"wp-block-heading\" id=\"h-pendurados\">Pendurados:<\/h2>\n\n\n\n<ul class=\"wp-block-list\"><li>Thiago Maia;<\/li><li>Willian Ar\u00e3o;<\/li><li>Jo\u00e3o Gomes.<\/li><\/ul>\n\n\n\n<h2 class=\"wp-block-heading\" id=\"h-escalacao\">Escala\u00e7\u00e3o:<\/h2>\n\n\n\n<p>Hugo; Matheuzinho, Pablo, Rodrigo Caio e Ayrton Lucas; Willian Ar\u00e3o, Andreas, Arrascaeta, Everton Ribeiro, Bruno Henrique e Gabigol.<\/p>\n\n\n\n<h2 class=\"wp-block-heading\" id=\"h-banco-de-reservas\">Banco de reservas:<\/h2>\n\n\n\n<p>Matheus Cunha, L\u00e9o Pereira, Thiago Maia, Diego Ribas, L\u00e1zaro, Pedro, Rodinei, Victor Hugo, Marinho, Jo\u00e3o Gomes, Isla e Marcos Paulo.<\/p>\n\n\n\n<h2 class=\"wp-block-heading\" id=\"h-arbitragem\">Arbitragem:<\/h2>\n\n\n\n<ul class=\"wp-block-list\"><li><strong>\u00c1rbitro:<\/strong>&nbsp;Jhon Ospina (Col\u00f4mbia)<\/li><li><strong>Assistente 1:<\/strong>&nbsp;Dion\u00edsio Ruiz (Col\u00f4mbia)<\/li><li><strong>Assistente 2:<\/strong>&nbsp;Richard Ortiz (Col\u00f4mbia)<\/li><\/ul>\n\n\n\n<p><em>Obs.: Nesta etapa da competi\u00e7\u00e3o n\u00e3o h\u00e1 VAR.<\/em><\/p>\n\n\n\n<h2 class=\"wp-block-heading\" id=\"h-proximo-compromisso\">Pr\u00f3ximo compromisso:<\/h2>\n\n\n\n<p>Ap\u00f3s este duelo, o Fla permanece no Rio de Janeiro e se prepara para receber o Goi\u00e1s pelo Campeonato Brasileiro. A partida ocorrer\u00e1 no s\u00e1bado (21), \u00e0s 16h30 (hor\u00e1rio de Bras\u00edlia), no Maracan\u00e3.<\/p>\n","protected":false},"excerpt":{"rendered":"<p>Nesta noite, o Flamengo enfrenta a Universidad Cat\u00f3lica pela 5\u00aa rodada da fase de grupos da Libertadores. O duelo acontecer\u00e1 \u00e0s 21h30 (hor\u00e1rio de Bras\u00edlia), no Maracan\u00e3, que recebe o Meng\u00e3o pela primeira vez ap\u00f3s a pausa para a implanta\u00e7\u00e3o da grama de inverno. Liderando o grupo H com 10 pontos, o Mais Querido ter\u00e1 [&hellip;]<\/p>\n","protected":false},"author":4,"featured_media":30000,"comment_status":"open","ping_status":"closed","sticky":false,"template":"","format":"standard","meta":{"footnotes":""},"categories":[1],"tags":[],"class_list":["post-81709","post","type-post","status-publish","format-standard","has-post-thumbnail","hentry","category-flamengo"],"yoast_head":"<!-- This site is optimized with the Yoast SEO Premium plugin v24.2 (Yoast SEO v26.9) - https:\/\/yoast.com\/product\/yoast-seo-premium-wordpress\/ -->\n<title>Saiu! Veja a escala\u00e7\u00e3o oficial do Flamengo para o jogo contra a Universidad Cat\u00f3lica<\/title>\n<meta name=\"robots\" content=\"index, follow, max-snippet:-1, max-image-preview:large, max-video-preview:-1\" \/>\n<link rel=\"canonical\" href=\"https:\/\/www.gaveanews.com\/index.php\/2022\/05\/17\/saiu-veja-a-escalacao-oficial-do-flamengo-para-o-jogo-contra-a-universidad-catolica\/\" \/>\n<meta property=\"og:locale\" content=\"pt_BR\" \/>\n<meta property=\"og:type\" content=\"article\" \/>\n<meta property=\"og:title\" content=\"Saiu! Veja a escala\u00e7\u00e3o oficial do Flamengo para o jogo contra a Universidad Cat\u00f3lica\" \/>\n<meta property=\"og:description\" content=\"Nesta noite, o Flamengo enfrenta a Universidad Cat\u00f3lica pela 5\u00aa rodada da fase de grupos da Libertadores. O duelo acontecer\u00e1 \u00e0s 21h30 (hor\u00e1rio de Bras\u00edlia), no Maracan\u00e3, que recebe o Meng\u00e3o pela primeira vez ap\u00f3s a pausa para a implanta\u00e7\u00e3o da grama de inverno. Liderando o grupo H com 10 pontos, o Mais Querido ter\u00e1 [&hellip;]\" \/>\n<meta property=\"og:url\" content=\"https:\/\/www.gaveanews.com\/index.php\/2022\/05\/17\/saiu-veja-a-escalacao-oficial-do-flamengo-para-o-jogo-contra-a-universidad-catolica\/\" \/>\n<meta property=\"og:site_name\" content=\"G\u00e1vea News\" \/>\n<meta property=\"article:publisher\" content=\"https:\/\/facebook.com\/gaveaNews\/\" \/>\n<meta property=\"article:published_time\" content=\"2022-05-17T23:16:54+00:00\" \/>\n<meta property=\"article:modified_time\" content=\"2022-05-17T23:20:12+00:00\" \/>\n<meta property=\"og:image\" content=\"https:\/\/www.gaveanews.com\/wp-content\/uploads\/Escalacao-oficial-do-Flamengo.webp\" \/>\n\t<meta property=\"og:image:width\" content=\"1\" \/>\n\t<meta property=\"og:image:height\" content=\"1\" \/>\n\t<meta property=\"og:image:type\" content=\"image\/jpeg\" \/>\n<meta name=\"author\" content=\"Let\u00edcia Gerheim\" \/>\n<meta name=\"twitter:card\" content=\"summary_large_image\" \/>\n<meta name=\"twitter:label1\" content=\"Escrito por\" \/>\n\t<meta name=\"twitter:data1\" content=\"Let\u00edcia Gerheim\" \/>\n\t<meta name=\"twitter:label2\" content=\"Est. tempo de leitura\" \/>\n\t<meta name=\"twitter:data2\" content=\"2 minutos\" \/>\n<script type=\"application\/ld+json\" class=\"yoast-schema-graph\">{\"@context\":\"https:\/\/schema.org\",\"@graph\":[{\"@type\":\"NewsArticle\",\"@id\":\"https:\/\/www.gaveanews.com\/index.php\/2022\/05\/17\/saiu-veja-a-escalacao-oficial-do-flamengo-para-o-jogo-contra-a-universidad-catolica\/#article\",\"isPartOf\":{\"@id\":\"https:\/\/www.gaveanews.com\/index.php\/2022\/05\/17\/saiu-veja-a-escalacao-oficial-do-flamengo-para-o-jogo-contra-a-universidad-catolica\/\"},\"author\":{\"name\":\"Let\u00edcia Gerheim\",\"@id\":\"https:\/\/www.gaveanews.com\/#\/schema\/person\/714c67050b836198af2450ba1c142a67\"},\"headline\":\"Saiu! Veja a escala\u00e7\u00e3o oficial do Flamengo para o jogo contra a Universidad Cat\u00f3lica\",\"datePublished\":\"2022-05-17T23:16:54+00:00\",\"dateModified\":\"2022-05-17T23:20:12+00:00\",\"mainEntityOfPage\":{\"@id\":\"https:\/\/www.gaveanews.com\/index.php\/2022\/05\/17\/saiu-veja-a-escalacao-oficial-do-flamengo-para-o-jogo-contra-a-universidad-catolica\/\"},\"wordCount\":360,\"commentCount\":0,\"image\":{\"@id\":\"https:\/\/www.gaveanews.com\/index.php\/2022\/05\/17\/saiu-veja-a-escalacao-oficial-do-flamengo-para-o-jogo-contra-a-universidad-catolica\/#primaryimage\"},\"thumbnailUrl\":\"https:\/\/www.gaveanews.com\/wp-content\/uploads\/Escalacao-oficial-do-Flamengo.webp\",\"articleSection\":[\"Flamengo\"],\"inLanguage\":\"pt-BR\",\"potentialAction\":[{\"@type\":\"CommentAction\",\"name\":\"Comment\",\"target\":[\"https:\/\/www.gaveanews.com\/index.php\/2022\/05\/17\/saiu-veja-a-escalacao-oficial-do-flamengo-para-o-jogo-contra-a-universidad-catolica\/#respond\"]}],\"copyrightYear\":\"2022\",\"copyrightHolder\":{\"@id\":\"https:\/\/www.gaveanews.com\/#organization\"}},{\"@type\":\"WebPage\",\"@id\":\"https:\/\/www.gaveanews.com\/index.php\/2022\/05\/17\/saiu-veja-a-escalacao-oficial-do-flamengo-para-o-jogo-contra-a-universidad-catolica\/\",\"url\":\"https:\/\/www.gaveanews.com\/index.php\/2022\/05\/17\/saiu-veja-a-escalacao-oficial-do-flamengo-para-o-jogo-contra-a-universidad-catolica\/\",\"name\":\"Saiu! Veja a escala\u00e7\u00e3o oficial do Flamengo para o jogo contra a Universidad Cat\u00f3lica\",\"isPartOf\":{\"@id\":\"https:\/\/www.gaveanews.com\/#website\"},\"primaryImageOfPage\":{\"@id\":\"https:\/\/www.gaveanews.com\/index.php\/2022\/05\/17\/saiu-veja-a-escalacao-oficial-do-flamengo-para-o-jogo-contra-a-universidad-catolica\/#primaryimage\"},\"image\":{\"@id\":\"https:\/\/www.gaveanews.com\/index.php\/2022\/05\/17\/saiu-veja-a-escalacao-oficial-do-flamengo-para-o-jogo-contra-a-universidad-catolica\/#primaryimage\"},\"thumbnailUrl\":\"https:\/\/www.gaveanews.com\/wp-content\/uploads\/Escalacao-oficial-do-Flamengo.webp\",\"datePublished\":\"2022-05-17T23:16:54+00:00\",\"dateModified\":\"2022-05-17T23:20:12+00:00\",\"author\":{\"@id\":\"https:\/\/www.gaveanews.com\/#\/schema\/person\/714c67050b836198af2450ba1c142a67\"},\"breadcrumb\":{\"@id\":\"https:\/\/www.gaveanews.com\/index.php\/2022\/05\/17\/saiu-veja-a-escalacao-oficial-do-flamengo-para-o-jogo-contra-a-universidad-catolica\/#breadcrumb\"},\"inLanguage\":\"pt-BR\",\"potentialAction\":[{\"@type\":\"ReadAction\",\"target\":[\"https:\/\/www.gaveanews.com\/index.php\/2022\/05\/17\/saiu-veja-a-escalacao-oficial-do-flamengo-para-o-jogo-contra-a-universidad-catolica\/\"]}]},{\"@type\":\"ImageObject\",\"inLanguage\":\"pt-BR\",\"@id\":\"https:\/\/www.gaveanews.com\/index.php\/2022\/05\/17\/saiu-veja-a-escalacao-oficial-do-flamengo-para-o-jogo-contra-a-universidad-catolica\/#primaryimage\",\"url\":\"https:\/\/www.gaveanews.com\/wp-content\/uploads\/Escalacao-oficial-do-Flamengo.webp\",\"contentUrl\":\"https:\/\/www.gaveanews.com\/wp-content\/uploads\/Escalacao-oficial-do-Flamengo.webp\",\"caption\":\"Confira a escala\u00e7\u00e3o oficial do Flamengo (Ilustra\u00e7\u00e3o: Editoria de Arte\/GaveaNews.com)\"},{\"@type\":\"BreadcrumbList\",\"@id\":\"https:\/\/www.gaveanews.com\/index.php\/2022\/05\/17\/saiu-veja-a-escalacao-oficial-do-flamengo-para-o-jogo-contra-a-universidad-catolica\/#breadcrumb\",\"itemListElement\":[{\"@type\":\"ListItem\",\"position\":1,\"name\":\"Home\",\"item\":\"https:\/\/www.gaveanews.com\/\"},{\"@type\":\"ListItem\",\"position\":2,\"name\":\"Saiu! Veja a escala\u00e7\u00e3o oficial do Flamengo para o jogo contra a Universidad Cat\u00f3lica\"}]},{\"@type\":\"WebSite\",\"@id\":\"https:\/\/www.gaveanews.com\/#website\",\"url\":\"https:\/\/www.gaveanews.com\/\",\"name\":\"G\u00e1vea News\",\"description\":\"Veja todas as not\u00edcias sobre o Flamengo: Contrata\u00e7\u00f5es, categorias de base, resultados das partidas, tabela de classifica\u00e7\u00e3o, pr\u00f3ximos jogos!\",\"potentialAction\":[{\"@type\":\"SearchAction\",\"target\":{\"@type\":\"EntryPoint\",\"urlTemplate\":\"https:\/\/www.gaveanews.com\/?s={search_term_string}\"},\"query-input\":{\"@type\":\"PropertyValueSpecification\",\"valueRequired\":true,\"valueName\":\"search_term_string\"}}],\"inLanguage\":\"pt-BR\"},{\"@type\":\"Person\",\"@id\":\"https:\/\/www.gaveanews.com\/#\/schema\/person\/714c67050b836198af2450ba1c142a67\",\"name\":\"Let\u00edcia Gerheim\",\"image\":{\"@type\":\"ImageObject\",\"inLanguage\":\"pt-BR\",\"@id\":\"https:\/\/www.gaveanews.com\/#\/schema\/person\/image\/\",\"url\":\"https:\/\/secure.gravatar.com\/avatar\/60734739c50fcebfbac509e2a826ccd0ff405c019bc73aab9354f19ecad1dcb4?s=96&d=mm&r=g\",\"contentUrl\":\"https:\/\/secure.gravatar.com\/avatar\/60734739c50fcebfbac509e2a826ccd0ff405c019bc73aab9354f19ecad1dcb4?s=96&d=mm&r=g\",\"caption\":\"Let\u00edcia Gerheim\"}}]}<\/script>\n<!-- \/ Yoast SEO Premium plugin. -->","yoast_head_json":{"title":"Saiu! Veja a escala\u00e7\u00e3o oficial do Flamengo para o jogo contra a Universidad Cat\u00f3lica","robots":{"index":"index","follow":"follow","max-snippet":"max-snippet:-1","max-image-preview":"max-image-preview:large","max-video-preview":"max-video-preview:-1"},"canonical":"https:\/\/www.gaveanews.com\/index.php\/2022\/05\/17\/saiu-veja-a-escalacao-oficial-do-flamengo-para-o-jogo-contra-a-universidad-catolica\/","og_locale":"pt_BR","og_type":"article","og_title":"Saiu! Veja a escala\u00e7\u00e3o oficial do Flamengo para o jogo contra a Universidad Cat\u00f3lica","og_description":"Nesta noite, o Flamengo enfrenta a Universidad Cat\u00f3lica pela 5\u00aa rodada da fase de grupos da Libertadores. O duelo acontecer\u00e1 \u00e0s 21h30 (hor\u00e1rio de Bras\u00edlia), no Maracan\u00e3, que recebe o Meng\u00e3o pela primeira vez ap\u00f3s a pausa para a implanta\u00e7\u00e3o da grama de inverno. Liderando o grupo H com 10 pontos, o Mais Querido ter\u00e1 [&hellip;]","og_url":"https:\/\/www.gaveanews.com\/index.php\/2022\/05\/17\/saiu-veja-a-escalacao-oficial-do-flamengo-para-o-jogo-contra-a-universidad-catolica\/","og_site_name":"G\u00e1vea News","article_publisher":"https:\/\/facebook.com\/gaveaNews\/","article_published_time":"2022-05-17T23:16:54+00:00","article_modified_time":"2022-05-17T23:20:12+00:00","og_image":[{"url":"https:\/\/www.gaveanews.com\/wp-content\/uploads\/Escalacao-oficial-do-Flamengo.webp","width":1,"height":1,"type":"image\/jpeg"}],"author":"Let\u00edcia Gerheim","twitter_card":"summary_large_image","twitter_misc":{"Escrito por":"Let\u00edcia Gerheim","Est. tempo de leitura":"2 minutos"},"schema":{"@context":"https:\/\/schema.org","@graph":[{"@type":"NewsArticle","@id":"https:\/\/www.gaveanews.com\/index.php\/2022\/05\/17\/saiu-veja-a-escalacao-oficial-do-flamengo-para-o-jogo-contra-a-universidad-catolica\/#article","isPartOf":{"@id":"https:\/\/www.gaveanews.com\/index.php\/2022\/05\/17\/saiu-veja-a-escalacao-oficial-do-flamengo-para-o-jogo-contra-a-universidad-catolica\/"},"author":{"name":"Let\u00edcia Gerheim","@id":"https:\/\/www.gaveanews.com\/#\/schema\/person\/714c67050b836198af2450ba1c142a67"},"headline":"Saiu! Veja a escala\u00e7\u00e3o oficial do Flamengo para o jogo contra a Universidad Cat\u00f3lica","datePublished":"2022-05-17T23:16:54+00:00","dateModified":"2022-05-17T23:20:12+00:00","mainEntityOfPage":{"@id":"https:\/\/www.gaveanews.com\/index.php\/2022\/05\/17\/saiu-veja-a-escalacao-oficial-do-flamengo-para-o-jogo-contra-a-universidad-catolica\/"},"wordCount":360,"commentCount":0,"image":{"@id":"https:\/\/www.gaveanews.com\/index.php\/2022\/05\/17\/saiu-veja-a-escalacao-oficial-do-flamengo-para-o-jogo-contra-a-universidad-catolica\/#primaryimage"},"thumbnailUrl":"https:\/\/www.gaveanews.com\/wp-content\/uploads\/Escalacao-oficial-do-Flamengo.webp","articleSection":["Flamengo"],"inLanguage":"pt-BR","potentialAction":[{"@type":"CommentAction","name":"Comment","target":["https:\/\/www.gaveanews.com\/index.php\/2022\/05\/17\/saiu-veja-a-escalacao-oficial-do-flamengo-para-o-jogo-contra-a-universidad-catolica\/#respond"]}],"copyrightYear":"2022","copyrightHolder":{"@id":"https:\/\/www.gaveanews.com\/#organization"}},{"@type":"WebPage","@id":"https:\/\/www.gaveanews.com\/index.php\/2022\/05\/17\/saiu-veja-a-escalacao-oficial-do-flamengo-para-o-jogo-contra-a-universidad-catolica\/","url":"https:\/\/www.gaveanews.com\/index.php\/2022\/05\/17\/saiu-veja-a-escalacao-oficial-do-flamengo-para-o-jogo-contra-a-universidad-catolica\/","name":"Saiu! Veja a escala\u00e7\u00e3o oficial do Flamengo para o jogo contra a Universidad Cat\u00f3lica","isPartOf":{"@id":"https:\/\/www.gaveanews.com\/#website"},"primaryImageOfPage":{"@id":"https:\/\/www.gaveanews.com\/index.php\/2022\/05\/17\/saiu-veja-a-escalacao-oficial-do-flamengo-para-o-jogo-contra-a-universidad-catolica\/#primaryimage"},"image":{"@id":"https:\/\/www.gaveanews.com\/index.php\/2022\/05\/17\/saiu-veja-a-escalacao-oficial-do-flamengo-para-o-jogo-contra-a-universidad-catolica\/#primaryimage"},"thumbnailUrl":"https:\/\/www.gaveanews.com\/wp-content\/uploads\/Escalacao-oficial-do-Flamengo.webp","datePublished":"2022-05-17T23:16:54+00:00","dateModified":"2022-05-17T23:20:12+00:00","author":{"@id":"https:\/\/www.gaveanews.com\/#\/schema\/person\/714c67050b836198af2450ba1c142a67"},"breadcrumb":{"@id":"https:\/\/www.gaveanews.com\/index.php\/2022\/05\/17\/saiu-veja-a-escalacao-oficial-do-flamengo-para-o-jogo-contra-a-universidad-catolica\/#breadcrumb"},"inLanguage":"pt-BR","potentialAction":[{"@type":"ReadAction","target":["https:\/\/www.gaveanews.com\/index.php\/2022\/05\/17\/saiu-veja-a-escalacao-oficial-do-flamengo-para-o-jogo-contra-a-universidad-catolica\/"]}]},{"@type":"ImageObject","inLanguage":"pt-BR","@id":"https:\/\/www.gaveanews.com\/index.php\/2022\/05\/17\/saiu-veja-a-escalacao-oficial-do-flamengo-para-o-jogo-contra-a-universidad-catolica\/#primaryimage","url":"https:\/\/www.gaveanews.com\/wp-content\/uploads\/Escalacao-oficial-do-Flamengo.webp","contentUrl":"https:\/\/www.gaveanews.com\/wp-content\/uploads\/Escalacao-oficial-do-Flamengo.webp","caption":"Confira a escala\u00e7\u00e3o oficial do Flamengo (Ilustra\u00e7\u00e3o: Editoria de Arte\/GaveaNews.com)"},{"@type":"BreadcrumbList","@id":"https:\/\/www.gaveanews.com\/index.php\/2022\/05\/17\/saiu-veja-a-escalacao-oficial-do-flamengo-para-o-jogo-contra-a-universidad-catolica\/#breadcrumb","itemListElement":[{"@type":"ListItem","position":1,"name":"Home","item":"https:\/\/www.gaveanews.com\/"},{"@type":"ListItem","position":2,"name":"Saiu! Veja a escala\u00e7\u00e3o oficial do Flamengo para o jogo contra a Universidad Cat\u00f3lica"}]},{"@type":"WebSite","@id":"https:\/\/www.gaveanews.com\/#website","url":"https:\/\/www.gaveanews.com\/","name":"G\u00e1vea News","description":"Veja todas as not\u00edcias sobre o Flamengo: Contrata\u00e7\u00f5es, categorias de base, resultados das partidas, tabela de classifica\u00e7\u00e3o, pr\u00f3ximos jogos!","potentialAction":[{"@type":"SearchAction","target":{"@type":"EntryPoint","urlTemplate":"https:\/\/www.gaveanews.com\/?s={search_term_string}"},"query-input":{"@type":"PropertyValueSpecification","valueRequired":true,"valueName":"search_term_string"}}],"inLanguage":"pt-BR"},{"@type":"Person","@id":"https:\/\/www.gaveanews.com\/#\/schema\/person\/714c67050b836198af2450ba1c142a67","name":"Let\u00edcia Gerheim","image":{"@type":"ImageObject","inLanguage":"pt-BR","@id":"https:\/\/www.gaveanews.com\/#\/schema\/person\/image\/","url":"https:\/\/secure.gravatar.com\/avatar\/60734739c50fcebfbac509e2a826ccd0ff405c019bc73aab9354f19ecad1dcb4?s=96&d=mm&r=g","contentUrl":"https:\/\/secure.gravatar.com\/avatar\/60734739c50fcebfbac509e2a826ccd0ff405c019bc73aab9354f19ecad1dcb4?s=96&d=mm&r=g","caption":"Let\u00edcia Gerheim"}}]}},"_links":{"self":[{"href":"https:\/\/www.gaveanews.com\/index.php\/wp-json\/wp\/v2\/posts\/81709","targetHints":{"allow":["GET"]}}],"collection":[{"href":"https:\/\/www.gaveanews.com\/index.php\/wp-json\/wp\/v2\/posts"}],"about":[{"href":"https:\/\/www.gaveanews.com\/index.php\/wp-json\/wp\/v2\/types\/post"}],"author":[{"embeddable":true,"href":"https:\/\/www.gaveanews.com\/index.php\/wp-json\/wp\/v2\/users\/4"}],"replies":[{"embeddable":true,"href":"https:\/\/www.gaveanews.com\/index.php\/wp-json\/wp\/v2\/comments?post=81709"}],"version-history":[{"count":0,"href":"https:\/\/www.gaveanews.com\/index.php\/wp-json\/wp\/v2\/posts\/81709\/revisions"}],"wp:featuredmedia":[{"embeddable":true,"href":"https:\/\/www.gaveanews.com\/index.php\/wp-json\/wp\/v2\/media\/30000"}],"wp:attachment":[{"href":"https:\/\/www.gaveanews.com\/index.php\/wp-json\/wp\/v2\/media?parent=81709"}],"wp:term":[{"taxonomy":"category","embeddable":true,"href":"https:\/\/www.gaveanews.com\/index.php\/wp-json\/wp\/v2\/categories?post=81709"},{"taxonomy":"post_tag","embeddable":true,"href":"https:\/\/www.gaveanews.com\/index.php\/wp-json\/wp\/v2\/tags?post=81709"}],"curies":[{"name":"wp","href":"https:\/\/api.w.org\/{rel}","templated":true}]}}