{"id":81716,"date":"2022-05-17T12:27:47","date_gmt":"2022-05-17T15:27:47","guid":{"rendered":"https:\/\/www.gaveanews.com\/?p=81716"},"modified":"2022-05-17T12:27:49","modified_gmt":"2022-05-17T15:27:49","slug":"diretoria-do-flamengo-afirma-que-jorge-jesus-nao-retorna-nesta-gestao","status":"publish","type":"post","link":"https:\/\/www.gaveanews.com\/index.php\/2022\/05\/17\/diretoria-do-flamengo-afirma-que-jorge-jesus-nao-retorna-nesta-gestao\/","title":{"rendered":"Diretoria do Flamengo afirma que Jorge Jesus n\u00e3o retorna nesta gest\u00e3o"},"content":{"rendered":"\n<p>A torcida rubro-negra est\u00e1 bastante insatisfeita com o rendimento do elenco da G\u00e1vea e tem mostrado sua indigna\u00e7\u00e3o de diversas formas. Juntamente com as reclama\u00e7\u00f5es sobre os dirigentes do clube, h\u00e1 a exig\u00eancia da demiss\u00e3o de Paulo Sousa e o retorno de Jorge Jesus no comando da equipe.<\/p>\n\n\n\n<p>Na \u00faltima segunda-feira (16), milhares de torcedores do Flamengo fizeram um tuita\u00e7o pedindo a demiss\u00e3o do atual t\u00e9cnico e o retorno de JJ. Os esfor\u00e7os, no entanto, foram em v\u00e3o. Nesta manh\u00e3, a jornalista Julia Malak informou que a diretoria do clube se mant\u00e9m bastante firme sobre o tema e afirma que Jorge Jesus n\u00e3o volta para o time na atual gest\u00e3o.<\/p>\n\n\n\n<p>Os dirigentes, inclusive, entraram em contato com Paulo Sousa ap\u00f3s as movimenta\u00e7\u00f5es de ontem nas redes sociais para refor\u00e7ar o apoio ao seu trabalho no Flamengo. Apesar disso, a situa\u00e7\u00e3o do treinador ainda assim \u00e9 complicada.<\/p>\n\n\n\n<p>A informa\u00e7\u00e3o \u00e9 de que os pr\u00f3ximos cinco jogos do Rubro-Negro ser\u00e3o como finais para o t\u00e9cnico. As partidas acontecer\u00e3o no Rio de Janeiro e poder\u00e3o selar o futuro de Paulo Sousa no comando do Fla.<\/p>\n\n\n\n<p>A sequ\u00eancia come\u00e7a nesta ter\u00e7a-feira (17), quando o Flamengo recebe a Universidad Cat\u00f3lica pela 5\u00aa rodada da fase de grupos da Libertadores. O confronto ocorrer\u00e1 \u00e0s 21h30 (hor\u00e1rio de Bras\u00edlia), no Maracan\u00e3.<\/p>\n\n\n\n<ul class=\"wp-block-list\"><li><a href=\"https:\/\/www.gaveanews.com\/index.php\/2022\/05\/16\/saiba-onde-assistir-flamengo-x-universidad-catolica-pela-libertadores\/\">Saiba onde assistir Flamengo x Universidad Cat\u00f3lica;<\/a><\/li><li><a href=\"https:\/\/www.gaveanews.com\/index.php\/2022\/05\/17\/veja-a-provavel-escalacao-do-flamengo-para-o-jogo-contra-a-universidad-catolica\/\">Confira a prov\u00e1vel escala\u00e7\u00e3o do Flamengo contra a Cat\u00f3lica.<\/a><\/li><\/ul>\n","protected":false},"excerpt":{"rendered":"<p>A torcida rubro-negra est\u00e1 bastante insatisfeita com o rendimento do elenco da G\u00e1vea e tem mostrado sua indigna\u00e7\u00e3o de diversas formas. Juntamente com as reclama\u00e7\u00f5es sobre os dirigentes do clube, h\u00e1 a exig\u00eancia da demiss\u00e3o de Paulo Sousa e o retorno de Jorge Jesus no comando da equipe. Na \u00faltima segunda-feira (16), milhares de torcedores [&hellip;]<\/p>\n","protected":false},"author":4,"featured_media":72644,"comment_status":"open","ping_status":"closed","sticky":false,"template":"","format":"standard","meta":{"footnotes":""},"categories":[47],"tags":[],"class_list":["post-81716","post","type-post","status-publish","format-standard","has-post-thumbnail","hentry","category-destaques"],"yoast_head":"<!-- This site is optimized with the Yoast SEO Premium plugin v24.2 (Yoast SEO v26.9) - https:\/\/yoast.com\/product\/yoast-seo-premium-wordpress\/ -->\n<title>Diretoria do Flamengo afirma que Jorge Jesus n\u00e3o retorna nesta gest\u00e3o<\/title>\n<meta name=\"robots\" content=\"index, follow, max-snippet:-1, max-image-preview:large, max-video-preview:-1\" \/>\n<link rel=\"canonical\" href=\"https:\/\/www.gaveanews.com\/index.php\/2022\/05\/17\/diretoria-do-flamengo-afirma-que-jorge-jesus-nao-retorna-nesta-gestao\/\" \/>\n<meta property=\"og:locale\" content=\"pt_BR\" \/>\n<meta property=\"og:type\" content=\"article\" \/>\n<meta property=\"og:title\" content=\"Diretoria do Flamengo afirma que Jorge Jesus n\u00e3o retorna nesta gest\u00e3o\" \/>\n<meta property=\"og:description\" content=\"A torcida rubro-negra est\u00e1 bastante insatisfeita com o rendimento do elenco da G\u00e1vea e tem mostrado sua indigna\u00e7\u00e3o de diversas formas. Juntamente com as reclama\u00e7\u00f5es sobre os dirigentes do clube, h\u00e1 a exig\u00eancia da demiss\u00e3o de Paulo Sousa e o retorno de Jorge Jesus no comando da equipe. Na \u00faltima segunda-feira (16), milhares de torcedores [&hellip;]\" \/>\n<meta property=\"og:url\" content=\"https:\/\/www.gaveanews.com\/index.php\/2022\/05\/17\/diretoria-do-flamengo-afirma-que-jorge-jesus-nao-retorna-nesta-gestao\/\" \/>\n<meta property=\"og:site_name\" content=\"G\u00e1vea News\" \/>\n<meta property=\"article:publisher\" content=\"https:\/\/facebook.com\/gaveaNews\/\" \/>\n<meta property=\"article:published_time\" content=\"2022-05-17T15:27:47+00:00\" \/>\n<meta property=\"article:modified_time\" content=\"2022-05-17T15:27:49+00:00\" \/>\n<meta property=\"og:image\" content=\"https:\/\/www.gaveanews.com\/wp-content\/uploads\/Jorge-Jesus-em-entrevista-coletiva-no-Ninho-do-Urubu.webp\" \/>\n\t<meta property=\"og:image:width\" content=\"799\" \/>\n\t<meta property=\"og:image:height\" content=\"532\" \/>\n\t<meta property=\"og:image:type\" content=\"image\/jpeg\" \/>\n<meta name=\"author\" content=\"Let\u00edcia Gerheim\" \/>\n<meta name=\"twitter:card\" content=\"summary_large_image\" \/>\n<meta name=\"twitter:label1\" content=\"Escrito por\" \/>\n\t<meta name=\"twitter:data1\" content=\"Let\u00edcia Gerheim\" \/>\n\t<meta name=\"twitter:label2\" content=\"Est. tempo de leitura\" \/>\n\t<meta name=\"twitter:data2\" content=\"2 minutos\" \/>\n<script type=\"application\/ld+json\" class=\"yoast-schema-graph\">{\"@context\":\"https:\/\/schema.org\",\"@graph\":[{\"@type\":\"NewsArticle\",\"@id\":\"https:\/\/www.gaveanews.com\/index.php\/2022\/05\/17\/diretoria-do-flamengo-afirma-que-jorge-jesus-nao-retorna-nesta-gestao\/#article\",\"isPartOf\":{\"@id\":\"https:\/\/www.gaveanews.com\/index.php\/2022\/05\/17\/diretoria-do-flamengo-afirma-que-jorge-jesus-nao-retorna-nesta-gestao\/\"},\"author\":{\"name\":\"Let\u00edcia Gerheim\",\"@id\":\"https:\/\/www.gaveanews.com\/#\/schema\/person\/714c67050b836198af2450ba1c142a67\"},\"headline\":\"Diretoria do Flamengo afirma que Jorge Jesus n\u00e3o retorna nesta gest\u00e3o\",\"datePublished\":\"2022-05-17T15:27:47+00:00\",\"dateModified\":\"2022-05-17T15:27:49+00:00\",\"mainEntityOfPage\":{\"@id\":\"https:\/\/www.gaveanews.com\/index.php\/2022\/05\/17\/diretoria-do-flamengo-afirma-que-jorge-jesus-nao-retorna-nesta-gestao\/\"},\"wordCount\":271,\"commentCount\":0,\"image\":{\"@id\":\"https:\/\/www.gaveanews.com\/index.php\/2022\/05\/17\/diretoria-do-flamengo-afirma-que-jorge-jesus-nao-retorna-nesta-gestao\/#primaryimage\"},\"thumbnailUrl\":\"https:\/\/www.gaveanews.com\/wp-content\/uploads\/Jorge-Jesus-em-entrevista-coletiva-no-Ninho-do-Urubu.webp\",\"articleSection\":[\"Destaques\"],\"inLanguage\":\"pt-BR\",\"potentialAction\":[{\"@type\":\"CommentAction\",\"name\":\"Comment\",\"target\":[\"https:\/\/www.gaveanews.com\/index.php\/2022\/05\/17\/diretoria-do-flamengo-afirma-que-jorge-jesus-nao-retorna-nesta-gestao\/#respond\"]}],\"copyrightYear\":\"2022\",\"copyrightHolder\":{\"@id\":\"https:\/\/www.gaveanews.com\/#organization\"}},{\"@type\":\"WebPage\",\"@id\":\"https:\/\/www.gaveanews.com\/index.php\/2022\/05\/17\/diretoria-do-flamengo-afirma-que-jorge-jesus-nao-retorna-nesta-gestao\/\",\"url\":\"https:\/\/www.gaveanews.com\/index.php\/2022\/05\/17\/diretoria-do-flamengo-afirma-que-jorge-jesus-nao-retorna-nesta-gestao\/\",\"name\":\"Diretoria do Flamengo afirma que Jorge Jesus n\u00e3o retorna nesta gest\u00e3o\",\"isPartOf\":{\"@id\":\"https:\/\/www.gaveanews.com\/#website\"},\"primaryImageOfPage\":{\"@id\":\"https:\/\/www.gaveanews.com\/index.php\/2022\/05\/17\/diretoria-do-flamengo-afirma-que-jorge-jesus-nao-retorna-nesta-gestao\/#primaryimage\"},\"image\":{\"@id\":\"https:\/\/www.gaveanews.com\/index.php\/2022\/05\/17\/diretoria-do-flamengo-afirma-que-jorge-jesus-nao-retorna-nesta-gestao\/#primaryimage\"},\"thumbnailUrl\":\"https:\/\/www.gaveanews.com\/wp-content\/uploads\/Jorge-Jesus-em-entrevista-coletiva-no-Ninho-do-Urubu.webp\",\"datePublished\":\"2022-05-17T15:27:47+00:00\",\"dateModified\":\"2022-05-17T15:27:49+00:00\",\"author\":{\"@id\":\"https:\/\/www.gaveanews.com\/#\/schema\/person\/714c67050b836198af2450ba1c142a67\"},\"breadcrumb\":{\"@id\":\"https:\/\/www.gaveanews.com\/index.php\/2022\/05\/17\/diretoria-do-flamengo-afirma-que-jorge-jesus-nao-retorna-nesta-gestao\/#breadcrumb\"},\"inLanguage\":\"pt-BR\",\"potentialAction\":[{\"@type\":\"ReadAction\",\"target\":[\"https:\/\/www.gaveanews.com\/index.php\/2022\/05\/17\/diretoria-do-flamengo-afirma-que-jorge-jesus-nao-retorna-nesta-gestao\/\"]}]},{\"@type\":\"ImageObject\",\"inLanguage\":\"pt-BR\",\"@id\":\"https:\/\/www.gaveanews.com\/index.php\/2022\/05\/17\/diretoria-do-flamengo-afirma-que-jorge-jesus-nao-retorna-nesta-gestao\/#primaryimage\",\"url\":\"https:\/\/www.gaveanews.com\/wp-content\/uploads\/Jorge-Jesus-em-entrevista-coletiva-no-Ninho-do-Urubu.webp\",\"contentUrl\":\"https:\/\/www.gaveanews.com\/wp-content\/uploads\/Jorge-Jesus-em-entrevista-coletiva-no-Ninho-do-Urubu.webp\",\"width\":799,\"height\":532,\"caption\":\"Jorge Jesus em entrevista coletiva no Ninho do Urubu (Foto: Alexandre Vidal\/Flamengo)\"},{\"@type\":\"BreadcrumbList\",\"@id\":\"https:\/\/www.gaveanews.com\/index.php\/2022\/05\/17\/diretoria-do-flamengo-afirma-que-jorge-jesus-nao-retorna-nesta-gestao\/#breadcrumb\",\"itemListElement\":[{\"@type\":\"ListItem\",\"position\":1,\"name\":\"Home\",\"item\":\"https:\/\/www.gaveanews.com\/\"},{\"@type\":\"ListItem\",\"position\":2,\"name\":\"Diretoria do Flamengo afirma que Jorge Jesus n\u00e3o retorna nesta gest\u00e3o\"}]},{\"@type\":\"WebSite\",\"@id\":\"https:\/\/www.gaveanews.com\/#website\",\"url\":\"https:\/\/www.gaveanews.com\/\",\"name\":\"G\u00e1vea News\",\"description\":\"Veja todas as not\u00edcias sobre o Flamengo: Contrata\u00e7\u00f5es, categorias de base, resultados das partidas, tabela de classifica\u00e7\u00e3o, pr\u00f3ximos jogos!\",\"potentialAction\":[{\"@type\":\"SearchAction\",\"target\":{\"@type\":\"EntryPoint\",\"urlTemplate\":\"https:\/\/www.gaveanews.com\/?s={search_term_string}\"},\"query-input\":{\"@type\":\"PropertyValueSpecification\",\"valueRequired\":true,\"valueName\":\"search_term_string\"}}],\"inLanguage\":\"pt-BR\"},{\"@type\":\"Person\",\"@id\":\"https:\/\/www.gaveanews.com\/#\/schema\/person\/714c67050b836198af2450ba1c142a67\",\"name\":\"Let\u00edcia Gerheim\",\"image\":{\"@type\":\"ImageObject\",\"inLanguage\":\"pt-BR\",\"@id\":\"https:\/\/www.gaveanews.com\/#\/schema\/person\/image\/\",\"url\":\"https:\/\/secure.gravatar.com\/avatar\/60734739c50fcebfbac509e2a826ccd0ff405c019bc73aab9354f19ecad1dcb4?s=96&d=mm&r=g\",\"contentUrl\":\"https:\/\/secure.gravatar.com\/avatar\/60734739c50fcebfbac509e2a826ccd0ff405c019bc73aab9354f19ecad1dcb4?s=96&d=mm&r=g\",\"caption\":\"Let\u00edcia Gerheim\"}}]}<\/script>\n<!-- \/ Yoast SEO Premium plugin. -->","yoast_head_json":{"title":"Diretoria do Flamengo afirma que Jorge Jesus n\u00e3o retorna nesta gest\u00e3o","robots":{"index":"index","follow":"follow","max-snippet":"max-snippet:-1","max-image-preview":"max-image-preview:large","max-video-preview":"max-video-preview:-1"},"canonical":"https:\/\/www.gaveanews.com\/index.php\/2022\/05\/17\/diretoria-do-flamengo-afirma-que-jorge-jesus-nao-retorna-nesta-gestao\/","og_locale":"pt_BR","og_type":"article","og_title":"Diretoria do Flamengo afirma que Jorge Jesus n\u00e3o retorna nesta gest\u00e3o","og_description":"A torcida rubro-negra est\u00e1 bastante insatisfeita com o rendimento do elenco da G\u00e1vea e tem mostrado sua indigna\u00e7\u00e3o de diversas formas. Juntamente com as reclama\u00e7\u00f5es sobre os dirigentes do clube, h\u00e1 a exig\u00eancia da demiss\u00e3o de Paulo Sousa e o retorno de Jorge Jesus no comando da equipe. Na \u00faltima segunda-feira (16), milhares de torcedores [&hellip;]","og_url":"https:\/\/www.gaveanews.com\/index.php\/2022\/05\/17\/diretoria-do-flamengo-afirma-que-jorge-jesus-nao-retorna-nesta-gestao\/","og_site_name":"G\u00e1vea News","article_publisher":"https:\/\/facebook.com\/gaveaNews\/","article_published_time":"2022-05-17T15:27:47+00:00","article_modified_time":"2022-05-17T15:27:49+00:00","og_image":[{"width":799,"height":532,"url":"https:\/\/www.gaveanews.com\/wp-content\/uploads\/Jorge-Jesus-em-entrevista-coletiva-no-Ninho-do-Urubu.webp","type":"image\/jpeg"}],"author":"Let\u00edcia Gerheim","twitter_card":"summary_large_image","twitter_misc":{"Escrito por":"Let\u00edcia Gerheim","Est. tempo de leitura":"2 minutos"},"schema":{"@context":"https:\/\/schema.org","@graph":[{"@type":"NewsArticle","@id":"https:\/\/www.gaveanews.com\/index.php\/2022\/05\/17\/diretoria-do-flamengo-afirma-que-jorge-jesus-nao-retorna-nesta-gestao\/#article","isPartOf":{"@id":"https:\/\/www.gaveanews.com\/index.php\/2022\/05\/17\/diretoria-do-flamengo-afirma-que-jorge-jesus-nao-retorna-nesta-gestao\/"},"author":{"name":"Let\u00edcia Gerheim","@id":"https:\/\/www.gaveanews.com\/#\/schema\/person\/714c67050b836198af2450ba1c142a67"},"headline":"Diretoria do Flamengo afirma que Jorge Jesus n\u00e3o retorna nesta gest\u00e3o","datePublished":"2022-05-17T15:27:47+00:00","dateModified":"2022-05-17T15:27:49+00:00","mainEntityOfPage":{"@id":"https:\/\/www.gaveanews.com\/index.php\/2022\/05\/17\/diretoria-do-flamengo-afirma-que-jorge-jesus-nao-retorna-nesta-gestao\/"},"wordCount":271,"commentCount":0,"image":{"@id":"https:\/\/www.gaveanews.com\/index.php\/2022\/05\/17\/diretoria-do-flamengo-afirma-que-jorge-jesus-nao-retorna-nesta-gestao\/#primaryimage"},"thumbnailUrl":"https:\/\/www.gaveanews.com\/wp-content\/uploads\/Jorge-Jesus-em-entrevista-coletiva-no-Ninho-do-Urubu.webp","articleSection":["Destaques"],"inLanguage":"pt-BR","potentialAction":[{"@type":"CommentAction","name":"Comment","target":["https:\/\/www.gaveanews.com\/index.php\/2022\/05\/17\/diretoria-do-flamengo-afirma-que-jorge-jesus-nao-retorna-nesta-gestao\/#respond"]}],"copyrightYear":"2022","copyrightHolder":{"@id":"https:\/\/www.gaveanews.com\/#organization"}},{"@type":"WebPage","@id":"https:\/\/www.gaveanews.com\/index.php\/2022\/05\/17\/diretoria-do-flamengo-afirma-que-jorge-jesus-nao-retorna-nesta-gestao\/","url":"https:\/\/www.gaveanews.com\/index.php\/2022\/05\/17\/diretoria-do-flamengo-afirma-que-jorge-jesus-nao-retorna-nesta-gestao\/","name":"Diretoria do Flamengo afirma que Jorge Jesus n\u00e3o retorna nesta gest\u00e3o","isPartOf":{"@id":"https:\/\/www.gaveanews.com\/#website"},"primaryImageOfPage":{"@id":"https:\/\/www.gaveanews.com\/index.php\/2022\/05\/17\/diretoria-do-flamengo-afirma-que-jorge-jesus-nao-retorna-nesta-gestao\/#primaryimage"},"image":{"@id":"https:\/\/www.gaveanews.com\/index.php\/2022\/05\/17\/diretoria-do-flamengo-afirma-que-jorge-jesus-nao-retorna-nesta-gestao\/#primaryimage"},"thumbnailUrl":"https:\/\/www.gaveanews.com\/wp-content\/uploads\/Jorge-Jesus-em-entrevista-coletiva-no-Ninho-do-Urubu.webp","datePublished":"2022-05-17T15:27:47+00:00","dateModified":"2022-05-17T15:27:49+00:00","author":{"@id":"https:\/\/www.gaveanews.com\/#\/schema\/person\/714c67050b836198af2450ba1c142a67"},"breadcrumb":{"@id":"https:\/\/www.gaveanews.com\/index.php\/2022\/05\/17\/diretoria-do-flamengo-afirma-que-jorge-jesus-nao-retorna-nesta-gestao\/#breadcrumb"},"inLanguage":"pt-BR","potentialAction":[{"@type":"ReadAction","target":["https:\/\/www.gaveanews.com\/index.php\/2022\/05\/17\/diretoria-do-flamengo-afirma-que-jorge-jesus-nao-retorna-nesta-gestao\/"]}]},{"@type":"ImageObject","inLanguage":"pt-BR","@id":"https:\/\/www.gaveanews.com\/index.php\/2022\/05\/17\/diretoria-do-flamengo-afirma-que-jorge-jesus-nao-retorna-nesta-gestao\/#primaryimage","url":"https:\/\/www.gaveanews.com\/wp-content\/uploads\/Jorge-Jesus-em-entrevista-coletiva-no-Ninho-do-Urubu.webp","contentUrl":"https:\/\/www.gaveanews.com\/wp-content\/uploads\/Jorge-Jesus-em-entrevista-coletiva-no-Ninho-do-Urubu.webp","width":799,"height":532,"caption":"Jorge Jesus em entrevista coletiva no Ninho do Urubu (Foto: Alexandre Vidal\/Flamengo)"},{"@type":"BreadcrumbList","@id":"https:\/\/www.gaveanews.com\/index.php\/2022\/05\/17\/diretoria-do-flamengo-afirma-que-jorge-jesus-nao-retorna-nesta-gestao\/#breadcrumb","itemListElement":[{"@type":"ListItem","position":1,"name":"Home","item":"https:\/\/www.gaveanews.com\/"},{"@type":"ListItem","position":2,"name":"Diretoria do Flamengo afirma que Jorge Jesus n\u00e3o retorna nesta gest\u00e3o"}]},{"@type":"WebSite","@id":"https:\/\/www.gaveanews.com\/#website","url":"https:\/\/www.gaveanews.com\/","name":"G\u00e1vea News","description":"Veja todas as not\u00edcias sobre o Flamengo: Contrata\u00e7\u00f5es, categorias de base, resultados das partidas, tabela de classifica\u00e7\u00e3o, pr\u00f3ximos jogos!","potentialAction":[{"@type":"SearchAction","target":{"@type":"EntryPoint","urlTemplate":"https:\/\/www.gaveanews.com\/?s={search_term_string}"},"query-input":{"@type":"PropertyValueSpecification","valueRequired":true,"valueName":"search_term_string"}}],"inLanguage":"pt-BR"},{"@type":"Person","@id":"https:\/\/www.gaveanews.com\/#\/schema\/person\/714c67050b836198af2450ba1c142a67","name":"Let\u00edcia Gerheim","image":{"@type":"ImageObject","inLanguage":"pt-BR","@id":"https:\/\/www.gaveanews.com\/#\/schema\/person\/image\/","url":"https:\/\/secure.gravatar.com\/avatar\/60734739c50fcebfbac509e2a826ccd0ff405c019bc73aab9354f19ecad1dcb4?s=96&d=mm&r=g","contentUrl":"https:\/\/secure.gravatar.com\/avatar\/60734739c50fcebfbac509e2a826ccd0ff405c019bc73aab9354f19ecad1dcb4?s=96&d=mm&r=g","caption":"Let\u00edcia Gerheim"}}]}},"_links":{"self":[{"href":"https:\/\/www.gaveanews.com\/index.php\/wp-json\/wp\/v2\/posts\/81716","targetHints":{"allow":["GET"]}}],"collection":[{"href":"https:\/\/www.gaveanews.com\/index.php\/wp-json\/wp\/v2\/posts"}],"about":[{"href":"https:\/\/www.gaveanews.com\/index.php\/wp-json\/wp\/v2\/types\/post"}],"author":[{"embeddable":true,"href":"https:\/\/www.gaveanews.com\/index.php\/wp-json\/wp\/v2\/users\/4"}],"replies":[{"embeddable":true,"href":"https:\/\/www.gaveanews.com\/index.php\/wp-json\/wp\/v2\/comments?post=81716"}],"version-history":[{"count":0,"href":"https:\/\/www.gaveanews.com\/index.php\/wp-json\/wp\/v2\/posts\/81716\/revisions"}],"wp:featuredmedia":[{"embeddable":true,"href":"https:\/\/www.gaveanews.com\/index.php\/wp-json\/wp\/v2\/media\/72644"}],"wp:attachment":[{"href":"https:\/\/www.gaveanews.com\/index.php\/wp-json\/wp\/v2\/media?parent=81716"}],"wp:term":[{"taxonomy":"category","embeddable":true,"href":"https:\/\/www.gaveanews.com\/index.php\/wp-json\/wp\/v2\/categories?post=81716"},{"taxonomy":"post_tag","embeddable":true,"href":"https:\/\/www.gaveanews.com\/index.php\/wp-json\/wp\/v2\/tags?post=81716"}],"curies":[{"name":"wp","href":"https:\/\/api.w.org\/{rel}","templated":true}]}}