{"id":81723,"date":"2022-05-17T14:37:16","date_gmt":"2022-05-17T17:37:16","guid":{"rendered":"https:\/\/www.gaveanews.com\/?p=81723"},"modified":"2022-05-17T14:37:18","modified_gmt":"2022-05-17T17:37:18","slug":"sequencia-de-finais-de-paulo-sousa-no-flamengo-comeca-nesta-terca-feira","status":"publish","type":"post","link":"https:\/\/www.gaveanews.com\/index.php\/2022\/05\/17\/sequencia-de-finais-de-paulo-sousa-no-flamengo-comeca-nesta-terca-feira\/","title":{"rendered":"Sequ\u00eancia de &#8220;finais&#8221; de Paulo Sousa no Flamengo come\u00e7a nesta ter\u00e7a-feira"},"content":{"rendered":"\n<p>A vida de Paulo Sousa no Flamengo n\u00e3o \u00e9 l\u00e1 das melhores. Al\u00e9m de ser pressionado pela torcida rubro-negra a fazer com que o time melhore seu desempenho, o t\u00e9cnico agora tamb\u00e9m sofre press\u00e3o interna para que o rendimento da equipe aumente.<\/p>\n\n\n\n<ul class=\"wp-block-list\"><li><a href=\"https:\/\/www.gaveanews.com\/index.php\/2022\/05\/17\/veja-a-provavel-escalacao-do-flamengo-para-o-jogo-contra-a-universidad-catolica\/\">Confira a prov\u00e1vel escala\u00e7\u00e3o do Flamengo contra a Universidad Cat\u00f3lica;<\/a><\/li><li><a href=\"https:\/\/www.gaveanews.com\/index.php\/2022\/05\/17\/elenco-do-flamengo-tem-nova-lesao-confirmada\/\">Flamengo confirma mais uma les\u00e3o nesta ter\u00e7a-feira (17).<\/a><\/li><\/ul>\n\n\n\n<p>A partir desta ter\u00e7a-feira (17), o treinador passar\u00e1 por um per\u00edodo cr\u00edtico no comando do Meng\u00e3o. Isso porque o time far\u00e1 uma sequ\u00eancia de cinco jogos em casa, os quais poder\u00e3o selar o futuro do portugu\u00eas na equipe.<\/p>\n\n\n\n<p>Dos cinco compromissos, dois s\u00e3o v\u00e1lidos pela Libertadores e tr\u00eas pelo Brasileir\u00e3o, onde o Flamengo est\u00e1 em um momento bastante delicado. O Rubro-Negro atualmente est\u00e1 na 16\u00aa posi\u00e7\u00e3o da tabela, onde beira a zona de rebaixamento com 6 pontos.<\/p>\n\n\n\n<p>Sendo assim, os jogos contra Goi\u00e1s (21\/05), Fluminense (29) e Fortaleza (05\/06) poder\u00e3o trazer resultados significativos na tabela caso o Mais Querido pontue. A semana livre no final do m\u00eas poder\u00e1 ser bastante proveitosa para que o elenco n\u00e3o sofra tanto com o desgaste e se prepare para os confrontos da sequ\u00eancia.<\/p>\n\n\n\n<p>Neste meio-tempo, o grupo ainda receber\u00e1 a Universidad Cat\u00f3lica e o Sporting Cristal pelo torneio continental, nesta ter\u00e7a-feira (17) e na pr\u00f3xima (24), respectivamente. E por falar na competi\u00e7\u00e3o, o Meng\u00e3o pode garantir sua classifica\u00e7\u00e3o antecipada para as oitavas de final nesta noite.<\/p>\n\n\n\n<p>Ao contr\u00e1rio do cen\u00e1rio no Campeonato Brasileiro, o Rubro-Negro lidera seu grupo na Libertadores com 10 pontos. Com este saldo, a equipe pode carimbar seu passaporte para o mata-mata com um simples empate com a Universidad Cat\u00f3lica.<\/p>\n\n\n\n<p>O duelo contra os chilenos ocorrer\u00e1 \u00e0s 21h30 (hor\u00e1rio de Bras\u00edlia), no Maracan\u00e3. <a href=\"https:\/\/www.gaveanews.com\/index.php\/2022\/05\/16\/saiba-onde-assistir-flamengo-x-universidad-catolica-pela-libertadores\/\">A transmiss\u00e3o do evento ser\u00e1 feita tanto na TV aberta quando em streaming<\/a>.<\/p>\n","protected":false},"excerpt":{"rendered":"<p>A vida de Paulo Sousa no Flamengo n\u00e3o \u00e9 l\u00e1 das melhores. Al\u00e9m de ser pressionado pela torcida rubro-negra a fazer com que o time melhore seu desempenho, o t\u00e9cnico agora tamb\u00e9m sofre press\u00e3o interna para que o rendimento da equipe aumente. Confira a prov\u00e1vel escala\u00e7\u00e3o do Flamengo contra a Universidad Cat\u00f3lica; Flamengo confirma mais [&hellip;]<\/p>\n","protected":false},"author":4,"featured_media":80665,"comment_status":"open","ping_status":"closed","sticky":false,"template":"","format":"standard","meta":{"footnotes":""},"categories":[1],"tags":[],"class_list":["post-81723","post","type-post","status-publish","format-standard","has-post-thumbnail","hentry","category-flamengo"],"yoast_head":"<!-- This site is optimized with the Yoast SEO Premium plugin v24.2 (Yoast SEO v26.9) - https:\/\/yoast.com\/product\/yoast-seo-premium-wordpress\/ -->\n<title>Sequ\u00eancia de &quot;finais&quot; de Paulo Sousa no Flamengo come\u00e7a nesta ter\u00e7a-feira<\/title>\n<meta name=\"robots\" content=\"index, follow, max-snippet:-1, max-image-preview:large, max-video-preview:-1\" \/>\n<link rel=\"canonical\" href=\"https:\/\/www.gaveanews.com\/index.php\/2022\/05\/17\/sequencia-de-finais-de-paulo-sousa-no-flamengo-comeca-nesta-terca-feira\/\" \/>\n<meta property=\"og:locale\" content=\"pt_BR\" \/>\n<meta property=\"og:type\" content=\"article\" \/>\n<meta property=\"og:title\" content=\"Sequ\u00eancia de &quot;finais&quot; de Paulo Sousa no Flamengo come\u00e7a nesta ter\u00e7a-feira\" \/>\n<meta property=\"og:description\" content=\"A vida de Paulo Sousa no Flamengo n\u00e3o \u00e9 l\u00e1 das melhores. Al\u00e9m de ser pressionado pela torcida rubro-negra a fazer com que o time melhore seu desempenho, o t\u00e9cnico agora tamb\u00e9m sofre press\u00e3o interna para que o rendimento da equipe aumente. Confira a prov\u00e1vel escala\u00e7\u00e3o do Flamengo contra a Universidad Cat\u00f3lica; Flamengo confirma mais [&hellip;]\" \/>\n<meta property=\"og:url\" content=\"https:\/\/www.gaveanews.com\/index.php\/2022\/05\/17\/sequencia-de-finais-de-paulo-sousa-no-flamengo-comeca-nesta-terca-feira\/\" \/>\n<meta property=\"og:site_name\" content=\"G\u00e1vea News\" \/>\n<meta property=\"article:publisher\" content=\"https:\/\/facebook.com\/gaveaNews\/\" \/>\n<meta property=\"article:published_time\" content=\"2022-05-17T17:37:16+00:00\" \/>\n<meta property=\"article:modified_time\" content=\"2022-05-17T17:37:18+00:00\" \/>\n<meta property=\"og:image\" content=\"https:\/\/www.gaveanews.com\/wp-content\/uploads\/Paulo-Sousa-em-treino-do-Flamengo-no-Ninho-do-Urubu.webp\" \/>\n\t<meta property=\"og:image:width\" content=\"799\" \/>\n\t<meta property=\"og:image:height\" content=\"533\" \/>\n\t<meta property=\"og:image:type\" content=\"image\/jpeg\" \/>\n<meta name=\"author\" content=\"Let\u00edcia Gerheim\" \/>\n<meta name=\"twitter:card\" content=\"summary_large_image\" \/>\n<meta name=\"twitter:label1\" content=\"Escrito por\" \/>\n\t<meta name=\"twitter:data1\" content=\"Let\u00edcia Gerheim\" \/>\n\t<meta name=\"twitter:label2\" content=\"Est. tempo de leitura\" \/>\n\t<meta name=\"twitter:data2\" content=\"2 minutos\" \/>\n<script type=\"application\/ld+json\" class=\"yoast-schema-graph\">{\"@context\":\"https:\/\/schema.org\",\"@graph\":[{\"@type\":\"NewsArticle\",\"@id\":\"https:\/\/www.gaveanews.com\/index.php\/2022\/05\/17\/sequencia-de-finais-de-paulo-sousa-no-flamengo-comeca-nesta-terca-feira\/#article\",\"isPartOf\":{\"@id\":\"https:\/\/www.gaveanews.com\/index.php\/2022\/05\/17\/sequencia-de-finais-de-paulo-sousa-no-flamengo-comeca-nesta-terca-feira\/\"},\"author\":{\"name\":\"Let\u00edcia Gerheim\",\"@id\":\"https:\/\/www.gaveanews.com\/#\/schema\/person\/714c67050b836198af2450ba1c142a67\"},\"headline\":\"Sequ\u00eancia de &#8220;finais&#8221; de Paulo Sousa no Flamengo come\u00e7a nesta ter\u00e7a-feira\",\"datePublished\":\"2022-05-17T17:37:16+00:00\",\"dateModified\":\"2022-05-17T17:37:18+00:00\",\"mainEntityOfPage\":{\"@id\":\"https:\/\/www.gaveanews.com\/index.php\/2022\/05\/17\/sequencia-de-finais-de-paulo-sousa-no-flamengo-comeca-nesta-terca-feira\/\"},\"wordCount\":337,\"commentCount\":0,\"image\":{\"@id\":\"https:\/\/www.gaveanews.com\/index.php\/2022\/05\/17\/sequencia-de-finais-de-paulo-sousa-no-flamengo-comeca-nesta-terca-feira\/#primaryimage\"},\"thumbnailUrl\":\"https:\/\/www.gaveanews.com\/wp-content\/uploads\/Paulo-Sousa-em-treino-do-Flamengo-no-Ninho-do-Urubu.webp\",\"articleSection\":[\"Flamengo\"],\"inLanguage\":\"pt-BR\",\"potentialAction\":[{\"@type\":\"CommentAction\",\"name\":\"Comment\",\"target\":[\"https:\/\/www.gaveanews.com\/index.php\/2022\/05\/17\/sequencia-de-finais-de-paulo-sousa-no-flamengo-comeca-nesta-terca-feira\/#respond\"]}],\"copyrightYear\":\"2022\",\"copyrightHolder\":{\"@id\":\"https:\/\/www.gaveanews.com\/#organization\"}},{\"@type\":\"WebPage\",\"@id\":\"https:\/\/www.gaveanews.com\/index.php\/2022\/05\/17\/sequencia-de-finais-de-paulo-sousa-no-flamengo-comeca-nesta-terca-feira\/\",\"url\":\"https:\/\/www.gaveanews.com\/index.php\/2022\/05\/17\/sequencia-de-finais-de-paulo-sousa-no-flamengo-comeca-nesta-terca-feira\/\",\"name\":\"Sequ\u00eancia de \\\"finais\\\" de Paulo Sousa no Flamengo come\u00e7a nesta ter\u00e7a-feira\",\"isPartOf\":{\"@id\":\"https:\/\/www.gaveanews.com\/#website\"},\"primaryImageOfPage\":{\"@id\":\"https:\/\/www.gaveanews.com\/index.php\/2022\/05\/17\/sequencia-de-finais-de-paulo-sousa-no-flamengo-comeca-nesta-terca-feira\/#primaryimage\"},\"image\":{\"@id\":\"https:\/\/www.gaveanews.com\/index.php\/2022\/05\/17\/sequencia-de-finais-de-paulo-sousa-no-flamengo-comeca-nesta-terca-feira\/#primaryimage\"},\"thumbnailUrl\":\"https:\/\/www.gaveanews.com\/wp-content\/uploads\/Paulo-Sousa-em-treino-do-Flamengo-no-Ninho-do-Urubu.webp\",\"datePublished\":\"2022-05-17T17:37:16+00:00\",\"dateModified\":\"2022-05-17T17:37:18+00:00\",\"author\":{\"@id\":\"https:\/\/www.gaveanews.com\/#\/schema\/person\/714c67050b836198af2450ba1c142a67\"},\"breadcrumb\":{\"@id\":\"https:\/\/www.gaveanews.com\/index.php\/2022\/05\/17\/sequencia-de-finais-de-paulo-sousa-no-flamengo-comeca-nesta-terca-feira\/#breadcrumb\"},\"inLanguage\":\"pt-BR\",\"potentialAction\":[{\"@type\":\"ReadAction\",\"target\":[\"https:\/\/www.gaveanews.com\/index.php\/2022\/05\/17\/sequencia-de-finais-de-paulo-sousa-no-flamengo-comeca-nesta-terca-feira\/\"]}]},{\"@type\":\"ImageObject\",\"inLanguage\":\"pt-BR\",\"@id\":\"https:\/\/www.gaveanews.com\/index.php\/2022\/05\/17\/sequencia-de-finais-de-paulo-sousa-no-flamengo-comeca-nesta-terca-feira\/#primaryimage\",\"url\":\"https:\/\/www.gaveanews.com\/wp-content\/uploads\/Paulo-Sousa-em-treino-do-Flamengo-no-Ninho-do-Urubu.webp\",\"contentUrl\":\"https:\/\/www.gaveanews.com\/wp-content\/uploads\/Paulo-Sousa-em-treino-do-Flamengo-no-Ninho-do-Urubu.webp\",\"width\":799,\"height\":533,\"caption\":\"Paulo Sousa em treino do Flamengo no Ninho do Urubu (Foto: Gilvan de Souza\/Flamengo)\"},{\"@type\":\"BreadcrumbList\",\"@id\":\"https:\/\/www.gaveanews.com\/index.php\/2022\/05\/17\/sequencia-de-finais-de-paulo-sousa-no-flamengo-comeca-nesta-terca-feira\/#breadcrumb\",\"itemListElement\":[{\"@type\":\"ListItem\",\"position\":1,\"name\":\"Home\",\"item\":\"https:\/\/www.gaveanews.com\/\"},{\"@type\":\"ListItem\",\"position\":2,\"name\":\"Sequ\u00eancia de &#8220;finais&#8221; de Paulo Sousa no Flamengo come\u00e7a nesta ter\u00e7a-feira\"}]},{\"@type\":\"WebSite\",\"@id\":\"https:\/\/www.gaveanews.com\/#website\",\"url\":\"https:\/\/www.gaveanews.com\/\",\"name\":\"G\u00e1vea News\",\"description\":\"Veja todas as not\u00edcias sobre o Flamengo: Contrata\u00e7\u00f5es, categorias de base, resultados das partidas, tabela de classifica\u00e7\u00e3o, pr\u00f3ximos jogos!\",\"potentialAction\":[{\"@type\":\"SearchAction\",\"target\":{\"@type\":\"EntryPoint\",\"urlTemplate\":\"https:\/\/www.gaveanews.com\/?s={search_term_string}\"},\"query-input\":{\"@type\":\"PropertyValueSpecification\",\"valueRequired\":true,\"valueName\":\"search_term_string\"}}],\"inLanguage\":\"pt-BR\"},{\"@type\":\"Person\",\"@id\":\"https:\/\/www.gaveanews.com\/#\/schema\/person\/714c67050b836198af2450ba1c142a67\",\"name\":\"Let\u00edcia Gerheim\",\"image\":{\"@type\":\"ImageObject\",\"inLanguage\":\"pt-BR\",\"@id\":\"https:\/\/www.gaveanews.com\/#\/schema\/person\/image\/\",\"url\":\"https:\/\/secure.gravatar.com\/avatar\/60734739c50fcebfbac509e2a826ccd0ff405c019bc73aab9354f19ecad1dcb4?s=96&d=mm&r=g\",\"contentUrl\":\"https:\/\/secure.gravatar.com\/avatar\/60734739c50fcebfbac509e2a826ccd0ff405c019bc73aab9354f19ecad1dcb4?s=96&d=mm&r=g\",\"caption\":\"Let\u00edcia Gerheim\"}}]}<\/script>\n<!-- \/ Yoast SEO Premium plugin. -->","yoast_head_json":{"title":"Sequ\u00eancia de \"finais\" de Paulo Sousa no Flamengo come\u00e7a nesta ter\u00e7a-feira","robots":{"index":"index","follow":"follow","max-snippet":"max-snippet:-1","max-image-preview":"max-image-preview:large","max-video-preview":"max-video-preview:-1"},"canonical":"https:\/\/www.gaveanews.com\/index.php\/2022\/05\/17\/sequencia-de-finais-de-paulo-sousa-no-flamengo-comeca-nesta-terca-feira\/","og_locale":"pt_BR","og_type":"article","og_title":"Sequ\u00eancia de \"finais\" de Paulo Sousa no Flamengo come\u00e7a nesta ter\u00e7a-feira","og_description":"A vida de Paulo Sousa no Flamengo n\u00e3o \u00e9 l\u00e1 das melhores. Al\u00e9m de ser pressionado pela torcida rubro-negra a fazer com que o time melhore seu desempenho, o t\u00e9cnico agora tamb\u00e9m sofre press\u00e3o interna para que o rendimento da equipe aumente. Confira a prov\u00e1vel escala\u00e7\u00e3o do Flamengo contra a Universidad Cat\u00f3lica; Flamengo confirma mais [&hellip;]","og_url":"https:\/\/www.gaveanews.com\/index.php\/2022\/05\/17\/sequencia-de-finais-de-paulo-sousa-no-flamengo-comeca-nesta-terca-feira\/","og_site_name":"G\u00e1vea News","article_publisher":"https:\/\/facebook.com\/gaveaNews\/","article_published_time":"2022-05-17T17:37:16+00:00","article_modified_time":"2022-05-17T17:37:18+00:00","og_image":[{"width":799,"height":533,"url":"https:\/\/www.gaveanews.com\/wp-content\/uploads\/Paulo-Sousa-em-treino-do-Flamengo-no-Ninho-do-Urubu.webp","type":"image\/jpeg"}],"author":"Let\u00edcia Gerheim","twitter_card":"summary_large_image","twitter_misc":{"Escrito por":"Let\u00edcia Gerheim","Est. tempo de leitura":"2 minutos"},"schema":{"@context":"https:\/\/schema.org","@graph":[{"@type":"NewsArticle","@id":"https:\/\/www.gaveanews.com\/index.php\/2022\/05\/17\/sequencia-de-finais-de-paulo-sousa-no-flamengo-comeca-nesta-terca-feira\/#article","isPartOf":{"@id":"https:\/\/www.gaveanews.com\/index.php\/2022\/05\/17\/sequencia-de-finais-de-paulo-sousa-no-flamengo-comeca-nesta-terca-feira\/"},"author":{"name":"Let\u00edcia Gerheim","@id":"https:\/\/www.gaveanews.com\/#\/schema\/person\/714c67050b836198af2450ba1c142a67"},"headline":"Sequ\u00eancia de &#8220;finais&#8221; de Paulo Sousa no Flamengo come\u00e7a nesta ter\u00e7a-feira","datePublished":"2022-05-17T17:37:16+00:00","dateModified":"2022-05-17T17:37:18+00:00","mainEntityOfPage":{"@id":"https:\/\/www.gaveanews.com\/index.php\/2022\/05\/17\/sequencia-de-finais-de-paulo-sousa-no-flamengo-comeca-nesta-terca-feira\/"},"wordCount":337,"commentCount":0,"image":{"@id":"https:\/\/www.gaveanews.com\/index.php\/2022\/05\/17\/sequencia-de-finais-de-paulo-sousa-no-flamengo-comeca-nesta-terca-feira\/#primaryimage"},"thumbnailUrl":"https:\/\/www.gaveanews.com\/wp-content\/uploads\/Paulo-Sousa-em-treino-do-Flamengo-no-Ninho-do-Urubu.webp","articleSection":["Flamengo"],"inLanguage":"pt-BR","potentialAction":[{"@type":"CommentAction","name":"Comment","target":["https:\/\/www.gaveanews.com\/index.php\/2022\/05\/17\/sequencia-de-finais-de-paulo-sousa-no-flamengo-comeca-nesta-terca-feira\/#respond"]}],"copyrightYear":"2022","copyrightHolder":{"@id":"https:\/\/www.gaveanews.com\/#organization"}},{"@type":"WebPage","@id":"https:\/\/www.gaveanews.com\/index.php\/2022\/05\/17\/sequencia-de-finais-de-paulo-sousa-no-flamengo-comeca-nesta-terca-feira\/","url":"https:\/\/www.gaveanews.com\/index.php\/2022\/05\/17\/sequencia-de-finais-de-paulo-sousa-no-flamengo-comeca-nesta-terca-feira\/","name":"Sequ\u00eancia de \"finais\" de Paulo Sousa no Flamengo come\u00e7a nesta ter\u00e7a-feira","isPartOf":{"@id":"https:\/\/www.gaveanews.com\/#website"},"primaryImageOfPage":{"@id":"https:\/\/www.gaveanews.com\/index.php\/2022\/05\/17\/sequencia-de-finais-de-paulo-sousa-no-flamengo-comeca-nesta-terca-feira\/#primaryimage"},"image":{"@id":"https:\/\/www.gaveanews.com\/index.php\/2022\/05\/17\/sequencia-de-finais-de-paulo-sousa-no-flamengo-comeca-nesta-terca-feira\/#primaryimage"},"thumbnailUrl":"https:\/\/www.gaveanews.com\/wp-content\/uploads\/Paulo-Sousa-em-treino-do-Flamengo-no-Ninho-do-Urubu.webp","datePublished":"2022-05-17T17:37:16+00:00","dateModified":"2022-05-17T17:37:18+00:00","author":{"@id":"https:\/\/www.gaveanews.com\/#\/schema\/person\/714c67050b836198af2450ba1c142a67"},"breadcrumb":{"@id":"https:\/\/www.gaveanews.com\/index.php\/2022\/05\/17\/sequencia-de-finais-de-paulo-sousa-no-flamengo-comeca-nesta-terca-feira\/#breadcrumb"},"inLanguage":"pt-BR","potentialAction":[{"@type":"ReadAction","target":["https:\/\/www.gaveanews.com\/index.php\/2022\/05\/17\/sequencia-de-finais-de-paulo-sousa-no-flamengo-comeca-nesta-terca-feira\/"]}]},{"@type":"ImageObject","inLanguage":"pt-BR","@id":"https:\/\/www.gaveanews.com\/index.php\/2022\/05\/17\/sequencia-de-finais-de-paulo-sousa-no-flamengo-comeca-nesta-terca-feira\/#primaryimage","url":"https:\/\/www.gaveanews.com\/wp-content\/uploads\/Paulo-Sousa-em-treino-do-Flamengo-no-Ninho-do-Urubu.webp","contentUrl":"https:\/\/www.gaveanews.com\/wp-content\/uploads\/Paulo-Sousa-em-treino-do-Flamengo-no-Ninho-do-Urubu.webp","width":799,"height":533,"caption":"Paulo Sousa em treino do Flamengo no Ninho do Urubu (Foto: Gilvan de Souza\/Flamengo)"},{"@type":"BreadcrumbList","@id":"https:\/\/www.gaveanews.com\/index.php\/2022\/05\/17\/sequencia-de-finais-de-paulo-sousa-no-flamengo-comeca-nesta-terca-feira\/#breadcrumb","itemListElement":[{"@type":"ListItem","position":1,"name":"Home","item":"https:\/\/www.gaveanews.com\/"},{"@type":"ListItem","position":2,"name":"Sequ\u00eancia de &#8220;finais&#8221; de Paulo Sousa no Flamengo come\u00e7a nesta ter\u00e7a-feira"}]},{"@type":"WebSite","@id":"https:\/\/www.gaveanews.com\/#website","url":"https:\/\/www.gaveanews.com\/","name":"G\u00e1vea News","description":"Veja todas as not\u00edcias sobre o Flamengo: Contrata\u00e7\u00f5es, categorias de base, resultados das partidas, tabela de classifica\u00e7\u00e3o, pr\u00f3ximos jogos!","potentialAction":[{"@type":"SearchAction","target":{"@type":"EntryPoint","urlTemplate":"https:\/\/www.gaveanews.com\/?s={search_term_string}"},"query-input":{"@type":"PropertyValueSpecification","valueRequired":true,"valueName":"search_term_string"}}],"inLanguage":"pt-BR"},{"@type":"Person","@id":"https:\/\/www.gaveanews.com\/#\/schema\/person\/714c67050b836198af2450ba1c142a67","name":"Let\u00edcia Gerheim","image":{"@type":"ImageObject","inLanguage":"pt-BR","@id":"https:\/\/www.gaveanews.com\/#\/schema\/person\/image\/","url":"https:\/\/secure.gravatar.com\/avatar\/60734739c50fcebfbac509e2a826ccd0ff405c019bc73aab9354f19ecad1dcb4?s=96&d=mm&r=g","contentUrl":"https:\/\/secure.gravatar.com\/avatar\/60734739c50fcebfbac509e2a826ccd0ff405c019bc73aab9354f19ecad1dcb4?s=96&d=mm&r=g","caption":"Let\u00edcia Gerheim"}}]}},"_links":{"self":[{"href":"https:\/\/www.gaveanews.com\/index.php\/wp-json\/wp\/v2\/posts\/81723","targetHints":{"allow":["GET"]}}],"collection":[{"href":"https:\/\/www.gaveanews.com\/index.php\/wp-json\/wp\/v2\/posts"}],"about":[{"href":"https:\/\/www.gaveanews.com\/index.php\/wp-json\/wp\/v2\/types\/post"}],"author":[{"embeddable":true,"href":"https:\/\/www.gaveanews.com\/index.php\/wp-json\/wp\/v2\/users\/4"}],"replies":[{"embeddable":true,"href":"https:\/\/www.gaveanews.com\/index.php\/wp-json\/wp\/v2\/comments?post=81723"}],"version-history":[{"count":0,"href":"https:\/\/www.gaveanews.com\/index.php\/wp-json\/wp\/v2\/posts\/81723\/revisions"}],"wp:featuredmedia":[{"embeddable":true,"href":"https:\/\/www.gaveanews.com\/index.php\/wp-json\/wp\/v2\/media\/80665"}],"wp:attachment":[{"href":"https:\/\/www.gaveanews.com\/index.php\/wp-json\/wp\/v2\/media?parent=81723"}],"wp:term":[{"taxonomy":"category","embeddable":true,"href":"https:\/\/www.gaveanews.com\/index.php\/wp-json\/wp\/v2\/categories?post=81723"},{"taxonomy":"post_tag","embeddable":true,"href":"https:\/\/www.gaveanews.com\/index.php\/wp-json\/wp\/v2\/tags?post=81723"}],"curies":[{"name":"wp","href":"https:\/\/api.w.org\/{rel}","templated":true}]}}