{"id":81729,"date":"2022-05-17T20:23:10","date_gmt":"2022-05-17T23:23:10","guid":{"rendered":"https:\/\/www.gaveanews.com\/?p=81729"},"modified":"2022-05-17T20:24:36","modified_gmt":"2022-05-17T23:24:36","slug":"rodrigo-caio-de-arrascaeta-e-gabigol-se-manifestam-antes-de-jogo-do-flamengo-contra-a-universidad-catolica","status":"publish","type":"post","link":"https:\/\/www.gaveanews.com\/index.php\/2022\/05\/17\/rodrigo-caio-de-arrascaeta-e-gabigol-se-manifestam-antes-de-jogo-do-flamengo-contra-a-universidad-catolica\/","title":{"rendered":"Rodrigo Caio, De Arrascaeta e Gabigol se manifestam antes de jogo do Flamengo contra a Universidad Cat\u00f3lica"},"content":{"rendered":"\n<p>Nesta noite, Flamengo e Universidad Cat\u00f3lica em um duelo que pode garantir a classifica\u00e7\u00e3o antecipada do Mais Querido para o mata-mata da Libertadores. Liderando o grupo H com 10 pontos, a equipe precisa de um simples empate para conseguir passar de fase na competi\u00e7\u00e3o.<\/p>\n\n\n\n<ul class=\"wp-block-list\"><li><a href=\"https:\/\/www.gaveanews.com\/index.php\/2022\/05\/17\/elenco-do-flamengo-tem-nova-lesao-confirmada\/\">Flamengo confirma nova les\u00e3o no elenco;<\/a><\/li><li><a href=\"https:\/\/www.gaveanews.com\/index.php\/2022\/05\/17\/saiu-veja-a-escalacao-oficial-do-flamengo-para-o-jogo-contra-a-universidad-catolica\/\">Confira a escala\u00e7\u00e3o oficial do Flamengo para o jogo contra a Universidad Cat\u00f3lica.<\/a><\/li><\/ul>\n\n\n\n<p>Contudo, embora a situa\u00e7\u00e3o na Libertadores esteja confort\u00e1vel, o caso do Rubro-Negro \u00e9 bastante complexo. Pressionado por seu desempenho geral na temporada at\u00e9 aqui, a equipe da G\u00e1vea ser\u00e1 recebida em casa com diversos protestos do p\u00fablico presente.<\/p>\n\n\n\n<p>A apresenta\u00e7\u00e3o do grupo para a concentra\u00e7\u00e3o visando o jogo aconteceu nesta manh\u00e3. Poucas horas antes de pisar no gramado, Rodrigo Caio, Arrascaeta e Gabigol se manifestaram nas redes sociais. Vale destacar que o trio foi escalado por Paulo Sousa para o duelo.<\/p>\n\n\n\n<h2 class=\"wp-block-heading\" id=\"h-confira-as-publicacoes\">Confira as publica\u00e7\u00f5es:<\/h2>\n\n\n\n<figure class=\"wp-block-embed is-type-rich is-provider-twitter wp-block-embed-twitter\"><div class=\"wp-block-embed__wrapper\">\n<blockquote class=\"twitter-tweet\" data-width=\"550\" data-dnt=\"true\"><p lang=\"es\" dir=\"ltr\">Vamos <a href=\"https:\/\/twitter.com\/Flamengo?ref_src=twsrc%5Etfw\">@Flamengo<\/a> \ud83d\udc4a\ud83c\udffb\ud83d\ude4f\ud83c\udffb <a href=\"https:\/\/t.co\/NcENbGvXIh\">pic.twitter.com\/NcENbGvXIh<\/a><\/p>&mdash; Rodrigo Caio (@RCaio03) <a href=\"https:\/\/twitter.com\/RCaio03\/status\/1526652607636324355?ref_src=twsrc%5Etfw\">May 17, 2022<\/a><\/blockquote><script async src=\"https:\/\/platform.twitter.com\/widgets.js\" charset=\"utf-8\"><\/script>\n<\/div><\/figure>\n\n\n\n<figure class=\"wp-block-embed is-type-rich is-provider-twitter wp-block-embed-twitter\"><div class=\"wp-block-embed__wrapper\">\n<blockquote class=\"twitter-tweet\" data-width=\"550\" data-dnt=\"true\"><p lang=\"es\" dir=\"ltr\">Todos juntos \u2665\ufe0f\ud83d\udda4\ud83d\udcaa\ud83c\udffc <a href=\"https:\/\/t.co\/avFgb8q1le\">pic.twitter.com\/avFgb8q1le<\/a><\/p>&mdash; GiorgiandeArrascaeta (@GiorgiandeA) <a href=\"https:\/\/twitter.com\/GiorgiandeA\/status\/1526672730787041282?ref_src=twsrc%5Etfw\">May 17, 2022<\/a><\/blockquote><script async src=\"https:\/\/platform.twitter.com\/widgets.js\" charset=\"utf-8\"><\/script>\n<\/div><\/figure>\n\n\n\n<figure class=\"wp-block-embed is-type-rich is-provider-twitter wp-block-embed-twitter\"><div class=\"wp-block-embed__wrapper\">\n<blockquote class=\"twitter-tweet\" data-width=\"550\" data-dnt=\"true\"><p lang=\"pt\" dir=\"ltr\">Que seja feita a vontade de Deus! \ud83d\udcaa\ud83c\udffd\ud83d\udcaa\ud83c\udffd <a href=\"https:\/\/t.co\/9wuYxvXJmz\">pic.twitter.com\/9wuYxvXJmz<\/a><\/p>&mdash; Gabriel Barbosa (@gabigol) <a href=\"https:\/\/twitter.com\/gabigol\/status\/1526686381179027456?ref_src=twsrc%5Etfw\">May 17, 2022<\/a><\/blockquote><script async src=\"https:\/\/platform.twitter.com\/widgets.js\" charset=\"utf-8\"><\/script>\n<\/div><\/figure>\n\n\n\n<p>A bola rola para Flamengo e Universidad Cat\u00f3lica \u00e0s 21h30 (hor\u00e1rio de Bras\u00edlia), no Maracan\u00e3. <a href=\"https:\/\/www.gaveanews.com\/index.php\/2022\/05\/16\/saiba-onde-assistir-flamengo-x-universidad-catolica-pela-libertadores\/\">A transmiss\u00e3o do evento ser\u00e1 feita pelo SBT e pela Conmebol TV<\/a>.<\/p>\n","protected":false},"excerpt":{"rendered":"<p>Nesta noite, Flamengo e Universidad Cat\u00f3lica em um duelo que pode garantir a classifica\u00e7\u00e3o antecipada do Mais Querido para o mata-mata da Libertadores. Liderando o grupo H com 10 pontos, a equipe precisa de um simples empate para conseguir passar de fase na competi\u00e7\u00e3o. Flamengo confirma nova les\u00e3o no elenco; Confira a escala\u00e7\u00e3o oficial do [&hellip;]<\/p>\n","protected":false},"author":4,"featured_media":79198,"comment_status":"open","ping_status":"closed","sticky":false,"template":"","format":"standard","meta":{"footnotes":""},"categories":[1],"tags":[],"class_list":["post-81729","post","type-post","status-publish","format-standard","has-post-thumbnail","hentry","category-flamengo"],"yoast_head":"<!-- This site is optimized with the Yoast SEO Premium plugin v24.2 (Yoast SEO v26.9) - https:\/\/yoast.com\/product\/yoast-seo-premium-wordpress\/ -->\n<title>Rodrigo Caio, De Arrascaeta e Gabigol se manifestam antes de jogo do Flamengo contra a Universidad Cat\u00f3lica<\/title>\n<meta name=\"robots\" content=\"index, follow, max-snippet:-1, max-image-preview:large, max-video-preview:-1\" \/>\n<link rel=\"canonical\" href=\"https:\/\/www.gaveanews.com\/index.php\/2022\/05\/17\/rodrigo-caio-de-arrascaeta-e-gabigol-se-manifestam-antes-de-jogo-do-flamengo-contra-a-universidad-catolica\/\" \/>\n<meta property=\"og:locale\" content=\"pt_BR\" \/>\n<meta property=\"og:type\" content=\"article\" \/>\n<meta property=\"og:title\" content=\"Rodrigo Caio, De Arrascaeta e Gabigol se manifestam antes de jogo do Flamengo contra a Universidad Cat\u00f3lica\" \/>\n<meta property=\"og:description\" content=\"Nesta noite, Flamengo e Universidad Cat\u00f3lica em um duelo que pode garantir a classifica\u00e7\u00e3o antecipada do Mais Querido para o mata-mata da Libertadores. Liderando o grupo H com 10 pontos, a equipe precisa de um simples empate para conseguir passar de fase na competi\u00e7\u00e3o. Flamengo confirma nova les\u00e3o no elenco; Confira a escala\u00e7\u00e3o oficial do [&hellip;]\" \/>\n<meta property=\"og:url\" content=\"https:\/\/www.gaveanews.com\/index.php\/2022\/05\/17\/rodrigo-caio-de-arrascaeta-e-gabigol-se-manifestam-antes-de-jogo-do-flamengo-contra-a-universidad-catolica\/\" \/>\n<meta property=\"og:site_name\" content=\"G\u00e1vea News\" \/>\n<meta property=\"article:publisher\" content=\"https:\/\/facebook.com\/gaveaNews\/\" \/>\n<meta property=\"article:published_time\" content=\"2022-05-17T23:23:10+00:00\" \/>\n<meta property=\"article:modified_time\" content=\"2022-05-17T23:24:36+00:00\" \/>\n<meta property=\"og:image\" content=\"https:\/\/www.gaveanews.com\/wp-content\/uploads\/Jogadores-do-Flamengo-se-reunem-antes-de-classico-contra-o-Fluminense.webp\" \/>\n\t<meta property=\"og:image:width\" content=\"799\" \/>\n\t<meta property=\"og:image:height\" content=\"533\" \/>\n\t<meta property=\"og:image:type\" content=\"image\/jpeg\" \/>\n<meta name=\"author\" content=\"Let\u00edcia Gerheim\" \/>\n<meta name=\"twitter:card\" content=\"summary_large_image\" \/>\n<meta name=\"twitter:label1\" content=\"Escrito por\" \/>\n\t<meta name=\"twitter:data1\" content=\"Let\u00edcia Gerheim\" \/>\n\t<meta name=\"twitter:label2\" content=\"Est. tempo de leitura\" \/>\n\t<meta name=\"twitter:data2\" content=\"1 minuto\" \/>\n<script type=\"application\/ld+json\" class=\"yoast-schema-graph\">{\"@context\":\"https:\/\/schema.org\",\"@graph\":[{\"@type\":\"NewsArticle\",\"@id\":\"https:\/\/www.gaveanews.com\/index.php\/2022\/05\/17\/rodrigo-caio-de-arrascaeta-e-gabigol-se-manifestam-antes-de-jogo-do-flamengo-contra-a-universidad-catolica\/#article\",\"isPartOf\":{\"@id\":\"https:\/\/www.gaveanews.com\/index.php\/2022\/05\/17\/rodrigo-caio-de-arrascaeta-e-gabigol-se-manifestam-antes-de-jogo-do-flamengo-contra-a-universidad-catolica\/\"},\"author\":{\"name\":\"Let\u00edcia Gerheim\",\"@id\":\"https:\/\/www.gaveanews.com\/#\/schema\/person\/714c67050b836198af2450ba1c142a67\"},\"headline\":\"Rodrigo Caio, De Arrascaeta e Gabigol se manifestam antes de jogo do Flamengo contra a Universidad Cat\u00f3lica\",\"datePublished\":\"2022-05-17T23:23:10+00:00\",\"dateModified\":\"2022-05-17T23:24:36+00:00\",\"mainEntityOfPage\":{\"@id\":\"https:\/\/www.gaveanews.com\/index.php\/2022\/05\/17\/rodrigo-caio-de-arrascaeta-e-gabigol-se-manifestam-antes-de-jogo-do-flamengo-contra-a-universidad-catolica\/\"},\"wordCount\":222,\"commentCount\":0,\"image\":{\"@id\":\"https:\/\/www.gaveanews.com\/index.php\/2022\/05\/17\/rodrigo-caio-de-arrascaeta-e-gabigol-se-manifestam-antes-de-jogo-do-flamengo-contra-a-universidad-catolica\/#primaryimage\"},\"thumbnailUrl\":\"https:\/\/www.gaveanews.com\/wp-content\/uploads\/Jogadores-do-Flamengo-se-reunem-antes-de-classico-contra-o-Fluminense.webp\",\"articleSection\":[\"Flamengo\"],\"inLanguage\":\"pt-BR\",\"potentialAction\":[{\"@type\":\"CommentAction\",\"name\":\"Comment\",\"target\":[\"https:\/\/www.gaveanews.com\/index.php\/2022\/05\/17\/rodrigo-caio-de-arrascaeta-e-gabigol-se-manifestam-antes-de-jogo-do-flamengo-contra-a-universidad-catolica\/#respond\"]}],\"copyrightYear\":\"2022\",\"copyrightHolder\":{\"@id\":\"https:\/\/www.gaveanews.com\/#organization\"}},{\"@type\":\"WebPage\",\"@id\":\"https:\/\/www.gaveanews.com\/index.php\/2022\/05\/17\/rodrigo-caio-de-arrascaeta-e-gabigol-se-manifestam-antes-de-jogo-do-flamengo-contra-a-universidad-catolica\/\",\"url\":\"https:\/\/www.gaveanews.com\/index.php\/2022\/05\/17\/rodrigo-caio-de-arrascaeta-e-gabigol-se-manifestam-antes-de-jogo-do-flamengo-contra-a-universidad-catolica\/\",\"name\":\"Rodrigo Caio, De Arrascaeta e Gabigol se manifestam antes de jogo do Flamengo contra a Universidad Cat\u00f3lica\",\"isPartOf\":{\"@id\":\"https:\/\/www.gaveanews.com\/#website\"},\"primaryImageOfPage\":{\"@id\":\"https:\/\/www.gaveanews.com\/index.php\/2022\/05\/17\/rodrigo-caio-de-arrascaeta-e-gabigol-se-manifestam-antes-de-jogo-do-flamengo-contra-a-universidad-catolica\/#primaryimage\"},\"image\":{\"@id\":\"https:\/\/www.gaveanews.com\/index.php\/2022\/05\/17\/rodrigo-caio-de-arrascaeta-e-gabigol-se-manifestam-antes-de-jogo-do-flamengo-contra-a-universidad-catolica\/#primaryimage\"},\"thumbnailUrl\":\"https:\/\/www.gaveanews.com\/wp-content\/uploads\/Jogadores-do-Flamengo-se-reunem-antes-de-classico-contra-o-Fluminense.webp\",\"datePublished\":\"2022-05-17T23:23:10+00:00\",\"dateModified\":\"2022-05-17T23:24:36+00:00\",\"author\":{\"@id\":\"https:\/\/www.gaveanews.com\/#\/schema\/person\/714c67050b836198af2450ba1c142a67\"},\"breadcrumb\":{\"@id\":\"https:\/\/www.gaveanews.com\/index.php\/2022\/05\/17\/rodrigo-caio-de-arrascaeta-e-gabigol-se-manifestam-antes-de-jogo-do-flamengo-contra-a-universidad-catolica\/#breadcrumb\"},\"inLanguage\":\"pt-BR\",\"potentialAction\":[{\"@type\":\"ReadAction\",\"target\":[\"https:\/\/www.gaveanews.com\/index.php\/2022\/05\/17\/rodrigo-caio-de-arrascaeta-e-gabigol-se-manifestam-antes-de-jogo-do-flamengo-contra-a-universidad-catolica\/\"]}]},{\"@type\":\"ImageObject\",\"inLanguage\":\"pt-BR\",\"@id\":\"https:\/\/www.gaveanews.com\/index.php\/2022\/05\/17\/rodrigo-caio-de-arrascaeta-e-gabigol-se-manifestam-antes-de-jogo-do-flamengo-contra-a-universidad-catolica\/#primaryimage\",\"url\":\"https:\/\/www.gaveanews.com\/wp-content\/uploads\/Jogadores-do-Flamengo-se-reunem-antes-de-classico-contra-o-Fluminense.webp\",\"contentUrl\":\"https:\/\/www.gaveanews.com\/wp-content\/uploads\/Jogadores-do-Flamengo-se-reunem-antes-de-classico-contra-o-Fluminense.webp\",\"width\":799,\"height\":533},{\"@type\":\"BreadcrumbList\",\"@id\":\"https:\/\/www.gaveanews.com\/index.php\/2022\/05\/17\/rodrigo-caio-de-arrascaeta-e-gabigol-se-manifestam-antes-de-jogo-do-flamengo-contra-a-universidad-catolica\/#breadcrumb\",\"itemListElement\":[{\"@type\":\"ListItem\",\"position\":1,\"name\":\"Home\",\"item\":\"https:\/\/www.gaveanews.com\/\"},{\"@type\":\"ListItem\",\"position\":2,\"name\":\"Rodrigo Caio, De Arrascaeta e Gabigol se manifestam antes de jogo do Flamengo contra a Universidad Cat\u00f3lica\"}]},{\"@type\":\"WebSite\",\"@id\":\"https:\/\/www.gaveanews.com\/#website\",\"url\":\"https:\/\/www.gaveanews.com\/\",\"name\":\"G\u00e1vea News\",\"description\":\"Veja todas as not\u00edcias sobre o Flamengo: Contrata\u00e7\u00f5es, categorias de base, resultados das partidas, tabela de classifica\u00e7\u00e3o, pr\u00f3ximos jogos!\",\"potentialAction\":[{\"@type\":\"SearchAction\",\"target\":{\"@type\":\"EntryPoint\",\"urlTemplate\":\"https:\/\/www.gaveanews.com\/?s={search_term_string}\"},\"query-input\":{\"@type\":\"PropertyValueSpecification\",\"valueRequired\":true,\"valueName\":\"search_term_string\"}}],\"inLanguage\":\"pt-BR\"},{\"@type\":\"Person\",\"@id\":\"https:\/\/www.gaveanews.com\/#\/schema\/person\/714c67050b836198af2450ba1c142a67\",\"name\":\"Let\u00edcia Gerheim\",\"image\":{\"@type\":\"ImageObject\",\"inLanguage\":\"pt-BR\",\"@id\":\"https:\/\/www.gaveanews.com\/#\/schema\/person\/image\/\",\"url\":\"https:\/\/secure.gravatar.com\/avatar\/60734739c50fcebfbac509e2a826ccd0ff405c019bc73aab9354f19ecad1dcb4?s=96&d=mm&r=g\",\"contentUrl\":\"https:\/\/secure.gravatar.com\/avatar\/60734739c50fcebfbac509e2a826ccd0ff405c019bc73aab9354f19ecad1dcb4?s=96&d=mm&r=g\",\"caption\":\"Let\u00edcia Gerheim\"}}]}<\/script>\n<!-- \/ Yoast SEO Premium plugin. -->","yoast_head_json":{"title":"Rodrigo Caio, De Arrascaeta e Gabigol se manifestam antes de jogo do Flamengo contra a Universidad Cat\u00f3lica","robots":{"index":"index","follow":"follow","max-snippet":"max-snippet:-1","max-image-preview":"max-image-preview:large","max-video-preview":"max-video-preview:-1"},"canonical":"https:\/\/www.gaveanews.com\/index.php\/2022\/05\/17\/rodrigo-caio-de-arrascaeta-e-gabigol-se-manifestam-antes-de-jogo-do-flamengo-contra-a-universidad-catolica\/","og_locale":"pt_BR","og_type":"article","og_title":"Rodrigo Caio, De Arrascaeta e Gabigol se manifestam antes de jogo do Flamengo contra a Universidad Cat\u00f3lica","og_description":"Nesta noite, Flamengo e Universidad Cat\u00f3lica em um duelo que pode garantir a classifica\u00e7\u00e3o antecipada do Mais Querido para o mata-mata da Libertadores. Liderando o grupo H com 10 pontos, a equipe precisa de um simples empate para conseguir passar de fase na competi\u00e7\u00e3o. Flamengo confirma nova les\u00e3o no elenco; Confira a escala\u00e7\u00e3o oficial do [&hellip;]","og_url":"https:\/\/www.gaveanews.com\/index.php\/2022\/05\/17\/rodrigo-caio-de-arrascaeta-e-gabigol-se-manifestam-antes-de-jogo-do-flamengo-contra-a-universidad-catolica\/","og_site_name":"G\u00e1vea News","article_publisher":"https:\/\/facebook.com\/gaveaNews\/","article_published_time":"2022-05-17T23:23:10+00:00","article_modified_time":"2022-05-17T23:24:36+00:00","og_image":[{"width":799,"height":533,"url":"https:\/\/www.gaveanews.com\/wp-content\/uploads\/Jogadores-do-Flamengo-se-reunem-antes-de-classico-contra-o-Fluminense.webp","type":"image\/jpeg"}],"author":"Let\u00edcia Gerheim","twitter_card":"summary_large_image","twitter_misc":{"Escrito por":"Let\u00edcia Gerheim","Est. tempo de leitura":"1 minuto"},"schema":{"@context":"https:\/\/schema.org","@graph":[{"@type":"NewsArticle","@id":"https:\/\/www.gaveanews.com\/index.php\/2022\/05\/17\/rodrigo-caio-de-arrascaeta-e-gabigol-se-manifestam-antes-de-jogo-do-flamengo-contra-a-universidad-catolica\/#article","isPartOf":{"@id":"https:\/\/www.gaveanews.com\/index.php\/2022\/05\/17\/rodrigo-caio-de-arrascaeta-e-gabigol-se-manifestam-antes-de-jogo-do-flamengo-contra-a-universidad-catolica\/"},"author":{"name":"Let\u00edcia Gerheim","@id":"https:\/\/www.gaveanews.com\/#\/schema\/person\/714c67050b836198af2450ba1c142a67"},"headline":"Rodrigo Caio, De Arrascaeta e Gabigol se manifestam antes de jogo do Flamengo contra a Universidad Cat\u00f3lica","datePublished":"2022-05-17T23:23:10+00:00","dateModified":"2022-05-17T23:24:36+00:00","mainEntityOfPage":{"@id":"https:\/\/www.gaveanews.com\/index.php\/2022\/05\/17\/rodrigo-caio-de-arrascaeta-e-gabigol-se-manifestam-antes-de-jogo-do-flamengo-contra-a-universidad-catolica\/"},"wordCount":222,"commentCount":0,"image":{"@id":"https:\/\/www.gaveanews.com\/index.php\/2022\/05\/17\/rodrigo-caio-de-arrascaeta-e-gabigol-se-manifestam-antes-de-jogo-do-flamengo-contra-a-universidad-catolica\/#primaryimage"},"thumbnailUrl":"https:\/\/www.gaveanews.com\/wp-content\/uploads\/Jogadores-do-Flamengo-se-reunem-antes-de-classico-contra-o-Fluminense.webp","articleSection":["Flamengo"],"inLanguage":"pt-BR","potentialAction":[{"@type":"CommentAction","name":"Comment","target":["https:\/\/www.gaveanews.com\/index.php\/2022\/05\/17\/rodrigo-caio-de-arrascaeta-e-gabigol-se-manifestam-antes-de-jogo-do-flamengo-contra-a-universidad-catolica\/#respond"]}],"copyrightYear":"2022","copyrightHolder":{"@id":"https:\/\/www.gaveanews.com\/#organization"}},{"@type":"WebPage","@id":"https:\/\/www.gaveanews.com\/index.php\/2022\/05\/17\/rodrigo-caio-de-arrascaeta-e-gabigol-se-manifestam-antes-de-jogo-do-flamengo-contra-a-universidad-catolica\/","url":"https:\/\/www.gaveanews.com\/index.php\/2022\/05\/17\/rodrigo-caio-de-arrascaeta-e-gabigol-se-manifestam-antes-de-jogo-do-flamengo-contra-a-universidad-catolica\/","name":"Rodrigo Caio, De Arrascaeta e Gabigol se manifestam antes de jogo do Flamengo contra a Universidad Cat\u00f3lica","isPartOf":{"@id":"https:\/\/www.gaveanews.com\/#website"},"primaryImageOfPage":{"@id":"https:\/\/www.gaveanews.com\/index.php\/2022\/05\/17\/rodrigo-caio-de-arrascaeta-e-gabigol-se-manifestam-antes-de-jogo-do-flamengo-contra-a-universidad-catolica\/#primaryimage"},"image":{"@id":"https:\/\/www.gaveanews.com\/index.php\/2022\/05\/17\/rodrigo-caio-de-arrascaeta-e-gabigol-se-manifestam-antes-de-jogo-do-flamengo-contra-a-universidad-catolica\/#primaryimage"},"thumbnailUrl":"https:\/\/www.gaveanews.com\/wp-content\/uploads\/Jogadores-do-Flamengo-se-reunem-antes-de-classico-contra-o-Fluminense.webp","datePublished":"2022-05-17T23:23:10+00:00","dateModified":"2022-05-17T23:24:36+00:00","author":{"@id":"https:\/\/www.gaveanews.com\/#\/schema\/person\/714c67050b836198af2450ba1c142a67"},"breadcrumb":{"@id":"https:\/\/www.gaveanews.com\/index.php\/2022\/05\/17\/rodrigo-caio-de-arrascaeta-e-gabigol-se-manifestam-antes-de-jogo-do-flamengo-contra-a-universidad-catolica\/#breadcrumb"},"inLanguage":"pt-BR","potentialAction":[{"@type":"ReadAction","target":["https:\/\/www.gaveanews.com\/index.php\/2022\/05\/17\/rodrigo-caio-de-arrascaeta-e-gabigol-se-manifestam-antes-de-jogo-do-flamengo-contra-a-universidad-catolica\/"]}]},{"@type":"ImageObject","inLanguage":"pt-BR","@id":"https:\/\/www.gaveanews.com\/index.php\/2022\/05\/17\/rodrigo-caio-de-arrascaeta-e-gabigol-se-manifestam-antes-de-jogo-do-flamengo-contra-a-universidad-catolica\/#primaryimage","url":"https:\/\/www.gaveanews.com\/wp-content\/uploads\/Jogadores-do-Flamengo-se-reunem-antes-de-classico-contra-o-Fluminense.webp","contentUrl":"https:\/\/www.gaveanews.com\/wp-content\/uploads\/Jogadores-do-Flamengo-se-reunem-antes-de-classico-contra-o-Fluminense.webp","width":799,"height":533},{"@type":"BreadcrumbList","@id":"https:\/\/www.gaveanews.com\/index.php\/2022\/05\/17\/rodrigo-caio-de-arrascaeta-e-gabigol-se-manifestam-antes-de-jogo-do-flamengo-contra-a-universidad-catolica\/#breadcrumb","itemListElement":[{"@type":"ListItem","position":1,"name":"Home","item":"https:\/\/www.gaveanews.com\/"},{"@type":"ListItem","position":2,"name":"Rodrigo Caio, De Arrascaeta e Gabigol se manifestam antes de jogo do Flamengo contra a Universidad Cat\u00f3lica"}]},{"@type":"WebSite","@id":"https:\/\/www.gaveanews.com\/#website","url":"https:\/\/www.gaveanews.com\/","name":"G\u00e1vea News","description":"Veja todas as not\u00edcias sobre o Flamengo: Contrata\u00e7\u00f5es, categorias de base, resultados das partidas, tabela de classifica\u00e7\u00e3o, pr\u00f3ximos jogos!","potentialAction":[{"@type":"SearchAction","target":{"@type":"EntryPoint","urlTemplate":"https:\/\/www.gaveanews.com\/?s={search_term_string}"},"query-input":{"@type":"PropertyValueSpecification","valueRequired":true,"valueName":"search_term_string"}}],"inLanguage":"pt-BR"},{"@type":"Person","@id":"https:\/\/www.gaveanews.com\/#\/schema\/person\/714c67050b836198af2450ba1c142a67","name":"Let\u00edcia Gerheim","image":{"@type":"ImageObject","inLanguage":"pt-BR","@id":"https:\/\/www.gaveanews.com\/#\/schema\/person\/image\/","url":"https:\/\/secure.gravatar.com\/avatar\/60734739c50fcebfbac509e2a826ccd0ff405c019bc73aab9354f19ecad1dcb4?s=96&d=mm&r=g","contentUrl":"https:\/\/secure.gravatar.com\/avatar\/60734739c50fcebfbac509e2a826ccd0ff405c019bc73aab9354f19ecad1dcb4?s=96&d=mm&r=g","caption":"Let\u00edcia Gerheim"}}]}},"_links":{"self":[{"href":"https:\/\/www.gaveanews.com\/index.php\/wp-json\/wp\/v2\/posts\/81729","targetHints":{"allow":["GET"]}}],"collection":[{"href":"https:\/\/www.gaveanews.com\/index.php\/wp-json\/wp\/v2\/posts"}],"about":[{"href":"https:\/\/www.gaveanews.com\/index.php\/wp-json\/wp\/v2\/types\/post"}],"author":[{"embeddable":true,"href":"https:\/\/www.gaveanews.com\/index.php\/wp-json\/wp\/v2\/users\/4"}],"replies":[{"embeddable":true,"href":"https:\/\/www.gaveanews.com\/index.php\/wp-json\/wp\/v2\/comments?post=81729"}],"version-history":[{"count":0,"href":"https:\/\/www.gaveanews.com\/index.php\/wp-json\/wp\/v2\/posts\/81729\/revisions"}],"wp:featuredmedia":[{"embeddable":true,"href":"https:\/\/www.gaveanews.com\/index.php\/wp-json\/wp\/v2\/media\/79198"}],"wp:attachment":[{"href":"https:\/\/www.gaveanews.com\/index.php\/wp-json\/wp\/v2\/media?parent=81729"}],"wp:term":[{"taxonomy":"category","embeddable":true,"href":"https:\/\/www.gaveanews.com\/index.php\/wp-json\/wp\/v2\/categories?post=81729"},{"taxonomy":"post_tag","embeddable":true,"href":"https:\/\/www.gaveanews.com\/index.php\/wp-json\/wp\/v2\/tags?post=81729"}],"curies":[{"name":"wp","href":"https:\/\/api.w.org\/{rel}","templated":true}]}}