{"id":81754,"date":"2022-05-17T23:34:30","date_gmt":"2022-05-18T02:34:30","guid":{"rendered":"https:\/\/www.gaveanews.com\/?p=81754"},"modified":"2022-05-17T23:34:32","modified_gmt":"2022-05-18T02:34:32","slug":"vale-investir-antigo-alvo-do-flamengo-lateral-brasileiro-rescinde-com-o-wolfsburg","status":"publish","type":"post","link":"https:\/\/www.gaveanews.com\/index.php\/2022\/05\/17\/vale-investir-antigo-alvo-do-flamengo-lateral-brasileiro-rescinde-com-o-wolfsburg\/","title":{"rendered":"Vale investir? Antigo alvo do Flamengo, lateral brasileiro rescinde com o Wolfsburg"},"content":{"rendered":"\n<p>Uma das posi\u00e7\u00f5es mais questionadas no elenco do Flamengo atualmente \u00e9 a lateral-direita. Isso porque Rodinei, Isla e Matheuzinho oscilam em suas atua\u00e7\u00f5es. Mas uma op\u00e7\u00e3o que j\u00e1 fora sondada pelo Mais Querido ficou livre no mercado. Trata-se de William, que rescindiu contrato com o Wolfsburg, da Alemanha.<\/p>\n\n\n\n<p>O Wolfsburg agradeceu ao ala, que se recupera de les\u00e3o no joelho e que a partir de agora fica livre no mercado.<\/p>\n\n\n\n<p><strong><em>\u2014 O brasileiro William est\u00e1 de sa\u00edda do VfL Wolfsburg. Agradecemos por toda identifica\u00e7\u00e3o e empenho com a camisa dos Lobos ao longo de cinco anos. Boa sorte no futuro, William! Sempre um Lobo!.<\/em><\/strong><\/p>\n\n\n\n<p>O jogador de 27 anos, que foi revelado pelo Internacional, se destacou e rapidamente foi contratado pelo clube alem\u00e3o. Ele esteve no grupo da Sele\u00e7\u00e3o Ol\u00edmpica que conquistou a in\u00e9dita medalha de Ouro, nas Olimp\u00edadas do Rio de Janeiro, em 2016. Na Alemanha, o jogador sofreu muito com as les\u00f5es e acabou n\u00e3o conseguindo render o seu melhor futebol.<\/p>\n\n\n\n<figure class=\"wp-block-embed is-type-video is-provider-youtube wp-block-embed-youtube wp-embed-aspect-16-9 wp-has-aspect-ratio\"><div class=\"wp-block-embed__wrapper\">\n<iframe loading=\"lazy\" title=\"William (Cruzeiro) - Skills and Highlights\" width=\"640\" height=\"360\" src=\"https:\/\/www.youtube.com\/embed\/YPNjL01jKik?feature=oembed\" frameborder=\"0\" allow=\"accelerometer; autoplay; clipboard-write; encrypted-media; gyroscope; picture-in-picture; web-share\" referrerpolicy=\"strict-origin-when-cross-origin\" allowfullscreen><\/iframe>\n<\/div><\/figure>\n\n\n\n<p>No per\u00edodo em que esteve na Alemanha, o atleta teve seu nome ligado ao Flamengo algumas vezes, mas as conversas acabaram n\u00e3o avan\u00e7ando. Na \u00faltima temporada, o lateral esteve pr\u00f3ximo de retornar ao Internacional, mas uma grave les\u00e3o o acabou afastando dos gramados.<\/p>\n\n\n\n<div class=\"wp-block-image\"><figure class=\"aligncenter size-large\"><img decoding=\"async\" src=\"https:\/\/www.flaresenha.com\/wp-content\/uploads\/2022\/05\/william-wolfsburg.webp\" alt=\"\"\/><\/figure><\/div>\n\n\n\n<p>William n\u00e3o atua h\u00e1 mais de um ano devido a les\u00f5es graves no mesmo joelho. Com a rescis\u00e3o, o jogador busca uma nova equipe para voltar a jogar. Mesmo afastado dos gramados por um tempo, ele se v\u00ea em condi\u00e7\u00f5es de dar a volta por cima.<\/p>\n\n\n\n<p>Retirado de: Flamengo Info<\/p>\n","protected":false},"excerpt":{"rendered":"<p>Uma das posi\u00e7\u00f5es mais questionadas no elenco do Flamengo atualmente \u00e9 a lateral-direita. Isso porque Rodinei, Isla e Matheuzinho oscilam em suas atua\u00e7\u00f5es. Mas uma op\u00e7\u00e3o que j\u00e1 fora sondada pelo Mais Querido ficou livre no mercado. Trata-se de William, que rescindiu contrato com o Wolfsburg, da Alemanha. O Wolfsburg agradeceu ao ala, que se [&hellip;]<\/p>\n","protected":false},"author":1,"featured_media":78521,"comment_status":"open","ping_status":"closed","sticky":false,"template":"","format":"standard","meta":{"footnotes":""},"categories":[48],"tags":[],"class_list":["post-81754","post","type-post","status-publish","format-standard","has-post-thumbnail","hentry","category-negociacoes"],"yoast_head":"<!-- This site is optimized with the Yoast SEO Premium plugin v24.2 (Yoast SEO v26.9) - https:\/\/yoast.com\/product\/yoast-seo-premium-wordpress\/ -->\n<title>Antigo alvo do Flamengo, lateral brasileiro rescinde com o Wolfsburg<\/title>\n<meta name=\"robots\" content=\"index, follow, max-snippet:-1, max-image-preview:large, max-video-preview:-1\" \/>\n<link rel=\"canonical\" href=\"https:\/\/www.gaveanews.com\/index.php\/2022\/05\/17\/vale-investir-antigo-alvo-do-flamengo-lateral-brasileiro-rescinde-com-o-wolfsburg\/\" \/>\n<meta property=\"og:locale\" content=\"pt_BR\" \/>\n<meta property=\"og:type\" content=\"article\" \/>\n<meta property=\"og:title\" content=\"Vale investir? Antigo alvo do Flamengo, lateral brasileiro rescinde com o Wolfsburg\" \/>\n<meta property=\"og:description\" content=\"Uma das posi\u00e7\u00f5es mais questionadas no elenco do Flamengo atualmente \u00e9 a lateral-direita. Isso porque Rodinei, Isla e Matheuzinho oscilam em suas atua\u00e7\u00f5es. Mas uma op\u00e7\u00e3o que j\u00e1 fora sondada pelo Mais Querido ficou livre no mercado. Trata-se de William, que rescindiu contrato com o Wolfsburg, da Alemanha. O Wolfsburg agradeceu ao ala, que se [&hellip;]\" \/>\n<meta property=\"og:url\" content=\"https:\/\/www.gaveanews.com\/index.php\/2022\/05\/17\/vale-investir-antigo-alvo-do-flamengo-lateral-brasileiro-rescinde-com-o-wolfsburg\/\" \/>\n<meta property=\"og:site_name\" content=\"G\u00e1vea News\" \/>\n<meta property=\"article:publisher\" content=\"https:\/\/facebook.com\/gaveaNews\/\" \/>\n<meta property=\"article:published_time\" content=\"2022-05-18T02:34:30+00:00\" \/>\n<meta property=\"article:modified_time\" content=\"2022-05-18T02:34:32+00:00\" \/>\n<meta property=\"og:image\" content=\"https:\/\/www.gaveanews.com\/wp-content\/uploads\/Marcos-Braz-em-entrevista-coletiva-do-Flamengo-no-Ninho-do-Urubu.webp\" \/>\n\t<meta property=\"og:image:width\" content=\"799\" \/>\n\t<meta property=\"og:image:height\" content=\"533\" \/>\n\t<meta property=\"og:image:type\" content=\"image\/jpeg\" \/>\n<meta name=\"author\" content=\"Equipe G\u00e1vea News\" \/>\n<meta name=\"twitter:card\" content=\"summary_large_image\" \/>\n<meta name=\"twitter:label1\" content=\"Escrito por\" \/>\n\t<meta name=\"twitter:data1\" content=\"Equipe G\u00e1vea News\" \/>\n\t<meta name=\"twitter:label2\" content=\"Est. tempo de leitura\" \/>\n\t<meta name=\"twitter:data2\" content=\"2 minutos\" \/>\n<script type=\"application\/ld+json\" class=\"yoast-schema-graph\">{\"@context\":\"https:\/\/schema.org\",\"@graph\":[{\"@type\":\"NewsArticle\",\"@id\":\"https:\/\/www.gaveanews.com\/index.php\/2022\/05\/17\/vale-investir-antigo-alvo-do-flamengo-lateral-brasileiro-rescinde-com-o-wolfsburg\/#article\",\"isPartOf\":{\"@id\":\"https:\/\/www.gaveanews.com\/index.php\/2022\/05\/17\/vale-investir-antigo-alvo-do-flamengo-lateral-brasileiro-rescinde-com-o-wolfsburg\/\"},\"author\":{\"name\":\"Equipe G\u00e1vea News\",\"@id\":\"https:\/\/www.gaveanews.com\/#\/schema\/person\/2ec14f73fb96be2caf28f91afb14749d\"},\"headline\":\"Vale investir? Antigo alvo do Flamengo, lateral brasileiro rescinde com o Wolfsburg\",\"datePublished\":\"2022-05-18T02:34:30+00:00\",\"dateModified\":\"2022-05-18T02:34:32+00:00\",\"mainEntityOfPage\":{\"@id\":\"https:\/\/www.gaveanews.com\/index.php\/2022\/05\/17\/vale-investir-antigo-alvo-do-flamengo-lateral-brasileiro-rescinde-com-o-wolfsburg\/\"},\"wordCount\":294,\"commentCount\":0,\"image\":{\"@id\":\"https:\/\/www.gaveanews.com\/index.php\/2022\/05\/17\/vale-investir-antigo-alvo-do-flamengo-lateral-brasileiro-rescinde-com-o-wolfsburg\/#primaryimage\"},\"thumbnailUrl\":\"https:\/\/www.gaveanews.com\/wp-content\/uploads\/Marcos-Braz-em-entrevista-coletiva-do-Flamengo-no-Ninho-do-Urubu.webp\",\"articleSection\":[\"Negocia\u00e7\u00f5es\"],\"inLanguage\":\"pt-BR\",\"potentialAction\":[{\"@type\":\"CommentAction\",\"name\":\"Comment\",\"target\":[\"https:\/\/www.gaveanews.com\/index.php\/2022\/05\/17\/vale-investir-antigo-alvo-do-flamengo-lateral-brasileiro-rescinde-com-o-wolfsburg\/#respond\"]}],\"copyrightYear\":\"2022\",\"copyrightHolder\":{\"@id\":\"https:\/\/www.gaveanews.com\/#organization\"}},{\"@type\":\"WebPage\",\"@id\":\"https:\/\/www.gaveanews.com\/index.php\/2022\/05\/17\/vale-investir-antigo-alvo-do-flamengo-lateral-brasileiro-rescinde-com-o-wolfsburg\/\",\"url\":\"https:\/\/www.gaveanews.com\/index.php\/2022\/05\/17\/vale-investir-antigo-alvo-do-flamengo-lateral-brasileiro-rescinde-com-o-wolfsburg\/\",\"name\":\"Antigo alvo do Flamengo, lateral brasileiro rescinde com o Wolfsburg\",\"isPartOf\":{\"@id\":\"https:\/\/www.gaveanews.com\/#website\"},\"primaryImageOfPage\":{\"@id\":\"https:\/\/www.gaveanews.com\/index.php\/2022\/05\/17\/vale-investir-antigo-alvo-do-flamengo-lateral-brasileiro-rescinde-com-o-wolfsburg\/#primaryimage\"},\"image\":{\"@id\":\"https:\/\/www.gaveanews.com\/index.php\/2022\/05\/17\/vale-investir-antigo-alvo-do-flamengo-lateral-brasileiro-rescinde-com-o-wolfsburg\/#primaryimage\"},\"thumbnailUrl\":\"https:\/\/www.gaveanews.com\/wp-content\/uploads\/Marcos-Braz-em-entrevista-coletiva-do-Flamengo-no-Ninho-do-Urubu.webp\",\"datePublished\":\"2022-05-18T02:34:30+00:00\",\"dateModified\":\"2022-05-18T02:34:32+00:00\",\"author\":{\"@id\":\"https:\/\/www.gaveanews.com\/#\/schema\/person\/2ec14f73fb96be2caf28f91afb14749d\"},\"breadcrumb\":{\"@id\":\"https:\/\/www.gaveanews.com\/index.php\/2022\/05\/17\/vale-investir-antigo-alvo-do-flamengo-lateral-brasileiro-rescinde-com-o-wolfsburg\/#breadcrumb\"},\"inLanguage\":\"pt-BR\",\"potentialAction\":[{\"@type\":\"ReadAction\",\"target\":[\"https:\/\/www.gaveanews.com\/index.php\/2022\/05\/17\/vale-investir-antigo-alvo-do-flamengo-lateral-brasileiro-rescinde-com-o-wolfsburg\/\"]}]},{\"@type\":\"ImageObject\",\"inLanguage\":\"pt-BR\",\"@id\":\"https:\/\/www.gaveanews.com\/index.php\/2022\/05\/17\/vale-investir-antigo-alvo-do-flamengo-lateral-brasileiro-rescinde-com-o-wolfsburg\/#primaryimage\",\"url\":\"https:\/\/www.gaveanews.com\/wp-content\/uploads\/Marcos-Braz-em-entrevista-coletiva-do-Flamengo-no-Ninho-do-Urubu.webp\",\"contentUrl\":\"https:\/\/www.gaveanews.com\/wp-content\/uploads\/Marcos-Braz-em-entrevista-coletiva-do-Flamengo-no-Ninho-do-Urubu.webp\",\"width\":799,\"height\":533,\"caption\":\"Marcos Braz em entrevista coletiva do Flamengo no Ninho do Urubu (Foto: Gilvan de Souza\/Flamengo)\"},{\"@type\":\"BreadcrumbList\",\"@id\":\"https:\/\/www.gaveanews.com\/index.php\/2022\/05\/17\/vale-investir-antigo-alvo-do-flamengo-lateral-brasileiro-rescinde-com-o-wolfsburg\/#breadcrumb\",\"itemListElement\":[{\"@type\":\"ListItem\",\"position\":1,\"name\":\"Home\",\"item\":\"https:\/\/www.gaveanews.com\/\"},{\"@type\":\"ListItem\",\"position\":2,\"name\":\"Vale investir? Antigo alvo do Flamengo, lateral brasileiro rescinde com o Wolfsburg\"}]},{\"@type\":\"WebSite\",\"@id\":\"https:\/\/www.gaveanews.com\/#website\",\"url\":\"https:\/\/www.gaveanews.com\/\",\"name\":\"G\u00e1vea News\",\"description\":\"Veja todas as not\u00edcias sobre o Flamengo: Contrata\u00e7\u00f5es, categorias de base, resultados das partidas, tabela de classifica\u00e7\u00e3o, pr\u00f3ximos jogos!\",\"potentialAction\":[{\"@type\":\"SearchAction\",\"target\":{\"@type\":\"EntryPoint\",\"urlTemplate\":\"https:\/\/www.gaveanews.com\/?s={search_term_string}\"},\"query-input\":{\"@type\":\"PropertyValueSpecification\",\"valueRequired\":true,\"valueName\":\"search_term_string\"}}],\"inLanguage\":\"pt-BR\"},{\"@type\":\"Person\",\"@id\":\"https:\/\/www.gaveanews.com\/#\/schema\/person\/2ec14f73fb96be2caf28f91afb14749d\",\"name\":\"Equipe G\u00e1vea News\",\"image\":{\"@type\":\"ImageObject\",\"inLanguage\":\"pt-BR\",\"@id\":\"https:\/\/www.gaveanews.com\/#\/schema\/person\/image\/\",\"url\":\"https:\/\/secure.gravatar.com\/avatar\/1e1956f1facbffd3f8fa53a326721950116b3b9dc9bd44939c01180fd4a745a9?s=96&d=mm&r=g\",\"contentUrl\":\"https:\/\/secure.gravatar.com\/avatar\/1e1956f1facbffd3f8fa53a326721950116b3b9dc9bd44939c01180fd4a745a9?s=96&d=mm&r=g\",\"caption\":\"Equipe G\u00e1vea News\"}}]}<\/script>\n<!-- \/ Yoast SEO Premium plugin. -->","yoast_head_json":{"title":"Antigo alvo do Flamengo, lateral brasileiro rescinde com o Wolfsburg","robots":{"index":"index","follow":"follow","max-snippet":"max-snippet:-1","max-image-preview":"max-image-preview:large","max-video-preview":"max-video-preview:-1"},"canonical":"https:\/\/www.gaveanews.com\/index.php\/2022\/05\/17\/vale-investir-antigo-alvo-do-flamengo-lateral-brasileiro-rescinde-com-o-wolfsburg\/","og_locale":"pt_BR","og_type":"article","og_title":"Vale investir? Antigo alvo do Flamengo, lateral brasileiro rescinde com o Wolfsburg","og_description":"Uma das posi\u00e7\u00f5es mais questionadas no elenco do Flamengo atualmente \u00e9 a lateral-direita. Isso porque Rodinei, Isla e Matheuzinho oscilam em suas atua\u00e7\u00f5es. Mas uma op\u00e7\u00e3o que j\u00e1 fora sondada pelo Mais Querido ficou livre no mercado. Trata-se de William, que rescindiu contrato com o Wolfsburg, da Alemanha. O Wolfsburg agradeceu ao ala, que se [&hellip;]","og_url":"https:\/\/www.gaveanews.com\/index.php\/2022\/05\/17\/vale-investir-antigo-alvo-do-flamengo-lateral-brasileiro-rescinde-com-o-wolfsburg\/","og_site_name":"G\u00e1vea News","article_publisher":"https:\/\/facebook.com\/gaveaNews\/","article_published_time":"2022-05-18T02:34:30+00:00","article_modified_time":"2022-05-18T02:34:32+00:00","og_image":[{"width":799,"height":533,"url":"https:\/\/www.gaveanews.com\/wp-content\/uploads\/Marcos-Braz-em-entrevista-coletiva-do-Flamengo-no-Ninho-do-Urubu.webp","type":"image\/jpeg"}],"author":"Equipe G\u00e1vea News","twitter_card":"summary_large_image","twitter_misc":{"Escrito por":"Equipe G\u00e1vea News","Est. tempo de leitura":"2 minutos"},"schema":{"@context":"https:\/\/schema.org","@graph":[{"@type":"NewsArticle","@id":"https:\/\/www.gaveanews.com\/index.php\/2022\/05\/17\/vale-investir-antigo-alvo-do-flamengo-lateral-brasileiro-rescinde-com-o-wolfsburg\/#article","isPartOf":{"@id":"https:\/\/www.gaveanews.com\/index.php\/2022\/05\/17\/vale-investir-antigo-alvo-do-flamengo-lateral-brasileiro-rescinde-com-o-wolfsburg\/"},"author":{"name":"Equipe G\u00e1vea News","@id":"https:\/\/www.gaveanews.com\/#\/schema\/person\/2ec14f73fb96be2caf28f91afb14749d"},"headline":"Vale investir? Antigo alvo do Flamengo, lateral brasileiro rescinde com o Wolfsburg","datePublished":"2022-05-18T02:34:30+00:00","dateModified":"2022-05-18T02:34:32+00:00","mainEntityOfPage":{"@id":"https:\/\/www.gaveanews.com\/index.php\/2022\/05\/17\/vale-investir-antigo-alvo-do-flamengo-lateral-brasileiro-rescinde-com-o-wolfsburg\/"},"wordCount":294,"commentCount":0,"image":{"@id":"https:\/\/www.gaveanews.com\/index.php\/2022\/05\/17\/vale-investir-antigo-alvo-do-flamengo-lateral-brasileiro-rescinde-com-o-wolfsburg\/#primaryimage"},"thumbnailUrl":"https:\/\/www.gaveanews.com\/wp-content\/uploads\/Marcos-Braz-em-entrevista-coletiva-do-Flamengo-no-Ninho-do-Urubu.webp","articleSection":["Negocia\u00e7\u00f5es"],"inLanguage":"pt-BR","potentialAction":[{"@type":"CommentAction","name":"Comment","target":["https:\/\/www.gaveanews.com\/index.php\/2022\/05\/17\/vale-investir-antigo-alvo-do-flamengo-lateral-brasileiro-rescinde-com-o-wolfsburg\/#respond"]}],"copyrightYear":"2022","copyrightHolder":{"@id":"https:\/\/www.gaveanews.com\/#organization"}},{"@type":"WebPage","@id":"https:\/\/www.gaveanews.com\/index.php\/2022\/05\/17\/vale-investir-antigo-alvo-do-flamengo-lateral-brasileiro-rescinde-com-o-wolfsburg\/","url":"https:\/\/www.gaveanews.com\/index.php\/2022\/05\/17\/vale-investir-antigo-alvo-do-flamengo-lateral-brasileiro-rescinde-com-o-wolfsburg\/","name":"Antigo alvo do Flamengo, lateral brasileiro rescinde com o Wolfsburg","isPartOf":{"@id":"https:\/\/www.gaveanews.com\/#website"},"primaryImageOfPage":{"@id":"https:\/\/www.gaveanews.com\/index.php\/2022\/05\/17\/vale-investir-antigo-alvo-do-flamengo-lateral-brasileiro-rescinde-com-o-wolfsburg\/#primaryimage"},"image":{"@id":"https:\/\/www.gaveanews.com\/index.php\/2022\/05\/17\/vale-investir-antigo-alvo-do-flamengo-lateral-brasileiro-rescinde-com-o-wolfsburg\/#primaryimage"},"thumbnailUrl":"https:\/\/www.gaveanews.com\/wp-content\/uploads\/Marcos-Braz-em-entrevista-coletiva-do-Flamengo-no-Ninho-do-Urubu.webp","datePublished":"2022-05-18T02:34:30+00:00","dateModified":"2022-05-18T02:34:32+00:00","author":{"@id":"https:\/\/www.gaveanews.com\/#\/schema\/person\/2ec14f73fb96be2caf28f91afb14749d"},"breadcrumb":{"@id":"https:\/\/www.gaveanews.com\/index.php\/2022\/05\/17\/vale-investir-antigo-alvo-do-flamengo-lateral-brasileiro-rescinde-com-o-wolfsburg\/#breadcrumb"},"inLanguage":"pt-BR","potentialAction":[{"@type":"ReadAction","target":["https:\/\/www.gaveanews.com\/index.php\/2022\/05\/17\/vale-investir-antigo-alvo-do-flamengo-lateral-brasileiro-rescinde-com-o-wolfsburg\/"]}]},{"@type":"ImageObject","inLanguage":"pt-BR","@id":"https:\/\/www.gaveanews.com\/index.php\/2022\/05\/17\/vale-investir-antigo-alvo-do-flamengo-lateral-brasileiro-rescinde-com-o-wolfsburg\/#primaryimage","url":"https:\/\/www.gaveanews.com\/wp-content\/uploads\/Marcos-Braz-em-entrevista-coletiva-do-Flamengo-no-Ninho-do-Urubu.webp","contentUrl":"https:\/\/www.gaveanews.com\/wp-content\/uploads\/Marcos-Braz-em-entrevista-coletiva-do-Flamengo-no-Ninho-do-Urubu.webp","width":799,"height":533,"caption":"Marcos Braz em entrevista coletiva do Flamengo no Ninho do Urubu (Foto: Gilvan de Souza\/Flamengo)"},{"@type":"BreadcrumbList","@id":"https:\/\/www.gaveanews.com\/index.php\/2022\/05\/17\/vale-investir-antigo-alvo-do-flamengo-lateral-brasileiro-rescinde-com-o-wolfsburg\/#breadcrumb","itemListElement":[{"@type":"ListItem","position":1,"name":"Home","item":"https:\/\/www.gaveanews.com\/"},{"@type":"ListItem","position":2,"name":"Vale investir? Antigo alvo do Flamengo, lateral brasileiro rescinde com o Wolfsburg"}]},{"@type":"WebSite","@id":"https:\/\/www.gaveanews.com\/#website","url":"https:\/\/www.gaveanews.com\/","name":"G\u00e1vea News","description":"Veja todas as not\u00edcias sobre o Flamengo: Contrata\u00e7\u00f5es, categorias de base, resultados das partidas, tabela de classifica\u00e7\u00e3o, pr\u00f3ximos jogos!","potentialAction":[{"@type":"SearchAction","target":{"@type":"EntryPoint","urlTemplate":"https:\/\/www.gaveanews.com\/?s={search_term_string}"},"query-input":{"@type":"PropertyValueSpecification","valueRequired":true,"valueName":"search_term_string"}}],"inLanguage":"pt-BR"},{"@type":"Person","@id":"https:\/\/www.gaveanews.com\/#\/schema\/person\/2ec14f73fb96be2caf28f91afb14749d","name":"Equipe G\u00e1vea News","image":{"@type":"ImageObject","inLanguage":"pt-BR","@id":"https:\/\/www.gaveanews.com\/#\/schema\/person\/image\/","url":"https:\/\/secure.gravatar.com\/avatar\/1e1956f1facbffd3f8fa53a326721950116b3b9dc9bd44939c01180fd4a745a9?s=96&d=mm&r=g","contentUrl":"https:\/\/secure.gravatar.com\/avatar\/1e1956f1facbffd3f8fa53a326721950116b3b9dc9bd44939c01180fd4a745a9?s=96&d=mm&r=g","caption":"Equipe G\u00e1vea News"}}]}},"_links":{"self":[{"href":"https:\/\/www.gaveanews.com\/index.php\/wp-json\/wp\/v2\/posts\/81754","targetHints":{"allow":["GET"]}}],"collection":[{"href":"https:\/\/www.gaveanews.com\/index.php\/wp-json\/wp\/v2\/posts"}],"about":[{"href":"https:\/\/www.gaveanews.com\/index.php\/wp-json\/wp\/v2\/types\/post"}],"author":[{"embeddable":true,"href":"https:\/\/www.gaveanews.com\/index.php\/wp-json\/wp\/v2\/users\/1"}],"replies":[{"embeddable":true,"href":"https:\/\/www.gaveanews.com\/index.php\/wp-json\/wp\/v2\/comments?post=81754"}],"version-history":[{"count":0,"href":"https:\/\/www.gaveanews.com\/index.php\/wp-json\/wp\/v2\/posts\/81754\/revisions"}],"wp:featuredmedia":[{"embeddable":true,"href":"https:\/\/www.gaveanews.com\/index.php\/wp-json\/wp\/v2\/media\/78521"}],"wp:attachment":[{"href":"https:\/\/www.gaveanews.com\/index.php\/wp-json\/wp\/v2\/media?parent=81754"}],"wp:term":[{"taxonomy":"category","embeddable":true,"href":"https:\/\/www.gaveanews.com\/index.php\/wp-json\/wp\/v2\/categories?post=81754"},{"taxonomy":"post_tag","embeddable":true,"href":"https:\/\/www.gaveanews.com\/index.php\/wp-json\/wp\/v2\/tags?post=81754"}],"curies":[{"name":"wp","href":"https:\/\/api.w.org\/{rel}","templated":true}]}}