{"id":81783,"date":"2022-05-18T14:23:06","date_gmt":"2022-05-18T17:23:06","guid":{"rendered":"https:\/\/www.gaveanews.com\/?p=81783"},"modified":"2022-05-18T14:23:09","modified_gmt":"2022-05-18T17:23:09","slug":"pedro-marca-golaco-e-agita-torcedores-do-flamengo-nas-redes-sociais","status":"publish","type":"post","link":"https:\/\/www.gaveanews.com\/index.php\/2022\/05\/18\/pedro-marca-golaco-e-agita-torcedores-do-flamengo-nas-redes-sociais\/","title":{"rendered":"Pedro marca gola\u00e7o e agita torcedores do Flamengo nas redes sociais"},"content":{"rendered":"\n<p>O pressionado elenco do Flamengo enfrentou a Universidad Cat\u00f3lica na \u00faltima ter\u00e7a-feira (17) e garantiu sua classifica\u00e7\u00e3o para as oitavas de final da Copa Libertadores. Em aspectos gerais, o desempenho da equipe rubro-negra foi satisfat\u00f3rio, recompensado com o placar final de 3 x 0.<\/p>\n\n\n\n<p>O time da G\u00e1vea foi pouco pressionado e n\u00e3o encontrou grandes dificuldades para comandar o duelo. A conta foi fechada por Pedro, que marcou um gola\u00e7o aos 45 minutos do segundo tempo.<\/p>\n\n\n\n<p>O camisa 21 foi acionado por Paulo Sousa aos 25 minutos da segunda parte do jogo e teve sua participa\u00e7\u00e3o exaltada pelos torcedores rubro-negros. Muitos dos elogios foram escritos nas redes sociais, onde comemoraram a possibilidade de ter um atleta do n\u00edvel de Pedro no time.<\/p>\n\n\n\n<h2 class=\"wp-block-heading\" id=\"h-confira-as-publicacoes\">Confira as publica\u00e7\u00f5es:<\/h2>\n\n\n\n<figure class=\"wp-block-embed is-type-rich is-provider-twitter wp-block-embed-twitter\"><div class=\"wp-block-embed__wrapper\">\n<blockquote class=\"twitter-tweet\" data-width=\"550\" data-dnt=\"true\"><p lang=\"pt\" dir=\"ltr\">Belissimo, belissimo jogo do Pablo e do Ayrton Lucas. Monstros.<a href=\"https:\/\/twitter.com\/hashtag\/Flamengo?src=hash&amp;ref_src=twsrc%5Etfw\">#Flamengo<\/a><\/p>&mdash; Pedro Novaes (@PNovvaes) <a href=\"https:\/\/twitter.com\/PNovvaes\/status\/1526753635417341953?ref_src=twsrc%5Etfw\">May 18, 2022<\/a><\/blockquote><script async src=\"https:\/\/platform.twitter.com\/widgets.js\" charset=\"utf-8\"><\/script>\n<\/div><\/figure>\n\n\n\n<figure class=\"wp-block-embed is-type-rich is-provider-twitter wp-block-embed-twitter\"><div class=\"wp-block-embed__wrapper\">\n<blockquote class=\"twitter-tweet\" data-width=\"550\" data-dnt=\"true\"><p lang=\"pt\" dir=\"ltr\">Ontem al\u00e9m do gola\u00e7o, seguiu o recado de Pedro &quot;Calma! Isso aqui \u00e9 <a href=\"https:\/\/twitter.com\/hashtag\/Flamengo?src=hash&amp;ref_src=twsrc%5Etfw\">#Flamengo<\/a>&quot; show de bola<\/p>&mdash; Vox Rubro Negra (@VoxRubroNegra) <a href=\"https:\/\/twitter.com\/VoxRubroNegra\/status\/1526887768177123329?ref_src=twsrc%5Etfw\">May 18, 2022<\/a><\/blockquote><script async src=\"https:\/\/platform.twitter.com\/widgets.js\" charset=\"utf-8\"><\/script>\n<\/div><\/figure>\n\n\n\n<figure class=\"wp-block-embed is-type-rich is-provider-twitter wp-block-embed-twitter\"><div class=\"wp-block-embed__wrapper\">\n<blockquote class=\"twitter-tweet\" data-width=\"550\" data-dnt=\"true\"><p lang=\"pt\" dir=\"ltr\">Aquele Lance de Pedro ontem foi bizarro \ud83d\ude45\ud83c\udffe\u200d\u2642\ufe0f<\/p>&mdash; Lino (@Silvarnn77) <a href=\"https:\/\/twitter.com\/Silvarnn77\/status\/1526919583977848833?ref_src=twsrc%5Etfw\">May 18, 2022<\/a><\/blockquote><script async src=\"https:\/\/platform.twitter.com\/widgets.js\" charset=\"utf-8\"><\/script>\n<\/div><\/figure>\n\n\n\n<figure class=\"wp-block-embed is-type-rich is-provider-twitter wp-block-embed-twitter\"><div class=\"wp-block-embed__wrapper\">\nhttps:\/\/twitter.com\/OrnelasBela\/status\/1526871843105292288?s=20&#038;t=PI7BhBdh5bVqPZYRGs4PDg\n<\/div><\/figure>\n\n\n\n<figure class=\"wp-block-embed is-type-rich is-provider-twitter wp-block-embed-twitter\"><div class=\"wp-block-embed__wrapper\">\n<blockquote class=\"twitter-tweet\" data-width=\"550\" data-dnt=\"true\"><p lang=\"pt\" dir=\"ltr\">HOJE, Pedro tem que ser titular no time do flamengo. Com gabigol ou sem.<\/p>&mdash; Rico \ud83c\udde7\ud83c\uddf7 (@ricaralho_2) <a href=\"https:\/\/twitter.com\/ricaralho_2\/status\/1526857162491846659?ref_src=twsrc%5Etfw\">May 18, 2022<\/a><\/blockquote><script async src=\"https:\/\/platform.twitter.com\/widgets.js\" charset=\"utf-8\"><\/script>\n<\/div><\/figure>\n\n\n\n<figure class=\"wp-block-embed is-type-rich is-provider-twitter wp-block-embed-twitter\"><div class=\"wp-block-embed__wrapper\">\n<blockquote class=\"twitter-tweet\" data-width=\"550\" data-dnt=\"true\"><p lang=\"pt\" dir=\"ltr\">falem oq quiserem, o Pedro \u00e9 meu centroavante TITULAR na Copa mesmo sendo reserva do flamengo, e provou isso hoje mais uma vez, GOLA\u00c7O!<\/p>&mdash; Jo\u00e3o Pedro \ud83c\uddea\ud83c\uddea (@jp_fcalmeida) <a href=\"https:\/\/twitter.com\/jp_fcalmeida\/status\/1526770378999312384?ref_src=twsrc%5Etfw\">May 18, 2022<\/a><\/blockquote><script async src=\"https:\/\/platform.twitter.com\/widgets.js\" charset=\"utf-8\"><\/script>\n<\/div><\/figure>\n\n\n\n<p><\/p>\n","protected":false},"excerpt":{"rendered":"<p>O pressionado elenco do Flamengo enfrentou a Universidad Cat\u00f3lica na \u00faltima ter\u00e7a-feira (17) e garantiu sua classifica\u00e7\u00e3o para as oitavas de final da Copa Libertadores. Em aspectos gerais, o desempenho da equipe rubro-negra foi satisfat\u00f3rio, recompensado com o placar final de 3 x 0. O time da G\u00e1vea foi pouco pressionado e n\u00e3o encontrou grandes [&hellip;]<\/p>\n","protected":false},"author":4,"featured_media":81784,"comment_status":"open","ping_status":"closed","sticky":false,"template":"","format":"standard","meta":{"footnotes":""},"categories":[1],"tags":[],"class_list":["post-81783","post","type-post","status-publish","format-standard","has-post-thumbnail","hentry","category-flamengo"],"yoast_head":"<!-- This site is optimized with the Yoast SEO Premium plugin v24.2 (Yoast SEO v26.9) - https:\/\/yoast.com\/product\/yoast-seo-premium-wordpress\/ -->\n<title>Pedro marca gola\u00e7o e agita torcedores do Flamengo nas redes sociais<\/title>\n<meta name=\"robots\" content=\"index, follow, max-snippet:-1, max-image-preview:large, max-video-preview:-1\" \/>\n<link rel=\"canonical\" href=\"https:\/\/www.gaveanews.com\/index.php\/2022\/05\/18\/pedro-marca-golaco-e-agita-torcedores-do-flamengo-nas-redes-sociais\/\" \/>\n<meta property=\"og:locale\" content=\"pt_BR\" \/>\n<meta property=\"og:type\" content=\"article\" \/>\n<meta property=\"og:title\" content=\"Pedro marca gola\u00e7o e agita torcedores do Flamengo nas redes sociais\" \/>\n<meta property=\"og:description\" content=\"O pressionado elenco do Flamengo enfrentou a Universidad Cat\u00f3lica na \u00faltima ter\u00e7a-feira (17) e garantiu sua classifica\u00e7\u00e3o para as oitavas de final da Copa Libertadores. Em aspectos gerais, o desempenho da equipe rubro-negra foi satisfat\u00f3rio, recompensado com o placar final de 3 x 0. O time da G\u00e1vea foi pouco pressionado e n\u00e3o encontrou grandes [&hellip;]\" \/>\n<meta property=\"og:url\" content=\"https:\/\/www.gaveanews.com\/index.php\/2022\/05\/18\/pedro-marca-golaco-e-agita-torcedores-do-flamengo-nas-redes-sociais\/\" \/>\n<meta property=\"og:site_name\" content=\"G\u00e1vea News\" \/>\n<meta property=\"article:publisher\" content=\"https:\/\/facebook.com\/gaveaNews\/\" \/>\n<meta property=\"article:published_time\" content=\"2022-05-18T17:23:06+00:00\" \/>\n<meta property=\"article:modified_time\" content=\"2022-05-18T17:23:09+00:00\" \/>\n<meta property=\"og:image\" content=\"https:\/\/www.gaveanews.com\/wp-content\/uploads\/Pedro-comemora-golaco-marcado-pelo-Flamengo-contra-a-Universidad-Catolica-na-Libertadores.webp\" \/>\n\t<meta property=\"og:image:width\" content=\"799\" \/>\n\t<meta property=\"og:image:height\" content=\"533\" \/>\n\t<meta property=\"og:image:type\" content=\"image\/jpeg\" \/>\n<meta name=\"author\" content=\"Let\u00edcia Gerheim\" \/>\n<meta name=\"twitter:card\" content=\"summary_large_image\" \/>\n<meta name=\"twitter:label1\" content=\"Escrito por\" \/>\n\t<meta name=\"twitter:data1\" content=\"Let\u00edcia Gerheim\" \/>\n\t<meta name=\"twitter:label2\" content=\"Est. tempo de leitura\" \/>\n\t<meta name=\"twitter:data2\" content=\"1 minuto\" \/>\n<script type=\"application\/ld+json\" class=\"yoast-schema-graph\">{\"@context\":\"https:\/\/schema.org\",\"@graph\":[{\"@type\":\"NewsArticle\",\"@id\":\"https:\/\/www.gaveanews.com\/index.php\/2022\/05\/18\/pedro-marca-golaco-e-agita-torcedores-do-flamengo-nas-redes-sociais\/#article\",\"isPartOf\":{\"@id\":\"https:\/\/www.gaveanews.com\/index.php\/2022\/05\/18\/pedro-marca-golaco-e-agita-torcedores-do-flamengo-nas-redes-sociais\/\"},\"author\":{\"name\":\"Let\u00edcia Gerheim\",\"@id\":\"https:\/\/www.gaveanews.com\/#\/schema\/person\/714c67050b836198af2450ba1c142a67\"},\"headline\":\"Pedro marca gola\u00e7o e agita torcedores do Flamengo nas redes sociais\",\"datePublished\":\"2022-05-18T17:23:06+00:00\",\"dateModified\":\"2022-05-18T17:23:09+00:00\",\"mainEntityOfPage\":{\"@id\":\"https:\/\/www.gaveanews.com\/index.php\/2022\/05\/18\/pedro-marca-golaco-e-agita-torcedores-do-flamengo-nas-redes-sociais\/\"},\"wordCount\":215,\"commentCount\":0,\"image\":{\"@id\":\"https:\/\/www.gaveanews.com\/index.php\/2022\/05\/18\/pedro-marca-golaco-e-agita-torcedores-do-flamengo-nas-redes-sociais\/#primaryimage\"},\"thumbnailUrl\":\"https:\/\/www.gaveanews.com\/wp-content\/uploads\/Pedro-comemora-golaco-marcado-pelo-Flamengo-contra-a-Universidad-Catolica-na-Libertadores.webp\",\"articleSection\":[\"Flamengo\"],\"inLanguage\":\"pt-BR\",\"potentialAction\":[{\"@type\":\"CommentAction\",\"name\":\"Comment\",\"target\":[\"https:\/\/www.gaveanews.com\/index.php\/2022\/05\/18\/pedro-marca-golaco-e-agita-torcedores-do-flamengo-nas-redes-sociais\/#respond\"]}],\"copyrightYear\":\"2022\",\"copyrightHolder\":{\"@id\":\"https:\/\/www.gaveanews.com\/#organization\"}},{\"@type\":\"WebPage\",\"@id\":\"https:\/\/www.gaveanews.com\/index.php\/2022\/05\/18\/pedro-marca-golaco-e-agita-torcedores-do-flamengo-nas-redes-sociais\/\",\"url\":\"https:\/\/www.gaveanews.com\/index.php\/2022\/05\/18\/pedro-marca-golaco-e-agita-torcedores-do-flamengo-nas-redes-sociais\/\",\"name\":\"Pedro marca gola\u00e7o e agita torcedores do Flamengo nas redes sociais\",\"isPartOf\":{\"@id\":\"https:\/\/www.gaveanews.com\/#website\"},\"primaryImageOfPage\":{\"@id\":\"https:\/\/www.gaveanews.com\/index.php\/2022\/05\/18\/pedro-marca-golaco-e-agita-torcedores-do-flamengo-nas-redes-sociais\/#primaryimage\"},\"image\":{\"@id\":\"https:\/\/www.gaveanews.com\/index.php\/2022\/05\/18\/pedro-marca-golaco-e-agita-torcedores-do-flamengo-nas-redes-sociais\/#primaryimage\"},\"thumbnailUrl\":\"https:\/\/www.gaveanews.com\/wp-content\/uploads\/Pedro-comemora-golaco-marcado-pelo-Flamengo-contra-a-Universidad-Catolica-na-Libertadores.webp\",\"datePublished\":\"2022-05-18T17:23:06+00:00\",\"dateModified\":\"2022-05-18T17:23:09+00:00\",\"author\":{\"@id\":\"https:\/\/www.gaveanews.com\/#\/schema\/person\/714c67050b836198af2450ba1c142a67\"},\"breadcrumb\":{\"@id\":\"https:\/\/www.gaveanews.com\/index.php\/2022\/05\/18\/pedro-marca-golaco-e-agita-torcedores-do-flamengo-nas-redes-sociais\/#breadcrumb\"},\"inLanguage\":\"pt-BR\",\"potentialAction\":[{\"@type\":\"ReadAction\",\"target\":[\"https:\/\/www.gaveanews.com\/index.php\/2022\/05\/18\/pedro-marca-golaco-e-agita-torcedores-do-flamengo-nas-redes-sociais\/\"]}]},{\"@type\":\"ImageObject\",\"inLanguage\":\"pt-BR\",\"@id\":\"https:\/\/www.gaveanews.com\/index.php\/2022\/05\/18\/pedro-marca-golaco-e-agita-torcedores-do-flamengo-nas-redes-sociais\/#primaryimage\",\"url\":\"https:\/\/www.gaveanews.com\/wp-content\/uploads\/Pedro-comemora-golaco-marcado-pelo-Flamengo-contra-a-Universidad-Catolica-na-Libertadores.webp\",\"contentUrl\":\"https:\/\/www.gaveanews.com\/wp-content\/uploads\/Pedro-comemora-golaco-marcado-pelo-Flamengo-contra-a-Universidad-Catolica-na-Libertadores.webp\",\"width\":799,\"height\":533,\"caption\":\"Pedro comemora gola\u00e7o marcado pelo Flamengo contra a Universidad Cat\u00f3lica na Libertadores (Foto: Alexandre Vidal\/Flamengo)\"},{\"@type\":\"BreadcrumbList\",\"@id\":\"https:\/\/www.gaveanews.com\/index.php\/2022\/05\/18\/pedro-marca-golaco-e-agita-torcedores-do-flamengo-nas-redes-sociais\/#breadcrumb\",\"itemListElement\":[{\"@type\":\"ListItem\",\"position\":1,\"name\":\"Home\",\"item\":\"https:\/\/www.gaveanews.com\/\"},{\"@type\":\"ListItem\",\"position\":2,\"name\":\"Pedro marca gola\u00e7o e agita torcedores do Flamengo nas redes sociais\"}]},{\"@type\":\"WebSite\",\"@id\":\"https:\/\/www.gaveanews.com\/#website\",\"url\":\"https:\/\/www.gaveanews.com\/\",\"name\":\"G\u00e1vea News\",\"description\":\"Veja todas as not\u00edcias sobre o Flamengo: Contrata\u00e7\u00f5es, categorias de base, resultados das partidas, tabela de classifica\u00e7\u00e3o, pr\u00f3ximos jogos!\",\"potentialAction\":[{\"@type\":\"SearchAction\",\"target\":{\"@type\":\"EntryPoint\",\"urlTemplate\":\"https:\/\/www.gaveanews.com\/?s={search_term_string}\"},\"query-input\":{\"@type\":\"PropertyValueSpecification\",\"valueRequired\":true,\"valueName\":\"search_term_string\"}}],\"inLanguage\":\"pt-BR\"},{\"@type\":\"Person\",\"@id\":\"https:\/\/www.gaveanews.com\/#\/schema\/person\/714c67050b836198af2450ba1c142a67\",\"name\":\"Let\u00edcia Gerheim\",\"image\":{\"@type\":\"ImageObject\",\"inLanguage\":\"pt-BR\",\"@id\":\"https:\/\/www.gaveanews.com\/#\/schema\/person\/image\/\",\"url\":\"https:\/\/secure.gravatar.com\/avatar\/60734739c50fcebfbac509e2a826ccd0ff405c019bc73aab9354f19ecad1dcb4?s=96&d=mm&r=g\",\"contentUrl\":\"https:\/\/secure.gravatar.com\/avatar\/60734739c50fcebfbac509e2a826ccd0ff405c019bc73aab9354f19ecad1dcb4?s=96&d=mm&r=g\",\"caption\":\"Let\u00edcia Gerheim\"}}]}<\/script>\n<!-- \/ Yoast SEO Premium plugin. -->","yoast_head_json":{"title":"Pedro marca gola\u00e7o e agita torcedores do Flamengo nas redes sociais","robots":{"index":"index","follow":"follow","max-snippet":"max-snippet:-1","max-image-preview":"max-image-preview:large","max-video-preview":"max-video-preview:-1"},"canonical":"https:\/\/www.gaveanews.com\/index.php\/2022\/05\/18\/pedro-marca-golaco-e-agita-torcedores-do-flamengo-nas-redes-sociais\/","og_locale":"pt_BR","og_type":"article","og_title":"Pedro marca gola\u00e7o e agita torcedores do Flamengo nas redes sociais","og_description":"O pressionado elenco do Flamengo enfrentou a Universidad Cat\u00f3lica na \u00faltima ter\u00e7a-feira (17) e garantiu sua classifica\u00e7\u00e3o para as oitavas de final da Copa Libertadores. Em aspectos gerais, o desempenho da equipe rubro-negra foi satisfat\u00f3rio, recompensado com o placar final de 3 x 0. O time da G\u00e1vea foi pouco pressionado e n\u00e3o encontrou grandes [&hellip;]","og_url":"https:\/\/www.gaveanews.com\/index.php\/2022\/05\/18\/pedro-marca-golaco-e-agita-torcedores-do-flamengo-nas-redes-sociais\/","og_site_name":"G\u00e1vea News","article_publisher":"https:\/\/facebook.com\/gaveaNews\/","article_published_time":"2022-05-18T17:23:06+00:00","article_modified_time":"2022-05-18T17:23:09+00:00","og_image":[{"width":799,"height":533,"url":"https:\/\/www.gaveanews.com\/wp-content\/uploads\/Pedro-comemora-golaco-marcado-pelo-Flamengo-contra-a-Universidad-Catolica-na-Libertadores.webp","type":"image\/jpeg"}],"author":"Let\u00edcia Gerheim","twitter_card":"summary_large_image","twitter_misc":{"Escrito por":"Let\u00edcia Gerheim","Est. tempo de leitura":"1 minuto"},"schema":{"@context":"https:\/\/schema.org","@graph":[{"@type":"NewsArticle","@id":"https:\/\/www.gaveanews.com\/index.php\/2022\/05\/18\/pedro-marca-golaco-e-agita-torcedores-do-flamengo-nas-redes-sociais\/#article","isPartOf":{"@id":"https:\/\/www.gaveanews.com\/index.php\/2022\/05\/18\/pedro-marca-golaco-e-agita-torcedores-do-flamengo-nas-redes-sociais\/"},"author":{"name":"Let\u00edcia Gerheim","@id":"https:\/\/www.gaveanews.com\/#\/schema\/person\/714c67050b836198af2450ba1c142a67"},"headline":"Pedro marca gola\u00e7o e agita torcedores do Flamengo nas redes sociais","datePublished":"2022-05-18T17:23:06+00:00","dateModified":"2022-05-18T17:23:09+00:00","mainEntityOfPage":{"@id":"https:\/\/www.gaveanews.com\/index.php\/2022\/05\/18\/pedro-marca-golaco-e-agita-torcedores-do-flamengo-nas-redes-sociais\/"},"wordCount":215,"commentCount":0,"image":{"@id":"https:\/\/www.gaveanews.com\/index.php\/2022\/05\/18\/pedro-marca-golaco-e-agita-torcedores-do-flamengo-nas-redes-sociais\/#primaryimage"},"thumbnailUrl":"https:\/\/www.gaveanews.com\/wp-content\/uploads\/Pedro-comemora-golaco-marcado-pelo-Flamengo-contra-a-Universidad-Catolica-na-Libertadores.webp","articleSection":["Flamengo"],"inLanguage":"pt-BR","potentialAction":[{"@type":"CommentAction","name":"Comment","target":["https:\/\/www.gaveanews.com\/index.php\/2022\/05\/18\/pedro-marca-golaco-e-agita-torcedores-do-flamengo-nas-redes-sociais\/#respond"]}],"copyrightYear":"2022","copyrightHolder":{"@id":"https:\/\/www.gaveanews.com\/#organization"}},{"@type":"WebPage","@id":"https:\/\/www.gaveanews.com\/index.php\/2022\/05\/18\/pedro-marca-golaco-e-agita-torcedores-do-flamengo-nas-redes-sociais\/","url":"https:\/\/www.gaveanews.com\/index.php\/2022\/05\/18\/pedro-marca-golaco-e-agita-torcedores-do-flamengo-nas-redes-sociais\/","name":"Pedro marca gola\u00e7o e agita torcedores do Flamengo nas redes sociais","isPartOf":{"@id":"https:\/\/www.gaveanews.com\/#website"},"primaryImageOfPage":{"@id":"https:\/\/www.gaveanews.com\/index.php\/2022\/05\/18\/pedro-marca-golaco-e-agita-torcedores-do-flamengo-nas-redes-sociais\/#primaryimage"},"image":{"@id":"https:\/\/www.gaveanews.com\/index.php\/2022\/05\/18\/pedro-marca-golaco-e-agita-torcedores-do-flamengo-nas-redes-sociais\/#primaryimage"},"thumbnailUrl":"https:\/\/www.gaveanews.com\/wp-content\/uploads\/Pedro-comemora-golaco-marcado-pelo-Flamengo-contra-a-Universidad-Catolica-na-Libertadores.webp","datePublished":"2022-05-18T17:23:06+00:00","dateModified":"2022-05-18T17:23:09+00:00","author":{"@id":"https:\/\/www.gaveanews.com\/#\/schema\/person\/714c67050b836198af2450ba1c142a67"},"breadcrumb":{"@id":"https:\/\/www.gaveanews.com\/index.php\/2022\/05\/18\/pedro-marca-golaco-e-agita-torcedores-do-flamengo-nas-redes-sociais\/#breadcrumb"},"inLanguage":"pt-BR","potentialAction":[{"@type":"ReadAction","target":["https:\/\/www.gaveanews.com\/index.php\/2022\/05\/18\/pedro-marca-golaco-e-agita-torcedores-do-flamengo-nas-redes-sociais\/"]}]},{"@type":"ImageObject","inLanguage":"pt-BR","@id":"https:\/\/www.gaveanews.com\/index.php\/2022\/05\/18\/pedro-marca-golaco-e-agita-torcedores-do-flamengo-nas-redes-sociais\/#primaryimage","url":"https:\/\/www.gaveanews.com\/wp-content\/uploads\/Pedro-comemora-golaco-marcado-pelo-Flamengo-contra-a-Universidad-Catolica-na-Libertadores.webp","contentUrl":"https:\/\/www.gaveanews.com\/wp-content\/uploads\/Pedro-comemora-golaco-marcado-pelo-Flamengo-contra-a-Universidad-Catolica-na-Libertadores.webp","width":799,"height":533,"caption":"Pedro comemora gola\u00e7o marcado pelo Flamengo contra a Universidad Cat\u00f3lica na Libertadores (Foto: Alexandre Vidal\/Flamengo)"},{"@type":"BreadcrumbList","@id":"https:\/\/www.gaveanews.com\/index.php\/2022\/05\/18\/pedro-marca-golaco-e-agita-torcedores-do-flamengo-nas-redes-sociais\/#breadcrumb","itemListElement":[{"@type":"ListItem","position":1,"name":"Home","item":"https:\/\/www.gaveanews.com\/"},{"@type":"ListItem","position":2,"name":"Pedro marca gola\u00e7o e agita torcedores do Flamengo nas redes sociais"}]},{"@type":"WebSite","@id":"https:\/\/www.gaveanews.com\/#website","url":"https:\/\/www.gaveanews.com\/","name":"G\u00e1vea News","description":"Veja todas as not\u00edcias sobre o Flamengo: Contrata\u00e7\u00f5es, categorias de base, resultados das partidas, tabela de classifica\u00e7\u00e3o, pr\u00f3ximos jogos!","potentialAction":[{"@type":"SearchAction","target":{"@type":"EntryPoint","urlTemplate":"https:\/\/www.gaveanews.com\/?s={search_term_string}"},"query-input":{"@type":"PropertyValueSpecification","valueRequired":true,"valueName":"search_term_string"}}],"inLanguage":"pt-BR"},{"@type":"Person","@id":"https:\/\/www.gaveanews.com\/#\/schema\/person\/714c67050b836198af2450ba1c142a67","name":"Let\u00edcia Gerheim","image":{"@type":"ImageObject","inLanguage":"pt-BR","@id":"https:\/\/www.gaveanews.com\/#\/schema\/person\/image\/","url":"https:\/\/secure.gravatar.com\/avatar\/60734739c50fcebfbac509e2a826ccd0ff405c019bc73aab9354f19ecad1dcb4?s=96&d=mm&r=g","contentUrl":"https:\/\/secure.gravatar.com\/avatar\/60734739c50fcebfbac509e2a826ccd0ff405c019bc73aab9354f19ecad1dcb4?s=96&d=mm&r=g","caption":"Let\u00edcia Gerheim"}}]}},"_links":{"self":[{"href":"https:\/\/www.gaveanews.com\/index.php\/wp-json\/wp\/v2\/posts\/81783","targetHints":{"allow":["GET"]}}],"collection":[{"href":"https:\/\/www.gaveanews.com\/index.php\/wp-json\/wp\/v2\/posts"}],"about":[{"href":"https:\/\/www.gaveanews.com\/index.php\/wp-json\/wp\/v2\/types\/post"}],"author":[{"embeddable":true,"href":"https:\/\/www.gaveanews.com\/index.php\/wp-json\/wp\/v2\/users\/4"}],"replies":[{"embeddable":true,"href":"https:\/\/www.gaveanews.com\/index.php\/wp-json\/wp\/v2\/comments?post=81783"}],"version-history":[{"count":0,"href":"https:\/\/www.gaveanews.com\/index.php\/wp-json\/wp\/v2\/posts\/81783\/revisions"}],"wp:featuredmedia":[{"embeddable":true,"href":"https:\/\/www.gaveanews.com\/index.php\/wp-json\/wp\/v2\/media\/81784"}],"wp:attachment":[{"href":"https:\/\/www.gaveanews.com\/index.php\/wp-json\/wp\/v2\/media?parent=81783"}],"wp:term":[{"taxonomy":"category","embeddable":true,"href":"https:\/\/www.gaveanews.com\/index.php\/wp-json\/wp\/v2\/categories?post=81783"},{"taxonomy":"post_tag","embeddable":true,"href":"https:\/\/www.gaveanews.com\/index.php\/wp-json\/wp\/v2\/tags?post=81783"}],"curies":[{"name":"wp","href":"https:\/\/api.w.org\/{rel}","templated":true}]}}